{"id":233372,"date":"2024-12-31T03:57:13","date_gmt":"2024-12-31T07:57:13","guid":{"rendered":"https:\/\/www.manaus.am.gov.br\/semcom\/gospel-chegada-2025\/"},"modified":"2024-12-31T11:13:19","modified_gmt":"2024-12-31T14:13:19","slug":"gospel-chegada-2025","status":"publish","type":"post","link":"https:\/\/www.manaus.am.gov.br\/semcom\/gospel-chegada-2025\/","title":{"rendered":"R\u00e9veillon Gospel re\u00fane mais de 55 mil pessoas e inicia as comemora\u00e7\u00f5es da chegada de 2025"},"content":{"rendered":"\n<p>Um p\u00fablico circulante estimado em mais de 55 mil pessoas esteve presente na noite desta segunda-feira, 30\/12, no complexo tur\u00edstico da Ponta Negra, localizado na zona Oeste, para participar da 3\u00aa edi\u00e7\u00e3o do R\u00e9veillon Gospel, evento realizado pela Prefeitura de Manaus, por meio da Funda\u00e7\u00e3o Municipal Cultura, Turismo e Eventos (Manauscult). A festividade deu in\u00edcio \u00e0s comemora\u00e7\u00f5es da chegada de 2025.<\/p>\n\n\n\n<p>Embalados pelos sucessos dos cantores Fernandinho, pastor Marcus Salles, Felipe Neto e Izabelle Ribeiro, a multid\u00e3o louvou, dan\u00e7ou e se emocionou no evento que j\u00e1 virou refer\u00eancia para todo o pa\u00eds. Presente no R\u00e9veillon Gospel, o prefeito de Manaus, David Almeida, salientou o pioneirismo da comemora\u00e7\u00e3o e destacou que a \u2018Virada de 2025\u2019 ser\u00e1 realizada em tr\u00eas zonas da capital.<\/p>\n\n\n<div class=\"wp-block-image\">\n<figure class=\"aligncenter size-large is-resized\"><img loading=\"lazy\" decoding=\"async\" width=\"1024\" height=\"683\" src=\"https:\/\/www.manaus.am.gov.br\/semcom\/wp-content\/uploads\/sites\/5\/2024\/12\/Reveillon-Gospel-5-1024x683.jpeg\" alt=\"\" class=\"wp-image-233377\" style=\"width:681px;height:auto\" srcset=\"https:\/\/www.manaus.am.gov.br\/semcom\/wp-content\/uploads\/sites\/5\/2024\/12\/Reveillon-Gospel-5-1024x683.jpeg 1024w, https:\/\/www.manaus.am.gov.br\/semcom\/wp-content\/uploads\/sites\/5\/2024\/12\/Reveillon-Gospel-5-300x200.jpeg 300w, https:\/\/www.manaus.am.gov.br\/semcom\/wp-content\/uploads\/sites\/5\/2024\/12\/Reveillon-Gospel-5-768x512.jpeg 768w, https:\/\/www.manaus.am.gov.br\/semcom\/wp-content\/uploads\/sites\/5\/2024\/12\/Reveillon-Gospel-5-1536x1024.jpeg 1536w, https:\/\/www.manaus.am.gov.br\/semcom\/wp-content\/uploads\/sites\/5\/2024\/12\/Reveillon-Gospel-5-2048x1365.jpeg 2048w\" sizes=\"(max-width: 1024px) 100vw, 1024px\" \/><\/figure><\/div>\n\n\n<p>\u201cA gente inicia com o R\u00e9veillon Gospel. Voc\u00eas j\u00e1 viram o sucesso, a popula\u00e7\u00e3o abra\u00e7ou o R\u00e9veillon Gospel e, amanh\u00e3 (31\/12), teremos o grande R\u00e9veillon, \u2018a virada do ano\u2019, com tr\u00eas grandes eventos que a prefeitura est\u00e1 realizando com a presen\u00e7a do Pablo, Kevin o Chris e banda Magn\u00edficos, no Educandos, Alphaville e na Ponta Negra. A virada em Manaus se torna uma grande programa\u00e7\u00e3o, sem d\u00favida alguma, e a cada ano a gente vai querer melhorar\u201d, afirmou Almeida.<\/p>\n\n\n\n<p>De acordo com o diretor-presidente da Manauscult, Jender Lobato, o sucesso do evento passou pela colabora\u00e7\u00e3o da popula\u00e7\u00e3o manauara, que abra\u00e7ou a iniciativa e lotou a orla da Ponta Negra.<\/p>\n\n\n\n<p>\u201cA determina\u00e7\u00e3o do prefeito foi que n\u00f3s fiz\u00e9ssemos um evento grandioso, um evento que pudesse contemplar as pessoas, que fosse seguro e que tivesse uma megaestrutura, padr\u00e3o da Prefeitura de Manaus. E, gra\u00e7as a Deus, a gente conseguiu ter o reconhecimento do p\u00fablico. Essa grande lota\u00e7\u00e3o \u00e9 reflexo de todo o trabalho ordenado e coordenado pelo nosso prefeito\u201d, citou o titular da Manauscult.<\/p>\n\n\n\n<p>A administradora Raquel Viana, 25, fez quest\u00e3o de chegar cedo para conseguir acompanhar de perto as apresenta\u00e7\u00f5es que abrilhantaram o R\u00e9veillon Gospel. Ela fez quest\u00e3o de agradecer pela iniciativa da atual gest\u00e3o municipal de realizar a comemora\u00e7\u00e3o contemplando a parcela crist\u00e3 da popula\u00e7\u00e3o manauara.<\/p>\n\n\n\n<p>\u201cO trabalho \u00e9 incr\u00edvel, est\u00e1 tudo muito bem organizado, tudo muito limpo, isso \u00e9 muito bom. E ter um R\u00e9veillon para as pessoas crist\u00e3s \u00e9 excelente, porque tem a iniciativa para as pessoas que n\u00e3o s\u00e3o crist\u00e3s e a parcela crist\u00e3 na cidade de Manaus \u00e9 muito grande, ent\u00e3o abra\u00e7ar esse pessoal \u00e9 muito importante e \u00e9 muito legal da parte do prefeito David Almeida\u201d, disse Raquel.<\/p>\n\n\n\n<p><strong>R\u00e9veillon de todos<\/strong><\/p>\n\n\n\n<p>Para que a comemora\u00e7\u00e3o fosse completa, a 3\u00aa edi\u00e7\u00e3o do R\u00e9veillon Gospel contou com uma inova\u00e7\u00e3o, visando o conforto de todos os presentes. Foram distribu\u00eddos abafadores de som para pessoas com Transtorno do Espectro Autista (TEA).<\/p>\n\n\n\n<p>A iniciativa foi elogiada por muitos pais presentes no local, como a administradora Dailene de Ara\u00fajo, 39, m\u00e3e do pequeno Ben\u00edcio, 9, que sonhava acompanhar a tradicional queima de fogos de artif\u00edcio.<\/p>\n\n\n<div class=\"wp-block-image\">\n<figure class=\"aligncenter size-large is-resized\"><img loading=\"lazy\" decoding=\"async\" width=\"1024\" height=\"683\" src=\"https:\/\/www.manaus.am.gov.br\/semcom\/wp-content\/uploads\/sites\/5\/2024\/12\/Reveillon-Gospel-8-1024x683.jpeg\" alt=\"\" class=\"wp-image-233376\" style=\"width:630px;height:auto\" srcset=\"https:\/\/www.manaus.am.gov.br\/semcom\/wp-content\/uploads\/sites\/5\/2024\/12\/Reveillon-Gospel-8-1024x683.jpeg 1024w, https:\/\/www.manaus.am.gov.br\/semcom\/wp-content\/uploads\/sites\/5\/2024\/12\/Reveillon-Gospel-8-300x200.jpeg 300w, https:\/\/www.manaus.am.gov.br\/semcom\/wp-content\/uploads\/sites\/5\/2024\/12\/Reveillon-Gospel-8-768x512.jpeg 768w, https:\/\/www.manaus.am.gov.br\/semcom\/wp-content\/uploads\/sites\/5\/2024\/12\/Reveillon-Gospel-8-1536x1024.jpeg 1536w, https:\/\/www.manaus.am.gov.br\/semcom\/wp-content\/uploads\/sites\/5\/2024\/12\/Reveillon-Gospel-8-2048x1365.jpeg 2048w\" sizes=\"(max-width: 1024px) 100vw, 1024px\" \/><\/figure><\/div>\n\n\n<p>\u201cEu achei maravilhoso porque tem muitas fam\u00edlias que n\u00e3o t\u00eam condi\u00e7\u00f5es. A gente tentou comprar um para ele, s\u00f3 que \u00e9 muito dif\u00edcil encontrar um abafador bom. Ent\u00e3o, a gente agradece muito a iniciativa da Prefeitura. \u00c9 uma experi\u00eancia boa, porque ele sempre teve curiosidade de saber como s\u00e3o os fogos, s\u00f3 que pelo barulho, ele nunca conseguiu ver direito como \u00e9, ent\u00e3o, eu acredito que esse abafador vai amenizar esse inc\u00f4modo para ele. Eu acho que vai ser maravilhoso\u201d, afirmou Dailene.<\/p>\n\n\n\n<p>Outra iniciativa que visou trazer maior seguran\u00e7a para os presentes na Ponta Negra foi o registro das crian\u00e7as que entraram no espa\u00e7o de comemora\u00e7\u00e3o. Ao entrarem pelo portal instalado pela Manauscult, todos os presentes eram revistados e as crian\u00e7as recebiam uma pulseira contendo os dados pessoais e telefones de contato.<\/p>\n\n\n\n<p><strong>Artistas aprovam realiza\u00e7\u00e3o do R\u00e9veillon Gospel<\/strong><\/p>\n\n\n<div class=\"wp-block-image\">\n<figure class=\"aligncenter size-large is-resized\"><img loading=\"lazy\" decoding=\"async\" width=\"1024\" height=\"664\" src=\"https:\/\/www.manaus.am.gov.br\/semcom\/wp-content\/uploads\/sites\/5\/2024\/12\/Reveillon-Gospel-7-1024x664.jpeg\" alt=\"\" class=\"wp-image-233375\" style=\"width:674px;height:auto\" srcset=\"https:\/\/www.manaus.am.gov.br\/semcom\/wp-content\/uploads\/sites\/5\/2024\/12\/Reveillon-Gospel-7-1024x664.jpeg 1024w, https:\/\/www.manaus.am.gov.br\/semcom\/wp-content\/uploads\/sites\/5\/2024\/12\/Reveillon-Gospel-7-300x194.jpeg 300w, https:\/\/www.manaus.am.gov.br\/semcom\/wp-content\/uploads\/sites\/5\/2024\/12\/Reveillon-Gospel-7-768x498.jpeg 768w, https:\/\/www.manaus.am.gov.br\/semcom\/wp-content\/uploads\/sites\/5\/2024\/12\/Reveillon-Gospel-7-1536x996.jpeg 1536w, https:\/\/www.manaus.am.gov.br\/semcom\/wp-content\/uploads\/sites\/5\/2024\/12\/Reveillon-Gospel-7-2048x1328.jpeg 2048w\" sizes=\"(max-width: 1024px) 100vw, 1024px\" \/><\/figure><\/div>\n\n\n<p>Presente no calend\u00e1rio de comemora\u00e7\u00f5es de Manaus desde 2022, o R\u00e9veillon Gospel chega a sua 3\u00aa edi\u00e7\u00e3o atraindo uma multid\u00e3o de fi\u00e9is para o complexo tur\u00edstico da Ponta Negra. O p\u00fablico presente louvou com os sucessos dos cantores nacionais Fernandinho e pastor Marcus Salles, e com as apresenta\u00e7\u00f5es das atra\u00e7\u00f5es locais Felipe Netto, Izabelle Ribeiro, Pedro Souza e Banda Atrium.<\/p>\n\n\n\n<p>Questionado sobre o evento, o cantor Fernandinho parabenizou a iniciativa e afirmou torcer para que outras cidades tamb\u00e9m possam adotar a ideia para contemplar o p\u00fablico crist\u00e3o.<\/p>\n\n\n\n<p>\u201cFico feliz e parab\u00e9ns pela iniciativa. Que Deus possa aben\u00e7oar outros lugares para que possam estar fazendo isso tamb\u00e9m. A gente est\u00e1 com grande expectativa, o povo j\u00e1 est\u00e1 a\u00ed, vamos l\u00e1, vamos fazer o que tem que ser feito. Fazer o nome de Jesus estar em um lugar bem alto\u201d, disse Fernandinho.<\/p>\n\n\n\n<p>J\u00e1 Marcus Salles fez quest\u00e3o de agradecer todo o carinho que recebeu do p\u00fablico manauara e da estrutura montada para o R\u00e9veillon Gospel.<\/p>\n\n\n\n<p>\u201cCara, eu achei sensacional. Eu quero parabenizar a Prefeitura de Manaus, todo o pessoal que organizou o evento, tendo em vista que a popula\u00e7\u00e3o evang\u00e9lica \u00e9 muito grande no Brasil todo. Na verdade, se falando de R\u00e9veillon, isso demorou a acontecer. No Rio, est\u00e1 acontecendo pela primeira vez. Ent\u00e3o, tudo isso \u00e9 uma conquista muito legal. Agora, uma festa como essa, sensacional, uma estrutura maravilhosa tamb\u00e9m, palco, ilumina\u00e7\u00e3o, e quem vem no show a\u00ed viu que a galera tamb\u00e9m estava muito animada, cantando, pulando, celebrando, isso \u00e9 maravilhoso\u201d, frisou Salles.<\/p>\n\n\n\n<p><strong>Recado para a popula\u00e7\u00e3o<\/strong><\/p>\n\n\n\n<p>Durante toda a realiza\u00e7\u00e3o do R\u00e9veillon Gospel, os artistas e o p\u00fablico demonstraram a sua f\u00e9 e declararam b\u00ean\u00e7\u00e3os para que o novo ano seja repleto de alegria para a popula\u00e7\u00e3o da cidade de Manaus.<\/p>\n\n\n\n<p>\u201cEu quero declarar sobre a sua vida, um ano 2025 com muita sa\u00fade, muita prosperidade, muita paz, que voc\u00ea possa entender que o sentido da vida depende muito de pessoas que voc\u00ea tem ao seu redor, ent\u00e3o fique mais pr\u00f3ximo da sua fam\u00edlia e entenda que a fam\u00edlia \u00e9 um prop\u00f3sito divino de Deus para a sua vida e se voc\u00ea acreditar que com f\u00e9 tudo \u00e9 poss\u00edvel, voc\u00ea vai conquistar grandes coisas neste ano de 2025\u201d, declarou o cantor Felipe Netto.<\/p>\n\n\n<div class=\"wp-block-image\">\n<figure class=\"aligncenter size-large is-resized\"><img loading=\"lazy\" decoding=\"async\" width=\"1024\" height=\"683\" src=\"https:\/\/www.manaus.am.gov.br\/semcom\/wp-content\/uploads\/sites\/5\/2024\/12\/Reveillon-Gospel-2-1024x683.jpeg\" alt=\"\" class=\"wp-image-233374\" style=\"width:735px;height:auto\" srcset=\"https:\/\/www.manaus.am.gov.br\/semcom\/wp-content\/uploads\/sites\/5\/2024\/12\/Reveillon-Gospel-2-1024x683.jpeg 1024w, https:\/\/www.manaus.am.gov.br\/semcom\/wp-content\/uploads\/sites\/5\/2024\/12\/Reveillon-Gospel-2-300x200.jpeg 300w, https:\/\/www.manaus.am.gov.br\/semcom\/wp-content\/uploads\/sites\/5\/2024\/12\/Reveillon-Gospel-2-768x512.jpeg 768w, https:\/\/www.manaus.am.gov.br\/semcom\/wp-content\/uploads\/sites\/5\/2024\/12\/Reveillon-Gospel-2-1536x1024.jpeg 1536w, https:\/\/www.manaus.am.gov.br\/semcom\/wp-content\/uploads\/sites\/5\/2024\/12\/Reveillon-Gospel-2-2048x1366.jpeg 2048w\" sizes=\"(max-width: 1024px) 100vw, 1024px\" \/><\/figure><\/div>\n\n\n<p>J\u00e1 a cantora Izabelle Ribeiro aproveitou para convidar as pessoas para prestigiarem a comemora\u00e7\u00e3o organizada pela Prefeitura de Manaus.<\/p>\n\n\n\n<p>\u201cA gente sabe e tem a convic\u00e7\u00e3o que voc\u00ea vai gostar muito. Por isso, traga a sua fam\u00edlia e viva esse momento. Tenho certeza que o ano de 2025 ser\u00e1 um ano extraordin\u00e1rio para voc\u00ea\u201d, finalizou.<\/p>\n\n\n\n<p>&#8212; &#8212; &#8212;<\/p>\n\n\n\n<p><strong>Texto &#8211;<\/strong>&nbsp;Thiago Fernando e D\u00e1rio Matos\/Semcom<\/p>\n\n\n\n<p><strong>Fotos<\/strong>\u00a0\u2013 Dhyeizo Lemos, Elton Viana e Jo\u00e3o Viana\/Semcom<\/p>\n\n\n\n<p><strong>Dispon\u00edveis em &#8211;&nbsp;<\/strong><a href=\"https:\/\/flic.kr\/s\/aHBqjBWz5x\" target=\"_blank\" rel=\"noreferrer noopener\">https:\/\/flic.kr\/s\/aHBqjBWz5x<\/a><\/p>\n","protected":false},"excerpt":{"rendered":"","protected":false},"author":61,"featured_media":233373,"comment_status":"closed","ping_status":"closed","sticky":false,"template":"","format":"standard","meta":{"footnotes":""},"categories":[7],"tags":[13006,35,77,13022],"acf":[],"yoast_head":"<!-- This site is optimized with the Yoast SEO plugin v23.0 - https:\/\/yoast.com\/wordpress\/plugins\/seo\/ -->\n<title>R\u00e9veillon Gospel re\u00fane mais de 55 mil pessoas e inicia as comemora\u00e7\u00f5es da chegada de 2025<\/title>\n<meta name=\"description\" content=\"Um p\u00fablico circulante estimado em mais de 55 mil pessoas esteve presente na noite desta segunda-feira, 30\/12, no complexo tur\u00edstico da Ponta Negra, localizado na zona Oeste, para participar da 3\u00aa edi\u00e7\u00e3o do R\u00e9veillon Gospel, evento realizado pela Prefeitura de Manaus.\" \/>\n<meta name=\"robots\" content=\"index, follow, max-snippet:-1, max-image-preview:large, max-video-preview:-1\" \/>\n<link rel=\"canonical\" href=\"https:\/\/www.manaus.am.gov.br\/semcom\/gospel-chegada-2025\/\" \/>\n<meta property=\"og:locale\" content=\"pt_BR\" \/>\n<meta property=\"og:type\" content=\"article\" \/>\n<meta property=\"og:title\" content=\"R\u00e9veillon Gospel re\u00fane mais de 55 mil pessoas e inicia as comemora\u00e7\u00f5es da chegada de 2025\" \/>\n<meta property=\"og:description\" content=\"Um p\u00fablico circulante estimado em mais de 55 mil pessoas esteve presente na noite desta segunda-feira, 30\/12, no complexo tur\u00edstico da Ponta Negra, localizado na zona Oeste, para participar da 3\u00aa edi\u00e7\u00e3o do R\u00e9veillon Gospel, evento realizado pela Prefeitura de Manaus.\" \/>\n<meta property=\"og:url\" content=\"https:\/\/www.manaus.am.gov.br\/semcom\/gospel-chegada-2025\/\" \/>\n<meta property=\"og:site_name\" content=\"SEMCOM\" \/>\n<meta property=\"article:published_time\" content=\"2024-12-31T07:57:13+00:00\" \/>\n<meta property=\"article:modified_time\" content=\"2024-12-31T14:13:19+00:00\" \/>\n<meta property=\"og:image\" content=\"https:\/\/www.manaus.am.gov.br\/semcom\/wp-content\/uploads\/sites\/5\/2024\/12\/Reveillon-Gospel-Capa.jpeg\" \/>\n\t<meta property=\"og:image:width\" content=\"4032\" \/>\n\t<meta property=\"og:image:height\" content=\"3024\" \/>\n\t<meta property=\"og:image:type\" content=\"image\/jpeg\" \/>\n<meta name=\"author\" content=\"smonteiro\" \/>\n<meta name=\"twitter:card\" content=\"summary_large_image\" \/>\n<meta name=\"twitter:label1\" content=\"Written by\" \/>\n\t<meta name=\"twitter:data1\" content=\"smonteiro\" \/>\n\t<meta name=\"twitter:label2\" content=\"Est. reading time\" \/>\n\t<meta name=\"twitter:data2\" content=\"7 minutos\" \/>\n<script type=\"application\/ld+json\" class=\"yoast-schema-graph\">{\"@context\":\"https:\/\/schema.org\",\"@graph\":[{\"@type\":\"WebPage\",\"@id\":\"https:\/\/www.manaus.am.gov.br\/semcom\/gospel-chegada-2025\/\",\"url\":\"https:\/\/www.manaus.am.gov.br\/semcom\/gospel-chegada-2025\/\",\"name\":\"R\u00e9veillon Gospel re\u00fane mais de 55 mil pessoas e inicia as comemora\u00e7\u00f5es da chegada de 2025\",\"isPartOf\":{\"@id\":\"https:\/\/www.manaus.am.gov.br\/semcom\/#website\"},\"primaryImageOfPage\":{\"@id\":\"https:\/\/www.manaus.am.gov.br\/semcom\/gospel-chegada-2025\/#primaryimage\"},\"image\":{\"@id\":\"https:\/\/www.manaus.am.gov.br\/semcom\/gospel-chegada-2025\/#primaryimage\"},\"thumbnailUrl\":\"https:\/\/www.manaus.am.gov.br\/semcom\/wp-content\/uploads\/sites\/5\/2024\/12\/Reveillon-Gospel-Capa.jpeg\",\"datePublished\":\"2024-12-31T07:57:13+00:00\",\"dateModified\":\"2024-12-31T14:13:19+00:00\",\"author\":{\"@id\":\"https:\/\/www.manaus.am.gov.br\/semcom\/#\/schema\/person\/ab4dcf766a54dff74e8d267f5c591961\"},\"description\":\"Um p\u00fablico circulante estimado em mais de 55 mil pessoas esteve presente na noite desta segunda-feira, 30\/12, no complexo tur\u00edstico da Ponta Negra, localizado na zona Oeste, para participar da 3\u00aa edi\u00e7\u00e3o do R\u00e9veillon Gospel, evento realizado pela Prefeitura de Manaus.\",\"inLanguage\":\"pt-BR\",\"potentialAction\":[{\"@type\":\"ReadAction\",\"target\":[\"https:\/\/www.manaus.am.gov.br\/semcom\/gospel-chegada-2025\/\"]}]},{\"@type\":\"ImageObject\",\"inLanguage\":\"pt-BR\",\"@id\":\"https:\/\/www.manaus.am.gov.br\/semcom\/gospel-chegada-2025\/#primaryimage\",\"url\":\"https:\/\/www.manaus.am.gov.br\/semcom\/wp-content\/uploads\/sites\/5\/2024\/12\/Reveillon-Gospel-Capa.jpeg\",\"contentUrl\":\"https:\/\/www.manaus.am.gov.br\/semcom\/wp-content\/uploads\/sites\/5\/2024\/12\/Reveillon-Gospel-Capa.jpeg\",\"width\":4032,\"height\":3024,\"caption\":\"#paratodosverem - na foto, imagem geral do R\u00e9veillon Gospel 2025\"},{\"@type\":\"WebSite\",\"@id\":\"https:\/\/www.manaus.am.gov.br\/semcom\/#website\",\"url\":\"https:\/\/www.manaus.am.gov.br\/semcom\/\",\"name\":\"SEMCOM\",\"description\":\"Secretaria Municipal de Comunica\u00e7\u00e3o\",\"potentialAction\":[{\"@type\":\"SearchAction\",\"target\":{\"@type\":\"EntryPoint\",\"urlTemplate\":\"https:\/\/www.manaus.am.gov.br\/semcom\/?s={search_term_string}\"},\"query-input\":\"required name=search_term_string\"}],\"inLanguage\":\"pt-BR\"},{\"@type\":\"Person\",\"@id\":\"https:\/\/www.manaus.am.gov.br\/semcom\/#\/schema\/person\/ab4dcf766a54dff74e8d267f5c591961\",\"name\":\"smonteiro\",\"image\":{\"@type\":\"ImageObject\",\"inLanguage\":\"pt-BR\",\"@id\":\"https:\/\/www.manaus.am.gov.br\/semcom\/#\/schema\/person\/image\/\",\"url\":\"https:\/\/secure.gravatar.com\/avatar\/21c8776ef61d9272c73322052e042d77?s=96&d=mm&r=g\",\"contentUrl\":\"https:\/\/secure.gravatar.com\/avatar\/21c8776ef61d9272c73322052e042d77?s=96&d=mm&r=g\",\"caption\":\"smonteiro\"}}]}<\/script>\n<!-- \/ Yoast SEO plugin. -->","yoast_head_json":{"title":"R\u00e9veillon Gospel re\u00fane mais de 55 mil pessoas e inicia as comemora\u00e7\u00f5es da chegada de 2025","description":"Um p\u00fablico circulante estimado em mais de 55 mil pessoas esteve presente na noite desta segunda-feira, 30\/12, no complexo tur\u00edstico da Ponta Negra, localizado na zona Oeste, para participar da 3\u00aa edi\u00e7\u00e3o do R\u00e9veillon Gospel, evento realizado pela Prefeitura de Manaus.","robots":{"index":"index","follow":"follow","max-snippet":"max-snippet:-1","max-image-preview":"max-image-preview:large","max-video-preview":"max-video-preview:-1"},"canonical":"https:\/\/www.manaus.am.gov.br\/semcom\/gospel-chegada-2025\/","og_locale":"pt_BR","og_type":"article","og_title":"R\u00e9veillon Gospel re\u00fane mais de 55 mil pessoas e inicia as comemora\u00e7\u00f5es da chegada de 2025","og_description":"Um p\u00fablico circulante estimado em mais de 55 mil pessoas esteve presente na noite desta segunda-feira, 30\/12, no complexo tur\u00edstico da Ponta Negra, localizado na zona Oeste, para participar da 3\u00aa edi\u00e7\u00e3o do R\u00e9veillon Gospel, evento realizado pela Prefeitura de Manaus.","og_url":"https:\/\/www.manaus.am.gov.br\/semcom\/gospel-chegada-2025\/","og_site_name":"SEMCOM","article_published_time":"2024-12-31T07:57:13+00:00","article_modified_time":"2024-12-31T14:13:19+00:00","og_image":[{"width":4032,"height":3024,"url":"https:\/\/www.manaus.am.gov.br\/semcom\/wp-content\/uploads\/sites\/5\/2024\/12\/Reveillon-Gospel-Capa.jpeg","type":"image\/jpeg"}],"author":"smonteiro","twitter_card":"summary_large_image","twitter_misc":{"Written by":"smonteiro","Est. reading time":"7 minutos"},"schema":{"@context":"https:\/\/schema.org","@graph":[{"@type":"WebPage","@id":"https:\/\/www.manaus.am.gov.br\/semcom\/gospel-chegada-2025\/","url":"https:\/\/www.manaus.am.gov.br\/semcom\/gospel-chegada-2025\/","name":"R\u00e9veillon Gospel re\u00fane mais de 55 mil pessoas e inicia as comemora\u00e7\u00f5es da chegada de 2025","isPartOf":{"@id":"https:\/\/www.manaus.am.gov.br\/semcom\/#website"},"primaryImageOfPage":{"@id":"https:\/\/www.manaus.am.gov.br\/semcom\/gospel-chegada-2025\/#primaryimage"},"image":{"@id":"https:\/\/www.manaus.am.gov.br\/semcom\/gospel-chegada-2025\/#primaryimage"},"thumbnailUrl":"https:\/\/www.manaus.am.gov.br\/semcom\/wp-content\/uploads\/sites\/5\/2024\/12\/Reveillon-Gospel-Capa.jpeg","datePublished":"2024-12-31T07:57:13+00:00","dateModified":"2024-12-31T14:13:19+00:00","author":{"@id":"https:\/\/www.manaus.am.gov.br\/semcom\/#\/schema\/person\/ab4dcf766a54dff74e8d267f5c591961"},"description":"Um p\u00fablico circulante estimado em mais de 55 mil pessoas esteve presente na noite desta segunda-feira, 30\/12, no complexo tur\u00edstico da Ponta Negra, localizado na zona Oeste, para participar da 3\u00aa edi\u00e7\u00e3o do R\u00e9veillon Gospel, evento realizado pela Prefeitura de Manaus.","inLanguage":"pt-BR","potentialAction":[{"@type":"ReadAction","target":["https:\/\/www.manaus.am.gov.br\/semcom\/gospel-chegada-2025\/"]}]},{"@type":"ImageObject","inLanguage":"pt-BR","@id":"https:\/\/www.manaus.am.gov.br\/semcom\/gospel-chegada-2025\/#primaryimage","url":"https:\/\/www.manaus.am.gov.br\/semcom\/wp-content\/uploads\/sites\/5\/2024\/12\/Reveillon-Gospel-Capa.jpeg","contentUrl":"https:\/\/www.manaus.am.gov.br\/semcom\/wp-content\/uploads\/sites\/5\/2024\/12\/Reveillon-Gospel-Capa.jpeg","width":4032,"height":3024,"caption":"#paratodosverem - na foto, imagem geral do R\u00e9veillon Gospel 2025"},{"@type":"WebSite","@id":"https:\/\/www.manaus.am.gov.br\/semcom\/#website","url":"https:\/\/www.manaus.am.gov.br\/semcom\/","name":"SEMCOM","description":"Secretaria Municipal de Comunica\u00e7\u00e3o","potentialAction":[{"@type":"SearchAction","target":{"@type":"EntryPoint","urlTemplate":"https:\/\/www.manaus.am.gov.br\/semcom\/?s={search_term_string}"},"query-input":"required name=search_term_string"}],"inLanguage":"pt-BR"},{"@type":"Person","@id":"https:\/\/www.manaus.am.gov.br\/semcom\/#\/schema\/person\/ab4dcf766a54dff74e8d267f5c591961","name":"smonteiro","image":{"@type":"ImageObject","inLanguage":"pt-BR","@id":"https:\/\/www.manaus.am.gov.br\/semcom\/#\/schema\/person\/image\/","url":"https:\/\/secure.gravatar.com\/avatar\/21c8776ef61d9272c73322052e042d77?s=96&d=mm&r=g","contentUrl":"https:\/\/secure.gravatar.com\/avatar\/21c8776ef61d9272c73322052e042d77?s=96&d=mm&r=g","caption":"smonteiro"}}]}},"_links":{"self":[{"href":"https:\/\/www.manaus.am.gov.br\/semcom\/wp-json\/wp\/v2\/posts\/233372"}],"collection":[{"href":"https:\/\/www.manaus.am.gov.br\/semcom\/wp-json\/wp\/v2\/posts"}],"about":[{"href":"https:\/\/www.manaus.am.gov.br\/semcom\/wp-json\/wp\/v2\/types\/post"}],"author":[{"embeddable":true,"href":"https:\/\/www.manaus.am.gov.br\/semcom\/wp-json\/wp\/v2\/users\/61"}],"replies":[{"embeddable":true,"href":"https:\/\/www.manaus.am.gov.br\/semcom\/wp-json\/wp\/v2\/comments?post=233372"}],"version-history":[{"count":5,"href":"https:\/\/www.manaus.am.gov.br\/semcom\/wp-json\/wp\/v2\/posts\/233372\/revisions"}],"predecessor-version":[{"id":233382,"href":"https:\/\/www.manaus.am.gov.br\/semcom\/wp-json\/wp\/v2\/posts\/233372\/revisions\/233382"}],"wp:featuredmedia":[{"embeddable":true,"href":"https:\/\/www.manaus.am.gov.br\/semcom\/wp-json\/wp\/v2\/media\/233373"}],"wp:attachment":[{"href":"https:\/\/www.manaus.am.gov.br\/semcom\/wp-json\/wp\/v2\/media?parent=233372"}],"wp:term":[{"taxonomy":"category","embeddable":true,"href":"https:\/\/www.manaus.am.gov.br\/semcom\/wp-json\/wp\/v2\/categories?post=233372"},{"taxonomy":"post_tag","embeddable":true,"href":"https:\/\/www.manaus.am.gov.br\/semcom\/wp-json\/wp\/v2\/tags?post=233372"}],"curies":[{"name":"wp","href":"https:\/\/api.w.org\/{rel}","templated":true}]}}