{"id":233296,"date":"2024-12-27T15:31:00","date_gmt":"2024-12-27T18:31:00","guid":{"rendered":"https:\/\/www.manaus.am.gov.br\/semcom\/programacao-oficial-reveillon-manaus-2025\/"},"modified":"2024-12-27T15:31:01","modified_gmt":"2024-12-27T18:31:01","slug":"programacao-oficial-reveillon-manaus-2025","status":"publish","type":"post","link":"https:\/\/www.manaus.am.gov.br\/semcom\/programacao-oficial-reveillon-manaus-2025\/","title":{"rendered":"Prefeitura divulga programa\u00e7\u00e3o oficial do R\u00e9veillon Manaus 2025 \u2018O Encontro da Nossa Gente\u2019"},"content":{"rendered":"\n<p>A Prefeitura de Manaus, por meio da Funda\u00e7\u00e3o Municipal de Cultura, Turismo e Eventos (Manauscult), anuncia, nesta sexta-feira, 27\/12, a programa\u00e7\u00e3o oficial do R\u00e9veillon Manaus 2025, que ter\u00e1 como tema \u201cO Encontro da Nossa Gente\u201d. O evento, que j\u00e1 \u00e9 uma tradi\u00e7\u00e3o na capital amazonense, promete dois dias de festa, na segunda e ter\u00e7a-feira, 30 e 31\/12, para celebrar o encerramento deste ano e dar as boas-vindas ao novo ano.<\/p>\n\n\n\n<p>Na segunda-feira, 30\/12, o \u201cR\u00e9veillon Gospel\u201d abrir\u00e1 a programa\u00e7\u00e3o das festividades de fim de ano com as atra\u00e7\u00f5es nacionais Marcus Sales e Fernandinho, com shows voltados \u00e0 f\u00e9 e \u00e0 espiritualidade.<\/p>\n\n\n\n<p>J\u00e1 na ter\u00e7a-feira, 31\/12, a celebra\u00e7\u00e3o da virada ser\u00e1 realizada, simultaneamente, em tr\u00eas pontos da cidade: na praia da Ponta Negra, zona Oeste; no parque Amazonino Mendes, na alameda Alphaville, nas zonas Norte e Leste; e na orla do Amarelinho, no bairro Educandos, zona Sul da cidade. A programa\u00e7\u00e3o inicia \u00e0s 17h, e contar\u00e1 com apresenta\u00e7\u00f5es musicais de atra\u00e7\u00f5es nacionais e locais, estrutura organizada e show pirot\u00e9cnico, marcando a chegada de 2025.<\/p>\n\n\n\n<p>O diretor-presidente da Manauscult, Jender Lobato, refor\u00e7ou o compromisso da gest\u00e3o municipal com a qualidade do evento. \u201cSer\u00e1 um R\u00e9veillon organizado, como todos os eventos promovidos pela Manauscult. Levaremos muita alegria e uma queima de fogos inesquec\u00edvel para comemorar essa virada de ano t\u00e3o esperada pela popula\u00e7\u00e3o\u201d, afirmou.<\/p>\n\n\n\n<p>Para garantir a seguran\u00e7a e o bem-estar dos participantes, a Prefeitura de Manaus ter\u00e1 o suporte de todos os \u00f3rg\u00e3os municipais e o apoio da Pol\u00edcia Militar, al\u00e9m de c\u00e2meras de monitoramento instaladas nos tr\u00eas pontos de celebra\u00e7\u00e3o.<\/p>\n\n\n\n<p>O R\u00e9veillon Manaus 2025, promovido pela prefeitura, reafirma o compromisso de levar cultura, lazer e integra\u00e7\u00e3o \u00e0 popula\u00e7\u00e3o, tornando a celebra\u00e7\u00e3o um verdadeiro encontro da nossa gente.<\/p>\n\n\n\n<p><strong>Confira a programa\u00e7\u00e3o oficial:<\/strong><\/p>\n\n\n\n<p><strong>30\/12 \u2013 R\u00e9veillon Gospel (Ponta Negra)<\/strong><\/p>\n\n\n\n<p>17h40 e intervalos &#8211; Dj Dii Andrade<\/p>\n\n\n\n<p>18h &#8211; Banda Atrium<\/p>\n\n\n\n<p>18h55 &#8211; Izabele Ribeiro<\/p>\n\n\n\n<p>19h50 &#8211; Marcus Salles<\/p>\n\n\n\n<p>21h30 &#8211; Felipe Netto<\/p>\n\n\n\n<p>22h30 &#8211; Fernandinho<\/p>\n\n\n\n<p><strong>31\/12 \u2013 R\u00e9veillon Manaus 2025<\/strong><\/p>\n\n\n\n<p><strong>Palco Ponta Negra<\/strong><\/p>\n\n\n\n<p>17h40 e intervalos &#8211; DJ May Seven<\/p>\n\n\n\n<p>18h &#8211; 40\u00ba Graus de Amor<\/p>\n\n\n\n<p>19h &#8211; Jhon Veiga<\/p>\n\n\n\n<p>20h &#8211; George Japa<\/p>\n\n\n\n<p>21h30 &#8211; Magn\u00edficos (atra\u00e7\u00e3o nacional)<\/p>\n\n\n\n<p>23h20 \u2013 0h50 &#8211; Pablo (virada do ano &#8211; atra\u00e7\u00e3o nacional)<\/p>\n\n\n\n<p>0h40 &#8211; DJ Toinho<\/p>\n\n\n\n<p>1h &#8211; Patrick Ara\u00fajo e David Assayag<\/p>\n\n\n\n<p>2h10 &#8211; Kevin o Chris (atra\u00e7\u00e3o nacional)<\/p>\n\n\n\n<p>3h30 &#8211; Guto Lima<\/p>\n\n\n\n<p><strong>Palco Educandos<\/strong><\/p>\n\n\n\n<p>20h &#8211; DJ Andrews<\/p>\n\n\n\n<p>20h30 &#8211; Jean Sarrafo<\/p>\n\n\n\n<p>21h25 &#8211; Sempre Estrelas<\/p>\n\n\n\n<p>22h20 &#8211; Jhou Guerra<\/p>\n\n\n\n<p>23h20 &#8211; Guto Lima (virada do ano)<\/p>\n\n\n\n<p>0h50 &#8211; Magn\u00edficos (atra\u00e7\u00e3o nacional)<\/p>\n\n\n\n<p>2h40 &#8211; M\u00e1rcia Siqueira, Samba da Virada<\/p>\n\n\n\n<p>3h30 &#8211; Banda Marrakesh<\/p>\n\n\n\n<p>4h20 &#8211; Banda Cont\u00e1gio<\/p>\n\n\n\n<p><strong>Palco Alameda Alphaville<\/strong><\/p>\n\n\n\n<p>18h40 &#8211; Forr\u00f3 Festan\u00e7a<\/p>\n\n\n\n<p>19h20 e intervalos &#8211; DJ Ariana Paes<\/p>\n\n\n\n<p>19h30 &#8211; Tome Xote<\/p>\n\n\n\n<p>20h25 &#8211; Banda Essence<\/p>\n\n\n\n<p>21h20 &#8211; Lucas Moura<\/p>\n\n\n\n<p>22h20 &#8211; Luiz Carlos e Banda<\/p>\n\n\n\n<p>23h20 &#8211; George Japa (virada do ano)<\/p>\n\n\n\n<p>0h20 e intervalos &#8211; DJ Hayden<\/p>\n\n\n\n<p>0h40 &#8211; Arlindo Neto e Edilson Santana<\/p>\n\n\n\n<p>2h &#8211; Kelton Piloto<\/p>\n\n\n\n<p>3h &#8211; Pablo (atra\u00e7\u00e3o nacional)<\/p>\n\n\n\n<p>&#8212; &#8212; &#8212;<\/p>\n\n\n\n<p><strong>Texto \u2013<\/strong>\u00a0Divulga\u00e7\u00e3o\/Manauscult<\/p>\n\n\n\n<p><strong>Foto \u2013<\/strong> Arquivo\/Semcom<\/p>\n","protected":false},"excerpt":{"rendered":"","protected":false},"author":39,"featured_media":233297,"comment_status":"closed","ping_status":"closed","sticky":false,"template":"","format":"standard","meta":{"footnotes":""},"categories":[7],"tags":[307,77,12999,12945],"acf":[],"yoast_head":"<!-- This site is optimized with the Yoast SEO plugin v23.0 - https:\/\/yoast.com\/wordpress\/plugins\/seo\/ -->\n<title>Programa\u00e7\u00e3o oficial do R\u00e9veillon Manaus 2025<\/title>\n<meta name=\"description\" content=\"Prefeitura, por meio da Manauscult, divulga programa\u00e7\u00e3o oficial do R\u00e9veillon Manaus 2025 \u2018O Encontro da Nossa Gente\u2019.\" \/>\n<meta name=\"robots\" content=\"index, follow, max-snippet:-1, max-image-preview:large, max-video-preview:-1\" \/>\n<link rel=\"canonical\" href=\"https:\/\/www.manaus.am.gov.br\/semcom\/programacao-oficial-reveillon-manaus-2025\/\" \/>\n<meta property=\"og:locale\" content=\"pt_BR\" \/>\n<meta property=\"og:type\" content=\"article\" \/>\n<meta property=\"og:title\" content=\"Programa\u00e7\u00e3o oficial do R\u00e9veillon Manaus 2025\" \/>\n<meta property=\"og:description\" content=\"Prefeitura, por meio da Manauscult, divulga programa\u00e7\u00e3o oficial do R\u00e9veillon Manaus 2025 \u2018O Encontro da Nossa Gente\u2019.\" \/>\n<meta property=\"og:url\" content=\"https:\/\/www.manaus.am.gov.br\/semcom\/programacao-oficial-reveillon-manaus-2025\/\" \/>\n<meta property=\"og:site_name\" content=\"SEMCOM\" \/>\n<meta property=\"article:published_time\" content=\"2024-12-27T18:31:00+00:00\" \/>\n<meta property=\"article:modified_time\" content=\"2024-12-27T18:31:01+00:00\" \/>\n<meta property=\"og:image\" content=\"https:\/\/www.manaus.am.gov.br\/semcom\/wp-content\/uploads\/sites\/5\/2024\/12\/53435315355_7889e2f406_k.jpg\" \/>\n\t<meta property=\"og:image:width\" content=\"2047\" \/>\n\t<meta property=\"og:image:height\" content=\"1365\" \/>\n\t<meta property=\"og:image:type\" content=\"image\/jpeg\" \/>\n<meta name=\"author\" content=\"Bruna Greco\" \/>\n<meta name=\"twitter:card\" content=\"summary_large_image\" \/>\n<meta name=\"twitter:label1\" content=\"Written by\" \/>\n\t<meta name=\"twitter:data1\" content=\"Bruna Greco\" \/>\n\t<meta name=\"twitter:label2\" content=\"Est. reading time\" \/>\n\t<meta name=\"twitter:data2\" content=\"3 minutos\" \/>\n<script type=\"application\/ld+json\" class=\"yoast-schema-graph\">{\"@context\":\"https:\/\/schema.org\",\"@graph\":[{\"@type\":\"WebPage\",\"@id\":\"https:\/\/www.manaus.am.gov.br\/semcom\/programacao-oficial-reveillon-manaus-2025\/\",\"url\":\"https:\/\/www.manaus.am.gov.br\/semcom\/programacao-oficial-reveillon-manaus-2025\/\",\"name\":\"Programa\u00e7\u00e3o oficial do R\u00e9veillon Manaus 2025\",\"isPartOf\":{\"@id\":\"https:\/\/www.manaus.am.gov.br\/semcom\/#website\"},\"primaryImageOfPage\":{\"@id\":\"https:\/\/www.manaus.am.gov.br\/semcom\/programacao-oficial-reveillon-manaus-2025\/#primaryimage\"},\"image\":{\"@id\":\"https:\/\/www.manaus.am.gov.br\/semcom\/programacao-oficial-reveillon-manaus-2025\/#primaryimage\"},\"thumbnailUrl\":\"https:\/\/www.manaus.am.gov.br\/semcom\/wp-content\/uploads\/sites\/5\/2024\/12\/53435315355_7889e2f406_k.jpg\",\"datePublished\":\"2024-12-27T18:31:00+00:00\",\"dateModified\":\"2024-12-27T18:31:01+00:00\",\"author\":{\"@id\":\"https:\/\/www.manaus.am.gov.br\/semcom\/#\/schema\/person\/05d223aea2bf115f9883a6ff3683d81b\"},\"description\":\"Prefeitura, por meio da Manauscult, divulga programa\u00e7\u00e3o oficial do R\u00e9veillon Manaus 2025 \u2018O Encontro da Nossa Gente\u2019.\",\"inLanguage\":\"pt-BR\",\"potentialAction\":[{\"@type\":\"ReadAction\",\"target\":[\"https:\/\/www.manaus.am.gov.br\/semcom\/programacao-oficial-reveillon-manaus-2025\/\"]}]},{\"@type\":\"ImageObject\",\"inLanguage\":\"pt-BR\",\"@id\":\"https:\/\/www.manaus.am.gov.br\/semcom\/programacao-oficial-reveillon-manaus-2025\/#primaryimage\",\"url\":\"https:\/\/www.manaus.am.gov.br\/semcom\/wp-content\/uploads\/sites\/5\/2024\/12\/53435315355_7889e2f406_k.jpg\",\"contentUrl\":\"https:\/\/www.manaus.am.gov.br\/semcom\/wp-content\/uploads\/sites\/5\/2024\/12\/53435315355_7889e2f406_k.jpg\",\"width\":2047,\"height\":1365,\"caption\":\"#paratodosverem - Grande p\u00fablico prestigiando show pirot\u00e9cnico durante r\u00e9veillon 2024 na praia da Ponta Negra\"},{\"@type\":\"WebSite\",\"@id\":\"https:\/\/www.manaus.am.gov.br\/semcom\/#website\",\"url\":\"https:\/\/www.manaus.am.gov.br\/semcom\/\",\"name\":\"SEMCOM\",\"description\":\"Secretaria Municipal de Comunica\u00e7\u00e3o\",\"potentialAction\":[{\"@type\":\"SearchAction\",\"target\":{\"@type\":\"EntryPoint\",\"urlTemplate\":\"https:\/\/www.manaus.am.gov.br\/semcom\/?s={search_term_string}\"},\"query-input\":\"required name=search_term_string\"}],\"inLanguage\":\"pt-BR\"},{\"@type\":\"Person\",\"@id\":\"https:\/\/www.manaus.am.gov.br\/semcom\/#\/schema\/person\/05d223aea2bf115f9883a6ff3683d81b\",\"name\":\"Bruna Greco\",\"image\":{\"@type\":\"ImageObject\",\"inLanguage\":\"pt-BR\",\"@id\":\"https:\/\/www.manaus.am.gov.br\/semcom\/#\/schema\/person\/image\/\",\"url\":\"https:\/\/secure.gravatar.com\/avatar\/9c877d1a6adc2a055330e5c09a8653ce?s=96&d=mm&r=g\",\"contentUrl\":\"https:\/\/secure.gravatar.com\/avatar\/9c877d1a6adc2a055330e5c09a8653ce?s=96&d=mm&r=g\",\"caption\":\"Bruna Greco\"}}]}<\/script>\n<!-- \/ Yoast SEO plugin. -->","yoast_head_json":{"title":"Programa\u00e7\u00e3o oficial do R\u00e9veillon Manaus 2025","description":"Prefeitura, por meio da Manauscult, divulga programa\u00e7\u00e3o oficial do R\u00e9veillon Manaus 2025 \u2018O Encontro da Nossa Gente\u2019.","robots":{"index":"index","follow":"follow","max-snippet":"max-snippet:-1","max-image-preview":"max-image-preview:large","max-video-preview":"max-video-preview:-1"},"canonical":"https:\/\/www.manaus.am.gov.br\/semcom\/programacao-oficial-reveillon-manaus-2025\/","og_locale":"pt_BR","og_type":"article","og_title":"Programa\u00e7\u00e3o oficial do R\u00e9veillon Manaus 2025","og_description":"Prefeitura, por meio da Manauscult, divulga programa\u00e7\u00e3o oficial do R\u00e9veillon Manaus 2025 \u2018O Encontro da Nossa Gente\u2019.","og_url":"https:\/\/www.manaus.am.gov.br\/semcom\/programacao-oficial-reveillon-manaus-2025\/","og_site_name":"SEMCOM","article_published_time":"2024-12-27T18:31:00+00:00","article_modified_time":"2024-12-27T18:31:01+00:00","og_image":[{"width":2047,"height":1365,"url":"https:\/\/www.manaus.am.gov.br\/semcom\/wp-content\/uploads\/sites\/5\/2024\/12\/53435315355_7889e2f406_k.jpg","type":"image\/jpeg"}],"author":"Bruna Greco","twitter_card":"summary_large_image","twitter_misc":{"Written by":"Bruna Greco","Est. reading time":"3 minutos"},"schema":{"@context":"https:\/\/schema.org","@graph":[{"@type":"WebPage","@id":"https:\/\/www.manaus.am.gov.br\/semcom\/programacao-oficial-reveillon-manaus-2025\/","url":"https:\/\/www.manaus.am.gov.br\/semcom\/programacao-oficial-reveillon-manaus-2025\/","name":"Programa\u00e7\u00e3o oficial do R\u00e9veillon Manaus 2025","isPartOf":{"@id":"https:\/\/www.manaus.am.gov.br\/semcom\/#website"},"primaryImageOfPage":{"@id":"https:\/\/www.manaus.am.gov.br\/semcom\/programacao-oficial-reveillon-manaus-2025\/#primaryimage"},"image":{"@id":"https:\/\/www.manaus.am.gov.br\/semcom\/programacao-oficial-reveillon-manaus-2025\/#primaryimage"},"thumbnailUrl":"https:\/\/www.manaus.am.gov.br\/semcom\/wp-content\/uploads\/sites\/5\/2024\/12\/53435315355_7889e2f406_k.jpg","datePublished":"2024-12-27T18:31:00+00:00","dateModified":"2024-12-27T18:31:01+00:00","author":{"@id":"https:\/\/www.manaus.am.gov.br\/semcom\/#\/schema\/person\/05d223aea2bf115f9883a6ff3683d81b"},"description":"Prefeitura, por meio da Manauscult, divulga programa\u00e7\u00e3o oficial do R\u00e9veillon Manaus 2025 \u2018O Encontro da Nossa Gente\u2019.","inLanguage":"pt-BR","potentialAction":[{"@type":"ReadAction","target":["https:\/\/www.manaus.am.gov.br\/semcom\/programacao-oficial-reveillon-manaus-2025\/"]}]},{"@type":"ImageObject","inLanguage":"pt-BR","@id":"https:\/\/www.manaus.am.gov.br\/semcom\/programacao-oficial-reveillon-manaus-2025\/#primaryimage","url":"https:\/\/www.manaus.am.gov.br\/semcom\/wp-content\/uploads\/sites\/5\/2024\/12\/53435315355_7889e2f406_k.jpg","contentUrl":"https:\/\/www.manaus.am.gov.br\/semcom\/wp-content\/uploads\/sites\/5\/2024\/12\/53435315355_7889e2f406_k.jpg","width":2047,"height":1365,"caption":"#paratodosverem - Grande p\u00fablico prestigiando show pirot\u00e9cnico durante r\u00e9veillon 2024 na praia da Ponta Negra"},{"@type":"WebSite","@id":"https:\/\/www.manaus.am.gov.br\/semcom\/#website","url":"https:\/\/www.manaus.am.gov.br\/semcom\/","name":"SEMCOM","description":"Secretaria Municipal de Comunica\u00e7\u00e3o","potentialAction":[{"@type":"SearchAction","target":{"@type":"EntryPoint","urlTemplate":"https:\/\/www.manaus.am.gov.br\/semcom\/?s={search_term_string}"},"query-input":"required name=search_term_string"}],"inLanguage":"pt-BR"},{"@type":"Person","@id":"https:\/\/www.manaus.am.gov.br\/semcom\/#\/schema\/person\/05d223aea2bf115f9883a6ff3683d81b","name":"Bruna Greco","image":{"@type":"ImageObject","inLanguage":"pt-BR","@id":"https:\/\/www.manaus.am.gov.br\/semcom\/#\/schema\/person\/image\/","url":"https:\/\/secure.gravatar.com\/avatar\/9c877d1a6adc2a055330e5c09a8653ce?s=96&d=mm&r=g","contentUrl":"https:\/\/secure.gravatar.com\/avatar\/9c877d1a6adc2a055330e5c09a8653ce?s=96&d=mm&r=g","caption":"Bruna Greco"}}]}},"_links":{"self":[{"href":"https:\/\/www.manaus.am.gov.br\/semcom\/wp-json\/wp\/v2\/posts\/233296"}],"collection":[{"href":"https:\/\/www.manaus.am.gov.br\/semcom\/wp-json\/wp\/v2\/posts"}],"about":[{"href":"https:\/\/www.manaus.am.gov.br\/semcom\/wp-json\/wp\/v2\/types\/post"}],"author":[{"embeddable":true,"href":"https:\/\/www.manaus.am.gov.br\/semcom\/wp-json\/wp\/v2\/users\/39"}],"replies":[{"embeddable":true,"href":"https:\/\/www.manaus.am.gov.br\/semcom\/wp-json\/wp\/v2\/comments?post=233296"}],"version-history":[{"count":0,"href":"https:\/\/www.manaus.am.gov.br\/semcom\/wp-json\/wp\/v2\/posts\/233296\/revisions"}],"wp:featuredmedia":[{"embeddable":true,"href":"https:\/\/www.manaus.am.gov.br\/semcom\/wp-json\/wp\/v2\/media\/233297"}],"wp:attachment":[{"href":"https:\/\/www.manaus.am.gov.br\/semcom\/wp-json\/wp\/v2\/media?parent=233296"}],"wp:term":[{"taxonomy":"category","embeddable":true,"href":"https:\/\/www.manaus.am.gov.br\/semcom\/wp-json\/wp\/v2\/categories?post=233296"},{"taxonomy":"post_tag","embeddable":true,"href":"https:\/\/www.manaus.am.gov.br\/semcom\/wp-json\/wp\/v2\/tags?post=233296"}],"curies":[{"name":"wp","href":"https:\/\/api.w.org\/{rel}","templated":true}]}}