{"id":233241,"date":"2024-12-26T14:01:32","date_gmt":"2024-12-26T17:01:32","guid":{"rendered":"https:\/\/www.manaus.am.gov.br\/semcom\/resultado-preliminar-programa-bolsa-universidade-2025\/"},"modified":"2024-12-26T14:01:34","modified_gmt":"2024-12-26T17:01:34","slug":"resultado-preliminar-programa-bolsa-universidade-2025","status":"publish","type":"post","link":"https:\/\/www.manaus.am.gov.br\/semcom\/resultado-preliminar-programa-bolsa-universidade-2025\/","title":{"rendered":"Prefeitura de Manaus divulga resultado preliminar do Programa Bolsa Universidade 2025\u00a0"},"content":{"rendered":"\n<p>A Prefeitura de Manaus informa que j\u00e1 est\u00e1 dispon\u00edvel para consulta no portal do candidato, por meio do link&nbsp;<a href=\"http:\/\/portalespi.manaus.am.gov.br\/\" target=\"_blank\" rel=\"noreferrer noopener\">http:\/\/portalespi.manaus.am.gov.br<\/a>, o resultado preliminar do Programa Bolsa Universidade (PBU) 2025. A listagem estar\u00e1 dispon\u00edvel, tamb\u00e9m, na edi\u00e7\u00e3o do&nbsp;<a href=\"http:\/\/dom.manaus.am.gov.br\/\" target=\"_blank\" rel=\"noreferrer noopener\">Di\u00e1rio Oficial do Munic\u00edpio<\/a>&nbsp;(DOM), a partir das 22h desta quinta-feira, 26\/12.<\/p>\n\n\n\n<p>Para esse processo, a Escola de Servi\u00e7o P\u00fablico Municipal e Inclus\u00e3o Socioeducacional (Espi), \u00f3rg\u00e3o vinculado \u00e0 Secretaria Municipal de Administra\u00e7\u00e3o, Planejamento e Gest\u00e3o (Semad), disponibilizou um quantitativo recorde em edital \u00fanico, de oportunidades de acesso ao ensino superior em institui\u00e7\u00f5es particulares com 47.377 vagas.<\/p>\n\n\n\n<p>Ao anunciar o resultado, o diretor-geral da Espi, Raimundo Filho, destacou o alcance do processo. \u201cPor orienta\u00e7\u00e3o do prefeito David Almeida, intensificamos a divulga\u00e7\u00e3o do Bolsa Universidade por toda a cidade. Estivemos em terminais de \u00f4nibus, em escolas, enfim, levamos a informa\u00e7\u00e3o para todos e tivemos mais de 45 mil inscritos. Agradecemos \u00e0s institui\u00e7\u00f5es parceiras que tanto contribuem para o sucesso do nosso programa\u201d, afirmou.<\/p>\n\n\n\n<p>Mais de 45 mil pessoas se inscreveram para concorrer \u00e0s bolsas que oferecem tr\u00eas n\u00edveis de descontos, sendo de 100% (integrais), 75% e 50% do valor da mensalidade do curso escolhido, com compensa\u00e7\u00e3o tribut\u00e1ria e bolsas volunt\u00e1rias. Deste total, 18.787 candidatos foram classificados e 20.982 ficaram no cadastro reserva e poder\u00e3o ter nova chance no per\u00edodo de remanejamento para as vagas remanescentes, a ser divulgado pela coordena\u00e7\u00e3o do PBU.<\/p>\n\n\n\n<p>Os 5.389 restantes foram eliminados por n\u00e3o atenderem aos crit\u00e9rios da sele\u00e7\u00e3o para o programa. O candidato que discordar da classifica\u00e7\u00e3o pode interpor recurso, nos dias 27 e 30\/12, das 8h \u00e0s 14h, na sede da Espi, na avenida Compensa, n\u00ba 770, Vila da Prata, zona Oeste, conforme consta no Edital do PBU 2025.<\/p>\n\n\n\n<p>Raimundo Filho ressaltou, ainda, a lisura do processo de classifica\u00e7\u00e3o dos candidatos. \u201c\u00c9 importante lembrar que a sele\u00e7\u00e3o \u00e9 feita por meio de sistema, totalmente informatizado, com base nas informa\u00e7\u00f5es fornecidas pelo candidato no momento da inscri\u00e7\u00e3o, sendo responsabilidade dele comprovar, com documentos, sob pena de perder o benef\u00edcio\u201d, apontou o diretor-geral.<\/p>\n\n\n\n<p>A entrega da documenta\u00e7\u00e3o dos candidatos classificados ser\u00e1 feita de forma presencial, no per\u00edodo de 6 a 10 de janeiro de 2025, no hor\u00e1rio das 8h \u00e0s 15h, quando o candidato classificado dever\u00e1 apresentar a documenta\u00e7\u00e3o (original e c\u00f3pia), na Institui\u00e7\u00e3o de Ensino Superior (IES) para a qual foi classificado, com a finalidade de comprova\u00e7\u00e3o das informa\u00e7\u00f5es prestadas em sua inscri\u00e7\u00e3o.<\/p>\n\n\n\n<p><strong>Inclus\u00e3o socioeducacional<\/strong><\/p>\n\n\n\n<p>As oportunidades de acesso ao ensino superior oferecidas pela Prefeitura de Manaus s\u00e3o para 12 Institui\u00e7\u00f5es de Ensino Superior da rede privada, totalizando 22 unidades em toda a cidade. O PBU \u00e9 destinado a estudantes de fam\u00edlias de baixa renda. Com este processo, o n\u00famero de bolsas de estudos para gradua\u00e7\u00e3o disponibilizadas na gest\u00e3o do prefeito David Almeida chega a 200.356.<\/p>\n\n\n\n<p>O programa de inclus\u00e3o socioeducacional da prefeitura abrange ainda o Bolsa P\u00f3s-Gradua\u00e7\u00e3o, que, em quatro anos, teve dois processos seletivos, com a oferta de 75.232 bolsas; e o Bolsa Idiomas, com um total de 149.611 possibilidades de estudo de uma l\u00edngua estrangeira em escolas particulares, todos com descontos nas mensalidades.<\/p>\n\n\n\n<p>&#8212; &#8212; &#8212;<\/p>\n\n\n\n<p><strong>Texto<\/strong>&nbsp;\u2013 Sandra Monteiro\/Semad-Espi<\/p>\n\n\n\n<p><strong>Foto<\/strong>&nbsp;\u2013 Divulga\u00e7\u00e3o\/Semad-Espi<\/p>\n","protected":false},"excerpt":{"rendered":"","protected":false},"author":39,"featured_media":233242,"comment_status":"closed","ping_status":"closed","sticky":false,"template":"","format":"standard","meta":{"footnotes":""},"categories":[3051],"tags":[2341,8306,77,12727,882,838],"acf":[],"yoast_head":"<!-- This site is optimized with the Yoast SEO plugin v23.0 - https:\/\/yoast.com\/wordpress\/plugins\/seo\/ -->\n<title>Resultado preliminar do Programa Bolsa Universidade 2025<\/title>\n<meta name=\"description\" content=\"Prefeitura de Manaus, por meio da Espi, vinculada \u00e0 Semad, divulga resultado preliminar do Programa Bolsa Universidade 2025.\" \/>\n<meta name=\"robots\" content=\"index, follow, max-snippet:-1, max-image-preview:large, max-video-preview:-1\" \/>\n<link rel=\"canonical\" href=\"https:\/\/www.manaus.am.gov.br\/semcom\/resultado-preliminar-programa-bolsa-universidade-2025\/\" \/>\n<meta property=\"og:locale\" content=\"pt_BR\" \/>\n<meta property=\"og:type\" content=\"article\" \/>\n<meta property=\"og:title\" content=\"Resultado preliminar do Programa Bolsa Universidade 2025\" \/>\n<meta property=\"og:description\" content=\"Prefeitura de Manaus, por meio da Espi, vinculada \u00e0 Semad, divulga resultado preliminar do Programa Bolsa Universidade 2025.\" \/>\n<meta property=\"og:url\" content=\"https:\/\/www.manaus.am.gov.br\/semcom\/resultado-preliminar-programa-bolsa-universidade-2025\/\" \/>\n<meta property=\"og:site_name\" content=\"SEMCOM\" \/>\n<meta property=\"article:published_time\" content=\"2024-12-26T17:01:32+00:00\" \/>\n<meta property=\"article:modified_time\" content=\"2024-12-26T17:01:34+00:00\" \/>\n<meta property=\"og:image\" content=\"https:\/\/www.manaus.am.gov.br\/semcom\/wp-content\/uploads\/sites\/5\/2024\/12\/SEMAD-ESPI-Resultado-PBU-2025.jpg\" \/>\n\t<meta property=\"og:image:width\" content=\"3480\" \/>\n\t<meta property=\"og:image:height\" content=\"2610\" \/>\n\t<meta property=\"og:image:type\" content=\"image\/jpeg\" \/>\n<meta name=\"author\" content=\"Bruna Greco\" \/>\n<meta name=\"twitter:card\" content=\"summary_large_image\" \/>\n<meta name=\"twitter:label1\" content=\"Written by\" \/>\n\t<meta name=\"twitter:data1\" content=\"Bruna Greco\" \/>\n\t<meta name=\"twitter:label2\" content=\"Est. reading time\" \/>\n\t<meta name=\"twitter:data2\" content=\"4 minutos\" \/>\n<script type=\"application\/ld+json\" class=\"yoast-schema-graph\">{\"@context\":\"https:\/\/schema.org\",\"@graph\":[{\"@type\":\"WebPage\",\"@id\":\"https:\/\/www.manaus.am.gov.br\/semcom\/resultado-preliminar-programa-bolsa-universidade-2025\/\",\"url\":\"https:\/\/www.manaus.am.gov.br\/semcom\/resultado-preliminar-programa-bolsa-universidade-2025\/\",\"name\":\"Resultado preliminar do Programa Bolsa Universidade 2025\",\"isPartOf\":{\"@id\":\"https:\/\/www.manaus.am.gov.br\/semcom\/#website\"},\"primaryImageOfPage\":{\"@id\":\"https:\/\/www.manaus.am.gov.br\/semcom\/resultado-preliminar-programa-bolsa-universidade-2025\/#primaryimage\"},\"image\":{\"@id\":\"https:\/\/www.manaus.am.gov.br\/semcom\/resultado-preliminar-programa-bolsa-universidade-2025\/#primaryimage\"},\"thumbnailUrl\":\"https:\/\/www.manaus.am.gov.br\/semcom\/wp-content\/uploads\/sites\/5\/2024\/12\/SEMAD-ESPI-Resultado-PBU-2025.jpg\",\"datePublished\":\"2024-12-26T17:01:32+00:00\",\"dateModified\":\"2024-12-26T17:01:34+00:00\",\"author\":{\"@id\":\"https:\/\/www.manaus.am.gov.br\/semcom\/#\/schema\/person\/05d223aea2bf115f9883a6ff3683d81b\"},\"description\":\"Prefeitura de Manaus, por meio da Espi, vinculada \u00e0 Semad, divulga resultado preliminar do Programa Bolsa Universidade 2025.\",\"inLanguage\":\"pt-BR\",\"potentialAction\":[{\"@type\":\"ReadAction\",\"target\":[\"https:\/\/www.manaus.am.gov.br\/semcom\/resultado-preliminar-programa-bolsa-universidade-2025\/\"]}]},{\"@type\":\"ImageObject\",\"inLanguage\":\"pt-BR\",\"@id\":\"https:\/\/www.manaus.am.gov.br\/semcom\/resultado-preliminar-programa-bolsa-universidade-2025\/#primaryimage\",\"url\":\"https:\/\/www.manaus.am.gov.br\/semcom\/wp-content\/uploads\/sites\/5\/2024\/12\/SEMAD-ESPI-Resultado-PBU-2025.jpg\",\"contentUrl\":\"https:\/\/www.manaus.am.gov.br\/semcom\/wp-content\/uploads\/sites\/5\/2024\/12\/SEMAD-ESPI-Resultado-PBU-2025.jpg\",\"width\":3480,\"height\":2610,\"caption\":\"#paratodosverem - Servidora da Semad conferindo o site de acesso ao resultado preliminar do Programa Bolsa Universidade 2025\"},{\"@type\":\"WebSite\",\"@id\":\"https:\/\/www.manaus.am.gov.br\/semcom\/#website\",\"url\":\"https:\/\/www.manaus.am.gov.br\/semcom\/\",\"name\":\"SEMCOM\",\"description\":\"Secretaria Municipal de Comunica\u00e7\u00e3o\",\"potentialAction\":[{\"@type\":\"SearchAction\",\"target\":{\"@type\":\"EntryPoint\",\"urlTemplate\":\"https:\/\/www.manaus.am.gov.br\/semcom\/?s={search_term_string}\"},\"query-input\":\"required name=search_term_string\"}],\"inLanguage\":\"pt-BR\"},{\"@type\":\"Person\",\"@id\":\"https:\/\/www.manaus.am.gov.br\/semcom\/#\/schema\/person\/05d223aea2bf115f9883a6ff3683d81b\",\"name\":\"Bruna Greco\",\"image\":{\"@type\":\"ImageObject\",\"inLanguage\":\"pt-BR\",\"@id\":\"https:\/\/www.manaus.am.gov.br\/semcom\/#\/schema\/person\/image\/\",\"url\":\"https:\/\/secure.gravatar.com\/avatar\/9c877d1a6adc2a055330e5c09a8653ce?s=96&d=mm&r=g\",\"contentUrl\":\"https:\/\/secure.gravatar.com\/avatar\/9c877d1a6adc2a055330e5c09a8653ce?s=96&d=mm&r=g\",\"caption\":\"Bruna Greco\"}}]}<\/script>\n<!-- \/ Yoast SEO plugin. -->","yoast_head_json":{"title":"Resultado preliminar do Programa Bolsa Universidade 2025","description":"Prefeitura de Manaus, por meio da Espi, vinculada \u00e0 Semad, divulga resultado preliminar do Programa Bolsa Universidade 2025.","robots":{"index":"index","follow":"follow","max-snippet":"max-snippet:-1","max-image-preview":"max-image-preview:large","max-video-preview":"max-video-preview:-1"},"canonical":"https:\/\/www.manaus.am.gov.br\/semcom\/resultado-preliminar-programa-bolsa-universidade-2025\/","og_locale":"pt_BR","og_type":"article","og_title":"Resultado preliminar do Programa Bolsa Universidade 2025","og_description":"Prefeitura de Manaus, por meio da Espi, vinculada \u00e0 Semad, divulga resultado preliminar do Programa Bolsa Universidade 2025.","og_url":"https:\/\/www.manaus.am.gov.br\/semcom\/resultado-preliminar-programa-bolsa-universidade-2025\/","og_site_name":"SEMCOM","article_published_time":"2024-12-26T17:01:32+00:00","article_modified_time":"2024-12-26T17:01:34+00:00","og_image":[{"width":3480,"height":2610,"url":"https:\/\/www.manaus.am.gov.br\/semcom\/wp-content\/uploads\/sites\/5\/2024\/12\/SEMAD-ESPI-Resultado-PBU-2025.jpg","type":"image\/jpeg"}],"author":"Bruna Greco","twitter_card":"summary_large_image","twitter_misc":{"Written by":"Bruna Greco","Est. reading time":"4 minutos"},"schema":{"@context":"https:\/\/schema.org","@graph":[{"@type":"WebPage","@id":"https:\/\/www.manaus.am.gov.br\/semcom\/resultado-preliminar-programa-bolsa-universidade-2025\/","url":"https:\/\/www.manaus.am.gov.br\/semcom\/resultado-preliminar-programa-bolsa-universidade-2025\/","name":"Resultado preliminar do Programa Bolsa Universidade 2025","isPartOf":{"@id":"https:\/\/www.manaus.am.gov.br\/semcom\/#website"},"primaryImageOfPage":{"@id":"https:\/\/www.manaus.am.gov.br\/semcom\/resultado-preliminar-programa-bolsa-universidade-2025\/#primaryimage"},"image":{"@id":"https:\/\/www.manaus.am.gov.br\/semcom\/resultado-preliminar-programa-bolsa-universidade-2025\/#primaryimage"},"thumbnailUrl":"https:\/\/www.manaus.am.gov.br\/semcom\/wp-content\/uploads\/sites\/5\/2024\/12\/SEMAD-ESPI-Resultado-PBU-2025.jpg","datePublished":"2024-12-26T17:01:32+00:00","dateModified":"2024-12-26T17:01:34+00:00","author":{"@id":"https:\/\/www.manaus.am.gov.br\/semcom\/#\/schema\/person\/05d223aea2bf115f9883a6ff3683d81b"},"description":"Prefeitura de Manaus, por meio da Espi, vinculada \u00e0 Semad, divulga resultado preliminar do Programa Bolsa Universidade 2025.","inLanguage":"pt-BR","potentialAction":[{"@type":"ReadAction","target":["https:\/\/www.manaus.am.gov.br\/semcom\/resultado-preliminar-programa-bolsa-universidade-2025\/"]}]},{"@type":"ImageObject","inLanguage":"pt-BR","@id":"https:\/\/www.manaus.am.gov.br\/semcom\/resultado-preliminar-programa-bolsa-universidade-2025\/#primaryimage","url":"https:\/\/www.manaus.am.gov.br\/semcom\/wp-content\/uploads\/sites\/5\/2024\/12\/SEMAD-ESPI-Resultado-PBU-2025.jpg","contentUrl":"https:\/\/www.manaus.am.gov.br\/semcom\/wp-content\/uploads\/sites\/5\/2024\/12\/SEMAD-ESPI-Resultado-PBU-2025.jpg","width":3480,"height":2610,"caption":"#paratodosverem - Servidora da Semad conferindo o site de acesso ao resultado preliminar do Programa Bolsa Universidade 2025"},{"@type":"WebSite","@id":"https:\/\/www.manaus.am.gov.br\/semcom\/#website","url":"https:\/\/www.manaus.am.gov.br\/semcom\/","name":"SEMCOM","description":"Secretaria Municipal de Comunica\u00e7\u00e3o","potentialAction":[{"@type":"SearchAction","target":{"@type":"EntryPoint","urlTemplate":"https:\/\/www.manaus.am.gov.br\/semcom\/?s={search_term_string}"},"query-input":"required name=search_term_string"}],"inLanguage":"pt-BR"},{"@type":"Person","@id":"https:\/\/www.manaus.am.gov.br\/semcom\/#\/schema\/person\/05d223aea2bf115f9883a6ff3683d81b","name":"Bruna Greco","image":{"@type":"ImageObject","inLanguage":"pt-BR","@id":"https:\/\/www.manaus.am.gov.br\/semcom\/#\/schema\/person\/image\/","url":"https:\/\/secure.gravatar.com\/avatar\/9c877d1a6adc2a055330e5c09a8653ce?s=96&d=mm&r=g","contentUrl":"https:\/\/secure.gravatar.com\/avatar\/9c877d1a6adc2a055330e5c09a8653ce?s=96&d=mm&r=g","caption":"Bruna Greco"}}]}},"_links":{"self":[{"href":"https:\/\/www.manaus.am.gov.br\/semcom\/wp-json\/wp\/v2\/posts\/233241"}],"collection":[{"href":"https:\/\/www.manaus.am.gov.br\/semcom\/wp-json\/wp\/v2\/posts"}],"about":[{"href":"https:\/\/www.manaus.am.gov.br\/semcom\/wp-json\/wp\/v2\/types\/post"}],"author":[{"embeddable":true,"href":"https:\/\/www.manaus.am.gov.br\/semcom\/wp-json\/wp\/v2\/users\/39"}],"replies":[{"embeddable":true,"href":"https:\/\/www.manaus.am.gov.br\/semcom\/wp-json\/wp\/v2\/comments?post=233241"}],"version-history":[{"count":0,"href":"https:\/\/www.manaus.am.gov.br\/semcom\/wp-json\/wp\/v2\/posts\/233241\/revisions"}],"wp:featuredmedia":[{"embeddable":true,"href":"https:\/\/www.manaus.am.gov.br\/semcom\/wp-json\/wp\/v2\/media\/233242"}],"wp:attachment":[{"href":"https:\/\/www.manaus.am.gov.br\/semcom\/wp-json\/wp\/v2\/media?parent=233241"}],"wp:term":[{"taxonomy":"category","embeddable":true,"href":"https:\/\/www.manaus.am.gov.br\/semcom\/wp-json\/wp\/v2\/categories?post=233241"},{"taxonomy":"post_tag","embeddable":true,"href":"https:\/\/www.manaus.am.gov.br\/semcom\/wp-json\/wp\/v2\/tags?post=233241"}],"curies":[{"name":"wp","href":"https:\/\/api.w.org\/{rel}","templated":true}]}}