{"id":233207,"date":"2024-12-22T12:17:55","date_gmt":"2024-12-22T16:17:55","guid":{"rendered":"https:\/\/www.manaus.am.gov.br\/semcom\/moradores-bairros-zona-sul-prestigiam-ultima-caravana-natalina\/"},"modified":"2024-12-22T12:17:55","modified_gmt":"2024-12-22T16:17:55","slug":"moradores-bairros-zona-sul-prestigiam-ultima-caravana-natalina","status":"publish","type":"post","link":"https:\/\/www.manaus.am.gov.br\/semcom\/moradores-bairros-zona-sul-prestigiam-ultima-caravana-natalina\/","title":{"rendered":"Moradores da zona Sul de Manaus prestigiam desfile dos carros aleg\u00f3ricos da \u00faltima \u2018Caravana Natalina\u2019 da prefeitura"},"content":{"rendered":"\n<p>Como parte da programa\u00e7\u00e3o do \u201cNatal dos Sonhos \u2013 \u00c9 tempo de sonhar, compartilhar e realizar\u201d, a&nbsp;Prefeitura de Manaus, por meio do Fundo Manaus Solid\u00e1ria (FMS), realizou, neste s\u00e1bado, 21\/12, a \u00faltima \u201cCaravana Natalina\u201d com o desfile dos carros aleg\u00f3ricos personalizados que percorreram avenidas e ruas, encantando os moradores de v\u00e1rios bairros da zona Sul da cidade.<\/p>\n\n\n\n<p>Segundo o presidente do FMS, Emerson Castro, foi maravilhoso levar um pouco do Natal dos Sonhos para todas as zonas de Manaus.<\/p>\n\n\n\n<p>\u201cHoje, finalizamos com a nossa \u00faltima Caravana Natalina deste ano, um projeto lindo que j\u00e1 virou tradi\u00e7\u00e3o na nossa cidade e que as pessoas ficam aguardando ansiosamente pela passagem dos carros e \u00e9 maravilhoso ver a felicidade de cada um. A prefeitura tem esse comprometimento de levar o Natal para todas as zonas da cidade e esse projeto refor\u00e7a o nosso compromisso de chegar em todos os cantos de Manaus\u201d, relatou Castro.&nbsp;<\/p>\n\n\n\n<p>Durante todo o percurso, foi poss\u00edvel ver a emo\u00e7\u00e3o do p\u00fablico presente, como da aposentada Solange Freitas, de 67 anos, que relatou sua satisfa\u00e7\u00e3o ao ver os carros da caravana. \u201cEu achei lindo, ainda n\u00e3o tinha visto passar aqui na rua. S\u00f3 temos a agradecer \u00e0 prefeitura pelo que aconteceu aqui, obrigada! E aproveito para desejar um Feliz Natal, que Deus aben\u00e7oe a todos n\u00f3s\u201d, disse.<\/p>\n\n\n\n<p>Para Cei\u00e7a Galv\u00e3o, de 47 anos, n\u00e3o foi diferente. Ela ressaltou sua gratid\u00e3o ao estar assistindo \u00e0 caravana pela segunda vez. \u201cMaravilhosa! N\u00e3o \u00e9 o primeiro ano que acompanho. Essa \u00e9 uma iniciativa gratificante para as crian\u00e7as que n\u00e3o podem ir muito longe e isso \u00e9 contagiante. O prefeito David Almeida est\u00e1 de parab\u00e9ns e tem toda minha admira\u00e7\u00e3o e meu respeito, por essa atitude generosa com as nossas crian\u00e7as\u201d, elogiou.<\/p>\n\n\n\n<figure class=\"wp-block-image size-large\"><img loading=\"lazy\" decoding=\"async\" width=\"1024\" height=\"683\" src=\"https:\/\/www.manaus.am.gov.br\/semcom\/wp-content\/uploads\/sites\/5\/2024\/12\/54219680960_2e24f2acd7_k-1024x683.jpg\" alt=\"\" class=\"wp-image-233208\" srcset=\"https:\/\/www.manaus.am.gov.br\/semcom\/wp-content\/uploads\/sites\/5\/2024\/12\/54219680960_2e24f2acd7_k-1024x683.jpg 1024w, https:\/\/www.manaus.am.gov.br\/semcom\/wp-content\/uploads\/sites\/5\/2024\/12\/54219680960_2e24f2acd7_k-300x200.jpg 300w, https:\/\/www.manaus.am.gov.br\/semcom\/wp-content\/uploads\/sites\/5\/2024\/12\/54219680960_2e24f2acd7_k-768x512.jpg 768w, https:\/\/www.manaus.am.gov.br\/semcom\/wp-content\/uploads\/sites\/5\/2024\/12\/54219680960_2e24f2acd7_k-1536x1024.jpg 1536w, https:\/\/www.manaus.am.gov.br\/semcom\/wp-content\/uploads\/sites\/5\/2024\/12\/54219680960_2e24f2acd7_k.jpg 2048w\" sizes=\"(max-width: 1024px) 100vw, 1024px\" \/><\/figure>\n\n\n\n<p><strong>Desfile<\/strong><\/p>\n\n\n\n<p>O percurso iniciou na rua Walter Rayol (no bairro Presidente Vargas) e seguiu para o beco Estoril; alameda Costa; rua da Paz; rua Luiz Antony; rua Governador Vit\u00f3rio; rua Tamandar\u00e9; avenida Floriano Peixoto; avenida 7 de Setembro; avenida Visconde de Porto Alegre; avenida Louren\u00e7o da Silva Braga; avenida S\u00e3o Jo\u00e3o; alameda S\u00e3o Benedito; avenida S\u00e3o Jo\u00e3o; retornou ao lado do&nbsp;Gr\u00eamio Recreativo Escola de Samba (Gres) Reino Unido da Liberdade para pegar a rua S\u00e3o Benedito; rua Adalberto Vale; avenida Silves; avenida General&nbsp;Rodrigo&nbsp;Ot\u00e1vio&nbsp;Jord\u00e3o Ramos; avenida Presidente Kennedy; avenida Leopoldo P\u00e9res; avenida Rio Negro; rua Inoc\u00eancio de Ara\u00fajo; rua Delc\u00eddio do Amaral; rua Am\u00e2ncio de Miranda; avenida Rio Negro; avenida Leopoldo P\u00e9res; avenida Humait\u00e1; avenida Borba; avenida Tef\u00e9; avenida General&nbsp;Rodrigo&nbsp;Ot\u00e1vio&nbsp;Jord\u00e3o Ramos e, ent\u00e3o, terminou na Universidade Federal do Amazonas (Ufam).<\/p>\n\n\n\n<p>Entre os bairros contemplados est\u00e3o: Presidente Vargas (conhecido como Matinha), Aparecida, Centro, Morro da Liberdade, Educandos, Col\u00f4nia Oliveira Machado, Cachoeirinha, Bet\u00e2nia, Santa Luzia, Raiz e Japiim.<\/p>\n\n\n\n<p>&#8212; &#8212; &#8212;<\/p>\n\n\n\n<p><strong>Texto \u2013&nbsp;<\/strong>Divulga\u00e7\u00e3o\/FMS<\/p>\n\n\n\n<p><strong>Fotos \u2013<\/strong> Cl\u00f3vis Miranda\/Semcom<\/p>\n\n\n\n<p><strong>Dispon\u00edveis em &#8211;<\/strong> <a href=\"https:\/\/flic.kr\/s\/aHBqjBVLfa\">https:\/\/flic.kr\/s\/aHBqjBVLfa<\/a><\/p>\n","protected":false},"excerpt":{"rendered":"","protected":false},"author":39,"featured_media":233209,"comment_status":"closed","ping_status":"closed","sticky":false,"template":"","format":"standard","meta":{"footnotes":""},"categories":[8875],"tags":[12980,12981,12982,7695,12983,77,12984],"acf":[],"yoast_head":"<!-- This site is optimized with the Yoast SEO plugin v23.0 - https:\/\/yoast.com\/wordpress\/plugins\/seo\/ -->\n<title>Moradores da zona Sul prestigiam \u00faltima \u2018Caravana Natalina\u2019<\/title>\n<meta name=\"description\" content=\"Moradores da zona Sul de Manaus prestigiam desfile dos carros aleg\u00f3ricos da \u00faltima \u2018Caravana Natalina\u2019 da prefeitura.\" \/>\n<meta name=\"robots\" content=\"index, follow, max-snippet:-1, max-image-preview:large, max-video-preview:-1\" \/>\n<link rel=\"canonical\" href=\"https:\/\/www.manaus.am.gov.br\/semcom\/moradores-bairros-zona-sul-prestigiam-ultima-caravana-natalina\/\" \/>\n<meta property=\"og:locale\" content=\"pt_BR\" \/>\n<meta property=\"og:type\" content=\"article\" \/>\n<meta property=\"og:title\" content=\"Moradores da zona Sul prestigiam \u00faltima \u2018Caravana Natalina\u2019\" \/>\n<meta property=\"og:description\" content=\"Moradores da zona Sul de Manaus prestigiam desfile dos carros aleg\u00f3ricos da \u00faltima \u2018Caravana Natalina\u2019 da prefeitura.\" \/>\n<meta property=\"og:url\" content=\"https:\/\/www.manaus.am.gov.br\/semcom\/moradores-bairros-zona-sul-prestigiam-ultima-caravana-natalina\/\" \/>\n<meta property=\"og:site_name\" content=\"SEMCOM\" \/>\n<meta property=\"article:published_time\" content=\"2024-12-22T16:17:55+00:00\" \/>\n<meta property=\"og:image\" content=\"https:\/\/www.manaus.am.gov.br\/semcom\/wp-content\/uploads\/sites\/5\/2024\/12\/54219513089_b392b3c3d7_k.jpg\" \/>\n\t<meta property=\"og:image:width\" content=\"2048\" \/>\n\t<meta property=\"og:image:height\" content=\"1365\" \/>\n\t<meta property=\"og:image:type\" content=\"image\/jpeg\" \/>\n<meta name=\"author\" content=\"Bruna Greco\" \/>\n<meta name=\"twitter:card\" content=\"summary_large_image\" \/>\n<meta name=\"twitter:label1\" content=\"Written by\" \/>\n\t<meta name=\"twitter:data1\" content=\"Bruna Greco\" \/>\n\t<meta name=\"twitter:label2\" content=\"Est. reading time\" \/>\n\t<meta name=\"twitter:data2\" content=\"3 minutos\" \/>\n<script type=\"application\/ld+json\" class=\"yoast-schema-graph\">{\"@context\":\"https:\/\/schema.org\",\"@graph\":[{\"@type\":\"WebPage\",\"@id\":\"https:\/\/www.manaus.am.gov.br\/semcom\/moradores-bairros-zona-sul-prestigiam-ultima-caravana-natalina\/\",\"url\":\"https:\/\/www.manaus.am.gov.br\/semcom\/moradores-bairros-zona-sul-prestigiam-ultima-caravana-natalina\/\",\"name\":\"Moradores da zona Sul prestigiam \u00faltima \u2018Caravana Natalina\u2019\",\"isPartOf\":{\"@id\":\"https:\/\/www.manaus.am.gov.br\/semcom\/#website\"},\"primaryImageOfPage\":{\"@id\":\"https:\/\/www.manaus.am.gov.br\/semcom\/moradores-bairros-zona-sul-prestigiam-ultima-caravana-natalina\/#primaryimage\"},\"image\":{\"@id\":\"https:\/\/www.manaus.am.gov.br\/semcom\/moradores-bairros-zona-sul-prestigiam-ultima-caravana-natalina\/#primaryimage\"},\"thumbnailUrl\":\"https:\/\/www.manaus.am.gov.br\/semcom\/wp-content\/uploads\/sites\/5\/2024\/12\/54219513089_b392b3c3d7_k.jpg\",\"datePublished\":\"2024-12-22T16:17:55+00:00\",\"dateModified\":\"2024-12-22T16:17:55+00:00\",\"author\":{\"@id\":\"https:\/\/www.manaus.am.gov.br\/semcom\/#\/schema\/person\/05d223aea2bf115f9883a6ff3683d81b\"},\"description\":\"Moradores da zona Sul de Manaus prestigiam desfile dos carros aleg\u00f3ricos da \u00faltima \u2018Caravana Natalina\u2019 da prefeitura.\",\"inLanguage\":\"pt-BR\",\"potentialAction\":[{\"@type\":\"ReadAction\",\"target\":[\"https:\/\/www.manaus.am.gov.br\/semcom\/moradores-bairros-zona-sul-prestigiam-ultima-caravana-natalina\/\"]}]},{\"@type\":\"ImageObject\",\"inLanguage\":\"pt-BR\",\"@id\":\"https:\/\/www.manaus.am.gov.br\/semcom\/moradores-bairros-zona-sul-prestigiam-ultima-caravana-natalina\/#primaryimage\",\"url\":\"https:\/\/www.manaus.am.gov.br\/semcom\/wp-content\/uploads\/sites\/5\/2024\/12\/54219513089_b392b3c3d7_k.jpg\",\"contentUrl\":\"https:\/\/www.manaus.am.gov.br\/semcom\/wp-content\/uploads\/sites\/5\/2024\/12\/54219513089_b392b3c3d7_k.jpg\",\"width\":2048,\"height\":1365,\"caption\":\"#paratodosverem - Carros aleg\u00f3ricos da \\\"Caravana Natalina\\\" da prefeitura circulando nas ruas da zona Sul de Manaus\"},{\"@type\":\"WebSite\",\"@id\":\"https:\/\/www.manaus.am.gov.br\/semcom\/#website\",\"url\":\"https:\/\/www.manaus.am.gov.br\/semcom\/\",\"name\":\"SEMCOM\",\"description\":\"Secretaria Municipal de Comunica\u00e7\u00e3o\",\"potentialAction\":[{\"@type\":\"SearchAction\",\"target\":{\"@type\":\"EntryPoint\",\"urlTemplate\":\"https:\/\/www.manaus.am.gov.br\/semcom\/?s={search_term_string}\"},\"query-input\":\"required name=search_term_string\"}],\"inLanguage\":\"pt-BR\"},{\"@type\":\"Person\",\"@id\":\"https:\/\/www.manaus.am.gov.br\/semcom\/#\/schema\/person\/05d223aea2bf115f9883a6ff3683d81b\",\"name\":\"Bruna Greco\",\"image\":{\"@type\":\"ImageObject\",\"inLanguage\":\"pt-BR\",\"@id\":\"https:\/\/www.manaus.am.gov.br\/semcom\/#\/schema\/person\/image\/\",\"url\":\"https:\/\/secure.gravatar.com\/avatar\/9c877d1a6adc2a055330e5c09a8653ce?s=96&d=mm&r=g\",\"contentUrl\":\"https:\/\/secure.gravatar.com\/avatar\/9c877d1a6adc2a055330e5c09a8653ce?s=96&d=mm&r=g\",\"caption\":\"Bruna Greco\"}}]}<\/script>\n<!-- \/ Yoast SEO plugin. -->","yoast_head_json":{"title":"Moradores da zona Sul prestigiam \u00faltima \u2018Caravana Natalina\u2019","description":"Moradores da zona Sul de Manaus prestigiam desfile dos carros aleg\u00f3ricos da \u00faltima \u2018Caravana Natalina\u2019 da prefeitura.","robots":{"index":"index","follow":"follow","max-snippet":"max-snippet:-1","max-image-preview":"max-image-preview:large","max-video-preview":"max-video-preview:-1"},"canonical":"https:\/\/www.manaus.am.gov.br\/semcom\/moradores-bairros-zona-sul-prestigiam-ultima-caravana-natalina\/","og_locale":"pt_BR","og_type":"article","og_title":"Moradores da zona Sul prestigiam \u00faltima \u2018Caravana Natalina\u2019","og_description":"Moradores da zona Sul de Manaus prestigiam desfile dos carros aleg\u00f3ricos da \u00faltima \u2018Caravana Natalina\u2019 da prefeitura.","og_url":"https:\/\/www.manaus.am.gov.br\/semcom\/moradores-bairros-zona-sul-prestigiam-ultima-caravana-natalina\/","og_site_name":"SEMCOM","article_published_time":"2024-12-22T16:17:55+00:00","og_image":[{"width":2048,"height":1365,"url":"https:\/\/www.manaus.am.gov.br\/semcom\/wp-content\/uploads\/sites\/5\/2024\/12\/54219513089_b392b3c3d7_k.jpg","type":"image\/jpeg"}],"author":"Bruna Greco","twitter_card":"summary_large_image","twitter_misc":{"Written by":"Bruna Greco","Est. reading time":"3 minutos"},"schema":{"@context":"https:\/\/schema.org","@graph":[{"@type":"WebPage","@id":"https:\/\/www.manaus.am.gov.br\/semcom\/moradores-bairros-zona-sul-prestigiam-ultima-caravana-natalina\/","url":"https:\/\/www.manaus.am.gov.br\/semcom\/moradores-bairros-zona-sul-prestigiam-ultima-caravana-natalina\/","name":"Moradores da zona Sul prestigiam \u00faltima \u2018Caravana Natalina\u2019","isPartOf":{"@id":"https:\/\/www.manaus.am.gov.br\/semcom\/#website"},"primaryImageOfPage":{"@id":"https:\/\/www.manaus.am.gov.br\/semcom\/moradores-bairros-zona-sul-prestigiam-ultima-caravana-natalina\/#primaryimage"},"image":{"@id":"https:\/\/www.manaus.am.gov.br\/semcom\/moradores-bairros-zona-sul-prestigiam-ultima-caravana-natalina\/#primaryimage"},"thumbnailUrl":"https:\/\/www.manaus.am.gov.br\/semcom\/wp-content\/uploads\/sites\/5\/2024\/12\/54219513089_b392b3c3d7_k.jpg","datePublished":"2024-12-22T16:17:55+00:00","dateModified":"2024-12-22T16:17:55+00:00","author":{"@id":"https:\/\/www.manaus.am.gov.br\/semcom\/#\/schema\/person\/05d223aea2bf115f9883a6ff3683d81b"},"description":"Moradores da zona Sul de Manaus prestigiam desfile dos carros aleg\u00f3ricos da \u00faltima \u2018Caravana Natalina\u2019 da prefeitura.","inLanguage":"pt-BR","potentialAction":[{"@type":"ReadAction","target":["https:\/\/www.manaus.am.gov.br\/semcom\/moradores-bairros-zona-sul-prestigiam-ultima-caravana-natalina\/"]}]},{"@type":"ImageObject","inLanguage":"pt-BR","@id":"https:\/\/www.manaus.am.gov.br\/semcom\/moradores-bairros-zona-sul-prestigiam-ultima-caravana-natalina\/#primaryimage","url":"https:\/\/www.manaus.am.gov.br\/semcom\/wp-content\/uploads\/sites\/5\/2024\/12\/54219513089_b392b3c3d7_k.jpg","contentUrl":"https:\/\/www.manaus.am.gov.br\/semcom\/wp-content\/uploads\/sites\/5\/2024\/12\/54219513089_b392b3c3d7_k.jpg","width":2048,"height":1365,"caption":"#paratodosverem - Carros aleg\u00f3ricos da \"Caravana Natalina\" da prefeitura circulando nas ruas da zona Sul de Manaus"},{"@type":"WebSite","@id":"https:\/\/www.manaus.am.gov.br\/semcom\/#website","url":"https:\/\/www.manaus.am.gov.br\/semcom\/","name":"SEMCOM","description":"Secretaria Municipal de Comunica\u00e7\u00e3o","potentialAction":[{"@type":"SearchAction","target":{"@type":"EntryPoint","urlTemplate":"https:\/\/www.manaus.am.gov.br\/semcom\/?s={search_term_string}"},"query-input":"required name=search_term_string"}],"inLanguage":"pt-BR"},{"@type":"Person","@id":"https:\/\/www.manaus.am.gov.br\/semcom\/#\/schema\/person\/05d223aea2bf115f9883a6ff3683d81b","name":"Bruna Greco","image":{"@type":"ImageObject","inLanguage":"pt-BR","@id":"https:\/\/www.manaus.am.gov.br\/semcom\/#\/schema\/person\/image\/","url":"https:\/\/secure.gravatar.com\/avatar\/9c877d1a6adc2a055330e5c09a8653ce?s=96&d=mm&r=g","contentUrl":"https:\/\/secure.gravatar.com\/avatar\/9c877d1a6adc2a055330e5c09a8653ce?s=96&d=mm&r=g","caption":"Bruna Greco"}}]}},"_links":{"self":[{"href":"https:\/\/www.manaus.am.gov.br\/semcom\/wp-json\/wp\/v2\/posts\/233207"}],"collection":[{"href":"https:\/\/www.manaus.am.gov.br\/semcom\/wp-json\/wp\/v2\/posts"}],"about":[{"href":"https:\/\/www.manaus.am.gov.br\/semcom\/wp-json\/wp\/v2\/types\/post"}],"author":[{"embeddable":true,"href":"https:\/\/www.manaus.am.gov.br\/semcom\/wp-json\/wp\/v2\/users\/39"}],"replies":[{"embeddable":true,"href":"https:\/\/www.manaus.am.gov.br\/semcom\/wp-json\/wp\/v2\/comments?post=233207"}],"version-history":[{"count":1,"href":"https:\/\/www.manaus.am.gov.br\/semcom\/wp-json\/wp\/v2\/posts\/233207\/revisions"}],"predecessor-version":[{"id":233210,"href":"https:\/\/www.manaus.am.gov.br\/semcom\/wp-json\/wp\/v2\/posts\/233207\/revisions\/233210"}],"wp:featuredmedia":[{"embeddable":true,"href":"https:\/\/www.manaus.am.gov.br\/semcom\/wp-json\/wp\/v2\/media\/233209"}],"wp:attachment":[{"href":"https:\/\/www.manaus.am.gov.br\/semcom\/wp-json\/wp\/v2\/media?parent=233207"}],"wp:term":[{"taxonomy":"category","embeddable":true,"href":"https:\/\/www.manaus.am.gov.br\/semcom\/wp-json\/wp\/v2\/categories?post=233207"},{"taxonomy":"post_tag","embeddable":true,"href":"https:\/\/www.manaus.am.gov.br\/semcom\/wp-json\/wp\/v2\/tags?post=233207"}],"curies":[{"name":"wp","href":"https:\/\/api.w.org\/{rel}","templated":true}]}}