{"id":233199,"date":"2024-12-21T17:47:43","date_gmt":"2024-12-21T21:47:43","guid":{"rendered":"https:\/\/www.manaus.am.gov.br\/semcom\/ultima-parada-natalina-movimenta-o-centro-de-manaus\/"},"modified":"2024-12-21T17:47:43","modified_gmt":"2024-12-21T21:47:43","slug":"ultima-parada-natalina-movimenta-o-centro-de-manaus","status":"publish","type":"post","link":"https:\/\/www.manaus.am.gov.br\/semcom\/ultima-parada-natalina-movimenta-o-centro-de-manaus\/","title":{"rendered":"\u00daltima \u2018Parada Natalina\u2019 da prefeitura movimenta o centro de Manaus e encanta a popula\u00e7\u00e3o"},"content":{"rendered":"\n<p>A Prefeitura de Manaus, por meio do Fundo Manaus Solid\u00e1ria (FMS), promoveu, na manh\u00e3 deste s\u00e1bado, 21\/12, a \u00faltima parada natalina no centro da cidade. O percurso iniciou na avenida 7 de Setembro, em frente ao antigo pr\u00e9dio do INSS, seguindo pela avenida Eduardo Ribeiro e finalizando na rua 10 de Julho, na lateral do teatro Amazonas.<\/p>\n\n\n\n<p>A parada foi marcada por um lindo desfile de carros aleg\u00f3ricos natalinos, com 30 integrantes do instituto Vila da Barra e mais de 20 personagens vivos, envolvendo todos os presentes em um grande espet\u00e1culo.<\/p>\n\n\n\n<p>Para o presidente do FMS, Emerson Castro, \u00e9 maravilhoso levar o encanto do Natal para todas as zonas da cidade e poder ver de perto a felicidade de cada pessoa.<\/p>\n\n\n\n<p>\u201cPelo segundo ano consecutivo estamos com a parada natalina aqui no marco zero da cidade. Mais tarde estaremos passando com a &#8216;Caravana Natalina&#8217; nos bairros da zona Sul e ontem est\u00e1vamos na zona rural de Manaus. Ent\u00e3o, tudo isso refor\u00e7a o compromisso da prefeitura em levar o Natal para toda a cidade, e a parte mais linda \u00e9 poder ver a felicidade de todos, a empolga\u00e7\u00e3o das crian\u00e7as e dos adultos, isso \u00e9 maravilhoso\u201d, relatou Castro.<\/p>\n\n\n\n<figure class=\"wp-block-image size-large\"><img loading=\"lazy\" decoding=\"async\" width=\"1024\" height=\"683\" src=\"https:\/\/www.manaus.am.gov.br\/semcom\/wp-content\/uploads\/sites\/5\/2024\/12\/54218779278_90826ac205_k-1024x683.jpg\" alt=\"\" class=\"wp-image-233200\" srcset=\"https:\/\/www.manaus.am.gov.br\/semcom\/wp-content\/uploads\/sites\/5\/2024\/12\/54218779278_90826ac205_k-1024x683.jpg 1024w, https:\/\/www.manaus.am.gov.br\/semcom\/wp-content\/uploads\/sites\/5\/2024\/12\/54218779278_90826ac205_k-300x200.jpg 300w, https:\/\/www.manaus.am.gov.br\/semcom\/wp-content\/uploads\/sites\/5\/2024\/12\/54218779278_90826ac205_k-768x512.jpg 768w, https:\/\/www.manaus.am.gov.br\/semcom\/wp-content\/uploads\/sites\/5\/2024\/12\/54218779278_90826ac205_k-1536x1024.jpg 1536w, https:\/\/www.manaus.am.gov.br\/semcom\/wp-content\/uploads\/sites\/5\/2024\/12\/54218779278_90826ac205_k.jpg 2048w\" sizes=\"(max-width: 1024px) 100vw, 1024px\" \/><\/figure>\n\n\n\n<p>Durante o percurso foi poss\u00edvel ver a alegria do p\u00fablico. Prestigiando o desfile, Talita Roberta Sampaio Castro, de 11 anos, que passeava com a m\u00e3e Tatiane Sampaio, disse que ficou encantada com este momento. \u201cBom, eu achei lindo, achei muito bom e divertido. A prefeitura acertou na escolha, trouxe felicidade e esperan\u00e7a, para que a gente acredite na humanidade de novo\u201d, comentou.&nbsp;<\/p>\n\n\n\n<p>Ao ser surpreendida com a parada natalina percorrendo pelas ruas do centro da cidade, Milla Thayane Pereira, de 30 anos, que estava com sua fam\u00edlia, ressaltou sua emo\u00e7\u00e3o ao assistir \u00e0 parada natalina.<\/p>\n\n\n\n<p>\u201cEu achei muito lindo, muito bonito. A gente estava andando no Centro e encontramos uma parada linda de Natal. Achei muito bom, fiquei muito emocionada. Essa iniciativa \u00e9 muito importante de trazer o Natal para todos, Natal de paz, amor, de harmonia, foi muito lindo\u201d, elogiou Milla.<\/p>\n\n\n\n<p>A programa\u00e7\u00e3o foi uma excelente oportunidade para a popula\u00e7\u00e3o vivenciar o encanto e a magia do Natal. Essa \u00e9 mais uma a\u00e7\u00e3o do \u201cNatal dos Sonhos \u2013 \u00c9 tempo de sonhar, compartilhar e realizar\u201d, que tem como compromisso levar o sentimento natalino a todas as zonas de Manaus.<\/p>\n\n\n\n<p>&#8212; &#8212; &#8212;<\/p>\n\n\n\n<p><strong>Texto \u2013 <\/strong>Divulga\u00e7\u00e3o\/FMS<\/p>\n\n\n\n<p><strong>Fotos \u2013 <\/strong>Cl\u00f3vis Miranda\/Semcom<\/p>\n\n\n\n<p><strong>Dispon\u00edveis em &#8211; <\/strong><a href=\"https:\/\/flic.kr\/s\/aHBqjBVJvu\">https:\/\/flic.kr\/s\/aHBqjBVJvu<\/a><\/p>\n","protected":false},"excerpt":{"rendered":"","protected":false},"author":39,"featured_media":233203,"comment_status":"closed","ping_status":"closed","sticky":false,"template":"","format":"standard","meta":{"footnotes":""},"categories":[8875],"tags":[3146,12977,7695,77,12978],"acf":[],"yoast_head":"<!-- This site is optimized with the Yoast SEO plugin v23.0 - https:\/\/yoast.com\/wordpress\/plugins\/seo\/ -->\n<title>\u00daltima \u2018Parada Natalina\u2019 movimenta o centro de Manaus<\/title>\n<meta name=\"description\" content=\"\u00daltima \u2018Parada Natalina\u2019 da Prefeitura de Manaus, por meio do FMS, movimenta o centro da cidade e encanta a popula\u00e7\u00e3o.\" \/>\n<meta name=\"robots\" content=\"index, follow, max-snippet:-1, max-image-preview:large, max-video-preview:-1\" \/>\n<link rel=\"canonical\" href=\"https:\/\/www.manaus.am.gov.br\/semcom\/ultima-parada-natalina-movimenta-o-centro-de-manaus\/\" \/>\n<meta property=\"og:locale\" content=\"pt_BR\" \/>\n<meta property=\"og:type\" content=\"article\" \/>\n<meta property=\"og:title\" content=\"\u00daltima \u2018Parada Natalina\u2019 movimenta o centro de Manaus\" \/>\n<meta property=\"og:description\" content=\"\u00daltima \u2018Parada Natalina\u2019 da Prefeitura de Manaus, por meio do FMS, movimenta o centro da cidade e encanta a popula\u00e7\u00e3o.\" \/>\n<meta property=\"og:url\" content=\"https:\/\/www.manaus.am.gov.br\/semcom\/ultima-parada-natalina-movimenta-o-centro-de-manaus\/\" \/>\n<meta property=\"og:site_name\" content=\"SEMCOM\" \/>\n<meta property=\"article:published_time\" content=\"2024-12-21T21:47:43+00:00\" \/>\n<meta property=\"og:image\" content=\"https:\/\/www.manaus.am.gov.br\/semcom\/wp-content\/uploads\/sites\/5\/2024\/12\/54218787933_fa7e0971be_c.jpg\" \/>\n\t<meta property=\"og:image:width\" content=\"799\" \/>\n\t<meta property=\"og:image:height\" content=\"533\" \/>\n\t<meta property=\"og:image:type\" content=\"image\/jpeg\" \/>\n<meta name=\"author\" content=\"Bruna Greco\" \/>\n<meta name=\"twitter:card\" content=\"summary_large_image\" \/>\n<meta name=\"twitter:label1\" content=\"Written by\" \/>\n\t<meta name=\"twitter:data1\" content=\"Bruna Greco\" \/>\n\t<meta name=\"twitter:label2\" content=\"Est. reading time\" \/>\n\t<meta name=\"twitter:data2\" content=\"3 minutos\" \/>\n<script type=\"application\/ld+json\" class=\"yoast-schema-graph\">{\"@context\":\"https:\/\/schema.org\",\"@graph\":[{\"@type\":\"WebPage\",\"@id\":\"https:\/\/www.manaus.am.gov.br\/semcom\/ultima-parada-natalina-movimenta-o-centro-de-manaus\/\",\"url\":\"https:\/\/www.manaus.am.gov.br\/semcom\/ultima-parada-natalina-movimenta-o-centro-de-manaus\/\",\"name\":\"\u00daltima \u2018Parada Natalina\u2019 movimenta o centro de Manaus\",\"isPartOf\":{\"@id\":\"https:\/\/www.manaus.am.gov.br\/semcom\/#website\"},\"primaryImageOfPage\":{\"@id\":\"https:\/\/www.manaus.am.gov.br\/semcom\/ultima-parada-natalina-movimenta-o-centro-de-manaus\/#primaryimage\"},\"image\":{\"@id\":\"https:\/\/www.manaus.am.gov.br\/semcom\/ultima-parada-natalina-movimenta-o-centro-de-manaus\/#primaryimage\"},\"thumbnailUrl\":\"https:\/\/www.manaus.am.gov.br\/semcom\/wp-content\/uploads\/sites\/5\/2024\/12\/54218787933_fa7e0971be_c.jpg\",\"datePublished\":\"2024-12-21T21:47:43+00:00\",\"dateModified\":\"2024-12-21T21:47:43+00:00\",\"author\":{\"@id\":\"https:\/\/www.manaus.am.gov.br\/semcom\/#\/schema\/person\/05d223aea2bf115f9883a6ff3683d81b\"},\"description\":\"\u00daltima \u2018Parada Natalina\u2019 da Prefeitura de Manaus, por meio do FMS, movimenta o centro da cidade e encanta a popula\u00e7\u00e3o.\",\"inLanguage\":\"pt-BR\",\"potentialAction\":[{\"@type\":\"ReadAction\",\"target\":[\"https:\/\/www.manaus.am.gov.br\/semcom\/ultima-parada-natalina-movimenta-o-centro-de-manaus\/\"]}]},{\"@type\":\"ImageObject\",\"inLanguage\":\"pt-BR\",\"@id\":\"https:\/\/www.manaus.am.gov.br\/semcom\/ultima-parada-natalina-movimenta-o-centro-de-manaus\/#primaryimage\",\"url\":\"https:\/\/www.manaus.am.gov.br\/semcom\/wp-content\/uploads\/sites\/5\/2024\/12\/54218787933_fa7e0971be_c.jpg\",\"contentUrl\":\"https:\/\/www.manaus.am.gov.br\/semcom\/wp-content\/uploads\/sites\/5\/2024\/12\/54218787933_fa7e0971be_c.jpg\",\"width\":799,\"height\":533},{\"@type\":\"WebSite\",\"@id\":\"https:\/\/www.manaus.am.gov.br\/semcom\/#website\",\"url\":\"https:\/\/www.manaus.am.gov.br\/semcom\/\",\"name\":\"SEMCOM\",\"description\":\"Secretaria Municipal de Comunica\u00e7\u00e3o\",\"potentialAction\":[{\"@type\":\"SearchAction\",\"target\":{\"@type\":\"EntryPoint\",\"urlTemplate\":\"https:\/\/www.manaus.am.gov.br\/semcom\/?s={search_term_string}\"},\"query-input\":\"required name=search_term_string\"}],\"inLanguage\":\"pt-BR\"},{\"@type\":\"Person\",\"@id\":\"https:\/\/www.manaus.am.gov.br\/semcom\/#\/schema\/person\/05d223aea2bf115f9883a6ff3683d81b\",\"name\":\"Bruna Greco\",\"image\":{\"@type\":\"ImageObject\",\"inLanguage\":\"pt-BR\",\"@id\":\"https:\/\/www.manaus.am.gov.br\/semcom\/#\/schema\/person\/image\/\",\"url\":\"https:\/\/secure.gravatar.com\/avatar\/9c877d1a6adc2a055330e5c09a8653ce?s=96&d=mm&r=g\",\"contentUrl\":\"https:\/\/secure.gravatar.com\/avatar\/9c877d1a6adc2a055330e5c09a8653ce?s=96&d=mm&r=g\",\"caption\":\"Bruna Greco\"}}]}<\/script>\n<!-- \/ Yoast SEO plugin. -->","yoast_head_json":{"title":"\u00daltima \u2018Parada Natalina\u2019 movimenta o centro de Manaus","description":"\u00daltima \u2018Parada Natalina\u2019 da Prefeitura de Manaus, por meio do FMS, movimenta o centro da cidade e encanta a popula\u00e7\u00e3o.","robots":{"index":"index","follow":"follow","max-snippet":"max-snippet:-1","max-image-preview":"max-image-preview:large","max-video-preview":"max-video-preview:-1"},"canonical":"https:\/\/www.manaus.am.gov.br\/semcom\/ultima-parada-natalina-movimenta-o-centro-de-manaus\/","og_locale":"pt_BR","og_type":"article","og_title":"\u00daltima \u2018Parada Natalina\u2019 movimenta o centro de Manaus","og_description":"\u00daltima \u2018Parada Natalina\u2019 da Prefeitura de Manaus, por meio do FMS, movimenta o centro da cidade e encanta a popula\u00e7\u00e3o.","og_url":"https:\/\/www.manaus.am.gov.br\/semcom\/ultima-parada-natalina-movimenta-o-centro-de-manaus\/","og_site_name":"SEMCOM","article_published_time":"2024-12-21T21:47:43+00:00","og_image":[{"width":799,"height":533,"url":"https:\/\/www.manaus.am.gov.br\/semcom\/wp-content\/uploads\/sites\/5\/2024\/12\/54218787933_fa7e0971be_c.jpg","type":"image\/jpeg"}],"author":"Bruna Greco","twitter_card":"summary_large_image","twitter_misc":{"Written by":"Bruna Greco","Est. reading time":"3 minutos"},"schema":{"@context":"https:\/\/schema.org","@graph":[{"@type":"WebPage","@id":"https:\/\/www.manaus.am.gov.br\/semcom\/ultima-parada-natalina-movimenta-o-centro-de-manaus\/","url":"https:\/\/www.manaus.am.gov.br\/semcom\/ultima-parada-natalina-movimenta-o-centro-de-manaus\/","name":"\u00daltima \u2018Parada Natalina\u2019 movimenta o centro de Manaus","isPartOf":{"@id":"https:\/\/www.manaus.am.gov.br\/semcom\/#website"},"primaryImageOfPage":{"@id":"https:\/\/www.manaus.am.gov.br\/semcom\/ultima-parada-natalina-movimenta-o-centro-de-manaus\/#primaryimage"},"image":{"@id":"https:\/\/www.manaus.am.gov.br\/semcom\/ultima-parada-natalina-movimenta-o-centro-de-manaus\/#primaryimage"},"thumbnailUrl":"https:\/\/www.manaus.am.gov.br\/semcom\/wp-content\/uploads\/sites\/5\/2024\/12\/54218787933_fa7e0971be_c.jpg","datePublished":"2024-12-21T21:47:43+00:00","dateModified":"2024-12-21T21:47:43+00:00","author":{"@id":"https:\/\/www.manaus.am.gov.br\/semcom\/#\/schema\/person\/05d223aea2bf115f9883a6ff3683d81b"},"description":"\u00daltima \u2018Parada Natalina\u2019 da Prefeitura de Manaus, por meio do FMS, movimenta o centro da cidade e encanta a popula\u00e7\u00e3o.","inLanguage":"pt-BR","potentialAction":[{"@type":"ReadAction","target":["https:\/\/www.manaus.am.gov.br\/semcom\/ultima-parada-natalina-movimenta-o-centro-de-manaus\/"]}]},{"@type":"ImageObject","inLanguage":"pt-BR","@id":"https:\/\/www.manaus.am.gov.br\/semcom\/ultima-parada-natalina-movimenta-o-centro-de-manaus\/#primaryimage","url":"https:\/\/www.manaus.am.gov.br\/semcom\/wp-content\/uploads\/sites\/5\/2024\/12\/54218787933_fa7e0971be_c.jpg","contentUrl":"https:\/\/www.manaus.am.gov.br\/semcom\/wp-content\/uploads\/sites\/5\/2024\/12\/54218787933_fa7e0971be_c.jpg","width":799,"height":533},{"@type":"WebSite","@id":"https:\/\/www.manaus.am.gov.br\/semcom\/#website","url":"https:\/\/www.manaus.am.gov.br\/semcom\/","name":"SEMCOM","description":"Secretaria Municipal de Comunica\u00e7\u00e3o","potentialAction":[{"@type":"SearchAction","target":{"@type":"EntryPoint","urlTemplate":"https:\/\/www.manaus.am.gov.br\/semcom\/?s={search_term_string}"},"query-input":"required name=search_term_string"}],"inLanguage":"pt-BR"},{"@type":"Person","@id":"https:\/\/www.manaus.am.gov.br\/semcom\/#\/schema\/person\/05d223aea2bf115f9883a6ff3683d81b","name":"Bruna Greco","image":{"@type":"ImageObject","inLanguage":"pt-BR","@id":"https:\/\/www.manaus.am.gov.br\/semcom\/#\/schema\/person\/image\/","url":"https:\/\/secure.gravatar.com\/avatar\/9c877d1a6adc2a055330e5c09a8653ce?s=96&d=mm&r=g","contentUrl":"https:\/\/secure.gravatar.com\/avatar\/9c877d1a6adc2a055330e5c09a8653ce?s=96&d=mm&r=g","caption":"Bruna Greco"}}]}},"_links":{"self":[{"href":"https:\/\/www.manaus.am.gov.br\/semcom\/wp-json\/wp\/v2\/posts\/233199"}],"collection":[{"href":"https:\/\/www.manaus.am.gov.br\/semcom\/wp-json\/wp\/v2\/posts"}],"about":[{"href":"https:\/\/www.manaus.am.gov.br\/semcom\/wp-json\/wp\/v2\/types\/post"}],"author":[{"embeddable":true,"href":"https:\/\/www.manaus.am.gov.br\/semcom\/wp-json\/wp\/v2\/users\/39"}],"replies":[{"embeddable":true,"href":"https:\/\/www.manaus.am.gov.br\/semcom\/wp-json\/wp\/v2\/comments?post=233199"}],"version-history":[{"count":1,"href":"https:\/\/www.manaus.am.gov.br\/semcom\/wp-json\/wp\/v2\/posts\/233199\/revisions"}],"predecessor-version":[{"id":233205,"href":"https:\/\/www.manaus.am.gov.br\/semcom\/wp-json\/wp\/v2\/posts\/233199\/revisions\/233205"}],"wp:featuredmedia":[{"embeddable":true,"href":"https:\/\/www.manaus.am.gov.br\/semcom\/wp-json\/wp\/v2\/media\/233203"}],"wp:attachment":[{"href":"https:\/\/www.manaus.am.gov.br\/semcom\/wp-json\/wp\/v2\/media?parent=233199"}],"wp:term":[{"taxonomy":"category","embeddable":true,"href":"https:\/\/www.manaus.am.gov.br\/semcom\/wp-json\/wp\/v2\/categories?post=233199"},{"taxonomy":"post_tag","embeddable":true,"href":"https:\/\/www.manaus.am.gov.br\/semcom\/wp-json\/wp\/v2\/tags?post=233199"}],"curies":[{"name":"wp","href":"https:\/\/api.w.org\/{rel}","templated":true}]}}