{"id":233173,"date":"2024-12-20T17:26:35","date_gmt":"2024-12-20T21:26:35","guid":{"rendered":"https:\/\/www.manaus.am.gov.br\/semcom\/comunidade-bom-sucesso\/"},"modified":"2024-12-20T19:07:54","modified_gmt":"2024-12-20T22:07:54","slug":"comunidade-bom-sucesso","status":"publish","type":"post","link":"https:\/\/www.manaus.am.gov.br\/semcom\/comunidade-bom-sucesso\/","title":{"rendered":"Comunidade Bom Sucesso, na zona rural, recebe a\u00e7\u00e3o natalina da Prefeitura de Manaus"},"content":{"rendered":"\n<p>Moradores da comunidade Bom Sucesso, localizada no rio Amazonas, zona rural da cidade, participaram, nesta sexta-feira, 20\/12, da a\u00e7\u00e3o natalina promovida pelo Fundo Manaus Solid\u00e1ria (FMS), da Prefeitura de Manaus. A programa\u00e7\u00e3o contou com a presen\u00e7a do Papai Noel, Mam\u00e3e Noel e do Mickey, encantando todos com a magia do Natal, levando muita divers\u00e3o e encantamento para a popula\u00e7\u00e3o presente no evento.<\/p>\n\n\n\n<p>Durante a a\u00e7\u00e3o, organizada pelo FMS, com a participa\u00e7\u00e3o da primeira-dama do munic\u00edpio, Izabelle Fontenelle Almeida, foram entregues 300 cestas b\u00e1sicas e mais de 500 brinquedos para as crian\u00e7as das comunidades presentes, proporcionando momentos especiais junto de suas fam\u00edlias.<\/p>\n\n\n<div class=\"wp-block-image\">\n<figure class=\"aligncenter size-full\"><img loading=\"lazy\" decoding=\"async\" width=\"799\" height=\"533\" src=\"https:\/\/www.manaus.am.gov.br\/semcom\/wp-content\/uploads\/sites\/5\/2024\/12\/FMS-Natal-dos-Sonhos-2.jpg\" alt=\"\" class=\"wp-image-233175\" srcset=\"https:\/\/www.manaus.am.gov.br\/semcom\/wp-content\/uploads\/sites\/5\/2024\/12\/FMS-Natal-dos-Sonhos-2.jpg 799w, https:\/\/www.manaus.am.gov.br\/semcom\/wp-content\/uploads\/sites\/5\/2024\/12\/FMS-Natal-dos-Sonhos-2-300x200.jpg 300w, https:\/\/www.manaus.am.gov.br\/semcom\/wp-content\/uploads\/sites\/5\/2024\/12\/FMS-Natal-dos-Sonhos-2-768x512.jpg 768w\" sizes=\"(max-width: 799px) 100vw, 799px\" \/><\/figure><\/div>\n\n\n<p>O presidente do FMS, Emerson Castro, relatou a felicidade que \u00e9 estar presente em a\u00e7\u00f5es como esta.<\/p>\n\n\n\n<p>\u201cEsta \u00e9 mais uma a\u00e7\u00e3o da Prefeitura de Manaus e \u00e9 muito gratificante ver o brilho nos olhos de cada crian\u00e7a, de cada fam\u00edlia, ao receber o Natal dos Sonhos aqui na comunidade deles. A gest\u00e3o do prefeito David Almeida tem um olhar especial para a zona ribeirinha e a\u00e7\u00f5es assim fortalecem e mostram a eles que, para n\u00f3s, eles jamais ser\u00e3o esquecidos. Poder presenciar crian\u00e7as vendo o Papai Noel pela primeira vez, \u00e9 emocionante demais viver tudo isso\u201d destacou Castro.<\/p>\n\n\n\n<p>Ana Cristina Soares Figueiredo, 44, destacou a import\u00e2ncia de a\u00e7\u00f5es desse porte para a comunidade.<\/p>\n\n\n\n<p>\u201cEu estou achando muito bom, \u00f3timo, porque \u00e9 muito dif\u00edcil a gente ter isso aqui na nossa comunidade e \u00e9 muito gratificante, porque muitas crian\u00e7as, hoje, n\u00e3o sabem o que \u00e9 ter um sorriso no rosto e eu vejo que essa a\u00e7\u00e3o que a prefeitura est\u00e1 fazendo com a equipe dela, est\u00e1 sendo muito boa. Que Deus possa aben\u00e7oar cada vez mais e que n\u00f3s todos juntos, unidos, venceremos\u201d, afirmou Ana Cristina.<\/p>\n\n\n\n<p>Reyana de Oliveira Batista, 25, disse que \u00e9 maravilhoso ver a felicidade das crian\u00e7as em toda a a\u00e7\u00e3o.<\/p>\n\n\n\n<p>\u201cEstamos participando da a\u00e7\u00e3o solid\u00e1ria de Natal. Quero agradecer ao nosso prefeito, o David Almeida, que faz sempre isso pela gente, que \u00e9 um prazer para as crian\u00e7as estarem com a felicidade de receber um brinquedo, muito obrigada por tudo, s\u00f3 gratid\u00e3o!\u201d, finalizou a moradora.<\/p>\n\n\n<div class=\"wp-block-image\">\n<figure class=\"aligncenter size-full\"><img loading=\"lazy\" decoding=\"async\" width=\"799\" height=\"533\" src=\"https:\/\/www.manaus.am.gov.br\/semcom\/wp-content\/uploads\/sites\/5\/2024\/12\/FMS-Natal-dos-Sonhos-3.jpg\" alt=\"\" class=\"wp-image-233174\" srcset=\"https:\/\/www.manaus.am.gov.br\/semcom\/wp-content\/uploads\/sites\/5\/2024\/12\/FMS-Natal-dos-Sonhos-3.jpg 799w, https:\/\/www.manaus.am.gov.br\/semcom\/wp-content\/uploads\/sites\/5\/2024\/12\/FMS-Natal-dos-Sonhos-3-300x200.jpg 300w, https:\/\/www.manaus.am.gov.br\/semcom\/wp-content\/uploads\/sites\/5\/2024\/12\/FMS-Natal-dos-Sonhos-3-768x512.jpg 768w\" sizes=\"(max-width: 799px) 100vw, 799px\" \/><\/figure><\/div>\n\n\n<p>Entre as comunidades beneficiadas est\u00e3o Jatuarana, Assentamento Nazar\u00e9, Uni\u00e3o e Progresso, Comunidade S\u00e3o Pedro, Nossa Senhora do Perp\u00e9tuo Socorro e Santa Rosa. Ao todo, foram contempladas aproximadamente 300 fam\u00edlias, de forma direta, beneficiando mais de 1.200 pessoas indiretamente.<\/p>\n\n\n\n<p>A iniciativa integra a programa\u00e7\u00e3o do \u201cNatal dos Sonhos &#8211; \u00c9 tempo de sonhar, compartilhar e realizar\u201d, refor\u00e7ando o compromisso de levar o esp\u00edrito natalino a todas as zonas da cidade de Manaus.<\/p>\n\n\n\n<p>&#8212; &#8212; &#8212;<\/p>\n\n\n\n<p><strong>Texto<\/strong> &#8211; Divulga\u00e7\u00e3o \/ FMS<\/p>\n\n\n\n<p><strong>Fotos<\/strong> \u2013 Ant\u00f4nio Pereira \/ Semcom<\/p>\n\n\n\n<p><strong>Dispon\u00edveis em<\/strong> &#8211; <a href=\"https:\/\/www.flickr.com\/gp\/prefeiturademanaus\/sMf2o55918\">https:\/\/www.flickr.com\/gp\/prefeiturademanaus\/sMf2o55918<\/a><\/p>\n","protected":false},"excerpt":{"rendered":"","protected":false},"author":61,"featured_media":233176,"comment_status":"closed","ping_status":"closed","sticky":false,"template":"","format":"standard","meta":{"footnotes":""},"categories":[8875],"tags":[7695,12958,77],"acf":[],"yoast_head":"<!-- This site is optimized with the Yoast SEO plugin v23.0 - https:\/\/yoast.com\/wordpress\/plugins\/seo\/ -->\n<title>Comunidade Bom Sucesso, na zona rural, recebe a\u00e7\u00e3o natalina da Prefeitura de Manaus<\/title>\n<meta name=\"description\" content=\"Moradores da comunidade Bom Sucesso, localizada no rio Amazonas, zona rural da cidade, participaram, nesta sexta-feira, 20\/12, da a\u00e7\u00e3o natalina promovida pelo Fundo Manaus Solid\u00e1ria (FMS), da Prefeitura de Manaus.\" \/>\n<meta name=\"robots\" content=\"index, follow, max-snippet:-1, max-image-preview:large, max-video-preview:-1\" \/>\n<link rel=\"canonical\" href=\"https:\/\/www.manaus.am.gov.br\/semcom\/comunidade-bom-sucesso\/\" \/>\n<meta property=\"og:locale\" content=\"pt_BR\" \/>\n<meta property=\"og:type\" content=\"article\" \/>\n<meta property=\"og:title\" content=\"Comunidade Bom Sucesso, na zona rural, recebe a\u00e7\u00e3o natalina da Prefeitura de Manaus\" \/>\n<meta property=\"og:description\" content=\"Moradores da comunidade Bom Sucesso, localizada no rio Amazonas, zona rural da cidade, participaram, nesta sexta-feira, 20\/12, da a\u00e7\u00e3o natalina promovida pelo Fundo Manaus Solid\u00e1ria (FMS), da Prefeitura de Manaus.\" \/>\n<meta property=\"og:url\" content=\"https:\/\/www.manaus.am.gov.br\/semcom\/comunidade-bom-sucesso\/\" \/>\n<meta property=\"og:site_name\" content=\"SEMCOM\" \/>\n<meta property=\"article:published_time\" content=\"2024-12-20T21:26:35+00:00\" \/>\n<meta property=\"article:modified_time\" content=\"2024-12-20T22:07:54+00:00\" \/>\n<meta property=\"og:image\" content=\"https:\/\/www.manaus.am.gov.br\/semcom\/wp-content\/uploads\/sites\/5\/2024\/12\/FMS-Natal-dos-Sonhos-1.jpg\" \/>\n\t<meta property=\"og:image:width\" content=\"799\" \/>\n\t<meta property=\"og:image:height\" content=\"533\" \/>\n\t<meta property=\"og:image:type\" content=\"image\/jpeg\" \/>\n<meta name=\"author\" content=\"smonteiro\" \/>\n<meta name=\"twitter:card\" content=\"summary_large_image\" \/>\n<meta name=\"twitter:label1\" content=\"Written by\" \/>\n\t<meta name=\"twitter:data1\" content=\"smonteiro\" \/>\n\t<meta name=\"twitter:label2\" content=\"Est. reading time\" \/>\n\t<meta name=\"twitter:data2\" content=\"3 minutos\" \/>\n<script type=\"application\/ld+json\" class=\"yoast-schema-graph\">{\"@context\":\"https:\/\/schema.org\",\"@graph\":[{\"@type\":\"WebPage\",\"@id\":\"https:\/\/www.manaus.am.gov.br\/semcom\/comunidade-bom-sucesso\/\",\"url\":\"https:\/\/www.manaus.am.gov.br\/semcom\/comunidade-bom-sucesso\/\",\"name\":\"Comunidade Bom Sucesso, na zona rural, recebe a\u00e7\u00e3o natalina da Prefeitura de Manaus\",\"isPartOf\":{\"@id\":\"https:\/\/www.manaus.am.gov.br\/semcom\/#website\"},\"primaryImageOfPage\":{\"@id\":\"https:\/\/www.manaus.am.gov.br\/semcom\/comunidade-bom-sucesso\/#primaryimage\"},\"image\":{\"@id\":\"https:\/\/www.manaus.am.gov.br\/semcom\/comunidade-bom-sucesso\/#primaryimage\"},\"thumbnailUrl\":\"https:\/\/www.manaus.am.gov.br\/semcom\/wp-content\/uploads\/sites\/5\/2024\/12\/FMS-Natal-dos-Sonhos-1.jpg\",\"datePublished\":\"2024-12-20T21:26:35+00:00\",\"dateModified\":\"2024-12-20T22:07:54+00:00\",\"author\":{\"@id\":\"https:\/\/www.manaus.am.gov.br\/semcom\/#\/schema\/person\/ab4dcf766a54dff74e8d267f5c591961\"},\"description\":\"Moradores da comunidade Bom Sucesso, localizada no rio Amazonas, zona rural da cidade, participaram, nesta sexta-feira, 20\/12, da a\u00e7\u00e3o natalina promovida pelo Fundo Manaus Solid\u00e1ria (FMS), da Prefeitura de Manaus.\",\"inLanguage\":\"pt-BR\",\"potentialAction\":[{\"@type\":\"ReadAction\",\"target\":[\"https:\/\/www.manaus.am.gov.br\/semcom\/comunidade-bom-sucesso\/\"]}]},{\"@type\":\"ImageObject\",\"inLanguage\":\"pt-BR\",\"@id\":\"https:\/\/www.manaus.am.gov.br\/semcom\/comunidade-bom-sucesso\/#primaryimage\",\"url\":\"https:\/\/www.manaus.am.gov.br\/semcom\/wp-content\/uploads\/sites\/5\/2024\/12\/FMS-Natal-dos-Sonhos-1.jpg\",\"contentUrl\":\"https:\/\/www.manaus.am.gov.br\/semcom\/wp-content\/uploads\/sites\/5\/2024\/12\/FMS-Natal-dos-Sonhos-1.jpg\",\"width\":799,\"height\":533,\"caption\":\"#paratodosverem - na foto, registro da a\u00e7\u00e3o natalina na comunidade Bom Sucesso\"},{\"@type\":\"WebSite\",\"@id\":\"https:\/\/www.manaus.am.gov.br\/semcom\/#website\",\"url\":\"https:\/\/www.manaus.am.gov.br\/semcom\/\",\"name\":\"SEMCOM\",\"description\":\"Secretaria Municipal de Comunica\u00e7\u00e3o\",\"potentialAction\":[{\"@type\":\"SearchAction\",\"target\":{\"@type\":\"EntryPoint\",\"urlTemplate\":\"https:\/\/www.manaus.am.gov.br\/semcom\/?s={search_term_string}\"},\"query-input\":\"required name=search_term_string\"}],\"inLanguage\":\"pt-BR\"},{\"@type\":\"Person\",\"@id\":\"https:\/\/www.manaus.am.gov.br\/semcom\/#\/schema\/person\/ab4dcf766a54dff74e8d267f5c591961\",\"name\":\"smonteiro\",\"image\":{\"@type\":\"ImageObject\",\"inLanguage\":\"pt-BR\",\"@id\":\"https:\/\/www.manaus.am.gov.br\/semcom\/#\/schema\/person\/image\/\",\"url\":\"https:\/\/secure.gravatar.com\/avatar\/21c8776ef61d9272c73322052e042d77?s=96&d=mm&r=g\",\"contentUrl\":\"https:\/\/secure.gravatar.com\/avatar\/21c8776ef61d9272c73322052e042d77?s=96&d=mm&r=g\",\"caption\":\"smonteiro\"}}]}<\/script>\n<!-- \/ Yoast SEO plugin. -->","yoast_head_json":{"title":"Comunidade Bom Sucesso, na zona rural, recebe a\u00e7\u00e3o natalina da Prefeitura de Manaus","description":"Moradores da comunidade Bom Sucesso, localizada no rio Amazonas, zona rural da cidade, participaram, nesta sexta-feira, 20\/12, da a\u00e7\u00e3o natalina promovida pelo Fundo Manaus Solid\u00e1ria (FMS), da Prefeitura de Manaus.","robots":{"index":"index","follow":"follow","max-snippet":"max-snippet:-1","max-image-preview":"max-image-preview:large","max-video-preview":"max-video-preview:-1"},"canonical":"https:\/\/www.manaus.am.gov.br\/semcom\/comunidade-bom-sucesso\/","og_locale":"pt_BR","og_type":"article","og_title":"Comunidade Bom Sucesso, na zona rural, recebe a\u00e7\u00e3o natalina da Prefeitura de Manaus","og_description":"Moradores da comunidade Bom Sucesso, localizada no rio Amazonas, zona rural da cidade, participaram, nesta sexta-feira, 20\/12, da a\u00e7\u00e3o natalina promovida pelo Fundo Manaus Solid\u00e1ria (FMS), da Prefeitura de Manaus.","og_url":"https:\/\/www.manaus.am.gov.br\/semcom\/comunidade-bom-sucesso\/","og_site_name":"SEMCOM","article_published_time":"2024-12-20T21:26:35+00:00","article_modified_time":"2024-12-20T22:07:54+00:00","og_image":[{"width":799,"height":533,"url":"https:\/\/www.manaus.am.gov.br\/semcom\/wp-content\/uploads\/sites\/5\/2024\/12\/FMS-Natal-dos-Sonhos-1.jpg","type":"image\/jpeg"}],"author":"smonteiro","twitter_card":"summary_large_image","twitter_misc":{"Written by":"smonteiro","Est. reading time":"3 minutos"},"schema":{"@context":"https:\/\/schema.org","@graph":[{"@type":"WebPage","@id":"https:\/\/www.manaus.am.gov.br\/semcom\/comunidade-bom-sucesso\/","url":"https:\/\/www.manaus.am.gov.br\/semcom\/comunidade-bom-sucesso\/","name":"Comunidade Bom Sucesso, na zona rural, recebe a\u00e7\u00e3o natalina da Prefeitura de Manaus","isPartOf":{"@id":"https:\/\/www.manaus.am.gov.br\/semcom\/#website"},"primaryImageOfPage":{"@id":"https:\/\/www.manaus.am.gov.br\/semcom\/comunidade-bom-sucesso\/#primaryimage"},"image":{"@id":"https:\/\/www.manaus.am.gov.br\/semcom\/comunidade-bom-sucesso\/#primaryimage"},"thumbnailUrl":"https:\/\/www.manaus.am.gov.br\/semcom\/wp-content\/uploads\/sites\/5\/2024\/12\/FMS-Natal-dos-Sonhos-1.jpg","datePublished":"2024-12-20T21:26:35+00:00","dateModified":"2024-12-20T22:07:54+00:00","author":{"@id":"https:\/\/www.manaus.am.gov.br\/semcom\/#\/schema\/person\/ab4dcf766a54dff74e8d267f5c591961"},"description":"Moradores da comunidade Bom Sucesso, localizada no rio Amazonas, zona rural da cidade, participaram, nesta sexta-feira, 20\/12, da a\u00e7\u00e3o natalina promovida pelo Fundo Manaus Solid\u00e1ria (FMS), da Prefeitura de Manaus.","inLanguage":"pt-BR","potentialAction":[{"@type":"ReadAction","target":["https:\/\/www.manaus.am.gov.br\/semcom\/comunidade-bom-sucesso\/"]}]},{"@type":"ImageObject","inLanguage":"pt-BR","@id":"https:\/\/www.manaus.am.gov.br\/semcom\/comunidade-bom-sucesso\/#primaryimage","url":"https:\/\/www.manaus.am.gov.br\/semcom\/wp-content\/uploads\/sites\/5\/2024\/12\/FMS-Natal-dos-Sonhos-1.jpg","contentUrl":"https:\/\/www.manaus.am.gov.br\/semcom\/wp-content\/uploads\/sites\/5\/2024\/12\/FMS-Natal-dos-Sonhos-1.jpg","width":799,"height":533,"caption":"#paratodosverem - na foto, registro da a\u00e7\u00e3o natalina na comunidade Bom Sucesso"},{"@type":"WebSite","@id":"https:\/\/www.manaus.am.gov.br\/semcom\/#website","url":"https:\/\/www.manaus.am.gov.br\/semcom\/","name":"SEMCOM","description":"Secretaria Municipal de Comunica\u00e7\u00e3o","potentialAction":[{"@type":"SearchAction","target":{"@type":"EntryPoint","urlTemplate":"https:\/\/www.manaus.am.gov.br\/semcom\/?s={search_term_string}"},"query-input":"required name=search_term_string"}],"inLanguage":"pt-BR"},{"@type":"Person","@id":"https:\/\/www.manaus.am.gov.br\/semcom\/#\/schema\/person\/ab4dcf766a54dff74e8d267f5c591961","name":"smonteiro","image":{"@type":"ImageObject","inLanguage":"pt-BR","@id":"https:\/\/www.manaus.am.gov.br\/semcom\/#\/schema\/person\/image\/","url":"https:\/\/secure.gravatar.com\/avatar\/21c8776ef61d9272c73322052e042d77?s=96&d=mm&r=g","contentUrl":"https:\/\/secure.gravatar.com\/avatar\/21c8776ef61d9272c73322052e042d77?s=96&d=mm&r=g","caption":"smonteiro"}}]}},"_links":{"self":[{"href":"https:\/\/www.manaus.am.gov.br\/semcom\/wp-json\/wp\/v2\/posts\/233173"}],"collection":[{"href":"https:\/\/www.manaus.am.gov.br\/semcom\/wp-json\/wp\/v2\/posts"}],"about":[{"href":"https:\/\/www.manaus.am.gov.br\/semcom\/wp-json\/wp\/v2\/types\/post"}],"author":[{"embeddable":true,"href":"https:\/\/www.manaus.am.gov.br\/semcom\/wp-json\/wp\/v2\/users\/61"}],"replies":[{"embeddable":true,"href":"https:\/\/www.manaus.am.gov.br\/semcom\/wp-json\/wp\/v2\/comments?post=233173"}],"version-history":[{"count":7,"href":"https:\/\/www.manaus.am.gov.br\/semcom\/wp-json\/wp\/v2\/posts\/233173\/revisions"}],"predecessor-version":[{"id":233185,"href":"https:\/\/www.manaus.am.gov.br\/semcom\/wp-json\/wp\/v2\/posts\/233173\/revisions\/233185"}],"wp:featuredmedia":[{"embeddable":true,"href":"https:\/\/www.manaus.am.gov.br\/semcom\/wp-json\/wp\/v2\/media\/233176"}],"wp:attachment":[{"href":"https:\/\/www.manaus.am.gov.br\/semcom\/wp-json\/wp\/v2\/media?parent=233173"}],"wp:term":[{"taxonomy":"category","embeddable":true,"href":"https:\/\/www.manaus.am.gov.br\/semcom\/wp-json\/wp\/v2\/categories?post=233173"},{"taxonomy":"post_tag","embeddable":true,"href":"https:\/\/www.manaus.am.gov.br\/semcom\/wp-json\/wp\/v2\/tags?post=233173"}],"curies":[{"name":"wp","href":"https:\/\/api.w.org\/{rel}","templated":true}]}}