{"id":233059,"date":"2024-12-17T21:44:34","date_gmt":"2024-12-18T01:44:34","guid":{"rendered":"https:\/\/www.manaus.am.gov.br\/semcom\/david-almeida-vice-renato-diplomados\/"},"modified":"2024-12-17T21:44:34","modified_gmt":"2024-12-18T01:44:34","slug":"david-almeida-vice-renato-diplomados","status":"publish","type":"post","link":"https:\/\/www.manaus.am.gov.br\/semcom\/david-almeida-vice-renato-diplomados\/","title":{"rendered":"Prefeito David Almeida e vice-prefeito Renato Junior s\u00e3o diplomados pelo TRE-AM"},"content":{"rendered":"\n<p>O prefeito reeleito de Manaus, David Almeida, e seu vice-prefeito, Renato Junior, foram diplomados, nesta ter\u00e7a-feira, 17\/12, em cerim\u00f4nia realizada no audit\u00f3rio do Tribunal de Justi\u00e7a do Amazonas (TJAM). O evento tamb\u00e9m oficializou a diploma\u00e7\u00e3o dos 41 vereadores eleitos para a nova legislatura, marcando o in\u00edcio de um novo ciclo de desenvolvimento para a capital amazonense.<\/p>\n\n\n\n<p>Reeleito com ampla aprova\u00e7\u00e3o popular, o chefe do Executivo municipal, David Almeida, assume o desafio de liderar Manaus nos pr\u00f3ximos quatro anos com um planejamento estrat\u00e9gico focado em dar continuidade \u00e0 transforma\u00e7\u00e3o da qualidade de vida da popula\u00e7\u00e3o e \u00e0 reestrutura\u00e7\u00e3o do governo para o enfrentamento dos desafios advindos do aquecimento global.<\/p>\n\n\n\n<p>\u201cManaus venceu! Hoje, celebramos n\u00e3o apenas uma conquista eleitoral, mas o compromisso de continuar trabalhando, para transformar a cidade num lugar melhor para se viver. Vamos investir ainda mais na infraestrutura da cidade, especialmente nas comunidades que h\u00e1 anos n\u00e3o recebiam asfalto e servi\u00e7os de saneamento b\u00e1sico. Podem ter certeza: vou continuar defendendo a Zona Franca de Manaus e continuar lutando pelas fam\u00edlias mais humildes\u201d, afirmou.<\/p>\n\n\n\n<p>\u201cQuanto ao enfrentamento dos efeitos das mudan\u00e7as clim\u00e1ticas, vamos priorizar o Programa de Parcerias de Investimentos de Manaus (PPI\/Manaus) e intensificar os projetos em plena evolu\u00e7\u00e3o, tais como o \u201cTrata Bem Manaus\u201d, o Bondinho, no Centro, o \u201cAnjos da Floresta\u201d e o &#8220;Manaus Mais Verde&#8221;, que s\u00e3o exemplos de projetos que ser\u00e3o apresentados na COP-30\u201d, destacou o prefeito reeleito, David Almeida.<\/p>\n\n\n\n<p>Na ocasi\u00e3o, o vice-prefeito eleito e agora diplomado, Renato Junior, destacou sua participa\u00e7\u00e3o efetiva na gest\u00e3o, com o intuito de contribuir para a constru\u00e7\u00e3o de pol\u00edticas p\u00fablicas que beneficiem a popula\u00e7\u00e3o, especialmente em \u00e1reas priorit\u00e1rias como Infraestrutura, Educa\u00e7\u00e3o e Sa\u00fade. \u201cCultura, Lazer, Esporte e Mobilidade Urbana tamb\u00e9m s\u00e3o pautas cruciais e imprescind\u00edveis para o avan\u00e7o da nossa cidade. O cuidado que o prefeito David tem demonstrado nesse primeiro mandato certamente se estender\u00e1 nos pr\u00f3ximos anos\u201d, apontou.<\/p>\n\n\n\n<p>\u201cRecebo essa diploma\u00e7\u00e3o com o compromisso renovado de trabalhar incansavelmente ao lado do prefeito David para construir uma Manaus cada vez mais justa, acolhedora e pr\u00f3spera. Nosso foco ser\u00e1 na gest\u00e3o eficiente e respons\u00e1vel, sempre priorizando cuidar das pessoas, especialmente das que mais precisam. Vamos unir esfor\u00e7os para entregar resultados concretos e um futuro melhor para todos os manauaras\u201d, complementou Renato Junior.<\/p>\n\n\n\n<p>Em seu discurso, o vice-governador do Estado do Amazonas, Tadeu de Souza, tamb\u00e9m do partido Avante, parabenizou a atua\u00e7\u00e3o leg\u00edtima e transparente do presidente do Tribunal Regional Eleitoral do Amazonas (TRE-AM), desembargador Jo\u00e3o Sim\u00f5es, e do presidente do pleito eleitoral, juiz Rafael Rodrigo da Silva Raposo. Ele enfatizou uma das maiores qualidades do prefeito David Almeida, como um importante diferencial na tomada de decis\u00e3o e condu\u00e7\u00e3o da gest\u00e3o.<\/p>\n\n\n\n<p>\u201cA gente celebra hoje aqui, o triunfo da democracia. O desfecho de um processo eleitoral que foi leg\u00edtimo e transparente. E, acima de tudo, de fortalecimento do processo de escolha dos nossos representantes, fortalecimento da cidade. Em primeiro lugar quero parabenizar o prefeito reeleito, David Almeida, e o vice-prefeito eleito, Renato Junior. \u00c9 motivo de muito orgulho ver o Renato, ver o David, que tanto lutaram pela cidade, t\u00eam um compromisso e, apesar dos muitos desafios, e das complexidades para gerir uma cidade como Manaus, que muitas vezes voc\u00ea tem as lideran\u00e7as incompreendidas, inclusive\u201d, disse Tadeu.<\/p>\n\n\n\n<p>\u201cFico feliz que David e Renato tenham sido reconhecidos. Eles s\u00e3o muito capazes de dar continuidade ao processo de fortalecimento e qualifica\u00e7\u00e3o da cidade. David, de todas as caracter\u00edsticas que admiro em voc\u00ea, a principal \u00e9 a coragem. Guimar\u00e3es Rosas, no livro \u2018Grande Sert\u00e3o: Veredas\u2019, fala sobre a coragem. Ele fala \u2018o que a vida quer da gente \u00e9 coragem\u2019, e se tem uma coisa que voc\u00ea tem em abund\u00e2ncia \u00e9 coragem. Parab\u00e9ns\u201d, finalizou o vice-governador do Estado do Amazonas, Tadeu de Souza.<\/p>\n\n\n\n<p>J\u00e1 o presidente do Tribunal Regional Eleitoral do Amazonas (TRE-AM), desembargador Jo\u00e3o Sim\u00f5es, foi objetivo e emblem\u00e1tico em sua fala ao dizer que embora o processo eleitoral esteja parcialmente conclu\u00eddo a corte seguir\u00e1 vigilante. \u201cAos diplomados, hoje n\u00f3s estamos transferindo, em nome do povo da nossa cidade, o povo de Manaus, a responsabilidade para que o prefeito reeleito, David Almeida, vice-prefeito Renato Junior, e todos os vereadores e vereadoras, cuidem de n\u00f3s. Por favor, cuidem bem de n\u00f3s, cuidem bem da nossa cidade. N\u00f3s todos somos do povo, e n\u00f3s todos somos eleitores, e o que n\u00f3s queremos \u00e9 que os senhores honrem e trabalhem por n\u00f3s. \u00c9 isso que n\u00f3s queremos. O nosso trabalho, como eu disse, n\u00e3o est\u00e1 conclu\u00eddo. Estamos sempre vigilantes na casa das Leis, na casa da Justi\u00e7a. Mas os senhores t\u00eam uma responsabilidade muito grande em promover o desenvolvimento e a melhoria da nossa cidade. Ent\u00e3o, senhor prefeito, senhor vice-prefeito e senhores vereadores: m\u00e3os \u00e0 obra!\u201d, enfatizou.<\/p>\n\n\n\n<p>O atual l\u00edder do governo no parlamento municipal, vereador Eduardo Alfaia (Avante), refor\u00e7ou a import\u00e2ncia da harmonia no di\u00e1logo entre os vereadores e o chefe do Executivo municipal, atendendo aos anseios da popula\u00e7\u00e3o. \u201cCertamente, essa rela\u00e7\u00e3o \u00e9 uma rela\u00e7\u00e3o que vive numa eterna constru\u00e7\u00e3o e a gente fica muito feliz que o Prefeito \u00e9 algu\u00e9m que, por ser oriundo do parlamento, busca sempre esse di\u00e1logo, o entendimento, a constru\u00e7\u00e3o, a viabilidade, e isso certamente ajuda muito no trabalho em prol da sociedade\u201d, concluiu.<\/p>\n\n\n\n<p>A cerim\u00f4nia contou com a presen\u00e7a de diversas autoridades, representantes da sociedade civil e lideran\u00e7as pol\u00edticas locais, consolidando o momento como uma reafirma\u00e7\u00e3o da confian\u00e7a depositada pelos manauaras na continuidade de uma gest\u00e3o que j\u00e1 apresenta resultados concretos.<\/p>\n\n\n<div class=\"wp-block-image\">\n<figure class=\"aligncenter size-full\"><img loading=\"lazy\" decoding=\"async\" width=\"799\" height=\"533\" src=\"https:\/\/www.manaus.am.gov.br\/semcom\/wp-content\/uploads\/sites\/5\/2024\/12\/Diplomacao-TREAM-1.jpg\" alt=\"\" class=\"wp-image-233060\" srcset=\"https:\/\/www.manaus.am.gov.br\/semcom\/wp-content\/uploads\/sites\/5\/2024\/12\/Diplomacao-TREAM-1.jpg 799w, https:\/\/www.manaus.am.gov.br\/semcom\/wp-content\/uploads\/sites\/5\/2024\/12\/Diplomacao-TREAM-1-300x200.jpg 300w, https:\/\/www.manaus.am.gov.br\/semcom\/wp-content\/uploads\/sites\/5\/2024\/12\/Diplomacao-TREAM-1-768x512.jpg 768w\" sizes=\"(max-width: 799px) 100vw, 799px\" \/><\/figure><\/div>\n\n\n<p><strong>Eixos estrat\u00e9gicos<\/strong><\/p>\n\n\n\n<p>Entre as a\u00e7\u00f5es projetadas para o pr\u00f3ximo quadri\u00eanio, a gest\u00e3o David Almeida refor\u00e7a a meta de consolidar Manaus como refer\u00eancia em sa\u00fade p\u00fablica no Norte do Brasil, com a amplia\u00e7\u00e3o de unidades b\u00e1sicas de sa\u00fade, moderniza\u00e7\u00e3o de hospitais e maior oferta de atendimentos especializados. Na educa\u00e7\u00e3o, os investimentos ser\u00e3o voltados para a constru\u00e7\u00e3o de novas escolas, qualifica\u00e7\u00e3o de professores e amplia\u00e7\u00e3o de vagas em creches, garantindo que mais crian\u00e7as tenham acesso ao ensino de qualidade.<\/p>\n\n\n\n<p>Em infraestrutura e mobilidade urbana, o foco ser\u00e1 em obras que melhorem a qualidade de vida e a fluidez no tr\u00e2nsito da capital. Projetos como a revitaliza\u00e7\u00e3o do sistema vi\u00e1rio, expans\u00e3o da malha ciclovi\u00e1ria, moderniza\u00e7\u00e3o do transporte coletivo, revitaliza\u00e7\u00e3o de espa\u00e7os p\u00fablicos e melhorias no sistema de drenagem est\u00e3o entre as prioridades.<\/p>\n\n\n\n<p>O desenvolvimento social, outro eixo estrat\u00e9gico, ser\u00e1 tratado de forma integrada, com programas de assist\u00eancia social, gera\u00e7\u00e3o de emprego e renda, e a\u00e7\u00f5es para combater a desigualdade, promovendo mais dignidade e oportunidades para as fam\u00edlias em situa\u00e7\u00e3o de vulnerabilidade.<\/p>\n\n\n\n<p>A seguran\u00e7a p\u00fablica tamb\u00e9m ter\u00e1 aten\u00e7\u00e3o priorit\u00e1ria, com a expans\u00e3o de programas de vigil\u00e2ncia e refor\u00e7o no monitoramento comunit\u00e1rio em parceria com as for\u00e7as estaduais. No campo da habita\u00e7\u00e3o, est\u00e1 prevista a entrega de milhares de unidades habitacionais e a regulariza\u00e7\u00e3o fundi\u00e1ria em \u00e1reas carentes.<\/p>\n\n\n\n<p><strong>Perfil David Almeida<\/strong><\/p>\n\n\n<div class=\"wp-block-image\">\n<figure class=\"aligncenter size-full\"><img loading=\"lazy\" decoding=\"async\" width=\"799\" height=\"533\" src=\"https:\/\/www.manaus.am.gov.br\/semcom\/wp-content\/uploads\/sites\/5\/2024\/12\/Prefeito-reeleito-David-Almeida-com-a-primeira-dama-Izabelle-Fontenelle-Almeida.jpg\" alt=\"\" class=\"wp-image-233061\" srcset=\"https:\/\/www.manaus.am.gov.br\/semcom\/wp-content\/uploads\/sites\/5\/2024\/12\/Prefeito-reeleito-David-Almeida-com-a-primeira-dama-Izabelle-Fontenelle-Almeida.jpg 799w, https:\/\/www.manaus.am.gov.br\/semcom\/wp-content\/uploads\/sites\/5\/2024\/12\/Prefeito-reeleito-David-Almeida-com-a-primeira-dama-Izabelle-Fontenelle-Almeida-300x200.jpg 300w, https:\/\/www.manaus.am.gov.br\/semcom\/wp-content\/uploads\/sites\/5\/2024\/12\/Prefeito-reeleito-David-Almeida-com-a-primeira-dama-Izabelle-Fontenelle-Almeida-768x512.jpg 768w\" sizes=\"(max-width: 799px) 100vw, 799px\" \/><\/figure><\/div>\n\n\n<p>O atual prefeito de Manaus e vitorioso na disputa pela reelei\u00e7\u00e3o, David Almeida, tem 55 anos. \u00c9 casado com a primeira-dama de Manaus, Izabelle Fontenelle, pai da Fernanda Aryel, av\u00f4 da Helena Rosa e formado em Direito. Nascido na capital amazonense, ingressou na carreira pol\u00edtica como candidato a vereador em 2004.<\/p>\n\n\n\n<p>Foi deputado estadual por tr\u00eas mandatos consecutivos e foi eleito presidente da Assembleia Legislativa do Estado do Amazonas para o bi\u00eanio 2017\/2018. Em 2017, assumiu o governo interino do Amazonas, ap\u00f3s a cassa\u00e7\u00e3o de Jos\u00e9 Melo de Oliveira e seu do vice, pelo Tribunal Superior Eleitoral (TSE). Nas elei\u00e7\u00f5es de 2018, Almeida foi candidato ao governo do Amazonas, mas n\u00e3o se elegeu.<\/p>\n\n\n\n<p>Em 2020, disputou a Prefeitura de Manaus e conquistou a vaga no segundo turno. No pleito de 2024, David Almeida foi reeleito em chapa \u201cpuro-sangue\u201d, ao lado do vice-prefeito Renato Junior, tamb\u00e9m do Avante, com 54,59% dos votos, totalizando 576.171 votos.<\/p>\n\n\n\n<p>Para o pr\u00f3ximo mandato, David Almeida considera importante destacar a reestrutura\u00e7\u00e3o do governo para o enfrentamento dos desafios advindos do aquecimento global. Para tal, ser\u00e3o priorizados o Programa de Parcerias de Investimentos de Manaus (PPI\/Manaus) e intensificados os projetos em plena evolu\u00e7\u00e3o, tais como o \u201cTrata Bem Manaus\u201d, o Bondinho no Centro, o \u201cAnjos da Floresta\u201d e o &#8220;Manaus Mais Verde&#8221;. S\u00e3o exemplos de projetos que ser\u00e3o apresentados na COP-30.<\/p>\n\n\n\n<p><strong>Perfil Renato Junior<\/strong><\/p>\n\n\n<div class=\"wp-block-image\">\n<figure class=\"aligncenter size-full\"><img loading=\"lazy\" decoding=\"async\" width=\"799\" height=\"533\" src=\"https:\/\/www.manaus.am.gov.br\/semcom\/wp-content\/uploads\/sites\/5\/2024\/12\/Vice-prefeito-eleito-Renato-Junior.jpg\" alt=\"\" class=\"wp-image-233062\" srcset=\"https:\/\/www.manaus.am.gov.br\/semcom\/wp-content\/uploads\/sites\/5\/2024\/12\/Vice-prefeito-eleito-Renato-Junior.jpg 799w, https:\/\/www.manaus.am.gov.br\/semcom\/wp-content\/uploads\/sites\/5\/2024\/12\/Vice-prefeito-eleito-Renato-Junior-300x200.jpg 300w, https:\/\/www.manaus.am.gov.br\/semcom\/wp-content\/uploads\/sites\/5\/2024\/12\/Vice-prefeito-eleito-Renato-Junior-768x512.jpg 768w\" sizes=\"(max-width: 799px) 100vw, 799px\" \/><\/figure><\/div>\n\n\n<p>Renato Junior \u00e9 manauara e tem 37 anos. \u00c9 casado, pai de uma filha, crist\u00e3o, empres\u00e1rio e formado em Gest\u00e3o P\u00fablica. Ainda garoto, trabalhou na tradicional Feira Manaus Moderna ao lado dos pais, o casal de feirantes seu Renato e dona Menta. Aos 22 anos, ingressou no mundo do empreendedorismo e passou a trabalhar por conta pr\u00f3pria na \u00e1rea de constru\u00e7\u00e3o civil.<\/p>\n\n\n\n<p>Em 2021, gra\u00e7as a sua experi\u00eancia com feiras e com a cadeia produtiva, foi convidado pelo prefeito David Almeida para administrar a Semacc (Secretaria Municipal de Agricultura, Abastecimento, Centro e Com\u00e9rcio Informal). Iniciou uma trajet\u00f3ria de sucesso no servi\u00e7o p\u00fablico, focada em cuidar das pessoas.<\/p>\n\n\n\n<p>Durante a pandemia, providenciou a sanitiza\u00e7\u00e3o das feiras e, durante a cheia do rio Negro, sob determina\u00e7\u00e3o do prefeito David Almeida, viabilizou, em sete dias, a cria\u00e7\u00e3o da primeira feira flutuante do Brasil sobre as \u00e1guas do Negro &#8211; ideia que garantiu a continuidade do trabalho dos feirantes da Manaus Moderna e teve repercuss\u00e3o nacional e internacional pelo ineditismo e criatividade.<\/p>\n\n\n\n<p>Nos 15 meses em que esteve \u00e0 frente da pasta, Renato criou tamb\u00e9m o projeto \u201cManaus + Agro\u201d, que asfaltou ramais e garantiu um apoio aos produtores rurais. Tamb\u00e9m foi o respons\u00e1vel pela tomada do projeto de reforma e reestrutura\u00e7\u00e3o das feiras e mercados de Manaus.<\/p>\n\n\n\n<p>Em abril de 2022, Renato Junior se tornou o titular da Secretaria Municipal de Infraestrutura (Seminf) e, at\u00e9 a sua desincompatibiliza\u00e7\u00e3o, em junho de 2024, foi, sob orienta\u00e7\u00e3o do prefeito, o respons\u00e1vel pelo programa \u201cAsfalta Manaus\u201d, que j\u00e1 pavimentou mais de 3,5 mil ruas em todas as zonas da cidade.<\/p>\n\n\n\n<p>Para garantir a transpar\u00eancia das obras, incorporou ao site da Seminf o \u201cAsfalt\u00f4metro\u201d, um contador on-line que atualiza mensalmente o n\u00famero e a localiza\u00e7\u00e3o das ruas asfaltadas.<\/p>\n\n\n\n<p>Renato Junior capitaneou a execu\u00e7\u00e3o de outras grandes obras, como a recupera\u00e7\u00e3o de tubos para drenagem de \u00e1guas pluviais na avenida Djalma Batista, em oito dias, e na avenida Atl\u00e2ntica, no Crespo, em sete dias. Atendeu a chamados de moradores de \u00e1reas de risco e garantiu a conten\u00e7\u00e3o de 32 \u00e1reas de encosta.<\/p>\n\n\n\n<p>Al\u00e9m disso, ergueu o viaduto Prefeito Jos\u00e9 Fernandes, na avenida das Torres, seis meses antes do previsto e iniciou a constru\u00e7\u00e3o dos viadutos M\u00e1rcio Souza, no cruzamento da rua Rio Preto com as Torres, e do Rei Pel\u00e9, na Bola do Produtor.<\/p>\n\n\n\n<p>Renato reformou complexos esportivos, ampliou a\u00e7\u00f5es de reconstru\u00e7\u00e3o de cal\u00e7adas e canteiros centrais, expandiu os mutir\u00f5es de limpeza e desobstru\u00e7\u00e3o de bueiros e lan\u00e7ou trabalhos preventivos \u00e0 estiagem, como a dragagem e o desassoreamento de leitos e fozes.<\/p>\n\n\n\n<p>No pleito municipal deste ano, Renato aceitou o convite do prefeito David Almeida para ser vice na chapa \u00e0 reelei\u00e7\u00e3o. Nesta ter\u00e7a-feira, 17\/12, o vice-prefeito eleito foi diplomado e firmando seu compromisso de seguir ajudando quem mais precisa.<\/p>\n\n\n\n<p>&#8212; &#8212; &#8212;<\/p>\n\n\n\n<p><strong>Texto<\/strong> &#8211; Emanuelle Baires \/ Semcom<\/p>\n\n\n\n<p><strong>Foto<\/strong> &#8211; Dhyeizo Lemos \/ Semcom<strong>Dispon\u00edveis em<\/strong> \u2013 <a href=\"https:\/\/www.flickr.com\/gp\/prefeiturademanaus\/025X3G7e96\">https:\/\/www.flickr.com\/gp\/prefeiturademanaus\/025X3G7e96<\/a><\/p>\n","protected":false},"excerpt":{"rendered":"","protected":false},"author":61,"featured_media":233063,"comment_status":"closed","ping_status":"closed","sticky":false,"template":"","format":"standard","meta":{"footnotes":""},"categories":[9619],"tags":[35,12925,77,12926,12927],"acf":[],"yoast_head":"<!-- This site is optimized with the Yoast SEO plugin v23.0 - https:\/\/yoast.com\/wordpress\/plugins\/seo\/ -->\n<title>Prefeito David Almeida e vice-prefeito Renato Junior s\u00e3o diplomados pelo TRE-AM<\/title>\n<meta name=\"description\" content=\"O prefeito reeleito de Manaus, David Almeida, e seu vice-prefeito, Renato Junior, foram diplomados, nesta ter\u00e7a-feira, 17\/12, em cerim\u00f4nia realizada no audit\u00f3rio do Tribunal de Justi\u00e7a do Amazonas (TJAM).\" \/>\n<meta name=\"robots\" content=\"index, follow, max-snippet:-1, max-image-preview:large, max-video-preview:-1\" \/>\n<link rel=\"canonical\" href=\"https:\/\/www.manaus.am.gov.br\/semcom\/david-almeida-vice-renato-diplomados\/\" \/>\n<meta property=\"og:locale\" content=\"pt_BR\" \/>\n<meta property=\"og:type\" content=\"article\" \/>\n<meta property=\"og:title\" content=\"Prefeito David Almeida e vice-prefeito Renato Junior s\u00e3o diplomados pelo TRE-AM\" \/>\n<meta property=\"og:description\" content=\"O prefeito reeleito de Manaus, David Almeida, e seu vice-prefeito, Renato Junior, foram diplomados, nesta ter\u00e7a-feira, 17\/12, em cerim\u00f4nia realizada no audit\u00f3rio do Tribunal de Justi\u00e7a do Amazonas (TJAM).\" \/>\n<meta property=\"og:url\" content=\"https:\/\/www.manaus.am.gov.br\/semcom\/david-almeida-vice-renato-diplomados\/\" \/>\n<meta property=\"og:site_name\" content=\"SEMCOM\" \/>\n<meta property=\"article:published_time\" content=\"2024-12-18T01:44:34+00:00\" \/>\n<meta property=\"og:image\" content=\"https:\/\/www.manaus.am.gov.br\/semcom\/wp-content\/uploads\/sites\/5\/2024\/12\/Diplomacao-TREAM-3.jpg\" \/>\n\t<meta property=\"og:image:width\" content=\"799\" \/>\n\t<meta property=\"og:image:height\" content=\"533\" \/>\n\t<meta property=\"og:image:type\" content=\"image\/jpeg\" \/>\n<meta name=\"author\" content=\"smonteiro\" \/>\n<meta name=\"twitter:card\" content=\"summary_large_image\" \/>\n<meta name=\"twitter:label1\" content=\"Written by\" \/>\n\t<meta name=\"twitter:data1\" content=\"smonteiro\" \/>\n\t<meta name=\"twitter:label2\" content=\"Est. reading time\" \/>\n\t<meta name=\"twitter:data2\" content=\"11 minutos\" \/>\n<script type=\"application\/ld+json\" class=\"yoast-schema-graph\">{\"@context\":\"https:\/\/schema.org\",\"@graph\":[{\"@type\":\"WebPage\",\"@id\":\"https:\/\/www.manaus.am.gov.br\/semcom\/david-almeida-vice-renato-diplomados\/\",\"url\":\"https:\/\/www.manaus.am.gov.br\/semcom\/david-almeida-vice-renato-diplomados\/\",\"name\":\"Prefeito David Almeida e vice-prefeito Renato Junior s\u00e3o diplomados pelo TRE-AM\",\"isPartOf\":{\"@id\":\"https:\/\/www.manaus.am.gov.br\/semcom\/#website\"},\"primaryImageOfPage\":{\"@id\":\"https:\/\/www.manaus.am.gov.br\/semcom\/david-almeida-vice-renato-diplomados\/#primaryimage\"},\"image\":{\"@id\":\"https:\/\/www.manaus.am.gov.br\/semcom\/david-almeida-vice-renato-diplomados\/#primaryimage\"},\"thumbnailUrl\":\"https:\/\/www.manaus.am.gov.br\/semcom\/wp-content\/uploads\/sites\/5\/2024\/12\/Diplomacao-TREAM-3.jpg\",\"datePublished\":\"2024-12-18T01:44:34+00:00\",\"dateModified\":\"2024-12-18T01:44:34+00:00\",\"author\":{\"@id\":\"https:\/\/www.manaus.am.gov.br\/semcom\/#\/schema\/person\/ab4dcf766a54dff74e8d267f5c591961\"},\"description\":\"O prefeito reeleito de Manaus, David Almeida, e seu vice-prefeito, Renato Junior, foram diplomados, nesta ter\u00e7a-feira, 17\/12, em cerim\u00f4nia realizada no audit\u00f3rio do Tribunal de Justi\u00e7a do Amazonas (TJAM).\",\"inLanguage\":\"pt-BR\",\"potentialAction\":[{\"@type\":\"ReadAction\",\"target\":[\"https:\/\/www.manaus.am.gov.br\/semcom\/david-almeida-vice-renato-diplomados\/\"]}]},{\"@type\":\"ImageObject\",\"inLanguage\":\"pt-BR\",\"@id\":\"https:\/\/www.manaus.am.gov.br\/semcom\/david-almeida-vice-renato-diplomados\/#primaryimage\",\"url\":\"https:\/\/www.manaus.am.gov.br\/semcom\/wp-content\/uploads\/sites\/5\/2024\/12\/Diplomacao-TREAM-3.jpg\",\"contentUrl\":\"https:\/\/www.manaus.am.gov.br\/semcom\/wp-content\/uploads\/sites\/5\/2024\/12\/Diplomacao-TREAM-3.jpg\",\"width\":799,\"height\":533,\"caption\":\"#paratodosverem - na imagem, o prefeito reeleito, David Almeida, e o vice-prefeito eleito, Renato Junior com os diplomas recebidos do TREAM\"},{\"@type\":\"WebSite\",\"@id\":\"https:\/\/www.manaus.am.gov.br\/semcom\/#website\",\"url\":\"https:\/\/www.manaus.am.gov.br\/semcom\/\",\"name\":\"SEMCOM\",\"description\":\"Secretaria Municipal de Comunica\u00e7\u00e3o\",\"potentialAction\":[{\"@type\":\"SearchAction\",\"target\":{\"@type\":\"EntryPoint\",\"urlTemplate\":\"https:\/\/www.manaus.am.gov.br\/semcom\/?s={search_term_string}\"},\"query-input\":\"required name=search_term_string\"}],\"inLanguage\":\"pt-BR\"},{\"@type\":\"Person\",\"@id\":\"https:\/\/www.manaus.am.gov.br\/semcom\/#\/schema\/person\/ab4dcf766a54dff74e8d267f5c591961\",\"name\":\"smonteiro\",\"image\":{\"@type\":\"ImageObject\",\"inLanguage\":\"pt-BR\",\"@id\":\"https:\/\/www.manaus.am.gov.br\/semcom\/#\/schema\/person\/image\/\",\"url\":\"https:\/\/secure.gravatar.com\/avatar\/21c8776ef61d9272c73322052e042d77?s=96&d=mm&r=g\",\"contentUrl\":\"https:\/\/secure.gravatar.com\/avatar\/21c8776ef61d9272c73322052e042d77?s=96&d=mm&r=g\",\"caption\":\"smonteiro\"}}]}<\/script>\n<!-- \/ Yoast SEO plugin. -->","yoast_head_json":{"title":"Prefeito David Almeida e vice-prefeito Renato Junior s\u00e3o diplomados pelo TRE-AM","description":"O prefeito reeleito de Manaus, David Almeida, e seu vice-prefeito, Renato Junior, foram diplomados, nesta ter\u00e7a-feira, 17\/12, em cerim\u00f4nia realizada no audit\u00f3rio do Tribunal de Justi\u00e7a do Amazonas (TJAM).","robots":{"index":"index","follow":"follow","max-snippet":"max-snippet:-1","max-image-preview":"max-image-preview:large","max-video-preview":"max-video-preview:-1"},"canonical":"https:\/\/www.manaus.am.gov.br\/semcom\/david-almeida-vice-renato-diplomados\/","og_locale":"pt_BR","og_type":"article","og_title":"Prefeito David Almeida e vice-prefeito Renato Junior s\u00e3o diplomados pelo TRE-AM","og_description":"O prefeito reeleito de Manaus, David Almeida, e seu vice-prefeito, Renato Junior, foram diplomados, nesta ter\u00e7a-feira, 17\/12, em cerim\u00f4nia realizada no audit\u00f3rio do Tribunal de Justi\u00e7a do Amazonas (TJAM).","og_url":"https:\/\/www.manaus.am.gov.br\/semcom\/david-almeida-vice-renato-diplomados\/","og_site_name":"SEMCOM","article_published_time":"2024-12-18T01:44:34+00:00","og_image":[{"width":799,"height":533,"url":"https:\/\/www.manaus.am.gov.br\/semcom\/wp-content\/uploads\/sites\/5\/2024\/12\/Diplomacao-TREAM-3.jpg","type":"image\/jpeg"}],"author":"smonteiro","twitter_card":"summary_large_image","twitter_misc":{"Written by":"smonteiro","Est. reading time":"11 minutos"},"schema":{"@context":"https:\/\/schema.org","@graph":[{"@type":"WebPage","@id":"https:\/\/www.manaus.am.gov.br\/semcom\/david-almeida-vice-renato-diplomados\/","url":"https:\/\/www.manaus.am.gov.br\/semcom\/david-almeida-vice-renato-diplomados\/","name":"Prefeito David Almeida e vice-prefeito Renato Junior s\u00e3o diplomados pelo TRE-AM","isPartOf":{"@id":"https:\/\/www.manaus.am.gov.br\/semcom\/#website"},"primaryImageOfPage":{"@id":"https:\/\/www.manaus.am.gov.br\/semcom\/david-almeida-vice-renato-diplomados\/#primaryimage"},"image":{"@id":"https:\/\/www.manaus.am.gov.br\/semcom\/david-almeida-vice-renato-diplomados\/#primaryimage"},"thumbnailUrl":"https:\/\/www.manaus.am.gov.br\/semcom\/wp-content\/uploads\/sites\/5\/2024\/12\/Diplomacao-TREAM-3.jpg","datePublished":"2024-12-18T01:44:34+00:00","dateModified":"2024-12-18T01:44:34+00:00","author":{"@id":"https:\/\/www.manaus.am.gov.br\/semcom\/#\/schema\/person\/ab4dcf766a54dff74e8d267f5c591961"},"description":"O prefeito reeleito de Manaus, David Almeida, e seu vice-prefeito, Renato Junior, foram diplomados, nesta ter\u00e7a-feira, 17\/12, em cerim\u00f4nia realizada no audit\u00f3rio do Tribunal de Justi\u00e7a do Amazonas (TJAM).","inLanguage":"pt-BR","potentialAction":[{"@type":"ReadAction","target":["https:\/\/www.manaus.am.gov.br\/semcom\/david-almeida-vice-renato-diplomados\/"]}]},{"@type":"ImageObject","inLanguage":"pt-BR","@id":"https:\/\/www.manaus.am.gov.br\/semcom\/david-almeida-vice-renato-diplomados\/#primaryimage","url":"https:\/\/www.manaus.am.gov.br\/semcom\/wp-content\/uploads\/sites\/5\/2024\/12\/Diplomacao-TREAM-3.jpg","contentUrl":"https:\/\/www.manaus.am.gov.br\/semcom\/wp-content\/uploads\/sites\/5\/2024\/12\/Diplomacao-TREAM-3.jpg","width":799,"height":533,"caption":"#paratodosverem - na imagem, o prefeito reeleito, David Almeida, e o vice-prefeito eleito, Renato Junior com os diplomas recebidos do TREAM"},{"@type":"WebSite","@id":"https:\/\/www.manaus.am.gov.br\/semcom\/#website","url":"https:\/\/www.manaus.am.gov.br\/semcom\/","name":"SEMCOM","description":"Secretaria Municipal de Comunica\u00e7\u00e3o","potentialAction":[{"@type":"SearchAction","target":{"@type":"EntryPoint","urlTemplate":"https:\/\/www.manaus.am.gov.br\/semcom\/?s={search_term_string}"},"query-input":"required name=search_term_string"}],"inLanguage":"pt-BR"},{"@type":"Person","@id":"https:\/\/www.manaus.am.gov.br\/semcom\/#\/schema\/person\/ab4dcf766a54dff74e8d267f5c591961","name":"smonteiro","image":{"@type":"ImageObject","inLanguage":"pt-BR","@id":"https:\/\/www.manaus.am.gov.br\/semcom\/#\/schema\/person\/image\/","url":"https:\/\/secure.gravatar.com\/avatar\/21c8776ef61d9272c73322052e042d77?s=96&d=mm&r=g","contentUrl":"https:\/\/secure.gravatar.com\/avatar\/21c8776ef61d9272c73322052e042d77?s=96&d=mm&r=g","caption":"smonteiro"}}]}},"_links":{"self":[{"href":"https:\/\/www.manaus.am.gov.br\/semcom\/wp-json\/wp\/v2\/posts\/233059"}],"collection":[{"href":"https:\/\/www.manaus.am.gov.br\/semcom\/wp-json\/wp\/v2\/posts"}],"about":[{"href":"https:\/\/www.manaus.am.gov.br\/semcom\/wp-json\/wp\/v2\/types\/post"}],"author":[{"embeddable":true,"href":"https:\/\/www.manaus.am.gov.br\/semcom\/wp-json\/wp\/v2\/users\/61"}],"replies":[{"embeddable":true,"href":"https:\/\/www.manaus.am.gov.br\/semcom\/wp-json\/wp\/v2\/comments?post=233059"}],"version-history":[{"count":1,"href":"https:\/\/www.manaus.am.gov.br\/semcom\/wp-json\/wp\/v2\/posts\/233059\/revisions"}],"predecessor-version":[{"id":233064,"href":"https:\/\/www.manaus.am.gov.br\/semcom\/wp-json\/wp\/v2\/posts\/233059\/revisions\/233064"}],"wp:featuredmedia":[{"embeddable":true,"href":"https:\/\/www.manaus.am.gov.br\/semcom\/wp-json\/wp\/v2\/media\/233063"}],"wp:attachment":[{"href":"https:\/\/www.manaus.am.gov.br\/semcom\/wp-json\/wp\/v2\/media?parent=233059"}],"wp:term":[{"taxonomy":"category","embeddable":true,"href":"https:\/\/www.manaus.am.gov.br\/semcom\/wp-json\/wp\/v2\/categories?post=233059"},{"taxonomy":"post_tag","embeddable":true,"href":"https:\/\/www.manaus.am.gov.br\/semcom\/wp-json\/wp\/v2\/tags?post=233059"}],"curies":[{"name":"wp","href":"https:\/\/api.w.org\/{rel}","templated":true}]}}