{"id":233011,"date":"2024-12-16T19:58:59","date_gmt":"2024-12-16T22:58:59","guid":{"rendered":"https:\/\/www.manaus.am.gov.br\/semcom\/atendimentos-semsa-manaus\/"},"modified":"2024-12-16T19:59:00","modified_gmt":"2024-12-16T22:59:00","slug":"atendimentos-semsa-manaus","status":"publish","type":"post","link":"https:\/\/www.manaus.am.gov.br\/semcom\/atendimentos-semsa-manaus\/","title":{"rendered":"Prefeitura de Manaus informa locais de atendimento das Unidades M\u00f3veis de Sa\u00fade da Mulher"},"content":{"rendered":"\n<p>A Prefeitura de Manaus, por meio da Secretaria Municipal de Sa\u00fade (Semsa), informa os locais de atendimento das Unidades M\u00f3veis de Sa\u00fade da Mulher a partir desta segunda-feira, 16\/12. Nas zonas Leste, Oeste e rural, as usu\u00e1rias poder\u00e3o buscar o servi\u00e7o itinerante nos bairros Jorge Teixeira e Tarum\u00e3, e na comunidade Novo Para\u00edso, respectivamente. As demais estruturas seguem atendendo em suas bases atuais, nos bairros Flores, na zona Sul, e Lago Azul, zona Norte.<\/p>\n\n\n\n<p>Com atendimento exclusivo para a popula\u00e7\u00e3o feminina, o servi\u00e7o m\u00f3vel da Semsa oferta consultas m\u00e9dicas e de enfermagem, mamografia, coleta e exame preventivo do c\u00e2ncer do colo do \u00fatero, ultrassonografia, planejamento reprodutivo, consulta inicial do pr\u00e9-natal, testes r\u00e1pidos de gravidez e para detec\u00e7\u00e3o de infec\u00e7\u00f5es sexualmente transmiss\u00edveis (ISTs), vacina\u00e7\u00e3o e dispensa\u00e7\u00e3o de medicamentos.<\/p>\n\n\n\n<p>A secret\u00e1ria municipal de Sa\u00fade, Sh\u00e1dia Fraxe, lembra que as unidades itinerantes entraram em atividade em julho de 2023, refor\u00e7ando as a\u00e7\u00f5es da gest\u00e3o municipal para amplia\u00e7\u00e3o do acesso da popula\u00e7\u00e3o feminina aos servi\u00e7os do Sistema \u00danico de Sa\u00fade (SUS). O servi\u00e7o, ela relata, iniciou com tr\u00eas unidades, para atender moradoras das zonas Norte, Leste e Oeste; hoje, com cinco, chega tamb\u00e9m \u00e0s zonas Sul e rural, assim alcan\u00e7ando toda a capital.<\/p>\n\n\n\n<p>\u201cNesse per\u00edodo, foram mais de 200 mil procedimentos realizados para as usu\u00e1rias do SUS. Muitas, diga-se, moradoras de locais distantes das unidades b\u00e1sicas e que hoje s\u00e3o alcan\u00e7adas pelas unidades m\u00f3veis, facilitando para elas o acesso a exames, consultas e outros servi\u00e7os essenciais\u201d, diz.<\/p>\n\n\n\n<p>As Unidades M\u00f3veis, acrescenta Sh\u00e1dia, atuam tamb\u00e9m para fortalecer o atendimento pr\u00e9-natal e a preven\u00e7\u00e3o e rastreio dos c\u00e2nceres de mama e do colo do \u00fatero, tipos mais incidentes entre as mulheres na regi\u00e3o Norte do pa\u00eds.<\/p>\n\n\n\n<p>\u201cTodas as estruturas contam com equipamentos e pessoal capacitado para fazer mamografias e exames preventivos, que permitem \u00e0 usu\u00e1ria ter um diagn\u00f3stico e tratamento precoce, com maior chance de cura dessas doen\u00e7as\u201d, aponta.<\/p>\n\n\n\n<p>Os atendimentos nas Unidades M\u00f3veis de Sa\u00fade da Mulher, informa a secret\u00e1ria, ocorrem de segunda a sexta-feira, em dias \u00fateis, inclusive pontos facultativos da administra\u00e7\u00e3o municipal, das 7h \u00e0s 17h. As estruturas, ela explica, permanecem em torno de 15 dias em cada nova localidade.<\/p>\n\n\n\n<p>\u201cPara ser atendida, basta voc\u00ea apresentar documento de identidade e cart\u00e3o do SUS. Procure a unidade que atende sua regi\u00e3o no perfil da Semsa no Instagram, @semsamanaus, ou no site <a href=\"http:\/\/manaus.am.gov.br\/semsa\">manaus.am.gov.br\/semsa<\/a>, onde divulgamos os endere\u00e7os toda semana\u201d, orienta.<\/p>\n\n\n\n<p><strong>Endere\u00e7os das Unidades M\u00f3veis de Sa\u00fade da Mulher da Semsa<\/strong><\/p>\n\n\n\n<p><strong>Zona Norte<\/strong><\/p>\n\n\n\n<p>Rua Dom Marcos de Noronha, comunidade Nobre, ao lado da igreja Paz Church \u2013 Lago Azul<\/p>\n\n\n\n<p>9 a 20\/12<\/p>\n\n\n\n<p><strong>Zona Oeste<\/strong><\/p>\n\n\n\n<p>Rua 6, quadra 10, conjunto Cidad\u00e3o 10, ao lado da escola estadual Prof\u00aa Karla Patr\u00edcia Azevedo \u2013 Tarum\u00e3<\/p>\n\n\n\n<p>16\/12 a 3\/1\/2025<\/p>\n\n\n\n<p><strong>Zona Leste<\/strong><\/p>\n\n\n\n<p>Rua dos Cravos, em frente ao CMEI Josefina Rosa Pereira do Carmo \u2013 Jorge Teixeira<\/p>\n\n\n\n<p>16\/12 a 3\/1\/2025<\/p>\n\n\n\n<p><strong>Zona Sul<\/strong><\/p>\n\n\n\n<p>Rua Gr\u00e3o-Par\u00e1, n\u00ba 124, conjunto Mundo Novo, em frente \u00e0 escola municipal Nilton Lins \u2013 Flores<\/p>\n\n\n\n<p>2 a 20\/12<\/p>\n\n\n\n<p><strong>Zona Rural<\/strong><\/p>\n\n\n\n<p>USFR Nossa Senhora Auxiliadora, ramal do Gurgel, comunidade Novo Para\u00edso, rodovia BR-174, Km 2<\/p>\n\n\n\n<p>16\/12 a 3\/1\/2025<\/p>\n\n\n\n<p><strong>\u2014 \u2014 \u2014\u00a0<\/strong><br><strong>Texto &#8211; <\/strong>Jony Clay Borges \/ Semsa<br><strong>Fotos &#8211; <\/strong>Divulga\u00e7\u00e3o \/ Semsa<\/p>\n","protected":false},"excerpt":{"rendered":"","protected":false},"author":68,"featured_media":233012,"comment_status":"closed","ping_status":"closed","sticky":false,"template":"","format":"standard","meta":{"footnotes":""},"categories":[1016],"tags":[2747,77,10903,162],"acf":[],"yoast_head":"<!-- This site is optimized with the Yoast SEO plugin v23.0 - https:\/\/yoast.com\/wordpress\/plugins\/seo\/ -->\n<title>Prefeitura de Manaus informa locais de atendimento das Unidades M\u00f3veis de Sa\u00fade da Mulher<\/title>\n<meta name=\"description\" content=\"A Prefeitura de Manaus, por meio da Secretaria Municipal de Sa\u00fade (Semsa), informa os locais de atendimento das Unidades M\u00f3veis de Sa\u00fade da Mulher a partir desta segunda-feira, 16\/12.\" \/>\n<meta name=\"robots\" content=\"index, follow, max-snippet:-1, max-image-preview:large, max-video-preview:-1\" \/>\n<link rel=\"canonical\" href=\"https:\/\/www.manaus.am.gov.br\/semcom\/atendimentos-semsa-manaus\/\" \/>\n<meta property=\"og:locale\" content=\"pt_BR\" \/>\n<meta property=\"og:type\" content=\"article\" \/>\n<meta property=\"og:title\" content=\"Prefeitura de Manaus informa locais de atendimento das Unidades M\u00f3veis de Sa\u00fade da Mulher\" \/>\n<meta property=\"og:description\" content=\"A Prefeitura de Manaus, por meio da Secretaria Municipal de Sa\u00fade (Semsa), informa os locais de atendimento das Unidades M\u00f3veis de Sa\u00fade da Mulher a partir desta segunda-feira, 16\/12.\" \/>\n<meta property=\"og:url\" content=\"https:\/\/www.manaus.am.gov.br\/semcom\/atendimentos-semsa-manaus\/\" \/>\n<meta property=\"og:site_name\" content=\"SEMCOM\" \/>\n<meta property=\"article:published_time\" content=\"2024-12-16T22:58:59+00:00\" \/>\n<meta property=\"article:modified_time\" content=\"2024-12-16T22:59:00+00:00\" \/>\n<meta property=\"og:image\" content=\"https:\/\/www.manaus.am.gov.br\/semcom\/wp-content\/uploads\/sites\/5\/2024\/12\/Dezembro-16_Unidades-Moveis-Mulher-4-1.jpg\" \/>\n\t<meta property=\"og:image:width\" content=\"800\" \/>\n\t<meta property=\"og:image:height\" content=\"533\" \/>\n\t<meta property=\"og:image:type\" content=\"image\/jpeg\" \/>\n<meta name=\"author\" content=\"bvalente\" \/>\n<meta name=\"twitter:card\" content=\"summary_large_image\" \/>\n<meta name=\"twitter:label1\" content=\"Written by\" \/>\n\t<meta name=\"twitter:data1\" content=\"bvalente\" \/>\n\t<meta name=\"twitter:label2\" content=\"Est. reading time\" \/>\n\t<meta name=\"twitter:data2\" content=\"4 minutos\" \/>\n<script type=\"application\/ld+json\" class=\"yoast-schema-graph\">{\"@context\":\"https:\/\/schema.org\",\"@graph\":[{\"@type\":\"WebPage\",\"@id\":\"https:\/\/www.manaus.am.gov.br\/semcom\/atendimentos-semsa-manaus\/\",\"url\":\"https:\/\/www.manaus.am.gov.br\/semcom\/atendimentos-semsa-manaus\/\",\"name\":\"Prefeitura de Manaus informa locais de atendimento das Unidades M\u00f3veis de Sa\u00fade da Mulher\",\"isPartOf\":{\"@id\":\"https:\/\/www.manaus.am.gov.br\/semcom\/#website\"},\"primaryImageOfPage\":{\"@id\":\"https:\/\/www.manaus.am.gov.br\/semcom\/atendimentos-semsa-manaus\/#primaryimage\"},\"image\":{\"@id\":\"https:\/\/www.manaus.am.gov.br\/semcom\/atendimentos-semsa-manaus\/#primaryimage\"},\"thumbnailUrl\":\"https:\/\/www.manaus.am.gov.br\/semcom\/wp-content\/uploads\/sites\/5\/2024\/12\/Dezembro-16_Unidades-Moveis-Mulher-4-1.jpg\",\"datePublished\":\"2024-12-16T22:58:59+00:00\",\"dateModified\":\"2024-12-16T22:59:00+00:00\",\"author\":{\"@id\":\"https:\/\/www.manaus.am.gov.br\/semcom\/#\/schema\/person\/466a0e03ae4b6062809046bd560ac955\"},\"description\":\"A Prefeitura de Manaus, por meio da Secretaria Municipal de Sa\u00fade (Semsa), informa os locais de atendimento das Unidades M\u00f3veis de Sa\u00fade da Mulher a partir desta segunda-feira, 16\/12.\",\"inLanguage\":\"pt-BR\",\"potentialAction\":[{\"@type\":\"ReadAction\",\"target\":[\"https:\/\/www.manaus.am.gov.br\/semcom\/atendimentos-semsa-manaus\/\"]}]},{\"@type\":\"ImageObject\",\"inLanguage\":\"pt-BR\",\"@id\":\"https:\/\/www.manaus.am.gov.br\/semcom\/atendimentos-semsa-manaus\/#primaryimage\",\"url\":\"https:\/\/www.manaus.am.gov.br\/semcom\/wp-content\/uploads\/sites\/5\/2024\/12\/Dezembro-16_Unidades-Moveis-Mulher-4-1.jpg\",\"contentUrl\":\"https:\/\/www.manaus.am.gov.br\/semcom\/wp-content\/uploads\/sites\/5\/2024\/12\/Dezembro-16_Unidades-Moveis-Mulher-4-1.jpg\",\"width\":800,\"height\":533},{\"@type\":\"WebSite\",\"@id\":\"https:\/\/www.manaus.am.gov.br\/semcom\/#website\",\"url\":\"https:\/\/www.manaus.am.gov.br\/semcom\/\",\"name\":\"SEMCOM\",\"description\":\"Secretaria Municipal de Comunica\u00e7\u00e3o\",\"potentialAction\":[{\"@type\":\"SearchAction\",\"target\":{\"@type\":\"EntryPoint\",\"urlTemplate\":\"https:\/\/www.manaus.am.gov.br\/semcom\/?s={search_term_string}\"},\"query-input\":\"required name=search_term_string\"}],\"inLanguage\":\"pt-BR\"},{\"@type\":\"Person\",\"@id\":\"https:\/\/www.manaus.am.gov.br\/semcom\/#\/schema\/person\/466a0e03ae4b6062809046bd560ac955\",\"name\":\"bvalente\",\"image\":{\"@type\":\"ImageObject\",\"inLanguage\":\"pt-BR\",\"@id\":\"https:\/\/www.manaus.am.gov.br\/semcom\/#\/schema\/person\/image\/\",\"url\":\"https:\/\/secure.gravatar.com\/avatar\/3e69bc2b014bdad41adfec3a39de07d2?s=96&d=mm&r=g\",\"contentUrl\":\"https:\/\/secure.gravatar.com\/avatar\/3e69bc2b014bdad41adfec3a39de07d2?s=96&d=mm&r=g\",\"caption\":\"bvalente\"}}]}<\/script>\n<!-- \/ Yoast SEO plugin. -->","yoast_head_json":{"title":"Prefeitura de Manaus informa locais de atendimento das Unidades M\u00f3veis de Sa\u00fade da Mulher","description":"A Prefeitura de Manaus, por meio da Secretaria Municipal de Sa\u00fade (Semsa), informa os locais de atendimento das Unidades M\u00f3veis de Sa\u00fade da Mulher a partir desta segunda-feira, 16\/12.","robots":{"index":"index","follow":"follow","max-snippet":"max-snippet:-1","max-image-preview":"max-image-preview:large","max-video-preview":"max-video-preview:-1"},"canonical":"https:\/\/www.manaus.am.gov.br\/semcom\/atendimentos-semsa-manaus\/","og_locale":"pt_BR","og_type":"article","og_title":"Prefeitura de Manaus informa locais de atendimento das Unidades M\u00f3veis de Sa\u00fade da Mulher","og_description":"A Prefeitura de Manaus, por meio da Secretaria Municipal de Sa\u00fade (Semsa), informa os locais de atendimento das Unidades M\u00f3veis de Sa\u00fade da Mulher a partir desta segunda-feira, 16\/12.","og_url":"https:\/\/www.manaus.am.gov.br\/semcom\/atendimentos-semsa-manaus\/","og_site_name":"SEMCOM","article_published_time":"2024-12-16T22:58:59+00:00","article_modified_time":"2024-12-16T22:59:00+00:00","og_image":[{"width":800,"height":533,"url":"https:\/\/www.manaus.am.gov.br\/semcom\/wp-content\/uploads\/sites\/5\/2024\/12\/Dezembro-16_Unidades-Moveis-Mulher-4-1.jpg","type":"image\/jpeg"}],"author":"bvalente","twitter_card":"summary_large_image","twitter_misc":{"Written by":"bvalente","Est. reading time":"4 minutos"},"schema":{"@context":"https:\/\/schema.org","@graph":[{"@type":"WebPage","@id":"https:\/\/www.manaus.am.gov.br\/semcom\/atendimentos-semsa-manaus\/","url":"https:\/\/www.manaus.am.gov.br\/semcom\/atendimentos-semsa-manaus\/","name":"Prefeitura de Manaus informa locais de atendimento das Unidades M\u00f3veis de Sa\u00fade da Mulher","isPartOf":{"@id":"https:\/\/www.manaus.am.gov.br\/semcom\/#website"},"primaryImageOfPage":{"@id":"https:\/\/www.manaus.am.gov.br\/semcom\/atendimentos-semsa-manaus\/#primaryimage"},"image":{"@id":"https:\/\/www.manaus.am.gov.br\/semcom\/atendimentos-semsa-manaus\/#primaryimage"},"thumbnailUrl":"https:\/\/www.manaus.am.gov.br\/semcom\/wp-content\/uploads\/sites\/5\/2024\/12\/Dezembro-16_Unidades-Moveis-Mulher-4-1.jpg","datePublished":"2024-12-16T22:58:59+00:00","dateModified":"2024-12-16T22:59:00+00:00","author":{"@id":"https:\/\/www.manaus.am.gov.br\/semcom\/#\/schema\/person\/466a0e03ae4b6062809046bd560ac955"},"description":"A Prefeitura de Manaus, por meio da Secretaria Municipal de Sa\u00fade (Semsa), informa os locais de atendimento das Unidades M\u00f3veis de Sa\u00fade da Mulher a partir desta segunda-feira, 16\/12.","inLanguage":"pt-BR","potentialAction":[{"@type":"ReadAction","target":["https:\/\/www.manaus.am.gov.br\/semcom\/atendimentos-semsa-manaus\/"]}]},{"@type":"ImageObject","inLanguage":"pt-BR","@id":"https:\/\/www.manaus.am.gov.br\/semcom\/atendimentos-semsa-manaus\/#primaryimage","url":"https:\/\/www.manaus.am.gov.br\/semcom\/wp-content\/uploads\/sites\/5\/2024\/12\/Dezembro-16_Unidades-Moveis-Mulher-4-1.jpg","contentUrl":"https:\/\/www.manaus.am.gov.br\/semcom\/wp-content\/uploads\/sites\/5\/2024\/12\/Dezembro-16_Unidades-Moveis-Mulher-4-1.jpg","width":800,"height":533},{"@type":"WebSite","@id":"https:\/\/www.manaus.am.gov.br\/semcom\/#website","url":"https:\/\/www.manaus.am.gov.br\/semcom\/","name":"SEMCOM","description":"Secretaria Municipal de Comunica\u00e7\u00e3o","potentialAction":[{"@type":"SearchAction","target":{"@type":"EntryPoint","urlTemplate":"https:\/\/www.manaus.am.gov.br\/semcom\/?s={search_term_string}"},"query-input":"required name=search_term_string"}],"inLanguage":"pt-BR"},{"@type":"Person","@id":"https:\/\/www.manaus.am.gov.br\/semcom\/#\/schema\/person\/466a0e03ae4b6062809046bd560ac955","name":"bvalente","image":{"@type":"ImageObject","inLanguage":"pt-BR","@id":"https:\/\/www.manaus.am.gov.br\/semcom\/#\/schema\/person\/image\/","url":"https:\/\/secure.gravatar.com\/avatar\/3e69bc2b014bdad41adfec3a39de07d2?s=96&d=mm&r=g","contentUrl":"https:\/\/secure.gravatar.com\/avatar\/3e69bc2b014bdad41adfec3a39de07d2?s=96&d=mm&r=g","caption":"bvalente"}}]}},"_links":{"self":[{"href":"https:\/\/www.manaus.am.gov.br\/semcom\/wp-json\/wp\/v2\/posts\/233011"}],"collection":[{"href":"https:\/\/www.manaus.am.gov.br\/semcom\/wp-json\/wp\/v2\/posts"}],"about":[{"href":"https:\/\/www.manaus.am.gov.br\/semcom\/wp-json\/wp\/v2\/types\/post"}],"author":[{"embeddable":true,"href":"https:\/\/www.manaus.am.gov.br\/semcom\/wp-json\/wp\/v2\/users\/68"}],"replies":[{"embeddable":true,"href":"https:\/\/www.manaus.am.gov.br\/semcom\/wp-json\/wp\/v2\/comments?post=233011"}],"version-history":[{"count":0,"href":"https:\/\/www.manaus.am.gov.br\/semcom\/wp-json\/wp\/v2\/posts\/233011\/revisions"}],"wp:featuredmedia":[{"embeddable":true,"href":"https:\/\/www.manaus.am.gov.br\/semcom\/wp-json\/wp\/v2\/media\/233012"}],"wp:attachment":[{"href":"https:\/\/www.manaus.am.gov.br\/semcom\/wp-json\/wp\/v2\/media?parent=233011"}],"wp:term":[{"taxonomy":"category","embeddable":true,"href":"https:\/\/www.manaus.am.gov.br\/semcom\/wp-json\/wp\/v2\/categories?post=233011"},{"taxonomy":"post_tag","embeddable":true,"href":"https:\/\/www.manaus.am.gov.br\/semcom\/wp-json\/wp\/v2\/tags?post=233011"}],"curies":[{"name":"wp","href":"https:\/\/api.w.org\/{rel}","templated":true}]}}