{"id":233007,"date":"2024-12-16T19:29:38","date_gmt":"2024-12-16T22:29:38","guid":{"rendered":"https:\/\/www.manaus.am.gov.br\/semcom\/2025-artistas\/"},"modified":"2024-12-16T19:29:40","modified_gmt":"2024-12-16T22:29:40","slug":"2025-artistas","status":"publish","type":"post","link":"https:\/\/www.manaus.am.gov.br\/semcom\/2025-artistas\/","title":{"rendered":"\u2018R\u00e9veillon de Manaus 2025\u2019 da Prefeitura ter\u00e1 Pablo, Magn\u00edficos, MC Kevin O Chris, Fernandinho, Marcus Salles e mais de trinta artistas locais"},"content":{"rendered":"\n<p>A Prefeitura de Manaus divulgou, por meio da Funda\u00e7\u00e3o Municipal de Cultura, Turismo e Eventos (Manauscult), as atra\u00e7\u00f5es do \u201cR\u00e9veillon de Manaus 2025\u201d, que neste ano ter\u00e1 como tema \u2018\u201cEncontro da Nossa Gente\u201d. A line-up da virada, que conta com atra\u00e7\u00f5es locais de diversos segmentos, tamb\u00e9m trar\u00e1 as vozes nacionais de Pablo, Magn\u00edficos e MC Kevin O Chris, Fernandinho, Marcus Salles e mais de trinta artistas locais.<\/p>\n\n\n\n<p>O an\u00fancio foi feito pelo prefeito de Manaus, David Almeida, nesta segunda-feira, 16\/12, durante entrevista coletiva, no complexo Armaz\u00e9m XV, no Centro. O \u201cR\u00e9veillon de Manaus 2025 &#8211; Encontro da Nossa Gente\u201d acontece nos dias 30 e 31 de dezembro, em tr\u00eas pontos da cidade: Ponta Negra, na zona Oeste; Alphaville, entre as zonas Leste e Norte; e no Amarelinho, na zona Sul de Manaus.<\/p>\n\n\n\n<p>\u201cEu sou o prefeito que mais investiu em cultura. Voc\u00eas puderam observar: a vida cultural da cidade de Manaus se modificou. Nesses \u00faltimos quatro anos, n\u00f3s tivemos a oportunidade de ter os maiores eventos da hist\u00f3ria da cidade de Manaus. Isso \u00e9 fato! N\u00e3o esperem para os pr\u00f3ximos quatro anos menos do que voc\u00eas viram nos \u00faltimos que se passaram\u201d, avaliou o prefeito de Manaus, David Almeida.<\/p>\n\n\n\n<p>O chefe do Executivo municipal refor\u00e7ou que 2025 come\u00e7a com uma efervesc\u00eancia cultural, levando em considera\u00e7\u00e3o o evento do dia 30\/12 e os tr\u00eas megaeventos simult\u00e2neos no dia 31\/12, nas zonas Norte, Sul, Leste e Oeste, e a prepara\u00e7\u00e3o para o Carnaval 2025. \u201cLembrando que a festa do r\u00e9veillon come\u00e7a no dia 30, que \u00e9 o r\u00e9veillon gospel. Ent\u00e3o, \u00e9 a diversifica\u00e7\u00e3o da cultura na cidade: no dia 31\/12, quem gosta do Pablo, quem gosta do Kevin O Chris, quem gosta do Magn\u00edficos, Guto Lima, Banda Essence, George Japa, essa turma toda vai estar a\u00ed, um grande evento, quatro grandes eventos agora no final do ano na cidade de Manaus. Parab\u00e9ns ao Jender e toda a sua equipe. E vamos juntos comemorar e celebrar a chegada do ano novo\u201d, finalizou.<\/p>\n\n\n\n<p>Atento ao planejamento estrat\u00e9gico de seguran\u00e7a dos megaeventos na cidade e sens\u00edvel ao momento de recess\u00e3o enfrentado pela Cooperativa dos Comerciantes que atuam na praia da Ponta Negra, o prefeito de Manaus, David Almeida, determinou que neste ano a coordena\u00e7\u00e3o da matriz integrada, respons\u00e1vel pela realiza\u00e7\u00e3o da festa de r\u00e9veillon da cidade, leve em considera\u00e7\u00e3o a circula\u00e7\u00e3o de vendedores informais que atuar\u00e3o no evento, para que possam refor\u00e7ar a seguran\u00e7a e ordenamento do p\u00fablico durante o evento, \u00e9 o que explica o diretor-presidente da Manauscult, Jender Lobato.<\/p>\n\n\n\n<p>\u201cPara que a gente pudesse prezar tamb\u00e9m pelos ambulantes que fazem parte das festividades do final de ano, n\u00f3s n\u00e3o fechamos exclusividade para a venda de bebidas, exatamente para privilegiar todos os ambulantes, as pessoas que fazem do R\u00e9veillon o seu ganha-p\u00e3o, ent\u00e3o tudo isso foi pensado para que a gente pudesse realmente democratizar cada vez mais o nosso R\u00e9veillon\u201d, disse.<\/p>\n\n\n\n<p>Ainda de acordo com o diretor-presidente da Manauscult, outra mudan\u00e7a no planejamento, que vai otimizar os recursos p\u00fablicos destinados para a a realiza\u00e7\u00e3o do evento e o impulsionamento de carreiras dos artistas locais, \u00e9 a apresenta\u00e7\u00e3o de atra\u00e7\u00e3o nacional em mais de um palco do R\u00e9veillon de Manaus 2025.<\/p>\n\n\n\n<p>\u201cN\u00f3s preparamos um r\u00e9veillon para que a gente possa trazer atra\u00e7\u00f5es nacionais mas sem esquecer, tamb\u00e9m, dos nossos artistas locais. Ent\u00e3o, pensando nos artistas de Manaus, n\u00f3s preparamos um r\u00e9veillon din\u00e2mico: ser\u00e1 a primeira vez que a mesma atra\u00e7\u00e3o que vai se apresentar l\u00e1 na Ponta Negra tamb\u00e9m vai fazer uma apresenta\u00e7\u00e3o l\u00e1 no Alphaville e\/ou no Educandos\u201d, concluiu Lobato.<\/p>\n\n\n\n<p><strong>Seguran\u00e7a<\/strong><\/p>\n\n\n\n<p>Quanto a seguran\u00e7a do evento, o superintendente do Centro de Coopera\u00e7\u00e3o da Cidade (CCC), Sandro Diz, &nbsp;explicou que a Matriz de Responsabilidade prev\u00ea controle de acesso e monitoramento com c\u00e2meras de vigil\u00e2ncia e drones para cobertura em tempo real; uso de detectores de metal, revista manual, e identifica\u00e7\u00e3o de credenciados; policiamento ostensivo e seguran\u00e7a privada para prevenir e conter incidentes; postos m\u00e9dicos, equipes de bombeiros e planos de resposta para acidentes, inc\u00eandios ou tumultos com uma equipe de agentes treinados para evitar superlota\u00e7\u00e3o e empurr\u00f5es.<\/p>\n\n\n\n<p>\u201cO evento ter\u00e1 refor\u00e7o com drone para fazer monitoramento a\u00e9rea. Todos os \u00f3rg\u00e3os estaduais e municipais j\u00e1 foram comunicados e j\u00e1 tem suas diretrizes de atua\u00e7\u00e3o\u201d, destacou Sandro.<\/p>\n\n\n\n<p><strong>Line-up<\/strong><\/p>\n\n\n\n<p>A programa\u00e7\u00e3o musical dos dois dias de evento vai contar com artistas locais dos segmentos como o samba, forr\u00f3, crist\u00e3o, sertanejo, rock, alternativo, dentre outros. Os nomes dos artistas Guto Lima, 40 Graus de Amor, George Japa e Banda Essence foram confirmados, al\u00e9m de artistas dos bois-bumb\u00e1 tamb\u00e9m far\u00e3o parte do line-up. Ser\u00e3o mais de 30 horas de shows.<\/p>\n\n\n\n<p>Pablo, Magn\u00edficos e MC Kevin O Chris s\u00e3o as atra\u00e7\u00f5es nacionais anunciadas at\u00e9 aqui, al\u00e9m dos artistas regionais. A Manauscult informa que nos pr\u00f3ximos dias anunciar\u00e1 a programa\u00e7\u00e3o completa com hor\u00e1rio das apresenta\u00e7\u00f5es nos tr\u00eas pontos onde ocorrer\u00e1 o R\u00e9veillon de Manaus 2025 da Prefeitura de Manaus.<\/p>\n\n\n\n<p>&#8212; &#8212; &#8212;<\/p>\n\n\n\n<p><strong>Texto<\/strong> &#8211; Emanuelle Baires \/ Semcom<\/p>\n","protected":false},"excerpt":{"rendered":"","protected":false},"author":61,"featured_media":233008,"comment_status":"closed","ping_status":"closed","sticky":false,"template":"","format":"standard","meta":{"footnotes":""},"categories":[7],"tags":[4440,4372,35,12907,77,12870],"acf":[],"yoast_head":"<!-- This site is optimized with the Yoast SEO plugin v23.0 - https:\/\/yoast.com\/wordpress\/plugins\/seo\/ -->\n<title>\u2018R\u00e9veillon de Manaus 2025\u2019 da Prefeitura ter\u00e1 Pablo, Magn\u00edficos, MC Kevin O Chris, Fernandinho, Marcus Salles e mais de trinta artistas locais<\/title>\n<meta name=\"description\" content=\"A Prefeitura de Manaus divulgou, por meio da Funda\u00e7\u00e3o Municipal de Cultura, Turismo e Eventos (Manauscult), as atra\u00e7\u00f5es do \u201cR\u00e9veillon de Manaus 2025\u201d, que neste ano ter\u00e1 como tema \u2018\u201cEncontro da Nossa Gente\u201d.\" \/>\n<meta name=\"robots\" content=\"index, follow, max-snippet:-1, max-image-preview:large, max-video-preview:-1\" \/>\n<link rel=\"canonical\" href=\"https:\/\/www.manaus.am.gov.br\/semcom\/2025-artistas\/\" \/>\n<meta property=\"og:locale\" content=\"pt_BR\" \/>\n<meta property=\"og:type\" content=\"article\" \/>\n<meta property=\"og:title\" content=\"\u2018R\u00e9veillon de Manaus 2025\u2019 da Prefeitura ter\u00e1 Pablo, Magn\u00edficos, MC Kevin O Chris, Fernandinho, Marcus Salles e mais de trinta artistas locais\" \/>\n<meta property=\"og:description\" content=\"A Prefeitura de Manaus divulgou, por meio da Funda\u00e7\u00e3o Municipal de Cultura, Turismo e Eventos (Manauscult), as atra\u00e7\u00f5es do \u201cR\u00e9veillon de Manaus 2025\u201d, que neste ano ter\u00e1 como tema \u2018\u201cEncontro da Nossa Gente\u201d.\" \/>\n<meta property=\"og:url\" content=\"https:\/\/www.manaus.am.gov.br\/semcom\/2025-artistas\/\" \/>\n<meta property=\"og:site_name\" content=\"SEMCOM\" \/>\n<meta property=\"article:published_time\" content=\"2024-12-16T22:29:38+00:00\" \/>\n<meta property=\"article:modified_time\" content=\"2024-12-16T22:29:40+00:00\" \/>\n<meta property=\"og:image\" content=\"https:\/\/www.manaus.am.gov.br\/semcom\/wp-content\/uploads\/sites\/5\/2024\/12\/Anuncia-Reveillon-2.jpeg\" \/>\n\t<meta property=\"og:image:width\" content=\"4160\" \/>\n\t<meta property=\"og:image:height\" content=\"2773\" \/>\n\t<meta property=\"og:image:type\" content=\"image\/jpeg\" \/>\n<meta name=\"author\" content=\"smonteiro\" \/>\n<meta name=\"twitter:card\" content=\"summary_large_image\" \/>\n<meta name=\"twitter:label1\" content=\"Written by\" \/>\n\t<meta name=\"twitter:data1\" content=\"smonteiro\" \/>\n\t<meta name=\"twitter:label2\" content=\"Est. reading time\" \/>\n\t<meta name=\"twitter:data2\" content=\"5 minutos\" \/>\n<script type=\"application\/ld+json\" class=\"yoast-schema-graph\">{\"@context\":\"https:\/\/schema.org\",\"@graph\":[{\"@type\":\"WebPage\",\"@id\":\"https:\/\/www.manaus.am.gov.br\/semcom\/2025-artistas\/\",\"url\":\"https:\/\/www.manaus.am.gov.br\/semcom\/2025-artistas\/\",\"name\":\"\u2018R\u00e9veillon de Manaus 2025\u2019 da Prefeitura ter\u00e1 Pablo, Magn\u00edficos, MC Kevin O Chris, Fernandinho, Marcus Salles e mais de trinta artistas locais\",\"isPartOf\":{\"@id\":\"https:\/\/www.manaus.am.gov.br\/semcom\/#website\"},\"primaryImageOfPage\":{\"@id\":\"https:\/\/www.manaus.am.gov.br\/semcom\/2025-artistas\/#primaryimage\"},\"image\":{\"@id\":\"https:\/\/www.manaus.am.gov.br\/semcom\/2025-artistas\/#primaryimage\"},\"thumbnailUrl\":\"https:\/\/www.manaus.am.gov.br\/semcom\/wp-content\/uploads\/sites\/5\/2024\/12\/Anuncia-Reveillon-2.jpeg\",\"datePublished\":\"2024-12-16T22:29:38+00:00\",\"dateModified\":\"2024-12-16T22:29:40+00:00\",\"author\":{\"@id\":\"https:\/\/www.manaus.am.gov.br\/semcom\/#\/schema\/person\/ab4dcf766a54dff74e8d267f5c591961\"},\"description\":\"A Prefeitura de Manaus divulgou, por meio da Funda\u00e7\u00e3o Municipal de Cultura, Turismo e Eventos (Manauscult), as atra\u00e7\u00f5es do \u201cR\u00e9veillon de Manaus 2025\u201d, que neste ano ter\u00e1 como tema \u2018\u201cEncontro da Nossa Gente\u201d.\",\"inLanguage\":\"pt-BR\",\"potentialAction\":[{\"@type\":\"ReadAction\",\"target\":[\"https:\/\/www.manaus.am.gov.br\/semcom\/2025-artistas\/\"]}]},{\"@type\":\"ImageObject\",\"inLanguage\":\"pt-BR\",\"@id\":\"https:\/\/www.manaus.am.gov.br\/semcom\/2025-artistas\/#primaryimage\",\"url\":\"https:\/\/www.manaus.am.gov.br\/semcom\/wp-content\/uploads\/sites\/5\/2024\/12\/Anuncia-Reveillon-2.jpeg\",\"contentUrl\":\"https:\/\/www.manaus.am.gov.br\/semcom\/wp-content\/uploads\/sites\/5\/2024\/12\/Anuncia-Reveillon-2.jpeg\",\"width\":4160,\"height\":2773,\"caption\":\"#paratodosverem - na imagem, o prefeito David Almeida, juntamente com outros secret\u00e1rios, anuncia as atra\u00e7\u00f5es do R\u00e9veillon 2025\"},{\"@type\":\"WebSite\",\"@id\":\"https:\/\/www.manaus.am.gov.br\/semcom\/#website\",\"url\":\"https:\/\/www.manaus.am.gov.br\/semcom\/\",\"name\":\"SEMCOM\",\"description\":\"Secretaria Municipal de Comunica\u00e7\u00e3o\",\"potentialAction\":[{\"@type\":\"SearchAction\",\"target\":{\"@type\":\"EntryPoint\",\"urlTemplate\":\"https:\/\/www.manaus.am.gov.br\/semcom\/?s={search_term_string}\"},\"query-input\":\"required name=search_term_string\"}],\"inLanguage\":\"pt-BR\"},{\"@type\":\"Person\",\"@id\":\"https:\/\/www.manaus.am.gov.br\/semcom\/#\/schema\/person\/ab4dcf766a54dff74e8d267f5c591961\",\"name\":\"smonteiro\",\"image\":{\"@type\":\"ImageObject\",\"inLanguage\":\"pt-BR\",\"@id\":\"https:\/\/www.manaus.am.gov.br\/semcom\/#\/schema\/person\/image\/\",\"url\":\"https:\/\/secure.gravatar.com\/avatar\/21c8776ef61d9272c73322052e042d77?s=96&d=mm&r=g\",\"contentUrl\":\"https:\/\/secure.gravatar.com\/avatar\/21c8776ef61d9272c73322052e042d77?s=96&d=mm&r=g\",\"caption\":\"smonteiro\"}}]}<\/script>\n<!-- \/ Yoast SEO plugin. -->","yoast_head_json":{"title":"\u2018R\u00e9veillon de Manaus 2025\u2019 da Prefeitura ter\u00e1 Pablo, Magn\u00edficos, MC Kevin O Chris, Fernandinho, Marcus Salles e mais de trinta artistas locais","description":"A Prefeitura de Manaus divulgou, por meio da Funda\u00e7\u00e3o Municipal de Cultura, Turismo e Eventos (Manauscult), as atra\u00e7\u00f5es do \u201cR\u00e9veillon de Manaus 2025\u201d, que neste ano ter\u00e1 como tema \u2018\u201cEncontro da Nossa Gente\u201d.","robots":{"index":"index","follow":"follow","max-snippet":"max-snippet:-1","max-image-preview":"max-image-preview:large","max-video-preview":"max-video-preview:-1"},"canonical":"https:\/\/www.manaus.am.gov.br\/semcom\/2025-artistas\/","og_locale":"pt_BR","og_type":"article","og_title":"\u2018R\u00e9veillon de Manaus 2025\u2019 da Prefeitura ter\u00e1 Pablo, Magn\u00edficos, MC Kevin O Chris, Fernandinho, Marcus Salles e mais de trinta artistas locais","og_description":"A Prefeitura de Manaus divulgou, por meio da Funda\u00e7\u00e3o Municipal de Cultura, Turismo e Eventos (Manauscult), as atra\u00e7\u00f5es do \u201cR\u00e9veillon de Manaus 2025\u201d, que neste ano ter\u00e1 como tema \u2018\u201cEncontro da Nossa Gente\u201d.","og_url":"https:\/\/www.manaus.am.gov.br\/semcom\/2025-artistas\/","og_site_name":"SEMCOM","article_published_time":"2024-12-16T22:29:38+00:00","article_modified_time":"2024-12-16T22:29:40+00:00","og_image":[{"width":4160,"height":2773,"url":"https:\/\/www.manaus.am.gov.br\/semcom\/wp-content\/uploads\/sites\/5\/2024\/12\/Anuncia-Reveillon-2.jpeg","type":"image\/jpeg"}],"author":"smonteiro","twitter_card":"summary_large_image","twitter_misc":{"Written by":"smonteiro","Est. reading time":"5 minutos"},"schema":{"@context":"https:\/\/schema.org","@graph":[{"@type":"WebPage","@id":"https:\/\/www.manaus.am.gov.br\/semcom\/2025-artistas\/","url":"https:\/\/www.manaus.am.gov.br\/semcom\/2025-artistas\/","name":"\u2018R\u00e9veillon de Manaus 2025\u2019 da Prefeitura ter\u00e1 Pablo, Magn\u00edficos, MC Kevin O Chris, Fernandinho, Marcus Salles e mais de trinta artistas locais","isPartOf":{"@id":"https:\/\/www.manaus.am.gov.br\/semcom\/#website"},"primaryImageOfPage":{"@id":"https:\/\/www.manaus.am.gov.br\/semcom\/2025-artistas\/#primaryimage"},"image":{"@id":"https:\/\/www.manaus.am.gov.br\/semcom\/2025-artistas\/#primaryimage"},"thumbnailUrl":"https:\/\/www.manaus.am.gov.br\/semcom\/wp-content\/uploads\/sites\/5\/2024\/12\/Anuncia-Reveillon-2.jpeg","datePublished":"2024-12-16T22:29:38+00:00","dateModified":"2024-12-16T22:29:40+00:00","author":{"@id":"https:\/\/www.manaus.am.gov.br\/semcom\/#\/schema\/person\/ab4dcf766a54dff74e8d267f5c591961"},"description":"A Prefeitura de Manaus divulgou, por meio da Funda\u00e7\u00e3o Municipal de Cultura, Turismo e Eventos (Manauscult), as atra\u00e7\u00f5es do \u201cR\u00e9veillon de Manaus 2025\u201d, que neste ano ter\u00e1 como tema \u2018\u201cEncontro da Nossa Gente\u201d.","inLanguage":"pt-BR","potentialAction":[{"@type":"ReadAction","target":["https:\/\/www.manaus.am.gov.br\/semcom\/2025-artistas\/"]}]},{"@type":"ImageObject","inLanguage":"pt-BR","@id":"https:\/\/www.manaus.am.gov.br\/semcom\/2025-artistas\/#primaryimage","url":"https:\/\/www.manaus.am.gov.br\/semcom\/wp-content\/uploads\/sites\/5\/2024\/12\/Anuncia-Reveillon-2.jpeg","contentUrl":"https:\/\/www.manaus.am.gov.br\/semcom\/wp-content\/uploads\/sites\/5\/2024\/12\/Anuncia-Reveillon-2.jpeg","width":4160,"height":2773,"caption":"#paratodosverem - na imagem, o prefeito David Almeida, juntamente com outros secret\u00e1rios, anuncia as atra\u00e7\u00f5es do R\u00e9veillon 2025"},{"@type":"WebSite","@id":"https:\/\/www.manaus.am.gov.br\/semcom\/#website","url":"https:\/\/www.manaus.am.gov.br\/semcom\/","name":"SEMCOM","description":"Secretaria Municipal de Comunica\u00e7\u00e3o","potentialAction":[{"@type":"SearchAction","target":{"@type":"EntryPoint","urlTemplate":"https:\/\/www.manaus.am.gov.br\/semcom\/?s={search_term_string}"},"query-input":"required name=search_term_string"}],"inLanguage":"pt-BR"},{"@type":"Person","@id":"https:\/\/www.manaus.am.gov.br\/semcom\/#\/schema\/person\/ab4dcf766a54dff74e8d267f5c591961","name":"smonteiro","image":{"@type":"ImageObject","inLanguage":"pt-BR","@id":"https:\/\/www.manaus.am.gov.br\/semcom\/#\/schema\/person\/image\/","url":"https:\/\/secure.gravatar.com\/avatar\/21c8776ef61d9272c73322052e042d77?s=96&d=mm&r=g","contentUrl":"https:\/\/secure.gravatar.com\/avatar\/21c8776ef61d9272c73322052e042d77?s=96&d=mm&r=g","caption":"smonteiro"}}]}},"_links":{"self":[{"href":"https:\/\/www.manaus.am.gov.br\/semcom\/wp-json\/wp\/v2\/posts\/233007"}],"collection":[{"href":"https:\/\/www.manaus.am.gov.br\/semcom\/wp-json\/wp\/v2\/posts"}],"about":[{"href":"https:\/\/www.manaus.am.gov.br\/semcom\/wp-json\/wp\/v2\/types\/post"}],"author":[{"embeddable":true,"href":"https:\/\/www.manaus.am.gov.br\/semcom\/wp-json\/wp\/v2\/users\/61"}],"replies":[{"embeddable":true,"href":"https:\/\/www.manaus.am.gov.br\/semcom\/wp-json\/wp\/v2\/comments?post=233007"}],"version-history":[{"count":0,"href":"https:\/\/www.manaus.am.gov.br\/semcom\/wp-json\/wp\/v2\/posts\/233007\/revisions"}],"wp:featuredmedia":[{"embeddable":true,"href":"https:\/\/www.manaus.am.gov.br\/semcom\/wp-json\/wp\/v2\/media\/233008"}],"wp:attachment":[{"href":"https:\/\/www.manaus.am.gov.br\/semcom\/wp-json\/wp\/v2\/media?parent=233007"}],"wp:term":[{"taxonomy":"category","embeddable":true,"href":"https:\/\/www.manaus.am.gov.br\/semcom\/wp-json\/wp\/v2\/categories?post=233007"},{"taxonomy":"post_tag","embeddable":true,"href":"https:\/\/www.manaus.am.gov.br\/semcom\/wp-json\/wp\/v2\/tags?post=233007"}],"curies":[{"name":"wp","href":"https:\/\/api.w.org\/{rel}","templated":true}]}}