{"id":233005,"date":"2024-12-16T19:20:33","date_gmt":"2024-12-16T22:20:33","guid":{"rendered":"https:\/\/www.manaus.am.gov.br\/semcom\/confirma-jesus-alves\/"},"modified":"2024-12-16T19:20:35","modified_gmt":"2024-12-16T22:20:35","slug":"confirma-jesus-alves","status":"publish","type":"post","link":"https:\/\/www.manaus.am.gov.br\/semcom\/confirma-jesus-alves\/","title":{"rendered":"Prefeito David Almeida confirma a perman\u00eancia de Jesus Alves como secret\u00e1rio de Habita\u00e7\u00e3o por mais quatro anos"},"content":{"rendered":"\n<p>Na manh\u00e3 desta segunda-feira, 16\/12, o prefeito de Manaus, David Almeida, anunciou a perman\u00eancia de Jesus Alves no comando da Secretaria Municipal de Habita\u00e7\u00e3o e Assuntos Fundi\u00e1rias (Semhaf) pelos pr\u00f3ximos quatro anos. O an\u00fancio foi feito durante reuni\u00e3o para tratativa do novo secretariado.<\/p>\n\n\n\n<p>O prefeito ressaltou a import\u00e2ncia da continuidade administrativa para o andamento de projetos essenciais na \u00e1rea habitacional da capital amazonense.<\/p>\n\n\n\n<p>\u201cAcabei de fazer o convite para que Jesus Alves continue \u00e0 frente da Secretaria de Habita\u00e7\u00e3o e Assuntos Fundi\u00e1rios. Ele \u00e9 mais um parceiro que seguir\u00e1 conosco pelos pr\u00f3ximos quatro anos, dando continuidade ao trabalho que j\u00e1 vem sendo feito\u201d, declarou o prefeito.<\/p>\n\n\n\n<p>Jesus Alves, que assumiu a pasta em 2023, destacou a relev\u00e2ncia da manuten\u00e7\u00e3o do trabalho j\u00e1 iniciado e refor\u00e7ou os desafios previstos para o novo mandato. Segundo o secret\u00e1rio, algumas iniciativas importantes j\u00e1 est\u00e3o em andamento e precisam ser consolidadas, como o bairro planejado, o projeto Manaus Minha Terra, e a entrega de moradias por meio do programa Minha Casa, Minha Vida.<\/p>\n\n\n\n<p>\u201cN\u00f3s temos muitas pol\u00edticas p\u00fablicas que come\u00e7aram entre 2023 e 2024 que precisam ser confirmadas e implementadas. Nossa prioridade ser\u00e1 garantir que esses projetos avancem, trazendo melhorias reais para os moradores de Manaus\u201d, afirmou Alves, sinalizando o compromisso com resultados concretos e sustent\u00e1veis.<\/p>\n\n\n\n<p>O an\u00fancio refor\u00e7a a aposta da gest\u00e3o municipal em garantir a continuidade de pol\u00edticas p\u00fablicas na \u00e1rea habitacional, cuja meta \u00e9 melhorar as condi\u00e7\u00f5es de moradia, ampliar a regulariza\u00e7\u00e3o fundi\u00e1ria e contribuir para a qualidade de vida da popula\u00e7\u00e3o manauara.<\/p>\n\n\n\n<p>Nos pr\u00f3ximos meses, a Semhaf deve intensificar os trabalhos com foco na conclus\u00e3o dos projetos em andamento, buscando consolidar Manaus como refer\u00eancia em planejamento urbano na regi\u00e3o Norte.<\/p>\n\n\n\n<p>&#8212; &#8212; &#8212;<\/p>\n\n\n\n<p><strong>Texto<\/strong> &#8211; D\u00e1rio Avelino \/ Semcom<\/p>\n\n\n\n<p><strong>Fotos<\/strong> \u2013 D\u00e1rio Avelino \/ Semcom<\/p>\n","protected":false},"excerpt":{"rendered":"","protected":false},"author":61,"featured_media":233006,"comment_status":"closed","ping_status":"closed","sticky":false,"template":"","format":"standard","meta":{"footnotes":""},"categories":[9619],"tags":[35,6094,77,5352],"acf":[],"yoast_head":"<!-- This site is optimized with the Yoast SEO plugin v23.0 - https:\/\/yoast.com\/wordpress\/plugins\/seo\/ -->\n<title>Prefeito David Almeida confirma a perman\u00eancia de Jesus Alves como secret\u00e1rio de Habita\u00e7\u00e3o por mais quatro anos<\/title>\n<meta name=\"description\" content=\"Na manh\u00e3 desta segunda-feira, 16\/12, o prefeito de Manaus, David Almeida, anunciou a perman\u00eancia de Jesus Alves no comando da Secretaria Municipal de Habita\u00e7\u00e3o e Assuntos Fundi\u00e1rias (SEMHAF) pelos pr\u00f3ximos quatro anos.\" \/>\n<meta name=\"robots\" content=\"index, follow, max-snippet:-1, max-image-preview:large, max-video-preview:-1\" \/>\n<link rel=\"canonical\" href=\"https:\/\/www.manaus.am.gov.br\/semcom\/confirma-jesus-alves\/\" \/>\n<meta property=\"og:locale\" content=\"pt_BR\" \/>\n<meta property=\"og:type\" content=\"article\" \/>\n<meta property=\"og:title\" content=\"Prefeito David Almeida confirma a perman\u00eancia de Jesus Alves como secret\u00e1rio de Habita\u00e7\u00e3o por mais quatro anos\" \/>\n<meta property=\"og:description\" content=\"Na manh\u00e3 desta segunda-feira, 16\/12, o prefeito de Manaus, David Almeida, anunciou a perman\u00eancia de Jesus Alves no comando da Secretaria Municipal de Habita\u00e7\u00e3o e Assuntos Fundi\u00e1rias (SEMHAF) pelos pr\u00f3ximos quatro anos.\" \/>\n<meta property=\"og:url\" content=\"https:\/\/www.manaus.am.gov.br\/semcom\/confirma-jesus-alves\/\" \/>\n<meta property=\"og:site_name\" content=\"SEMCOM\" \/>\n<meta property=\"article:published_time\" content=\"2024-12-16T22:20:33+00:00\" \/>\n<meta property=\"article:modified_time\" content=\"2024-12-16T22:20:35+00:00\" \/>\n<meta property=\"og:image\" content=\"https:\/\/www.manaus.am.gov.br\/semcom\/wp-content\/uploads\/sites\/5\/2024\/12\/Confirma-Jesus-1.jpeg\" \/>\n\t<meta property=\"og:image:width\" content=\"3487\" \/>\n\t<meta property=\"og:image:height\" content=\"2282\" \/>\n\t<meta property=\"og:image:type\" content=\"image\/jpeg\" \/>\n<meta name=\"author\" content=\"smonteiro\" \/>\n<meta name=\"twitter:card\" content=\"summary_large_image\" \/>\n<meta name=\"twitter:label1\" content=\"Written by\" \/>\n\t<meta name=\"twitter:data1\" content=\"smonteiro\" \/>\n\t<meta name=\"twitter:label2\" content=\"Est. reading time\" \/>\n\t<meta name=\"twitter:data2\" content=\"2 minutos\" \/>\n<script type=\"application\/ld+json\" class=\"yoast-schema-graph\">{\"@context\":\"https:\/\/schema.org\",\"@graph\":[{\"@type\":\"WebPage\",\"@id\":\"https:\/\/www.manaus.am.gov.br\/semcom\/confirma-jesus-alves\/\",\"url\":\"https:\/\/www.manaus.am.gov.br\/semcom\/confirma-jesus-alves\/\",\"name\":\"Prefeito David Almeida confirma a perman\u00eancia de Jesus Alves como secret\u00e1rio de Habita\u00e7\u00e3o por mais quatro anos\",\"isPartOf\":{\"@id\":\"https:\/\/www.manaus.am.gov.br\/semcom\/#website\"},\"primaryImageOfPage\":{\"@id\":\"https:\/\/www.manaus.am.gov.br\/semcom\/confirma-jesus-alves\/#primaryimage\"},\"image\":{\"@id\":\"https:\/\/www.manaus.am.gov.br\/semcom\/confirma-jesus-alves\/#primaryimage\"},\"thumbnailUrl\":\"https:\/\/www.manaus.am.gov.br\/semcom\/wp-content\/uploads\/sites\/5\/2024\/12\/Confirma-Jesus-1.jpeg\",\"datePublished\":\"2024-12-16T22:20:33+00:00\",\"dateModified\":\"2024-12-16T22:20:35+00:00\",\"author\":{\"@id\":\"https:\/\/www.manaus.am.gov.br\/semcom\/#\/schema\/person\/ab4dcf766a54dff74e8d267f5c591961\"},\"description\":\"Na manh\u00e3 desta segunda-feira, 16\/12, o prefeito de Manaus, David Almeida, anunciou a perman\u00eancia de Jesus Alves no comando da Secretaria Municipal de Habita\u00e7\u00e3o e Assuntos Fundi\u00e1rias (SEMHAF) pelos pr\u00f3ximos quatro anos.\",\"inLanguage\":\"pt-BR\",\"potentialAction\":[{\"@type\":\"ReadAction\",\"target\":[\"https:\/\/www.manaus.am.gov.br\/semcom\/confirma-jesus-alves\/\"]}]},{\"@type\":\"ImageObject\",\"inLanguage\":\"pt-BR\",\"@id\":\"https:\/\/www.manaus.am.gov.br\/semcom\/confirma-jesus-alves\/#primaryimage\",\"url\":\"https:\/\/www.manaus.am.gov.br\/semcom\/wp-content\/uploads\/sites\/5\/2024\/12\/Confirma-Jesus-1.jpeg\",\"contentUrl\":\"https:\/\/www.manaus.am.gov.br\/semcom\/wp-content\/uploads\/sites\/5\/2024\/12\/Confirma-Jesus-1.jpeg\",\"width\":3487,\"height\":2282,\"caption\":\"#paratodosverem - na imagem, o prefeito David Almeida e o secet\u00e1rio de Habita\u00e7\u00e3o, Jesus Alves\"},{\"@type\":\"WebSite\",\"@id\":\"https:\/\/www.manaus.am.gov.br\/semcom\/#website\",\"url\":\"https:\/\/www.manaus.am.gov.br\/semcom\/\",\"name\":\"SEMCOM\",\"description\":\"Secretaria Municipal de Comunica\u00e7\u00e3o\",\"potentialAction\":[{\"@type\":\"SearchAction\",\"target\":{\"@type\":\"EntryPoint\",\"urlTemplate\":\"https:\/\/www.manaus.am.gov.br\/semcom\/?s={search_term_string}\"},\"query-input\":\"required name=search_term_string\"}],\"inLanguage\":\"pt-BR\"},{\"@type\":\"Person\",\"@id\":\"https:\/\/www.manaus.am.gov.br\/semcom\/#\/schema\/person\/ab4dcf766a54dff74e8d267f5c591961\",\"name\":\"smonteiro\",\"image\":{\"@type\":\"ImageObject\",\"inLanguage\":\"pt-BR\",\"@id\":\"https:\/\/www.manaus.am.gov.br\/semcom\/#\/schema\/person\/image\/\",\"url\":\"https:\/\/secure.gravatar.com\/avatar\/21c8776ef61d9272c73322052e042d77?s=96&d=mm&r=g\",\"contentUrl\":\"https:\/\/secure.gravatar.com\/avatar\/21c8776ef61d9272c73322052e042d77?s=96&d=mm&r=g\",\"caption\":\"smonteiro\"}}]}<\/script>\n<!-- \/ Yoast SEO plugin. -->","yoast_head_json":{"title":"Prefeito David Almeida confirma a perman\u00eancia de Jesus Alves como secret\u00e1rio de Habita\u00e7\u00e3o por mais quatro anos","description":"Na manh\u00e3 desta segunda-feira, 16\/12, o prefeito de Manaus, David Almeida, anunciou a perman\u00eancia de Jesus Alves no comando da Secretaria Municipal de Habita\u00e7\u00e3o e Assuntos Fundi\u00e1rias (SEMHAF) pelos pr\u00f3ximos quatro anos.","robots":{"index":"index","follow":"follow","max-snippet":"max-snippet:-1","max-image-preview":"max-image-preview:large","max-video-preview":"max-video-preview:-1"},"canonical":"https:\/\/www.manaus.am.gov.br\/semcom\/confirma-jesus-alves\/","og_locale":"pt_BR","og_type":"article","og_title":"Prefeito David Almeida confirma a perman\u00eancia de Jesus Alves como secret\u00e1rio de Habita\u00e7\u00e3o por mais quatro anos","og_description":"Na manh\u00e3 desta segunda-feira, 16\/12, o prefeito de Manaus, David Almeida, anunciou a perman\u00eancia de Jesus Alves no comando da Secretaria Municipal de Habita\u00e7\u00e3o e Assuntos Fundi\u00e1rias (SEMHAF) pelos pr\u00f3ximos quatro anos.","og_url":"https:\/\/www.manaus.am.gov.br\/semcom\/confirma-jesus-alves\/","og_site_name":"SEMCOM","article_published_time":"2024-12-16T22:20:33+00:00","article_modified_time":"2024-12-16T22:20:35+00:00","og_image":[{"width":3487,"height":2282,"url":"https:\/\/www.manaus.am.gov.br\/semcom\/wp-content\/uploads\/sites\/5\/2024\/12\/Confirma-Jesus-1.jpeg","type":"image\/jpeg"}],"author":"smonteiro","twitter_card":"summary_large_image","twitter_misc":{"Written by":"smonteiro","Est. reading time":"2 minutos"},"schema":{"@context":"https:\/\/schema.org","@graph":[{"@type":"WebPage","@id":"https:\/\/www.manaus.am.gov.br\/semcom\/confirma-jesus-alves\/","url":"https:\/\/www.manaus.am.gov.br\/semcom\/confirma-jesus-alves\/","name":"Prefeito David Almeida confirma a perman\u00eancia de Jesus Alves como secret\u00e1rio de Habita\u00e7\u00e3o por mais quatro anos","isPartOf":{"@id":"https:\/\/www.manaus.am.gov.br\/semcom\/#website"},"primaryImageOfPage":{"@id":"https:\/\/www.manaus.am.gov.br\/semcom\/confirma-jesus-alves\/#primaryimage"},"image":{"@id":"https:\/\/www.manaus.am.gov.br\/semcom\/confirma-jesus-alves\/#primaryimage"},"thumbnailUrl":"https:\/\/www.manaus.am.gov.br\/semcom\/wp-content\/uploads\/sites\/5\/2024\/12\/Confirma-Jesus-1.jpeg","datePublished":"2024-12-16T22:20:33+00:00","dateModified":"2024-12-16T22:20:35+00:00","author":{"@id":"https:\/\/www.manaus.am.gov.br\/semcom\/#\/schema\/person\/ab4dcf766a54dff74e8d267f5c591961"},"description":"Na manh\u00e3 desta segunda-feira, 16\/12, o prefeito de Manaus, David Almeida, anunciou a perman\u00eancia de Jesus Alves no comando da Secretaria Municipal de Habita\u00e7\u00e3o e Assuntos Fundi\u00e1rias (SEMHAF) pelos pr\u00f3ximos quatro anos.","inLanguage":"pt-BR","potentialAction":[{"@type":"ReadAction","target":["https:\/\/www.manaus.am.gov.br\/semcom\/confirma-jesus-alves\/"]}]},{"@type":"ImageObject","inLanguage":"pt-BR","@id":"https:\/\/www.manaus.am.gov.br\/semcom\/confirma-jesus-alves\/#primaryimage","url":"https:\/\/www.manaus.am.gov.br\/semcom\/wp-content\/uploads\/sites\/5\/2024\/12\/Confirma-Jesus-1.jpeg","contentUrl":"https:\/\/www.manaus.am.gov.br\/semcom\/wp-content\/uploads\/sites\/5\/2024\/12\/Confirma-Jesus-1.jpeg","width":3487,"height":2282,"caption":"#paratodosverem - na imagem, o prefeito David Almeida e o secet\u00e1rio de Habita\u00e7\u00e3o, Jesus Alves"},{"@type":"WebSite","@id":"https:\/\/www.manaus.am.gov.br\/semcom\/#website","url":"https:\/\/www.manaus.am.gov.br\/semcom\/","name":"SEMCOM","description":"Secretaria Municipal de Comunica\u00e7\u00e3o","potentialAction":[{"@type":"SearchAction","target":{"@type":"EntryPoint","urlTemplate":"https:\/\/www.manaus.am.gov.br\/semcom\/?s={search_term_string}"},"query-input":"required name=search_term_string"}],"inLanguage":"pt-BR"},{"@type":"Person","@id":"https:\/\/www.manaus.am.gov.br\/semcom\/#\/schema\/person\/ab4dcf766a54dff74e8d267f5c591961","name":"smonteiro","image":{"@type":"ImageObject","inLanguage":"pt-BR","@id":"https:\/\/www.manaus.am.gov.br\/semcom\/#\/schema\/person\/image\/","url":"https:\/\/secure.gravatar.com\/avatar\/21c8776ef61d9272c73322052e042d77?s=96&d=mm&r=g","contentUrl":"https:\/\/secure.gravatar.com\/avatar\/21c8776ef61d9272c73322052e042d77?s=96&d=mm&r=g","caption":"smonteiro"}}]}},"_links":{"self":[{"href":"https:\/\/www.manaus.am.gov.br\/semcom\/wp-json\/wp\/v2\/posts\/233005"}],"collection":[{"href":"https:\/\/www.manaus.am.gov.br\/semcom\/wp-json\/wp\/v2\/posts"}],"about":[{"href":"https:\/\/www.manaus.am.gov.br\/semcom\/wp-json\/wp\/v2\/types\/post"}],"author":[{"embeddable":true,"href":"https:\/\/www.manaus.am.gov.br\/semcom\/wp-json\/wp\/v2\/users\/61"}],"replies":[{"embeddable":true,"href":"https:\/\/www.manaus.am.gov.br\/semcom\/wp-json\/wp\/v2\/comments?post=233005"}],"version-history":[{"count":0,"href":"https:\/\/www.manaus.am.gov.br\/semcom\/wp-json\/wp\/v2\/posts\/233005\/revisions"}],"wp:featuredmedia":[{"embeddable":true,"href":"https:\/\/www.manaus.am.gov.br\/semcom\/wp-json\/wp\/v2\/media\/233006"}],"wp:attachment":[{"href":"https:\/\/www.manaus.am.gov.br\/semcom\/wp-json\/wp\/v2\/media?parent=233005"}],"wp:term":[{"taxonomy":"category","embeddable":true,"href":"https:\/\/www.manaus.am.gov.br\/semcom\/wp-json\/wp\/v2\/categories?post=233005"},{"taxonomy":"post_tag","embeddable":true,"href":"https:\/\/www.manaus.am.gov.br\/semcom\/wp-json\/wp\/v2\/tags?post=233005"}],"curies":[{"name":"wp","href":"https:\/\/api.w.org\/{rel}","templated":true}]}}