{"id":232854,"date":"2024-12-10T19:06:04","date_gmt":"2024-12-10T22:06:04","guid":{"rendered":"https:\/\/www.manaus.am.gov.br\/semcom\/vacinacao-caes-gatos\/"},"modified":"2024-12-10T19:13:25","modified_gmt":"2024-12-10T22:13:25","slug":"vacinacao-caes-gatos","status":"publish","type":"post","link":"https:\/\/www.manaus.am.gov.br\/semcom\/vacinacao-caes-gatos\/","title":{"rendered":"Vacina\u00e7\u00e3o Antirr\u00e1bica da Prefeitura de Manaus j\u00e1 imunizou 203 mil c\u00e3es e gatos na capital"},"content":{"rendered":"\n<p>A campanha antirr\u00e1bica da Prefeitura de Manaus j\u00e1 imunizou 203 mil animais, entre gatos e cachorros, na capital. Iniciada no dia 1\u00ba de outubro, a campanha deste ano, executada pela Secretaria Municipal de Sa\u00fade (Semsa), por meio do Centro de Controle de Zoonoses (CCZ), al\u00e9m da vacina\u00e7\u00e3o casa a casa, traz como diferencial a oferta do imunizante em pontos fixos estrategicamente localizados, facilitando acesso para os tutores e ampliando a prote\u00e7\u00e3o dos animais.<\/p>\n\n\n\n<p>Uma das esta\u00e7\u00f5es fixas est\u00e1 em funcionamento de segunda a s\u00e1bado, das 8h \u00e0s 12h, no Centro de Conviv\u00eancia da Fam\u00edlia Prefeito Jos\u00e9 Fernandes, no bairro S\u00e3o Jos\u00e9, na zona Leste. A vacina\u00e7\u00e3o tamb\u00e9m \u00e9 realizada pelas equipes do Centro de Controle de Zoonoses (CCZ), na sede do \u00f3rg\u00e3o, localizada na avenida Brasil, bairro da Compensa, zona Oeste, de segunda sexta-feira, das 8h \u00e0s 16h, e aos s\u00e1bados, das 8h \u00e0s 12h.&nbsp;<\/p>\n\n\n\n<p>Outra frente de trabalho que mobilizou os tutores de c\u00e3es e gatos, foi a oferta da vacina em 10 lojas da rede de supermercados Nova Era, que no per\u00edodo de 5 a 7\/11 (quinta-feira a s\u00e1bado da semana passada), realizou a vacina\u00e7\u00e3o, das 8h \u00e0s 12h.<\/p>\n\n\n\n<p>O gerente do CCZ, Rodrigo Ara\u00fajo, informou que a ades\u00e3o da popula\u00e7\u00e3o foi t\u00e3o boa, que a a\u00e7\u00e3o ser\u00e1 retomada nesta sexta-feira, 13\/12, e s\u00e1bado, 14\/12, nas 10 lojas do grupo.<\/p>\n\n\n\n<p>\u201cNos dias \u00fateis da semana muitos tutores est\u00e3o trabalhando e n\u00e3o podem receber as equipes, o que acaba prejudicando a a\u00e7\u00e3o de vacina\u00e7\u00e3o, por isso resolvemos facilitar esse acesso, colocando essas esta\u00e7\u00f5es nos supermercados na sexta e no s\u00e1bado, quando as pessoas t\u00eam um pouco mais de tempo e podem ir a uma loja mais pr\u00f3xima de sua casa\u201d, refor\u00e7a.<\/p>\n\n\n\n<p>Em Manaus, a meta \u00e9 proteger 295.077 animais (215.077 c\u00e3es e 80.000 gatos), contra o v\u00edrus da raiva at\u00e9 o dia 20 de dezembro. Os animais precisam estar em boas condi\u00e7\u00f5es de sa\u00fade e ter a partir de tr\u00eas meses para receber a vacina.<\/p>\n\n\n\n<p>A prote\u00e7\u00e3o vacinal contra a raiva \u00e9 anual e obrigat\u00f3ria. Rodrigo Ara\u00fajo confirma que a vacina\u00e7\u00e3o \u00e9 uma estrat\u00e9gia confi\u00e1vel para prevenir a infec\u00e7\u00e3o pelo v\u00edrus rabies v\u00edrus (raBV) e alerta sobre os riscos aos quais animais e seres humanos correm quando a vacina\u00e7\u00e3o n\u00e3o ocorre.<\/p>\n\n\n\n<p>\u201cAo acometer os animais, o v\u00edrus da raiva representa um grave risco aos humanos, uma vez que os c\u00e3es e os gatos podem transmitir a infec\u00e7\u00e3o por meio de mordidas, arranhaduras e mordeduras. A infec\u00e7\u00e3o n\u00e3o tem cura e \u00e9 fatal, por isso refor\u00e7amos a import\u00e2ncia de levar seu cachorro e gato para ser vacinado\u201d.\u00a0<\/p>\n\n\n\n<p>O CCZ disponibiliza os n\u00fameros 98842-8359 e 98842-8484 para que a popula\u00e7\u00e3o esclare\u00e7a suas d\u00favidas e receba orienta\u00e7\u00f5es.<\/p>\n\n\n\n<p>&#8212; &#8212; &#8212;<\/p>\n\n\n\n<p><strong>Texto &#8211;<\/strong>&nbsp;T\u00e2nia Brand\u00e3o \/ Semsa<\/p>\n\n\n\n<p><strong>Fotos \u2013 <\/strong>Divulga\u00e7\u00e3o \/ Semsa&nbsp;<\/p>\n","protected":false},"excerpt":{"rendered":"","protected":false},"author":61,"featured_media":232855,"comment_status":"closed","ping_status":"closed","sticky":false,"template":"","format":"standard","meta":{"footnotes":""},"categories":[2009],"tags":[12855,12856,287,77,162,2317],"acf":[],"yoast_head":"<!-- This site is optimized with the Yoast SEO plugin v23.0 - https:\/\/yoast.com\/wordpress\/plugins\/seo\/ -->\n<title>Vacina\u00e7\u00e3o Antirr\u00e1bica da Prefeitura de Manaus j\u00e1 imunizou 203 mil c\u00e3es e gatos na capital<\/title>\n<meta name=\"description\" content=\"A campanha antirr\u00e1bica da Prefeitura de Manaus j\u00e1 imunizou 203 mil animais, entre gatos e cachorros, na capital.\" \/>\n<meta name=\"robots\" content=\"index, follow, max-snippet:-1, max-image-preview:large, max-video-preview:-1\" \/>\n<link rel=\"canonical\" href=\"https:\/\/www.manaus.am.gov.br\/semcom\/vacinacao-caes-gatos\/\" \/>\n<meta property=\"og:locale\" content=\"pt_BR\" \/>\n<meta property=\"og:type\" content=\"article\" \/>\n<meta property=\"og:title\" content=\"Vacina\u00e7\u00e3o Antirr\u00e1bica da Prefeitura de Manaus j\u00e1 imunizou 203 mil c\u00e3es e gatos na capital\" \/>\n<meta property=\"og:description\" content=\"A campanha antirr\u00e1bica da Prefeitura de Manaus j\u00e1 imunizou 203 mil animais, entre gatos e cachorros, na capital.\" \/>\n<meta property=\"og:url\" content=\"https:\/\/www.manaus.am.gov.br\/semcom\/vacinacao-caes-gatos\/\" \/>\n<meta property=\"og:site_name\" content=\"SEMCOM\" \/>\n<meta property=\"article:published_time\" content=\"2024-12-10T22:06:04+00:00\" \/>\n<meta property=\"article:modified_time\" content=\"2024-12-10T22:13:25+00:00\" \/>\n<meta property=\"og:image\" content=\"https:\/\/www.manaus.am.gov.br\/semcom\/wp-content\/uploads\/sites\/5\/2024\/12\/Dezembro-10_Vacinacao-antirrabica-parcial-3.jpg\" \/>\n\t<meta property=\"og:image:width\" content=\"4898\" \/>\n\t<meta property=\"og:image:height\" content=\"3265\" \/>\n\t<meta property=\"og:image:type\" content=\"image\/jpeg\" \/>\n<meta name=\"author\" content=\"smonteiro\" \/>\n<meta name=\"twitter:card\" content=\"summary_large_image\" \/>\n<meta name=\"twitter:label1\" content=\"Written by\" \/>\n\t<meta name=\"twitter:data1\" content=\"smonteiro\" \/>\n\t<meta name=\"twitter:label2\" content=\"Est. reading time\" \/>\n\t<meta name=\"twitter:data2\" content=\"3 minutos\" \/>\n<script type=\"application\/ld+json\" class=\"yoast-schema-graph\">{\"@context\":\"https:\/\/schema.org\",\"@graph\":[{\"@type\":\"WebPage\",\"@id\":\"https:\/\/www.manaus.am.gov.br\/semcom\/vacinacao-caes-gatos\/\",\"url\":\"https:\/\/www.manaus.am.gov.br\/semcom\/vacinacao-caes-gatos\/\",\"name\":\"Vacina\u00e7\u00e3o Antirr\u00e1bica da Prefeitura de Manaus j\u00e1 imunizou 203 mil c\u00e3es e gatos na capital\",\"isPartOf\":{\"@id\":\"https:\/\/www.manaus.am.gov.br\/semcom\/#website\"},\"primaryImageOfPage\":{\"@id\":\"https:\/\/www.manaus.am.gov.br\/semcom\/vacinacao-caes-gatos\/#primaryimage\"},\"image\":{\"@id\":\"https:\/\/www.manaus.am.gov.br\/semcom\/vacinacao-caes-gatos\/#primaryimage\"},\"thumbnailUrl\":\"https:\/\/www.manaus.am.gov.br\/semcom\/wp-content\/uploads\/sites\/5\/2024\/12\/Dezembro-10_Vacinacao-antirrabica-parcial-3.jpg\",\"datePublished\":\"2024-12-10T22:06:04+00:00\",\"dateModified\":\"2024-12-10T22:13:25+00:00\",\"author\":{\"@id\":\"https:\/\/www.manaus.am.gov.br\/semcom\/#\/schema\/person\/ab4dcf766a54dff74e8d267f5c591961\"},\"description\":\"A campanha antirr\u00e1bica da Prefeitura de Manaus j\u00e1 imunizou 203 mil animais, entre gatos e cachorros, na capital.\",\"inLanguage\":\"pt-BR\",\"potentialAction\":[{\"@type\":\"ReadAction\",\"target\":[\"https:\/\/www.manaus.am.gov.br\/semcom\/vacinacao-caes-gatos\/\"]}]},{\"@type\":\"ImageObject\",\"inLanguage\":\"pt-BR\",\"@id\":\"https:\/\/www.manaus.am.gov.br\/semcom\/vacinacao-caes-gatos\/#primaryimage\",\"url\":\"https:\/\/www.manaus.am.gov.br\/semcom\/wp-content\/uploads\/sites\/5\/2024\/12\/Dezembro-10_Vacinacao-antirrabica-parcial-3.jpg\",\"contentUrl\":\"https:\/\/www.manaus.am.gov.br\/semcom\/wp-content\/uploads\/sites\/5\/2024\/12\/Dezembro-10_Vacinacao-antirrabica-parcial-3.jpg\",\"width\":4898,\"height\":3265,\"caption\":\"#paratodosverem - tutora segura uma gata para ser imunizada\"},{\"@type\":\"WebSite\",\"@id\":\"https:\/\/www.manaus.am.gov.br\/semcom\/#website\",\"url\":\"https:\/\/www.manaus.am.gov.br\/semcom\/\",\"name\":\"SEMCOM\",\"description\":\"Secretaria Municipal de Comunica\u00e7\u00e3o\",\"potentialAction\":[{\"@type\":\"SearchAction\",\"target\":{\"@type\":\"EntryPoint\",\"urlTemplate\":\"https:\/\/www.manaus.am.gov.br\/semcom\/?s={search_term_string}\"},\"query-input\":\"required name=search_term_string\"}],\"inLanguage\":\"pt-BR\"},{\"@type\":\"Person\",\"@id\":\"https:\/\/www.manaus.am.gov.br\/semcom\/#\/schema\/person\/ab4dcf766a54dff74e8d267f5c591961\",\"name\":\"smonteiro\",\"image\":{\"@type\":\"ImageObject\",\"inLanguage\":\"pt-BR\",\"@id\":\"https:\/\/www.manaus.am.gov.br\/semcom\/#\/schema\/person\/image\/\",\"url\":\"https:\/\/secure.gravatar.com\/avatar\/21c8776ef61d9272c73322052e042d77?s=96&d=mm&r=g\",\"contentUrl\":\"https:\/\/secure.gravatar.com\/avatar\/21c8776ef61d9272c73322052e042d77?s=96&d=mm&r=g\",\"caption\":\"smonteiro\"}}]}<\/script>\n<!-- \/ Yoast SEO plugin. -->","yoast_head_json":{"title":"Vacina\u00e7\u00e3o Antirr\u00e1bica da Prefeitura de Manaus j\u00e1 imunizou 203 mil c\u00e3es e gatos na capital","description":"A campanha antirr\u00e1bica da Prefeitura de Manaus j\u00e1 imunizou 203 mil animais, entre gatos e cachorros, na capital.","robots":{"index":"index","follow":"follow","max-snippet":"max-snippet:-1","max-image-preview":"max-image-preview:large","max-video-preview":"max-video-preview:-1"},"canonical":"https:\/\/www.manaus.am.gov.br\/semcom\/vacinacao-caes-gatos\/","og_locale":"pt_BR","og_type":"article","og_title":"Vacina\u00e7\u00e3o Antirr\u00e1bica da Prefeitura de Manaus j\u00e1 imunizou 203 mil c\u00e3es e gatos na capital","og_description":"A campanha antirr\u00e1bica da Prefeitura de Manaus j\u00e1 imunizou 203 mil animais, entre gatos e cachorros, na capital.","og_url":"https:\/\/www.manaus.am.gov.br\/semcom\/vacinacao-caes-gatos\/","og_site_name":"SEMCOM","article_published_time":"2024-12-10T22:06:04+00:00","article_modified_time":"2024-12-10T22:13:25+00:00","og_image":[{"width":4898,"height":3265,"url":"https:\/\/www.manaus.am.gov.br\/semcom\/wp-content\/uploads\/sites\/5\/2024\/12\/Dezembro-10_Vacinacao-antirrabica-parcial-3.jpg","type":"image\/jpeg"}],"author":"smonteiro","twitter_card":"summary_large_image","twitter_misc":{"Written by":"smonteiro","Est. reading time":"3 minutos"},"schema":{"@context":"https:\/\/schema.org","@graph":[{"@type":"WebPage","@id":"https:\/\/www.manaus.am.gov.br\/semcom\/vacinacao-caes-gatos\/","url":"https:\/\/www.manaus.am.gov.br\/semcom\/vacinacao-caes-gatos\/","name":"Vacina\u00e7\u00e3o Antirr\u00e1bica da Prefeitura de Manaus j\u00e1 imunizou 203 mil c\u00e3es e gatos na capital","isPartOf":{"@id":"https:\/\/www.manaus.am.gov.br\/semcom\/#website"},"primaryImageOfPage":{"@id":"https:\/\/www.manaus.am.gov.br\/semcom\/vacinacao-caes-gatos\/#primaryimage"},"image":{"@id":"https:\/\/www.manaus.am.gov.br\/semcom\/vacinacao-caes-gatos\/#primaryimage"},"thumbnailUrl":"https:\/\/www.manaus.am.gov.br\/semcom\/wp-content\/uploads\/sites\/5\/2024\/12\/Dezembro-10_Vacinacao-antirrabica-parcial-3.jpg","datePublished":"2024-12-10T22:06:04+00:00","dateModified":"2024-12-10T22:13:25+00:00","author":{"@id":"https:\/\/www.manaus.am.gov.br\/semcom\/#\/schema\/person\/ab4dcf766a54dff74e8d267f5c591961"},"description":"A campanha antirr\u00e1bica da Prefeitura de Manaus j\u00e1 imunizou 203 mil animais, entre gatos e cachorros, na capital.","inLanguage":"pt-BR","potentialAction":[{"@type":"ReadAction","target":["https:\/\/www.manaus.am.gov.br\/semcom\/vacinacao-caes-gatos\/"]}]},{"@type":"ImageObject","inLanguage":"pt-BR","@id":"https:\/\/www.manaus.am.gov.br\/semcom\/vacinacao-caes-gatos\/#primaryimage","url":"https:\/\/www.manaus.am.gov.br\/semcom\/wp-content\/uploads\/sites\/5\/2024\/12\/Dezembro-10_Vacinacao-antirrabica-parcial-3.jpg","contentUrl":"https:\/\/www.manaus.am.gov.br\/semcom\/wp-content\/uploads\/sites\/5\/2024\/12\/Dezembro-10_Vacinacao-antirrabica-parcial-3.jpg","width":4898,"height":3265,"caption":"#paratodosverem - tutora segura uma gata para ser imunizada"},{"@type":"WebSite","@id":"https:\/\/www.manaus.am.gov.br\/semcom\/#website","url":"https:\/\/www.manaus.am.gov.br\/semcom\/","name":"SEMCOM","description":"Secretaria Municipal de Comunica\u00e7\u00e3o","potentialAction":[{"@type":"SearchAction","target":{"@type":"EntryPoint","urlTemplate":"https:\/\/www.manaus.am.gov.br\/semcom\/?s={search_term_string}"},"query-input":"required name=search_term_string"}],"inLanguage":"pt-BR"},{"@type":"Person","@id":"https:\/\/www.manaus.am.gov.br\/semcom\/#\/schema\/person\/ab4dcf766a54dff74e8d267f5c591961","name":"smonteiro","image":{"@type":"ImageObject","inLanguage":"pt-BR","@id":"https:\/\/www.manaus.am.gov.br\/semcom\/#\/schema\/person\/image\/","url":"https:\/\/secure.gravatar.com\/avatar\/21c8776ef61d9272c73322052e042d77?s=96&d=mm&r=g","contentUrl":"https:\/\/secure.gravatar.com\/avatar\/21c8776ef61d9272c73322052e042d77?s=96&d=mm&r=g","caption":"smonteiro"}}]}},"_links":{"self":[{"href":"https:\/\/www.manaus.am.gov.br\/semcom\/wp-json\/wp\/v2\/posts\/232854"}],"collection":[{"href":"https:\/\/www.manaus.am.gov.br\/semcom\/wp-json\/wp\/v2\/posts"}],"about":[{"href":"https:\/\/www.manaus.am.gov.br\/semcom\/wp-json\/wp\/v2\/types\/post"}],"author":[{"embeddable":true,"href":"https:\/\/www.manaus.am.gov.br\/semcom\/wp-json\/wp\/v2\/users\/61"}],"replies":[{"embeddable":true,"href":"https:\/\/www.manaus.am.gov.br\/semcom\/wp-json\/wp\/v2\/comments?post=232854"}],"version-history":[{"count":1,"href":"https:\/\/www.manaus.am.gov.br\/semcom\/wp-json\/wp\/v2\/posts\/232854\/revisions"}],"predecessor-version":[{"id":232856,"href":"https:\/\/www.manaus.am.gov.br\/semcom\/wp-json\/wp\/v2\/posts\/232854\/revisions\/232856"}],"wp:featuredmedia":[{"embeddable":true,"href":"https:\/\/www.manaus.am.gov.br\/semcom\/wp-json\/wp\/v2\/media\/232855"}],"wp:attachment":[{"href":"https:\/\/www.manaus.am.gov.br\/semcom\/wp-json\/wp\/v2\/media?parent=232854"}],"wp:term":[{"taxonomy":"category","embeddable":true,"href":"https:\/\/www.manaus.am.gov.br\/semcom\/wp-json\/wp\/v2\/categories?post=232854"},{"taxonomy":"post_tag","embeddable":true,"href":"https:\/\/www.manaus.am.gov.br\/semcom\/wp-json\/wp\/v2\/tags?post=232854"}],"curies":[{"name":"wp","href":"https:\/\/api.w.org\/{rel}","templated":true}]}}