{"id":232786,"date":"2024-12-09T14:54:28","date_gmt":"2024-12-09T17:54:28","guid":{"rendered":"https:\/\/www.manaus.am.gov.br\/semcom\/limpeza-manutencao-revitalizacao-em-diversos-pontos\/"},"modified":"2024-12-09T14:54:29","modified_gmt":"2024-12-09T17:54:29","slug":"limpeza-manutencao-revitalizacao-em-diversos-pontos","status":"publish","type":"post","link":"https:\/\/www.manaus.am.gov.br\/semcom\/limpeza-manutencao-revitalizacao-em-diversos-pontos\/","title":{"rendered":"Prefeitura de Manaus amplia servi\u00e7os de limpeza, manuten\u00e7\u00e3o e revitaliza\u00e7\u00e3o em diversos pontos da cidade"},"content":{"rendered":"\n<p>A Prefeitura de Manaus, por meio da Secretaria Municipal de Limpeza Urbana (Semulsp), promoveu, nesta segunda-feira, 9\/12, uma s\u00e9rie de a\u00e7\u00f5es de limpeza e manuten\u00e7\u00e3o em diferentes \u00e1reas da cidade. Na regi\u00e3o central, os servi\u00e7os incluem a limpeza e remo\u00e7\u00e3o de res\u00edduos nas avenidas Leonardo Malcher, \u00c1lvaro Maia e Get\u00falio Vargas. Al\u00e9m disso, equipes est\u00e3o realizando melhorias estruturais, como servi\u00e7os el\u00e9tricos, manuten\u00e7\u00e3o de cal\u00e7adas e meios-fios, e a aplica\u00e7\u00e3o de nova pintura.<\/p>\n\n\n\n<p>O centro de Manaus vem passando por um processo de revitaliza\u00e7\u00e3o que j\u00e1 mostra resultados positivos. De acordo com o secret\u00e1rio da Semulsp, Sab\u00e1 Reis, as mudan\u00e7as t\u00eam transformado o cora\u00e7\u00e3o da capital amazonense.<\/p>\n\n\n\n<p>&#8220;A revitaliza\u00e7\u00e3o do Centro \u00e9 mais que uma quest\u00e3o est\u00e9tica, \u00e9 um compromisso com o resgate da hist\u00f3ria e da vida urbana de Manaus. Estamos devolvendo aos manauaras um espa\u00e7o renovado e limpo, que promove bem-estar e orgulho para a popula\u00e7\u00e3o&#8221;, afirmou Reis.<\/p>\n\n\n\n<p>Al\u00e9m da \u00e1rea central, os servi\u00e7os da Semulsp est\u00e3o acontecendo em outros pontos estrat\u00e9gicos da cidade. Na avenida do Turismo, zona Oeste, as equipes realizam poda e manuten\u00e7\u00e3o de \u00e1reas verdes; na avenida Torquato Tapaj\u00f3s, zona Centro-Sul, o foco est\u00e1 nos trabalhos de capina; e na pra\u00e7a do conjunto K\u00edssia, zona Centro-Oeste, a\u00e7\u00f5es de manuten\u00e7\u00e3o est\u00e3o sendo feitas para revitalizar o espa\u00e7o p\u00fablico.<\/p>\n\n\n\n<p>Outras a\u00e7\u00f5es incluem a limpeza de igarap\u00e9s no bairro Reden\u00e7\u00e3o, zona Centro-Oeste, manuten\u00e7\u00e3o na bola das Letras, zona Centro-Sul, e servi\u00e7os de conserva\u00e7\u00e3o nas orlas da cidade, \u00e1reas que t\u00eam grande import\u00e2ncia para o lazer e a mobilidade dos cidad\u00e3os.<\/p>\n\n\n\n<p>As a\u00e7\u00f5es da prefeitura s\u00e3o cont\u00ednuas e fazem parte de um esfor\u00e7o integrado para tornar Manaus uma cidade cada vez mais acolhedora e moderna.<\/p>\n\n\n\n<p>&#8212; &#8212; &#8212;<\/p>\n\n\n\n<p><strong>Texto \u2013\u00a0<\/strong>Alex Melo\/Semulsp<\/p>\n\n\n\n<p><strong>Fotos \u2013 <\/strong>Divulga\u00e7\u00e3o\/Semulsp<\/p>\n","protected":false},"excerpt":{"rendered":"","protected":false},"author":39,"featured_media":232787,"comment_status":"closed","ping_status":"closed","sticky":false,"template":"","format":"standard","meta":{"footnotes":""},"categories":[46],"tags":[12831,12832,77,301,1031],"acf":[],"yoast_head":"<!-- This site is optimized with the Yoast SEO plugin v23.0 - https:\/\/yoast.com\/wordpress\/plugins\/seo\/ -->\n<title>Limpeza, manuten\u00e7\u00e3o e revitaliza\u00e7\u00e3o em diversos pontos<\/title>\n<meta name=\"description\" content=\"Prefeitura de Manaus, por meio da Semulsp, amplia servi\u00e7os de limpeza, manuten\u00e7\u00e3o e revitaliza\u00e7\u00e3o em diversos pontos da cidade.\" \/>\n<meta name=\"robots\" content=\"index, follow, max-snippet:-1, max-image-preview:large, max-video-preview:-1\" \/>\n<link rel=\"canonical\" href=\"https:\/\/www.manaus.am.gov.br\/semcom\/limpeza-manutencao-revitalizacao-em-diversos-pontos\/\" \/>\n<meta property=\"og:locale\" content=\"pt_BR\" \/>\n<meta property=\"og:type\" content=\"article\" \/>\n<meta property=\"og:title\" content=\"Limpeza, manuten\u00e7\u00e3o e revitaliza\u00e7\u00e3o em diversos pontos\" \/>\n<meta property=\"og:description\" content=\"Prefeitura de Manaus, por meio da Semulsp, amplia servi\u00e7os de limpeza, manuten\u00e7\u00e3o e revitaliza\u00e7\u00e3o em diversos pontos da cidade.\" \/>\n<meta property=\"og:url\" content=\"https:\/\/www.manaus.am.gov.br\/semcom\/limpeza-manutencao-revitalizacao-em-diversos-pontos\/\" \/>\n<meta property=\"og:site_name\" content=\"SEMCOM\" \/>\n<meta property=\"article:published_time\" content=\"2024-12-09T17:54:28+00:00\" \/>\n<meta property=\"article:modified_time\" content=\"2024-12-09T17:54:29+00:00\" \/>\n<meta property=\"og:image\" content=\"https:\/\/www.manaus.am.gov.br\/semcom\/wp-content\/uploads\/sites\/5\/2024\/12\/Limpeza-3-1.jpeg\" \/>\n\t<meta property=\"og:image:width\" content=\"1599\" \/>\n\t<meta property=\"og:image:height\" content=\"899\" \/>\n\t<meta property=\"og:image:type\" content=\"image\/jpeg\" \/>\n<meta name=\"author\" content=\"Bruna Greco\" \/>\n<meta name=\"twitter:card\" content=\"summary_large_image\" \/>\n<meta name=\"twitter:label1\" content=\"Written by\" \/>\n\t<meta name=\"twitter:data1\" content=\"Bruna Greco\" \/>\n\t<meta name=\"twitter:label2\" content=\"Est. reading time\" \/>\n\t<meta name=\"twitter:data2\" content=\"2 minutos\" \/>\n<script type=\"application\/ld+json\" class=\"yoast-schema-graph\">{\"@context\":\"https:\/\/schema.org\",\"@graph\":[{\"@type\":\"WebPage\",\"@id\":\"https:\/\/www.manaus.am.gov.br\/semcom\/limpeza-manutencao-revitalizacao-em-diversos-pontos\/\",\"url\":\"https:\/\/www.manaus.am.gov.br\/semcom\/limpeza-manutencao-revitalizacao-em-diversos-pontos\/\",\"name\":\"Limpeza, manuten\u00e7\u00e3o e revitaliza\u00e7\u00e3o em diversos pontos\",\"isPartOf\":{\"@id\":\"https:\/\/www.manaus.am.gov.br\/semcom\/#website\"},\"primaryImageOfPage\":{\"@id\":\"https:\/\/www.manaus.am.gov.br\/semcom\/limpeza-manutencao-revitalizacao-em-diversos-pontos\/#primaryimage\"},\"image\":{\"@id\":\"https:\/\/www.manaus.am.gov.br\/semcom\/limpeza-manutencao-revitalizacao-em-diversos-pontos\/#primaryimage\"},\"thumbnailUrl\":\"https:\/\/www.manaus.am.gov.br\/semcom\/wp-content\/uploads\/sites\/5\/2024\/12\/Limpeza-3-1.jpeg\",\"datePublished\":\"2024-12-09T17:54:28+00:00\",\"dateModified\":\"2024-12-09T17:54:29+00:00\",\"author\":{\"@id\":\"https:\/\/www.manaus.am.gov.br\/semcom\/#\/schema\/person\/05d223aea2bf115f9883a6ff3683d81b\"},\"description\":\"Prefeitura de Manaus, por meio da Semulsp, amplia servi\u00e7os de limpeza, manuten\u00e7\u00e3o e revitaliza\u00e7\u00e3o em diversos pontos da cidade.\",\"inLanguage\":\"pt-BR\",\"potentialAction\":[{\"@type\":\"ReadAction\",\"target\":[\"https:\/\/www.manaus.am.gov.br\/semcom\/limpeza-manutencao-revitalizacao-em-diversos-pontos\/\"]}]},{\"@type\":\"ImageObject\",\"inLanguage\":\"pt-BR\",\"@id\":\"https:\/\/www.manaus.am.gov.br\/semcom\/limpeza-manutencao-revitalizacao-em-diversos-pontos\/#primaryimage\",\"url\":\"https:\/\/www.manaus.am.gov.br\/semcom\/wp-content\/uploads\/sites\/5\/2024\/12\/Limpeza-3-1.jpeg\",\"contentUrl\":\"https:\/\/www.manaus.am.gov.br\/semcom\/wp-content\/uploads\/sites\/5\/2024\/12\/Limpeza-3-1.jpeg\",\"width\":1599,\"height\":899,\"caption\":\"#paratodosverem - Servidores da Semulsp realizando limpeza de lixeira em via p\u00fablica de Manaus\"},{\"@type\":\"WebSite\",\"@id\":\"https:\/\/www.manaus.am.gov.br\/semcom\/#website\",\"url\":\"https:\/\/www.manaus.am.gov.br\/semcom\/\",\"name\":\"SEMCOM\",\"description\":\"Secretaria Municipal de Comunica\u00e7\u00e3o\",\"potentialAction\":[{\"@type\":\"SearchAction\",\"target\":{\"@type\":\"EntryPoint\",\"urlTemplate\":\"https:\/\/www.manaus.am.gov.br\/semcom\/?s={search_term_string}\"},\"query-input\":\"required name=search_term_string\"}],\"inLanguage\":\"pt-BR\"},{\"@type\":\"Person\",\"@id\":\"https:\/\/www.manaus.am.gov.br\/semcom\/#\/schema\/person\/05d223aea2bf115f9883a6ff3683d81b\",\"name\":\"Bruna Greco\",\"image\":{\"@type\":\"ImageObject\",\"inLanguage\":\"pt-BR\",\"@id\":\"https:\/\/www.manaus.am.gov.br\/semcom\/#\/schema\/person\/image\/\",\"url\":\"https:\/\/secure.gravatar.com\/avatar\/9c877d1a6adc2a055330e5c09a8653ce?s=96&d=mm&r=g\",\"contentUrl\":\"https:\/\/secure.gravatar.com\/avatar\/9c877d1a6adc2a055330e5c09a8653ce?s=96&d=mm&r=g\",\"caption\":\"Bruna Greco\"}}]}<\/script>\n<!-- \/ Yoast SEO plugin. -->","yoast_head_json":{"title":"Limpeza, manuten\u00e7\u00e3o e revitaliza\u00e7\u00e3o em diversos pontos","description":"Prefeitura de Manaus, por meio da Semulsp, amplia servi\u00e7os de limpeza, manuten\u00e7\u00e3o e revitaliza\u00e7\u00e3o em diversos pontos da cidade.","robots":{"index":"index","follow":"follow","max-snippet":"max-snippet:-1","max-image-preview":"max-image-preview:large","max-video-preview":"max-video-preview:-1"},"canonical":"https:\/\/www.manaus.am.gov.br\/semcom\/limpeza-manutencao-revitalizacao-em-diversos-pontos\/","og_locale":"pt_BR","og_type":"article","og_title":"Limpeza, manuten\u00e7\u00e3o e revitaliza\u00e7\u00e3o em diversos pontos","og_description":"Prefeitura de Manaus, por meio da Semulsp, amplia servi\u00e7os de limpeza, manuten\u00e7\u00e3o e revitaliza\u00e7\u00e3o em diversos pontos da cidade.","og_url":"https:\/\/www.manaus.am.gov.br\/semcom\/limpeza-manutencao-revitalizacao-em-diversos-pontos\/","og_site_name":"SEMCOM","article_published_time":"2024-12-09T17:54:28+00:00","article_modified_time":"2024-12-09T17:54:29+00:00","og_image":[{"width":1599,"height":899,"url":"https:\/\/www.manaus.am.gov.br\/semcom\/wp-content\/uploads\/sites\/5\/2024\/12\/Limpeza-3-1.jpeg","type":"image\/jpeg"}],"author":"Bruna Greco","twitter_card":"summary_large_image","twitter_misc":{"Written by":"Bruna Greco","Est. reading time":"2 minutos"},"schema":{"@context":"https:\/\/schema.org","@graph":[{"@type":"WebPage","@id":"https:\/\/www.manaus.am.gov.br\/semcom\/limpeza-manutencao-revitalizacao-em-diversos-pontos\/","url":"https:\/\/www.manaus.am.gov.br\/semcom\/limpeza-manutencao-revitalizacao-em-diversos-pontos\/","name":"Limpeza, manuten\u00e7\u00e3o e revitaliza\u00e7\u00e3o em diversos pontos","isPartOf":{"@id":"https:\/\/www.manaus.am.gov.br\/semcom\/#website"},"primaryImageOfPage":{"@id":"https:\/\/www.manaus.am.gov.br\/semcom\/limpeza-manutencao-revitalizacao-em-diversos-pontos\/#primaryimage"},"image":{"@id":"https:\/\/www.manaus.am.gov.br\/semcom\/limpeza-manutencao-revitalizacao-em-diversos-pontos\/#primaryimage"},"thumbnailUrl":"https:\/\/www.manaus.am.gov.br\/semcom\/wp-content\/uploads\/sites\/5\/2024\/12\/Limpeza-3-1.jpeg","datePublished":"2024-12-09T17:54:28+00:00","dateModified":"2024-12-09T17:54:29+00:00","author":{"@id":"https:\/\/www.manaus.am.gov.br\/semcom\/#\/schema\/person\/05d223aea2bf115f9883a6ff3683d81b"},"description":"Prefeitura de Manaus, por meio da Semulsp, amplia servi\u00e7os de limpeza, manuten\u00e7\u00e3o e revitaliza\u00e7\u00e3o em diversos pontos da cidade.","inLanguage":"pt-BR","potentialAction":[{"@type":"ReadAction","target":["https:\/\/www.manaus.am.gov.br\/semcom\/limpeza-manutencao-revitalizacao-em-diversos-pontos\/"]}]},{"@type":"ImageObject","inLanguage":"pt-BR","@id":"https:\/\/www.manaus.am.gov.br\/semcom\/limpeza-manutencao-revitalizacao-em-diversos-pontos\/#primaryimage","url":"https:\/\/www.manaus.am.gov.br\/semcom\/wp-content\/uploads\/sites\/5\/2024\/12\/Limpeza-3-1.jpeg","contentUrl":"https:\/\/www.manaus.am.gov.br\/semcom\/wp-content\/uploads\/sites\/5\/2024\/12\/Limpeza-3-1.jpeg","width":1599,"height":899,"caption":"#paratodosverem - Servidores da Semulsp realizando limpeza de lixeira em via p\u00fablica de Manaus"},{"@type":"WebSite","@id":"https:\/\/www.manaus.am.gov.br\/semcom\/#website","url":"https:\/\/www.manaus.am.gov.br\/semcom\/","name":"SEMCOM","description":"Secretaria Municipal de Comunica\u00e7\u00e3o","potentialAction":[{"@type":"SearchAction","target":{"@type":"EntryPoint","urlTemplate":"https:\/\/www.manaus.am.gov.br\/semcom\/?s={search_term_string}"},"query-input":"required name=search_term_string"}],"inLanguage":"pt-BR"},{"@type":"Person","@id":"https:\/\/www.manaus.am.gov.br\/semcom\/#\/schema\/person\/05d223aea2bf115f9883a6ff3683d81b","name":"Bruna Greco","image":{"@type":"ImageObject","inLanguage":"pt-BR","@id":"https:\/\/www.manaus.am.gov.br\/semcom\/#\/schema\/person\/image\/","url":"https:\/\/secure.gravatar.com\/avatar\/9c877d1a6adc2a055330e5c09a8653ce?s=96&d=mm&r=g","contentUrl":"https:\/\/secure.gravatar.com\/avatar\/9c877d1a6adc2a055330e5c09a8653ce?s=96&d=mm&r=g","caption":"Bruna Greco"}}]}},"_links":{"self":[{"href":"https:\/\/www.manaus.am.gov.br\/semcom\/wp-json\/wp\/v2\/posts\/232786"}],"collection":[{"href":"https:\/\/www.manaus.am.gov.br\/semcom\/wp-json\/wp\/v2\/posts"}],"about":[{"href":"https:\/\/www.manaus.am.gov.br\/semcom\/wp-json\/wp\/v2\/types\/post"}],"author":[{"embeddable":true,"href":"https:\/\/www.manaus.am.gov.br\/semcom\/wp-json\/wp\/v2\/users\/39"}],"replies":[{"embeddable":true,"href":"https:\/\/www.manaus.am.gov.br\/semcom\/wp-json\/wp\/v2\/comments?post=232786"}],"version-history":[{"count":0,"href":"https:\/\/www.manaus.am.gov.br\/semcom\/wp-json\/wp\/v2\/posts\/232786\/revisions"}],"wp:featuredmedia":[{"embeddable":true,"href":"https:\/\/www.manaus.am.gov.br\/semcom\/wp-json\/wp\/v2\/media\/232787"}],"wp:attachment":[{"href":"https:\/\/www.manaus.am.gov.br\/semcom\/wp-json\/wp\/v2\/media?parent=232786"}],"wp:term":[{"taxonomy":"category","embeddable":true,"href":"https:\/\/www.manaus.am.gov.br\/semcom\/wp-json\/wp\/v2\/categories?post=232786"},{"taxonomy":"post_tag","embeddable":true,"href":"https:\/\/www.manaus.am.gov.br\/semcom\/wp-json\/wp\/v2\/tags?post=232786"}],"curies":[{"name":"wp","href":"https:\/\/api.w.org\/{rel}","templated":true}]}}