{"id":232759,"date":"2024-12-07T23:18:46","date_gmt":"2024-12-08T03:18:46","guid":{"rendered":"https:\/\/www.manaus.am.gov.br\/semcom\/espetaculo-sonho-natal\/"},"modified":"2024-12-07T23:18:46","modified_gmt":"2024-12-08T03:18:46","slug":"espetaculo-sonho-natal","status":"publish","type":"post","link":"https:\/\/www.manaus.am.gov.br\/semcom\/espetaculo-sonho-natal\/","title":{"rendered":"Prefeitura de Manaus leva espet\u00e1culo &#8220;Um Sonho de Natal&#8221;, da Nova Igreja Batista, ao anfiteatro da Ponta Negra"},"content":{"rendered":"\n<p>O prefeito de Manaus, David Almeida, acompanhou, na noite deste s\u00e1bado, 7\/12, no anfiteatro do complexo tur\u00edstico Ponta Negra, na zona Oeste da cidade, a apresenta\u00e7\u00e3o especial do espet\u00e1culo \u201cUm Sonho de Natal\u201d, programa\u00e7\u00e3o gratuita realizada pela Prefeitura de Manaus, por meio do Fundo Manaus Solid\u00e1ria (FMS), em parceria com a Nova Igreja Batista (NIB).<\/p>\n\n\n\n<p>Na ocasi\u00e3o, o chefe do Poder Executivo municipal sugeriu aos vereadores que o espet\u00e1culo, que este ano chega a sua 23\u00aa edi\u00e7\u00e3o como a maior celebra\u00e7\u00e3o natalina do Norte do Brasil, organizado por uma igreja, seja considerado patrim\u00f4nio hist\u00f3rico cultural imaterial da cidade.<\/p>\n\n\n\n<p>\u201cJ\u00e1 d\u00e1 para alguns vereadores l\u00e1 (da C\u00e2mara Municipal de Manaus) colocarem como um patrim\u00f4nio hist\u00f3rico: \u00e9 uma sugest\u00e3o que eu fa\u00e7o, porque \u00e9 um espet\u00e1culo que Manaus toda j\u00e1 conhece; Manaus toda assiste. Antes assistiam dentro da igreja e agora est\u00e3o assistindo aqui, em um espa\u00e7o p\u00fablico, aberto e, sem d\u00favida alguma, com acesso de mais pessoas\u201d, avaliou o prefeito de Manaus, David Almeida.<\/p>\n\n\n\n<figure class=\"wp-block-image size-full\"><img loading=\"lazy\" decoding=\"async\" width=\"799\" height=\"533\" src=\"https:\/\/www.manaus.am.gov.br\/semcom\/wp-content\/uploads\/sites\/5\/2024\/12\/Um-Sonho-de-Natal-na-Ponta-Negra-2.jpg\" alt=\"\" class=\"wp-image-232761\" srcset=\"https:\/\/www.manaus.am.gov.br\/semcom\/wp-content\/uploads\/sites\/5\/2024\/12\/Um-Sonho-de-Natal-na-Ponta-Negra-2.jpg 799w, https:\/\/www.manaus.am.gov.br\/semcom\/wp-content\/uploads\/sites\/5\/2024\/12\/Um-Sonho-de-Natal-na-Ponta-Negra-2-300x200.jpg 300w, https:\/\/www.manaus.am.gov.br\/semcom\/wp-content\/uploads\/sites\/5\/2024\/12\/Um-Sonho-de-Natal-na-Ponta-Negra-2-768x512.jpg 768w\" sizes=\"(max-width: 799px) 100vw, 799px\" \/><\/figure>\n\n\n\n<p>A apresenta\u00e7\u00e3o, que pelo terceiro ano consecutivo integra o cronograma natalino da cidade, nesta exibi\u00e7\u00e3o &#8211; em sua vers\u00e3o pocket (reduzida) &#8211; conta com a participa\u00e7\u00e3o de mais de 600 volunt\u00e1rios da NIB durante os 35 minutos de apresenta\u00e7\u00e3o.<\/p>\n\n\n\n<p>\u201cNatal \u00e9 \u00e9poca de presente e n\u00f3s demos esse presente para a cidade e a prefeitura contribuiu ao abrir espa\u00e7o para as apresenta\u00e7\u00f5es. Quando eu era crian\u00e7a, eu ficava meio triste, porque n\u00e3o havia programa\u00e7\u00f5es como esta, na cidade. Agora, gra\u00e7as a Deus, temos esse espet\u00e1culo com muita qualidade. E quem j\u00e1 viu antes, l\u00e1 na nossa igreja, vai se surpreender com o avan\u00e7o este ano\u201d, ressaltou o pastor e fundador da Nova Igreja Batista (NIB), David Judson Hatcher.<\/p>\n\n\n\n<figure class=\"wp-block-image size-full\"><img loading=\"lazy\" decoding=\"async\" width=\"799\" height=\"533\" src=\"https:\/\/www.manaus.am.gov.br\/semcom\/wp-content\/uploads\/sites\/5\/2024\/12\/Um-Sonho-de-Natal-na-Ponta-Negra-3.jpg\" alt=\"\" class=\"wp-image-232762\" srcset=\"https:\/\/www.manaus.am.gov.br\/semcom\/wp-content\/uploads\/sites\/5\/2024\/12\/Um-Sonho-de-Natal-na-Ponta-Negra-3.jpg 799w, https:\/\/www.manaus.am.gov.br\/semcom\/wp-content\/uploads\/sites\/5\/2024\/12\/Um-Sonho-de-Natal-na-Ponta-Negra-3-300x200.jpg 300w, https:\/\/www.manaus.am.gov.br\/semcom\/wp-content\/uploads\/sites\/5\/2024\/12\/Um-Sonho-de-Natal-na-Ponta-Negra-3-768x512.jpg 768w\" sizes=\"(max-width: 799px) 100vw, 799px\" \/><\/figure>\n\n\n\n<p>O presidente do FMS, Emerson Castro, explicou que a programa\u00e7\u00e3o natalina, fruto da parceria firmada entre o Fundo Manaus Solid\u00e1ria (FMS) e a Nova Igreja Batista (NIB), reflete um exemplo positivo de coopera\u00e7\u00e3o entre o poder p\u00fablico e a sociedade civil organizada, mostrando como esfor\u00e7os conjuntos podem beneficiar toda a comunidade.<\/p>\n\n\n\n<p>\u201cEmbora o espet\u00e1culo seja realizado por uma entidade religiosa, ele costuma ser planejado de maneira inclusiva, capaz de atrair um p\u00fablico amplo, independentemente de cren\u00e7as. E aqui, todos presenciaram um espet\u00e1culo com uma produ\u00e7\u00e3o de alta qualidade, com cen\u00e1rios, figurinos e performances bem elaborados. Isso contribui para o enriquecimento cultural da cidade, incentivando a valoriza\u00e7\u00e3o das artes c\u00eanicas locais, al\u00e9m de gerar renda indireta para ambulantes e permission\u00e1rios que atuam no complexo tur\u00edstico\u201d, destacou Emerson Castro.<\/p>\n\n\n\n<figure class=\"wp-block-image size-full\"><img loading=\"lazy\" decoding=\"async\" width=\"799\" height=\"533\" src=\"https:\/\/www.manaus.am.gov.br\/semcom\/wp-content\/uploads\/sites\/5\/2024\/12\/Um-Sonho-de-Natal-na-Ponta-Negra-4.jpg\" alt=\"\" class=\"wp-image-232763\" srcset=\"https:\/\/www.manaus.am.gov.br\/semcom\/wp-content\/uploads\/sites\/5\/2024\/12\/Um-Sonho-de-Natal-na-Ponta-Negra-4.jpg 799w, https:\/\/www.manaus.am.gov.br\/semcom\/wp-content\/uploads\/sites\/5\/2024\/12\/Um-Sonho-de-Natal-na-Ponta-Negra-4-300x200.jpg 300w, https:\/\/www.manaus.am.gov.br\/semcom\/wp-content\/uploads\/sites\/5\/2024\/12\/Um-Sonho-de-Natal-na-Ponta-Negra-4-768x512.jpg 768w\" sizes=\"(max-width: 799px) 100vw, 799px\" \/><\/figure>\n\n\n\n<p>Para o espectador Amadeu Marreiros, a montagem surpreendeu, especialmente pela decora\u00e7\u00e3o e efeitos especiais, como a neve artificial. \u201c\u00c9 uma programa\u00e7\u00e3o que desde cedo eu vinha especulando e eu vim com a fam\u00edlia. Devido ao trabalho, eu pensei que n\u00e3o ia dar certo, mas, gra\u00e7as a Deus, deu certo e estamos aqui para prestigiar esse evento maravilhoso, que est\u00e1 muito bonito\u201d, disse.<\/p>\n\n\n\n<p>O prefeito antecipou que no dia 14 de dezembro, em mais uma parceria com a Prefeitura de Manaus, a cidade vai receber a Caravana de Natal da Coca-Cola 2024, que este ano tem como tema: \u201cDesperte o Papai Noel que h\u00e1 em voc\u00ea\u201d.<\/p>\n\n\n\n<p><strong>\u201cUm Sonho de Natal\u201d<\/strong><\/p>\n\n\n\n<p>O espet\u00e1culo \u201cUm Sonho de Natal \u2013 Na F\u00e1brica de Brinquedos\u201d, promovido pela Nova Igreja Batista, tem sua estreia marcada para o pr\u00f3ximo s\u00e1bado, 14, e acontecer\u00e3o espet\u00e1culos at\u00e9 o dia 25.<\/p>\n\n\n\n<p>De segunda a sexta-feira, as sess\u00f5es acontecer\u00e3o \u00e0s 20h. J\u00e1 aos s\u00e1bados e domingos, ser\u00e3o duas sess\u00f5es, uma \u00e0s 17h e outra \u00e0s 20h.<\/p>\n\n\n\n<p>O evento contar\u00e1 com apresenta\u00e7\u00f5es em dois locais: no audit\u00f3rio da Nova Igreja Batista, localizado na avenida Torquato Tapaj\u00f3s, 4444, bairro Col\u00f4nia Santo Ant\u00f4nio, zona Norte; e na Nova Igreja Batista Tabern\u00e1culo, que fica na avenida Japur\u00e1, 2020, bairro Cachoeirinha, zona Sul. A entrada e o estacionamento s\u00e3o gratuitos.<\/p>\n\n\n\n<p><strong>Programa\u00e7\u00e3o<\/strong><\/p>\n\n\n\n<p>A programa\u00e7\u00e3o natalina que a Prefeitura de Manaus preparou para a cidade inclui, ainda, a Caravana Natalina que ser\u00e1 realizada neste domingo, 8\/12, a partir das 17h30, e contemplar\u00e1 as zonas Oeste e Centro-Oeste da cidade. A caravana contar\u00e1 com personagens vivos e com quatro carros aleg\u00f3ricos natalinos encantando as avenidas e ruas da cidade, cada um levando consigo um toque especial de alegria e divers\u00e3o, espalhando a magia e o encanto do Natal por toda a cidade.<\/p>\n\n\n\n<p>Nos pr\u00f3ximos dias, a Prefeitura de Manaus tamb\u00e9m entregar\u00e1 um Portal Natalino e o Tren\u00f3 do Papai Noel, por sobre o anfiteatro da Ponta Negra.<\/p>\n\n\n\n<p>No dia 25, dia de Natal, ser\u00e1 apresentada a \u201cCantata Natalina\u201d no complexo Booth Line, no centro de Manaus.<\/p>\n\n\n\n<p>&#8212; &#8212; &#8212;<\/p>\n\n\n\n<p><strong>Texto<\/strong> &#8211; Emanuelle Baires \/ Semcom<\/p>\n\n\n\n<p><strong>Fotos<\/strong> &#8211; Ant\u00f4nio Pereira e Juan Sullivan \/ Semcom<\/p>\n\n\n\n<p><strong>Dispon\u00edveis em<\/strong> \u2013 <a href=\"https:\/\/www.flickr.com\/gp\/prefeiturademanaus\/Pq02Q5vh45\">https:\/\/www.flickr.com\/gp\/prefeiturademanaus\/Pq02Q5vh45<\/a><\/p>\n","protected":false},"excerpt":{"rendered":"","protected":false},"author":61,"featured_media":232765,"comment_status":"closed","ping_status":"closed","sticky":false,"template":"","format":"standard","meta":{"footnotes":""},"categories":[8875],"tags":[9966,7695,9046,12821,77,12822],"acf":[],"yoast_head":"<!-- This site is optimized with the Yoast SEO plugin v23.0 - https:\/\/yoast.com\/wordpress\/plugins\/seo\/ -->\n<title>Prefeitura de Manaus leva espet\u00e1culo &quot;Um Sonho de Natal&quot;, da Nova Igreja Batista, ao anfiteatro da Ponta Negra<\/title>\n<meta name=\"description\" content=\"O prefeito de Manaus, David Almeida, acompanhou, na noite deste s\u00e1bado, 7\/12, no anfiteatro do complexo tur\u00edstico Ponta Negra, na zona Oeste da cidade, a apresenta\u00e7\u00e3o especial do espet\u00e1culo \u201cUm Sonho de Natal\u201d, programa\u00e7\u00e3o gratuita realizada pela Prefeitura de Manaus.\" \/>\n<meta name=\"robots\" content=\"index, follow, max-snippet:-1, max-image-preview:large, max-video-preview:-1\" \/>\n<link rel=\"canonical\" href=\"https:\/\/www.manaus.am.gov.br\/semcom\/espetaculo-sonho-natal\/\" \/>\n<meta property=\"og:locale\" content=\"pt_BR\" \/>\n<meta property=\"og:type\" content=\"article\" \/>\n<meta property=\"og:title\" content=\"Prefeitura de Manaus leva espet\u00e1culo &quot;Um Sonho de Natal&quot;, da Nova Igreja Batista, ao anfiteatro da Ponta Negra\" \/>\n<meta property=\"og:description\" content=\"O prefeito de Manaus, David Almeida, acompanhou, na noite deste s\u00e1bado, 7\/12, no anfiteatro do complexo tur\u00edstico Ponta Negra, na zona Oeste da cidade, a apresenta\u00e7\u00e3o especial do espet\u00e1culo \u201cUm Sonho de Natal\u201d, programa\u00e7\u00e3o gratuita realizada pela Prefeitura de Manaus.\" \/>\n<meta property=\"og:url\" content=\"https:\/\/www.manaus.am.gov.br\/semcom\/espetaculo-sonho-natal\/\" \/>\n<meta property=\"og:site_name\" content=\"SEMCOM\" \/>\n<meta property=\"article:published_time\" content=\"2024-12-08T03:18:46+00:00\" \/>\n<meta property=\"og:image\" content=\"https:\/\/www.manaus.am.gov.br\/semcom\/wp-content\/uploads\/sites\/5\/2024\/12\/Um-Sonho-de-Natal-na-Ponta-Negra-1.jpeg\" \/>\n\t<meta property=\"og:image:width\" content=\"4160\" \/>\n\t<meta property=\"og:image:height\" content=\"2774\" \/>\n\t<meta property=\"og:image:type\" content=\"image\/jpeg\" \/>\n<meta name=\"author\" content=\"smonteiro\" \/>\n<meta name=\"twitter:card\" content=\"summary_large_image\" \/>\n<meta name=\"twitter:label1\" content=\"Written by\" \/>\n\t<meta name=\"twitter:data1\" content=\"smonteiro\" \/>\n\t<meta name=\"twitter:label2\" content=\"Est. reading time\" \/>\n\t<meta name=\"twitter:data2\" content=\"5 minutos\" \/>\n<script type=\"application\/ld+json\" class=\"yoast-schema-graph\">{\"@context\":\"https:\/\/schema.org\",\"@graph\":[{\"@type\":\"WebPage\",\"@id\":\"https:\/\/www.manaus.am.gov.br\/semcom\/espetaculo-sonho-natal\/\",\"url\":\"https:\/\/www.manaus.am.gov.br\/semcom\/espetaculo-sonho-natal\/\",\"name\":\"Prefeitura de Manaus leva espet\u00e1culo \\\"Um Sonho de Natal\\\", da Nova Igreja Batista, ao anfiteatro da Ponta Negra\",\"isPartOf\":{\"@id\":\"https:\/\/www.manaus.am.gov.br\/semcom\/#website\"},\"primaryImageOfPage\":{\"@id\":\"https:\/\/www.manaus.am.gov.br\/semcom\/espetaculo-sonho-natal\/#primaryimage\"},\"image\":{\"@id\":\"https:\/\/www.manaus.am.gov.br\/semcom\/espetaculo-sonho-natal\/#primaryimage\"},\"thumbnailUrl\":\"https:\/\/www.manaus.am.gov.br\/semcom\/wp-content\/uploads\/sites\/5\/2024\/12\/Um-Sonho-de-Natal-na-Ponta-Negra-1.jpeg\",\"datePublished\":\"2024-12-08T03:18:46+00:00\",\"dateModified\":\"2024-12-08T03:18:46+00:00\",\"author\":{\"@id\":\"https:\/\/www.manaus.am.gov.br\/semcom\/#\/schema\/person\/ab4dcf766a54dff74e8d267f5c591961\"},\"description\":\"O prefeito de Manaus, David Almeida, acompanhou, na noite deste s\u00e1bado, 7\/12, no anfiteatro do complexo tur\u00edstico Ponta Negra, na zona Oeste da cidade, a apresenta\u00e7\u00e3o especial do espet\u00e1culo \u201cUm Sonho de Natal\u201d, programa\u00e7\u00e3o gratuita realizada pela Prefeitura de Manaus.\",\"inLanguage\":\"pt-BR\",\"potentialAction\":[{\"@type\":\"ReadAction\",\"target\":[\"https:\/\/www.manaus.am.gov.br\/semcom\/espetaculo-sonho-natal\/\"]}]},{\"@type\":\"ImageObject\",\"inLanguage\":\"pt-BR\",\"@id\":\"https:\/\/www.manaus.am.gov.br\/semcom\/espetaculo-sonho-natal\/#primaryimage\",\"url\":\"https:\/\/www.manaus.am.gov.br\/semcom\/wp-content\/uploads\/sites\/5\/2024\/12\/Um-Sonho-de-Natal-na-Ponta-Negra-1.jpeg\",\"contentUrl\":\"https:\/\/www.manaus.am.gov.br\/semcom\/wp-content\/uploads\/sites\/5\/2024\/12\/Um-Sonho-de-Natal-na-Ponta-Negra-1.jpeg\",\"width\":4160,\"height\":2774,\"caption\":\"#paratodosverem - prefeito David Almeida na apresenta\u00e7\u00e3o do espet\u00e1culo \\\"Um Sonho de Natal\\\", no anfiteatro da Ponta Negra\"},{\"@type\":\"WebSite\",\"@id\":\"https:\/\/www.manaus.am.gov.br\/semcom\/#website\",\"url\":\"https:\/\/www.manaus.am.gov.br\/semcom\/\",\"name\":\"SEMCOM\",\"description\":\"Secretaria Municipal de Comunica\u00e7\u00e3o\",\"potentialAction\":[{\"@type\":\"SearchAction\",\"target\":{\"@type\":\"EntryPoint\",\"urlTemplate\":\"https:\/\/www.manaus.am.gov.br\/semcom\/?s={search_term_string}\"},\"query-input\":\"required name=search_term_string\"}],\"inLanguage\":\"pt-BR\"},{\"@type\":\"Person\",\"@id\":\"https:\/\/www.manaus.am.gov.br\/semcom\/#\/schema\/person\/ab4dcf766a54dff74e8d267f5c591961\",\"name\":\"smonteiro\",\"image\":{\"@type\":\"ImageObject\",\"inLanguage\":\"pt-BR\",\"@id\":\"https:\/\/www.manaus.am.gov.br\/semcom\/#\/schema\/person\/image\/\",\"url\":\"https:\/\/secure.gravatar.com\/avatar\/21c8776ef61d9272c73322052e042d77?s=96&d=mm&r=g\",\"contentUrl\":\"https:\/\/secure.gravatar.com\/avatar\/21c8776ef61d9272c73322052e042d77?s=96&d=mm&r=g\",\"caption\":\"smonteiro\"}}]}<\/script>\n<!-- \/ Yoast SEO plugin. -->","yoast_head_json":{"title":"Prefeitura de Manaus leva espet\u00e1culo \"Um Sonho de Natal\", da Nova Igreja Batista, ao anfiteatro da Ponta Negra","description":"O prefeito de Manaus, David Almeida, acompanhou, na noite deste s\u00e1bado, 7\/12, no anfiteatro do complexo tur\u00edstico Ponta Negra, na zona Oeste da cidade, a apresenta\u00e7\u00e3o especial do espet\u00e1culo \u201cUm Sonho de Natal\u201d, programa\u00e7\u00e3o gratuita realizada pela Prefeitura de Manaus.","robots":{"index":"index","follow":"follow","max-snippet":"max-snippet:-1","max-image-preview":"max-image-preview:large","max-video-preview":"max-video-preview:-1"},"canonical":"https:\/\/www.manaus.am.gov.br\/semcom\/espetaculo-sonho-natal\/","og_locale":"pt_BR","og_type":"article","og_title":"Prefeitura de Manaus leva espet\u00e1culo \"Um Sonho de Natal\", da Nova Igreja Batista, ao anfiteatro da Ponta Negra","og_description":"O prefeito de Manaus, David Almeida, acompanhou, na noite deste s\u00e1bado, 7\/12, no anfiteatro do complexo tur\u00edstico Ponta Negra, na zona Oeste da cidade, a apresenta\u00e7\u00e3o especial do espet\u00e1culo \u201cUm Sonho de Natal\u201d, programa\u00e7\u00e3o gratuita realizada pela Prefeitura de Manaus.","og_url":"https:\/\/www.manaus.am.gov.br\/semcom\/espetaculo-sonho-natal\/","og_site_name":"SEMCOM","article_published_time":"2024-12-08T03:18:46+00:00","og_image":[{"width":4160,"height":2774,"url":"https:\/\/www.manaus.am.gov.br\/semcom\/wp-content\/uploads\/sites\/5\/2024\/12\/Um-Sonho-de-Natal-na-Ponta-Negra-1.jpeg","type":"image\/jpeg"}],"author":"smonteiro","twitter_card":"summary_large_image","twitter_misc":{"Written by":"smonteiro","Est. reading time":"5 minutos"},"schema":{"@context":"https:\/\/schema.org","@graph":[{"@type":"WebPage","@id":"https:\/\/www.manaus.am.gov.br\/semcom\/espetaculo-sonho-natal\/","url":"https:\/\/www.manaus.am.gov.br\/semcom\/espetaculo-sonho-natal\/","name":"Prefeitura de Manaus leva espet\u00e1culo \"Um Sonho de Natal\", da Nova Igreja Batista, ao anfiteatro da Ponta Negra","isPartOf":{"@id":"https:\/\/www.manaus.am.gov.br\/semcom\/#website"},"primaryImageOfPage":{"@id":"https:\/\/www.manaus.am.gov.br\/semcom\/espetaculo-sonho-natal\/#primaryimage"},"image":{"@id":"https:\/\/www.manaus.am.gov.br\/semcom\/espetaculo-sonho-natal\/#primaryimage"},"thumbnailUrl":"https:\/\/www.manaus.am.gov.br\/semcom\/wp-content\/uploads\/sites\/5\/2024\/12\/Um-Sonho-de-Natal-na-Ponta-Negra-1.jpeg","datePublished":"2024-12-08T03:18:46+00:00","dateModified":"2024-12-08T03:18:46+00:00","author":{"@id":"https:\/\/www.manaus.am.gov.br\/semcom\/#\/schema\/person\/ab4dcf766a54dff74e8d267f5c591961"},"description":"O prefeito de Manaus, David Almeida, acompanhou, na noite deste s\u00e1bado, 7\/12, no anfiteatro do complexo tur\u00edstico Ponta Negra, na zona Oeste da cidade, a apresenta\u00e7\u00e3o especial do espet\u00e1culo \u201cUm Sonho de Natal\u201d, programa\u00e7\u00e3o gratuita realizada pela Prefeitura de Manaus.","inLanguage":"pt-BR","potentialAction":[{"@type":"ReadAction","target":["https:\/\/www.manaus.am.gov.br\/semcom\/espetaculo-sonho-natal\/"]}]},{"@type":"ImageObject","inLanguage":"pt-BR","@id":"https:\/\/www.manaus.am.gov.br\/semcom\/espetaculo-sonho-natal\/#primaryimage","url":"https:\/\/www.manaus.am.gov.br\/semcom\/wp-content\/uploads\/sites\/5\/2024\/12\/Um-Sonho-de-Natal-na-Ponta-Negra-1.jpeg","contentUrl":"https:\/\/www.manaus.am.gov.br\/semcom\/wp-content\/uploads\/sites\/5\/2024\/12\/Um-Sonho-de-Natal-na-Ponta-Negra-1.jpeg","width":4160,"height":2774,"caption":"#paratodosverem - prefeito David Almeida na apresenta\u00e7\u00e3o do espet\u00e1culo \"Um Sonho de Natal\", no anfiteatro da Ponta Negra"},{"@type":"WebSite","@id":"https:\/\/www.manaus.am.gov.br\/semcom\/#website","url":"https:\/\/www.manaus.am.gov.br\/semcom\/","name":"SEMCOM","description":"Secretaria Municipal de Comunica\u00e7\u00e3o","potentialAction":[{"@type":"SearchAction","target":{"@type":"EntryPoint","urlTemplate":"https:\/\/www.manaus.am.gov.br\/semcom\/?s={search_term_string}"},"query-input":"required name=search_term_string"}],"inLanguage":"pt-BR"},{"@type":"Person","@id":"https:\/\/www.manaus.am.gov.br\/semcom\/#\/schema\/person\/ab4dcf766a54dff74e8d267f5c591961","name":"smonteiro","image":{"@type":"ImageObject","inLanguage":"pt-BR","@id":"https:\/\/www.manaus.am.gov.br\/semcom\/#\/schema\/person\/image\/","url":"https:\/\/secure.gravatar.com\/avatar\/21c8776ef61d9272c73322052e042d77?s=96&d=mm&r=g","contentUrl":"https:\/\/secure.gravatar.com\/avatar\/21c8776ef61d9272c73322052e042d77?s=96&d=mm&r=g","caption":"smonteiro"}}]}},"_links":{"self":[{"href":"https:\/\/www.manaus.am.gov.br\/semcom\/wp-json\/wp\/v2\/posts\/232759"}],"collection":[{"href":"https:\/\/www.manaus.am.gov.br\/semcom\/wp-json\/wp\/v2\/posts"}],"about":[{"href":"https:\/\/www.manaus.am.gov.br\/semcom\/wp-json\/wp\/v2\/types\/post"}],"author":[{"embeddable":true,"href":"https:\/\/www.manaus.am.gov.br\/semcom\/wp-json\/wp\/v2\/users\/61"}],"replies":[{"embeddable":true,"href":"https:\/\/www.manaus.am.gov.br\/semcom\/wp-json\/wp\/v2\/comments?post=232759"}],"version-history":[{"count":1,"href":"https:\/\/www.manaus.am.gov.br\/semcom\/wp-json\/wp\/v2\/posts\/232759\/revisions"}],"predecessor-version":[{"id":232767,"href":"https:\/\/www.manaus.am.gov.br\/semcom\/wp-json\/wp\/v2\/posts\/232759\/revisions\/232767"}],"wp:featuredmedia":[{"embeddable":true,"href":"https:\/\/www.manaus.am.gov.br\/semcom\/wp-json\/wp\/v2\/media\/232765"}],"wp:attachment":[{"href":"https:\/\/www.manaus.am.gov.br\/semcom\/wp-json\/wp\/v2\/media?parent=232759"}],"wp:term":[{"taxonomy":"category","embeddable":true,"href":"https:\/\/www.manaus.am.gov.br\/semcom\/wp-json\/wp\/v2\/categories?post=232759"},{"taxonomy":"post_tag","embeddable":true,"href":"https:\/\/www.manaus.am.gov.br\/semcom\/wp-json\/wp\/v2\/tags?post=232759"}],"curies":[{"name":"wp","href":"https:\/\/api.w.org\/{rel}","templated":true}]}}