{"id":232699,"date":"2024-12-05T21:37:06","date_gmt":"2024-12-06T00:37:06","guid":{"rendered":"https:\/\/www.manaus.am.gov.br\/semcom\/tutores-antirrabica\/"},"modified":"2024-12-05T21:37:08","modified_gmt":"2024-12-06T00:37:08","slug":"tutores-antirrabica","status":"publish","type":"post","link":"https:\/\/www.manaus.am.gov.br\/semcom\/tutores-antirrabica\/","title":{"rendered":"Prefeitura mobiliza tutores de c\u00e3es e gatos para vacina\u00e7\u00e3o antirr\u00e1bica em novos pontos de atendimento"},"content":{"rendered":"\n<p>O primeiro dia de oferta da vacina antirr\u00e1bica, pela Prefeitura de Manaus, em 10 novos pontos de vacina\u00e7\u00e3o instalados na rede de Supermercados Nova Era, mobilizou tutores de c\u00e3es e gatos, que aproveitaram a facilidade do acesso para proteger seus animais contra o v\u00edrus da raiva. As esta\u00e7\u00f5es de vacina\u00e7\u00e3o funcionam das 8h \u00e0s 12h e os que ainda n\u00e3o vacinaram seus animais dom\u00e9sticos podem buscar o imunizante nesta sexta-feira, 6\/12, e no s\u00e1bado, 7\/12.<\/p>\n\n\n\n<p>A secret\u00e1ria municipal de Sa\u00fade, Sh\u00e1dia Fraxe, refor\u00e7ou que a oferta do imunizante antirr\u00e1bico na rede de supermercados \u00e9 uma estrat\u00e9gia que complementa uma a\u00e7\u00e3o ampla que envolve a vacina\u00e7\u00e3o realizada nos domic\u00edlios por duplas de vacinadores, al\u00e9m da oferta do imunizante no Centro de Controle de Zoonoses (CCZ), na avenida Brasil, s\/n\u00ba, Compensa, e no Centro de Conviv\u00eancia Prefeito Jose Fernandes, na rua Barreirinha, n\u00ba 14 &#8211; Quadra 45 &#8211; S\u00e3o Jos\u00e9 Oper\u00e1rio, na zona Leste de Manaus.<\/p>\n\n\n\n<p>\u201cA vacina\u00e7\u00e3o contra a raiva \u00e9 anual, obrigat\u00f3ria e representa a melhor forma de preven\u00e7\u00e3o contra uma doen\u00e7a infecciosa que n\u00e3o tem cura e pode ser transmitida dos animais para os humanos. Por isso, todos devem assumir o compromisso de proteger os c\u00e3es e gatos dom\u00e9sticos\u201d, observou a secret\u00e1ria.<\/p>\n\n\n\n<p><strong>Comodidade<\/strong><\/p>\n\n\n\n<p>Aproveitando a facilidade de morar pr\u00f3ximo ao supermercado Nova Era, da avenida Torquato Tapaj\u00f3s, a dona de casa Lucileia Santos fez quest\u00e3o de chegar cedo ao local, para garantir a vacina\u00e7\u00e3o da sua cadelinha Safira.<\/p>\n\n\n\n<p>\u201cQuando a minha filha ficou sabendo pelo Instagram que aqui, bem pertinho da nossa casa, ia ter um posto de vacina\u00e7\u00e3o nesse supermercado, eu vim logo garantir a vacina da Safira. Foi uma \u00f3tima ideia porque assim temos mais uma op\u00e7\u00e3o para vacinar os bichinhos\u201d, elogiou Lucileia.&nbsp;<\/p>\n\n\n\n<p>Consciente da import\u00e2ncia da vacina, o aut\u00f4nomo Michael Carvalho, aut\u00f4nomo, tamb\u00e9m fez uma parada no estacionamento do supermercado para proteger o pastor alem\u00e3o Luke e o SRD (sem ra\u00e7a definida) York, contra a infec\u00e7\u00e3o viral. \u201cEu acho que \u00e9 uma boa iniciativa, porque essas a\u00e7\u00f5es refor\u00e7am a import\u00e2ncia da vacina para todos n\u00f3s\u201d, resumiu.<\/p>\n\n\n\n<p>J\u00e1 o aposentado Alfredo Costa, morador de um s\u00edtio na regi\u00e3o do Janauari, em Iranduba, disse que estava aliviado ao vacinar Juju, uma cadelinha de pelagem branca e preta que apareceu em sua propriedade. Agora, ela se junta aos cinco c\u00e3es j\u00e1 vacinados que ele cuida com dedica\u00e7\u00e3o. \u201cPreservar a sa\u00fade dela e a nossa \u00e9 uma felicidade. Parabenizo ao prefeito e a todos que tiveram essa ideia\u201d.<\/p>\n\n\n\n<p>Este ano, a Prefeitura iniciou a campanha de vacina\u00e7\u00e3o antirr\u00e1bica no dia 1\u00ba de outubro, com a meta de imunizar 295.077 animais, sendo 215.077 c\u00e3es e 80.000 gatos. O gerente do CCZ, Rodrigo Ara\u00fajo, informou que os dados mais atualizados apontam que mais de 190 mil animais j\u00e1 foram protegidos.<\/p>\n\n\n\n<p>\u201c\u00c9 muito importante que a popula\u00e7\u00e3o saiba que, al\u00e9m da mobiliza\u00e7\u00e3o dos vacinadores casa a casa, vacina est\u00e1 dispon\u00edvel na sede do CCZ, na Compensa, das 8h \u00e0s 16h, de segunda a sexta-feira, durante o ano todo. A campanha \u00e9 uma intensifica\u00e7\u00e3o, mas quem n\u00e3o estiver em casa quando o vacinador passar, pode levar os seus animais na sede do CCZ, que inclusive realiza a vacina\u00e7\u00e3o aos s\u00e1bados das 8 da manh\u00e3 ao meio-dia\u201d, esclareceu o gerente do CCZ, Rodrigo Ara\u00fajo.<\/p>\n\n\n\n<p>A campanha de vacina\u00e7\u00e3o prossegue at\u00e9 o dia 20 de dezembro e para receber o imunizante o animal precisa ter idade acima de tr\u00eas meses. A recomenda\u00e7\u00e3o \u00e9 que as f\u00eameas que estiverem amamentado n\u00e3o sejam vacinadas neste per\u00edodo.<\/p>\n\n\n\n<p>&#8212; &#8212; &#8212;<\/p>\n\n\n\n<p><strong>Texto &#8211;<\/strong>&nbsp;T\u00e2nia Brand\u00e3o \/ Semsa<\/p>\n\n\n\n<p><strong>Fotos &#8211;<\/strong>&nbsp;Divulga\u00e7\u00e3o \/ Semsa&nbsp;<\/p>\n","protected":false},"excerpt":{"rendered":"","protected":false},"author":61,"featured_media":232700,"comment_status":"closed","ping_status":"closed","sticky":false,"template":"","format":"standard","meta":{"footnotes":""},"categories":[830],"tags":[12804,77,162,10837,2317],"acf":[],"yoast_head":"<!-- This site is optimized with the Yoast SEO plugin v23.0 - https:\/\/yoast.com\/wordpress\/plugins\/seo\/ -->\n<title>Prefeitura mobiliza tutores de c\u00e3es e gatos para vacina\u00e7\u00e3o antirr\u00e1bica em novos pontos de atendimento<\/title>\n<meta name=\"description\" content=\"O primeiro dia de oferta da vacina antirr\u00e1bica, pela Prefeitura de Manaus, em 10 novos pontos de vacina\u00e7\u00e3o instalados na rede de Supermercados Nova Era, mobilizou tutores de c\u00e3es e gatos, que aproveitaram a facilidade do acesso para proteger seus animais contra o v\u00edrus da raiva.\" \/>\n<meta name=\"robots\" content=\"index, follow, max-snippet:-1, max-image-preview:large, max-video-preview:-1\" \/>\n<link rel=\"canonical\" href=\"https:\/\/www.manaus.am.gov.br\/semcom\/tutores-antirrabica\/\" \/>\n<meta property=\"og:locale\" content=\"pt_BR\" \/>\n<meta property=\"og:type\" content=\"article\" \/>\n<meta property=\"og:title\" content=\"Prefeitura mobiliza tutores de c\u00e3es e gatos para vacina\u00e7\u00e3o antirr\u00e1bica em novos pontos de atendimento\" \/>\n<meta property=\"og:description\" content=\"O primeiro dia de oferta da vacina antirr\u00e1bica, pela Prefeitura de Manaus, em 10 novos pontos de vacina\u00e7\u00e3o instalados na rede de Supermercados Nova Era, mobilizou tutores de c\u00e3es e gatos, que aproveitaram a facilidade do acesso para proteger seus animais contra o v\u00edrus da raiva.\" \/>\n<meta property=\"og:url\" content=\"https:\/\/www.manaus.am.gov.br\/semcom\/tutores-antirrabica\/\" \/>\n<meta property=\"og:site_name\" content=\"SEMCOM\" \/>\n<meta property=\"article:published_time\" content=\"2024-12-06T00:37:06+00:00\" \/>\n<meta property=\"article:modified_time\" content=\"2024-12-06T00:37:08+00:00\" \/>\n<meta property=\"og:image\" content=\"https:\/\/www.manaus.am.gov.br\/semcom\/wp-content\/uploads\/sites\/5\/2024\/12\/Dezembro-05_Vacinacao-CCZ-supermercados-4.jpeg\" \/>\n\t<meta property=\"og:image:width\" content=\"4160\" \/>\n\t<meta property=\"og:image:height\" content=\"2774\" \/>\n\t<meta property=\"og:image:type\" content=\"image\/jpeg\" \/>\n<meta name=\"author\" content=\"smonteiro\" \/>\n<meta name=\"twitter:card\" content=\"summary_large_image\" \/>\n<meta name=\"twitter:label1\" content=\"Written by\" \/>\n\t<meta name=\"twitter:data1\" content=\"smonteiro\" \/>\n\t<meta name=\"twitter:label2\" content=\"Est. reading time\" \/>\n\t<meta name=\"twitter:data2\" content=\"4 minutos\" \/>\n<script type=\"application\/ld+json\" class=\"yoast-schema-graph\">{\"@context\":\"https:\/\/schema.org\",\"@graph\":[{\"@type\":\"WebPage\",\"@id\":\"https:\/\/www.manaus.am.gov.br\/semcom\/tutores-antirrabica\/\",\"url\":\"https:\/\/www.manaus.am.gov.br\/semcom\/tutores-antirrabica\/\",\"name\":\"Prefeitura mobiliza tutores de c\u00e3es e gatos para vacina\u00e7\u00e3o antirr\u00e1bica em novos pontos de atendimento\",\"isPartOf\":{\"@id\":\"https:\/\/www.manaus.am.gov.br\/semcom\/#website\"},\"primaryImageOfPage\":{\"@id\":\"https:\/\/www.manaus.am.gov.br\/semcom\/tutores-antirrabica\/#primaryimage\"},\"image\":{\"@id\":\"https:\/\/www.manaus.am.gov.br\/semcom\/tutores-antirrabica\/#primaryimage\"},\"thumbnailUrl\":\"https:\/\/www.manaus.am.gov.br\/semcom\/wp-content\/uploads\/sites\/5\/2024\/12\/Dezembro-05_Vacinacao-CCZ-supermercados-4.jpeg\",\"datePublished\":\"2024-12-06T00:37:06+00:00\",\"dateModified\":\"2024-12-06T00:37:08+00:00\",\"author\":{\"@id\":\"https:\/\/www.manaus.am.gov.br\/semcom\/#\/schema\/person\/ab4dcf766a54dff74e8d267f5c591961\"},\"description\":\"O primeiro dia de oferta da vacina antirr\u00e1bica, pela Prefeitura de Manaus, em 10 novos pontos de vacina\u00e7\u00e3o instalados na rede de Supermercados Nova Era, mobilizou tutores de c\u00e3es e gatos, que aproveitaram a facilidade do acesso para proteger seus animais contra o v\u00edrus da raiva.\",\"inLanguage\":\"pt-BR\",\"potentialAction\":[{\"@type\":\"ReadAction\",\"target\":[\"https:\/\/www.manaus.am.gov.br\/semcom\/tutores-antirrabica\/\"]}]},{\"@type\":\"ImageObject\",\"inLanguage\":\"pt-BR\",\"@id\":\"https:\/\/www.manaus.am.gov.br\/semcom\/tutores-antirrabica\/#primaryimage\",\"url\":\"https:\/\/www.manaus.am.gov.br\/semcom\/wp-content\/uploads\/sites\/5\/2024\/12\/Dezembro-05_Vacinacao-CCZ-supermercados-4.jpeg\",\"contentUrl\":\"https:\/\/www.manaus.am.gov.br\/semcom\/wp-content\/uploads\/sites\/5\/2024\/12\/Dezembro-05_Vacinacao-CCZ-supermercados-4.jpeg\",\"width\":4160,\"height\":2774,\"caption\":\"#paratodosverem - imagem de um c\u00e3o branco com manchas pretas esperando para ser vacinado contra a raiva\"},{\"@type\":\"WebSite\",\"@id\":\"https:\/\/www.manaus.am.gov.br\/semcom\/#website\",\"url\":\"https:\/\/www.manaus.am.gov.br\/semcom\/\",\"name\":\"SEMCOM\",\"description\":\"Secretaria Municipal de Comunica\u00e7\u00e3o\",\"potentialAction\":[{\"@type\":\"SearchAction\",\"target\":{\"@type\":\"EntryPoint\",\"urlTemplate\":\"https:\/\/www.manaus.am.gov.br\/semcom\/?s={search_term_string}\"},\"query-input\":\"required name=search_term_string\"}],\"inLanguage\":\"pt-BR\"},{\"@type\":\"Person\",\"@id\":\"https:\/\/www.manaus.am.gov.br\/semcom\/#\/schema\/person\/ab4dcf766a54dff74e8d267f5c591961\",\"name\":\"smonteiro\",\"image\":{\"@type\":\"ImageObject\",\"inLanguage\":\"pt-BR\",\"@id\":\"https:\/\/www.manaus.am.gov.br\/semcom\/#\/schema\/person\/image\/\",\"url\":\"https:\/\/secure.gravatar.com\/avatar\/21c8776ef61d9272c73322052e042d77?s=96&d=mm&r=g\",\"contentUrl\":\"https:\/\/secure.gravatar.com\/avatar\/21c8776ef61d9272c73322052e042d77?s=96&d=mm&r=g\",\"caption\":\"smonteiro\"}}]}<\/script>\n<!-- \/ Yoast SEO plugin. -->","yoast_head_json":{"title":"Prefeitura mobiliza tutores de c\u00e3es e gatos para vacina\u00e7\u00e3o antirr\u00e1bica em novos pontos de atendimento","description":"O primeiro dia de oferta da vacina antirr\u00e1bica, pela Prefeitura de Manaus, em 10 novos pontos de vacina\u00e7\u00e3o instalados na rede de Supermercados Nova Era, mobilizou tutores de c\u00e3es e gatos, que aproveitaram a facilidade do acesso para proteger seus animais contra o v\u00edrus da raiva.","robots":{"index":"index","follow":"follow","max-snippet":"max-snippet:-1","max-image-preview":"max-image-preview:large","max-video-preview":"max-video-preview:-1"},"canonical":"https:\/\/www.manaus.am.gov.br\/semcom\/tutores-antirrabica\/","og_locale":"pt_BR","og_type":"article","og_title":"Prefeitura mobiliza tutores de c\u00e3es e gatos para vacina\u00e7\u00e3o antirr\u00e1bica em novos pontos de atendimento","og_description":"O primeiro dia de oferta da vacina antirr\u00e1bica, pela Prefeitura de Manaus, em 10 novos pontos de vacina\u00e7\u00e3o instalados na rede de Supermercados Nova Era, mobilizou tutores de c\u00e3es e gatos, que aproveitaram a facilidade do acesso para proteger seus animais contra o v\u00edrus da raiva.","og_url":"https:\/\/www.manaus.am.gov.br\/semcom\/tutores-antirrabica\/","og_site_name":"SEMCOM","article_published_time":"2024-12-06T00:37:06+00:00","article_modified_time":"2024-12-06T00:37:08+00:00","og_image":[{"width":4160,"height":2774,"url":"https:\/\/www.manaus.am.gov.br\/semcom\/wp-content\/uploads\/sites\/5\/2024\/12\/Dezembro-05_Vacinacao-CCZ-supermercados-4.jpeg","type":"image\/jpeg"}],"author":"smonteiro","twitter_card":"summary_large_image","twitter_misc":{"Written by":"smonteiro","Est. reading time":"4 minutos"},"schema":{"@context":"https:\/\/schema.org","@graph":[{"@type":"WebPage","@id":"https:\/\/www.manaus.am.gov.br\/semcom\/tutores-antirrabica\/","url":"https:\/\/www.manaus.am.gov.br\/semcom\/tutores-antirrabica\/","name":"Prefeitura mobiliza tutores de c\u00e3es e gatos para vacina\u00e7\u00e3o antirr\u00e1bica em novos pontos de atendimento","isPartOf":{"@id":"https:\/\/www.manaus.am.gov.br\/semcom\/#website"},"primaryImageOfPage":{"@id":"https:\/\/www.manaus.am.gov.br\/semcom\/tutores-antirrabica\/#primaryimage"},"image":{"@id":"https:\/\/www.manaus.am.gov.br\/semcom\/tutores-antirrabica\/#primaryimage"},"thumbnailUrl":"https:\/\/www.manaus.am.gov.br\/semcom\/wp-content\/uploads\/sites\/5\/2024\/12\/Dezembro-05_Vacinacao-CCZ-supermercados-4.jpeg","datePublished":"2024-12-06T00:37:06+00:00","dateModified":"2024-12-06T00:37:08+00:00","author":{"@id":"https:\/\/www.manaus.am.gov.br\/semcom\/#\/schema\/person\/ab4dcf766a54dff74e8d267f5c591961"},"description":"O primeiro dia de oferta da vacina antirr\u00e1bica, pela Prefeitura de Manaus, em 10 novos pontos de vacina\u00e7\u00e3o instalados na rede de Supermercados Nova Era, mobilizou tutores de c\u00e3es e gatos, que aproveitaram a facilidade do acesso para proteger seus animais contra o v\u00edrus da raiva.","inLanguage":"pt-BR","potentialAction":[{"@type":"ReadAction","target":["https:\/\/www.manaus.am.gov.br\/semcom\/tutores-antirrabica\/"]}]},{"@type":"ImageObject","inLanguage":"pt-BR","@id":"https:\/\/www.manaus.am.gov.br\/semcom\/tutores-antirrabica\/#primaryimage","url":"https:\/\/www.manaus.am.gov.br\/semcom\/wp-content\/uploads\/sites\/5\/2024\/12\/Dezembro-05_Vacinacao-CCZ-supermercados-4.jpeg","contentUrl":"https:\/\/www.manaus.am.gov.br\/semcom\/wp-content\/uploads\/sites\/5\/2024\/12\/Dezembro-05_Vacinacao-CCZ-supermercados-4.jpeg","width":4160,"height":2774,"caption":"#paratodosverem - imagem de um c\u00e3o branco com manchas pretas esperando para ser vacinado contra a raiva"},{"@type":"WebSite","@id":"https:\/\/www.manaus.am.gov.br\/semcom\/#website","url":"https:\/\/www.manaus.am.gov.br\/semcom\/","name":"SEMCOM","description":"Secretaria Municipal de Comunica\u00e7\u00e3o","potentialAction":[{"@type":"SearchAction","target":{"@type":"EntryPoint","urlTemplate":"https:\/\/www.manaus.am.gov.br\/semcom\/?s={search_term_string}"},"query-input":"required name=search_term_string"}],"inLanguage":"pt-BR"},{"@type":"Person","@id":"https:\/\/www.manaus.am.gov.br\/semcom\/#\/schema\/person\/ab4dcf766a54dff74e8d267f5c591961","name":"smonteiro","image":{"@type":"ImageObject","inLanguage":"pt-BR","@id":"https:\/\/www.manaus.am.gov.br\/semcom\/#\/schema\/person\/image\/","url":"https:\/\/secure.gravatar.com\/avatar\/21c8776ef61d9272c73322052e042d77?s=96&d=mm&r=g","contentUrl":"https:\/\/secure.gravatar.com\/avatar\/21c8776ef61d9272c73322052e042d77?s=96&d=mm&r=g","caption":"smonteiro"}}]}},"_links":{"self":[{"href":"https:\/\/www.manaus.am.gov.br\/semcom\/wp-json\/wp\/v2\/posts\/232699"}],"collection":[{"href":"https:\/\/www.manaus.am.gov.br\/semcom\/wp-json\/wp\/v2\/posts"}],"about":[{"href":"https:\/\/www.manaus.am.gov.br\/semcom\/wp-json\/wp\/v2\/types\/post"}],"author":[{"embeddable":true,"href":"https:\/\/www.manaus.am.gov.br\/semcom\/wp-json\/wp\/v2\/users\/61"}],"replies":[{"embeddable":true,"href":"https:\/\/www.manaus.am.gov.br\/semcom\/wp-json\/wp\/v2\/comments?post=232699"}],"version-history":[{"count":0,"href":"https:\/\/www.manaus.am.gov.br\/semcom\/wp-json\/wp\/v2\/posts\/232699\/revisions"}],"wp:featuredmedia":[{"embeddable":true,"href":"https:\/\/www.manaus.am.gov.br\/semcom\/wp-json\/wp\/v2\/media\/232700"}],"wp:attachment":[{"href":"https:\/\/www.manaus.am.gov.br\/semcom\/wp-json\/wp\/v2\/media?parent=232699"}],"wp:term":[{"taxonomy":"category","embeddable":true,"href":"https:\/\/www.manaus.am.gov.br\/semcom\/wp-json\/wp\/v2\/categories?post=232699"},{"taxonomy":"post_tag","embeddable":true,"href":"https:\/\/www.manaus.am.gov.br\/semcom\/wp-json\/wp\/v2\/tags?post=232699"}],"curies":[{"name":"wp","href":"https:\/\/api.w.org\/{rel}","templated":true}]}}