{"id":232696,"date":"2024-12-05T21:23:32","date_gmt":"2024-12-06T00:23:32","guid":{"rendered":"https:\/\/www.manaus.am.gov.br\/semcom\/certificacao-qualidade\/"},"modified":"2024-12-05T21:24:43","modified_gmt":"2024-12-06T00:24:43","slug":"manutencao-qualidade","status":"publish","type":"post","link":"https:\/\/www.manaus.am.gov.br\/semcom\/manutencao-qualidade\/","title":{"rendered":"Manausprev conquista manuten\u00e7\u00e3o da certifica\u00e7\u00e3o ISO 9001 de qualidade com 100% de aprova\u00e7\u00e3o"},"content":{"rendered":"\n<p>Ap\u00f3s a Manaus Previd\u00eancia passar por dois dias, 4 e 5\/12, de auditoria externa, realizada pela Bureau Veritas Certification, para avalia\u00e7\u00e3o de conformidades da norma internacional ISO 9001:2015, a autarquia da administra\u00e7\u00e3o indireta da Prefeitura de Manaus conquistou a segunda manuten\u00e7\u00e3o do seu certificado que atesta o excelente funcionamento do Sistema de Gest\u00e3o da Qualidade (SGQ) implantado. O documento \u00e9 v\u00e1lido at\u00e9 o fim de 2025.<\/p>\n\n\n\n<p>\u201cFinalizamos a auditoria com a recomenda\u00e7\u00e3o de manuten\u00e7\u00e3o da certifica\u00e7\u00e3o da norma ISO 9001:2015, que \u00e9 de grande import\u00e2ncia para n\u00f3s, porque ela garante que o Sistema de Gest\u00e3o da Qualidade da Manaus Previd\u00eancia funciona perfeitamente, e seguindo as recomenda\u00e7\u00f5es do prefeito David Almeida, entregamos o melhor servi\u00e7o para a sociedade, nossos segurados e benefici\u00e1rios\u201d, destaca a diretora-presidente da Manausprev, Daniela Benayon.<\/p>\n\n\n\n<p>A pr\u00e1tica do SGQ na Manaus Previd\u00eancia impacta diretamente nos benefici\u00e1rios e segurados, o que garante um atendimento eficiente e a satisfa\u00e7\u00e3o de quem busca os servi\u00e7os ofertados pela autarquia.<\/p>\n\n\n\n<p>Alguns dos setores auditados foram os que atuam na \u00e1rea financeira e de contabilidade; na manuten\u00e7\u00e3o e aquisi\u00e7\u00e3o de material; em concess\u00e3o de benef\u00edcios; na gest\u00e3o de pessoas, no atendimento ao p\u00fablico-alvo, entre outros.<\/p>\n\n\n\n<p>Os setores passaram pela an\u00e1lise do auditor, que verificou se o sistema \u00e9 capaz de atingir as pol\u00edticas e objetivos da organiza\u00e7\u00e3o; se garante o atendimento dos requisitos legais, regulamentares e contratuais aplic\u00e1veis. Analisou, ainda, as a\u00e7\u00f5es tomadas para sanar n\u00e3o conformidades identificadas na auditoria anterior; como \u00e9 feito o tratamento de reclama\u00e7\u00f5es; a efic\u00e1cia do sistema de gest\u00e3o no atingimento dos objetivos; o progresso das atividades planejadas visando melhoria cont\u00ednua; e outros pontos relativos ao atendimento dos requisitos normativos.<\/p>\n\n\n\n<p><strong>Sobre a ISO 9001:2015<\/strong><\/p>\n\n\n\n<p>A ISO 9001:2015 \u00e9 uma norma que orienta sobre o Sistema de Gest\u00e3o da Qualidade, com o objetivo de garantir que uma organiza\u00e7\u00e3o forne\u00e7a produtos e servi\u00e7os de qualidade, de forma eficiente e em conformidade com a lei.<\/p>\n\n\n\n<p>A ISO 9001 \u00e9 desenvolvida pela Organiza\u00e7\u00e3o Internacional para Padroniza\u00e7\u00e3o (ISO), fundada na Su\u00ed\u00e7a em 1947. A vers\u00e3o mais recente \u00e9 a de 2015.\u00e9 a de 2015.<\/p>\n\n\n\n<p>&#8212; &#8212; &#8212;<\/p>\n\n\n\n<p><strong>Texto<\/strong>&nbsp;\u2013 Renata Felix \/ Manaus Previd\u00eancia<\/p>\n\n\n\n<p><strong>Fotos<\/strong>&nbsp;\u2013 Raquel Dedier (Estagi\u00e1ria) \/ Manaus Previd\u00eancia<\/p>\n","protected":false},"excerpt":{"rendered":"","protected":false},"author":61,"featured_media":232697,"comment_status":"closed","ping_status":"closed","sticky":false,"template":"","format":"standard","meta":{"footnotes":""},"categories":[233],"tags":[2314,11496,9617,77],"acf":[],"yoast_head":"<!-- This site is optimized with the Yoast SEO plugin v23.0 - https:\/\/yoast.com\/wordpress\/plugins\/seo\/ -->\n<title>Manausprev conquista manuten\u00e7\u00e3o da certifica\u00e7\u00e3o ISO 9001 de qualidade com 100% de aprova\u00e7\u00e3o<\/title>\n<meta name=\"description\" content=\"Ap\u00f3s a Manaus Previd\u00eancia passar por dois dias, 4 e 5\/12, de auditoria externa, realizada pela Bureau Veritas Certification, para avalia\u00e7\u00e3o de conformidades da norma internacional ISO 9001:2015, a autarquia da administra\u00e7\u00e3o indireta da Prefeitura de Manaus conquistou a segunda manuten\u00e7\u00e3o do seu certificado que atesta o excelente funcionamento do Sistema de Gest\u00e3o da Qualidade (SGQ) implantado.\" \/>\n<meta name=\"robots\" content=\"index, follow, max-snippet:-1, max-image-preview:large, max-video-preview:-1\" \/>\n<link rel=\"canonical\" href=\"https:\/\/www.manaus.am.gov.br\/semcom\/manutencao-qualidade\/\" \/>\n<meta property=\"og:locale\" content=\"pt_BR\" \/>\n<meta property=\"og:type\" content=\"article\" \/>\n<meta property=\"og:title\" content=\"Manausprev conquista manuten\u00e7\u00e3o da certifica\u00e7\u00e3o ISO 9001 de qualidade com 100% de aprova\u00e7\u00e3o\" \/>\n<meta property=\"og:description\" content=\"Ap\u00f3s a Manaus Previd\u00eancia passar por dois dias, 4 e 5\/12, de auditoria externa, realizada pela Bureau Veritas Certification, para avalia\u00e7\u00e3o de conformidades da norma internacional ISO 9001:2015, a autarquia da administra\u00e7\u00e3o indireta da Prefeitura de Manaus conquistou a segunda manuten\u00e7\u00e3o do seu certificado que atesta o excelente funcionamento do Sistema de Gest\u00e3o da Qualidade (SGQ) implantado.\" \/>\n<meta property=\"og:url\" content=\"https:\/\/www.manaus.am.gov.br\/semcom\/manutencao-qualidade\/\" \/>\n<meta property=\"og:site_name\" content=\"SEMCOM\" \/>\n<meta property=\"article:published_time\" content=\"2024-12-06T00:23:32+00:00\" \/>\n<meta property=\"article:modified_time\" content=\"2024-12-06T00:24:43+00:00\" \/>\n<meta property=\"og:image\" content=\"https:\/\/www.manaus.am.gov.br\/semcom\/wp-content\/uploads\/sites\/5\/2024\/12\/AUDITORIA-MANAUSPREV-2.jpeg\" \/>\n\t<meta property=\"og:image:width\" content=\"1600\" \/>\n\t<meta property=\"og:image:height\" content=\"1200\" \/>\n\t<meta property=\"og:image:type\" content=\"image\/jpeg\" \/>\n<meta name=\"author\" content=\"smonteiro\" \/>\n<meta name=\"twitter:card\" content=\"summary_large_image\" \/>\n<meta name=\"twitter:label1\" content=\"Written by\" \/>\n\t<meta name=\"twitter:data1\" content=\"smonteiro\" \/>\n\t<meta name=\"twitter:label2\" content=\"Est. reading time\" \/>\n\t<meta name=\"twitter:data2\" content=\"3 minutos\" \/>\n<script type=\"application\/ld+json\" class=\"yoast-schema-graph\">{\"@context\":\"https:\/\/schema.org\",\"@graph\":[{\"@type\":\"WebPage\",\"@id\":\"https:\/\/www.manaus.am.gov.br\/semcom\/manutencao-qualidade\/\",\"url\":\"https:\/\/www.manaus.am.gov.br\/semcom\/manutencao-qualidade\/\",\"name\":\"Manausprev conquista manuten\u00e7\u00e3o da certifica\u00e7\u00e3o ISO 9001 de qualidade com 100% de aprova\u00e7\u00e3o\",\"isPartOf\":{\"@id\":\"https:\/\/www.manaus.am.gov.br\/semcom\/#website\"},\"primaryImageOfPage\":{\"@id\":\"https:\/\/www.manaus.am.gov.br\/semcom\/manutencao-qualidade\/#primaryimage\"},\"image\":{\"@id\":\"https:\/\/www.manaus.am.gov.br\/semcom\/manutencao-qualidade\/#primaryimage\"},\"thumbnailUrl\":\"https:\/\/www.manaus.am.gov.br\/semcom\/wp-content\/uploads\/sites\/5\/2024\/12\/AUDITORIA-MANAUSPREV-2.jpeg\",\"datePublished\":\"2024-12-06T00:23:32+00:00\",\"dateModified\":\"2024-12-06T00:24:43+00:00\",\"author\":{\"@id\":\"https:\/\/www.manaus.am.gov.br\/semcom\/#\/schema\/person\/ab4dcf766a54dff74e8d267f5c591961\"},\"description\":\"Ap\u00f3s a Manaus Previd\u00eancia passar por dois dias, 4 e 5\/12, de auditoria externa, realizada pela Bureau Veritas Certification, para avalia\u00e7\u00e3o de conformidades da norma internacional ISO 9001:2015, a autarquia da administra\u00e7\u00e3o indireta da Prefeitura de Manaus conquistou a segunda manuten\u00e7\u00e3o do seu certificado que atesta o excelente funcionamento do Sistema de Gest\u00e3o da Qualidade (SGQ) implantado.\",\"inLanguage\":\"pt-BR\",\"potentialAction\":[{\"@type\":\"ReadAction\",\"target\":[\"https:\/\/www.manaus.am.gov.br\/semcom\/manutencao-qualidade\/\"]}]},{\"@type\":\"ImageObject\",\"inLanguage\":\"pt-BR\",\"@id\":\"https:\/\/www.manaus.am.gov.br\/semcom\/manutencao-qualidade\/#primaryimage\",\"url\":\"https:\/\/www.manaus.am.gov.br\/semcom\/wp-content\/uploads\/sites\/5\/2024\/12\/AUDITORIA-MANAUSPREV-2.jpeg\",\"contentUrl\":\"https:\/\/www.manaus.am.gov.br\/semcom\/wp-content\/uploads\/sites\/5\/2024\/12\/AUDITORIA-MANAUSPREV-2.jpeg\",\"width\":1600,\"height\":1200,\"caption\":\"#paratoosverem - equipe da Manaus Previd\u00eancia durante a auditoria\"},{\"@type\":\"WebSite\",\"@id\":\"https:\/\/www.manaus.am.gov.br\/semcom\/#website\",\"url\":\"https:\/\/www.manaus.am.gov.br\/semcom\/\",\"name\":\"SEMCOM\",\"description\":\"Secretaria Municipal de Comunica\u00e7\u00e3o\",\"potentialAction\":[{\"@type\":\"SearchAction\",\"target\":{\"@type\":\"EntryPoint\",\"urlTemplate\":\"https:\/\/www.manaus.am.gov.br\/semcom\/?s={search_term_string}\"},\"query-input\":\"required name=search_term_string\"}],\"inLanguage\":\"pt-BR\"},{\"@type\":\"Person\",\"@id\":\"https:\/\/www.manaus.am.gov.br\/semcom\/#\/schema\/person\/ab4dcf766a54dff74e8d267f5c591961\",\"name\":\"smonteiro\",\"image\":{\"@type\":\"ImageObject\",\"inLanguage\":\"pt-BR\",\"@id\":\"https:\/\/www.manaus.am.gov.br\/semcom\/#\/schema\/person\/image\/\",\"url\":\"https:\/\/secure.gravatar.com\/avatar\/21c8776ef61d9272c73322052e042d77?s=96&d=mm&r=g\",\"contentUrl\":\"https:\/\/secure.gravatar.com\/avatar\/21c8776ef61d9272c73322052e042d77?s=96&d=mm&r=g\",\"caption\":\"smonteiro\"}}]}<\/script>\n<!-- \/ Yoast SEO plugin. -->","yoast_head_json":{"title":"Manausprev conquista manuten\u00e7\u00e3o da certifica\u00e7\u00e3o ISO 9001 de qualidade com 100% de aprova\u00e7\u00e3o","description":"Ap\u00f3s a Manaus Previd\u00eancia passar por dois dias, 4 e 5\/12, de auditoria externa, realizada pela Bureau Veritas Certification, para avalia\u00e7\u00e3o de conformidades da norma internacional ISO 9001:2015, a autarquia da administra\u00e7\u00e3o indireta da Prefeitura de Manaus conquistou a segunda manuten\u00e7\u00e3o do seu certificado que atesta o excelente funcionamento do Sistema de Gest\u00e3o da Qualidade (SGQ) implantado.","robots":{"index":"index","follow":"follow","max-snippet":"max-snippet:-1","max-image-preview":"max-image-preview:large","max-video-preview":"max-video-preview:-1"},"canonical":"https:\/\/www.manaus.am.gov.br\/semcom\/manutencao-qualidade\/","og_locale":"pt_BR","og_type":"article","og_title":"Manausprev conquista manuten\u00e7\u00e3o da certifica\u00e7\u00e3o ISO 9001 de qualidade com 100% de aprova\u00e7\u00e3o","og_description":"Ap\u00f3s a Manaus Previd\u00eancia passar por dois dias, 4 e 5\/12, de auditoria externa, realizada pela Bureau Veritas Certification, para avalia\u00e7\u00e3o de conformidades da norma internacional ISO 9001:2015, a autarquia da administra\u00e7\u00e3o indireta da Prefeitura de Manaus conquistou a segunda manuten\u00e7\u00e3o do seu certificado que atesta o excelente funcionamento do Sistema de Gest\u00e3o da Qualidade (SGQ) implantado.","og_url":"https:\/\/www.manaus.am.gov.br\/semcom\/manutencao-qualidade\/","og_site_name":"SEMCOM","article_published_time":"2024-12-06T00:23:32+00:00","article_modified_time":"2024-12-06T00:24:43+00:00","og_image":[{"width":1600,"height":1200,"url":"https:\/\/www.manaus.am.gov.br\/semcom\/wp-content\/uploads\/sites\/5\/2024\/12\/AUDITORIA-MANAUSPREV-2.jpeg","type":"image\/jpeg"}],"author":"smonteiro","twitter_card":"summary_large_image","twitter_misc":{"Written by":"smonteiro","Est. reading time":"3 minutos"},"schema":{"@context":"https:\/\/schema.org","@graph":[{"@type":"WebPage","@id":"https:\/\/www.manaus.am.gov.br\/semcom\/manutencao-qualidade\/","url":"https:\/\/www.manaus.am.gov.br\/semcom\/manutencao-qualidade\/","name":"Manausprev conquista manuten\u00e7\u00e3o da certifica\u00e7\u00e3o ISO 9001 de qualidade com 100% de aprova\u00e7\u00e3o","isPartOf":{"@id":"https:\/\/www.manaus.am.gov.br\/semcom\/#website"},"primaryImageOfPage":{"@id":"https:\/\/www.manaus.am.gov.br\/semcom\/manutencao-qualidade\/#primaryimage"},"image":{"@id":"https:\/\/www.manaus.am.gov.br\/semcom\/manutencao-qualidade\/#primaryimage"},"thumbnailUrl":"https:\/\/www.manaus.am.gov.br\/semcom\/wp-content\/uploads\/sites\/5\/2024\/12\/AUDITORIA-MANAUSPREV-2.jpeg","datePublished":"2024-12-06T00:23:32+00:00","dateModified":"2024-12-06T00:24:43+00:00","author":{"@id":"https:\/\/www.manaus.am.gov.br\/semcom\/#\/schema\/person\/ab4dcf766a54dff74e8d267f5c591961"},"description":"Ap\u00f3s a Manaus Previd\u00eancia passar por dois dias, 4 e 5\/12, de auditoria externa, realizada pela Bureau Veritas Certification, para avalia\u00e7\u00e3o de conformidades da norma internacional ISO 9001:2015, a autarquia da administra\u00e7\u00e3o indireta da Prefeitura de Manaus conquistou a segunda manuten\u00e7\u00e3o do seu certificado que atesta o excelente funcionamento do Sistema de Gest\u00e3o da Qualidade (SGQ) implantado.","inLanguage":"pt-BR","potentialAction":[{"@type":"ReadAction","target":["https:\/\/www.manaus.am.gov.br\/semcom\/manutencao-qualidade\/"]}]},{"@type":"ImageObject","inLanguage":"pt-BR","@id":"https:\/\/www.manaus.am.gov.br\/semcom\/manutencao-qualidade\/#primaryimage","url":"https:\/\/www.manaus.am.gov.br\/semcom\/wp-content\/uploads\/sites\/5\/2024\/12\/AUDITORIA-MANAUSPREV-2.jpeg","contentUrl":"https:\/\/www.manaus.am.gov.br\/semcom\/wp-content\/uploads\/sites\/5\/2024\/12\/AUDITORIA-MANAUSPREV-2.jpeg","width":1600,"height":1200,"caption":"#paratoosverem - equipe da Manaus Previd\u00eancia durante a auditoria"},{"@type":"WebSite","@id":"https:\/\/www.manaus.am.gov.br\/semcom\/#website","url":"https:\/\/www.manaus.am.gov.br\/semcom\/","name":"SEMCOM","description":"Secretaria Municipal de Comunica\u00e7\u00e3o","potentialAction":[{"@type":"SearchAction","target":{"@type":"EntryPoint","urlTemplate":"https:\/\/www.manaus.am.gov.br\/semcom\/?s={search_term_string}"},"query-input":"required name=search_term_string"}],"inLanguage":"pt-BR"},{"@type":"Person","@id":"https:\/\/www.manaus.am.gov.br\/semcom\/#\/schema\/person\/ab4dcf766a54dff74e8d267f5c591961","name":"smonteiro","image":{"@type":"ImageObject","inLanguage":"pt-BR","@id":"https:\/\/www.manaus.am.gov.br\/semcom\/#\/schema\/person\/image\/","url":"https:\/\/secure.gravatar.com\/avatar\/21c8776ef61d9272c73322052e042d77?s=96&d=mm&r=g","contentUrl":"https:\/\/secure.gravatar.com\/avatar\/21c8776ef61d9272c73322052e042d77?s=96&d=mm&r=g","caption":"smonteiro"}}]}},"_links":{"self":[{"href":"https:\/\/www.manaus.am.gov.br\/semcom\/wp-json\/wp\/v2\/posts\/232696"}],"collection":[{"href":"https:\/\/www.manaus.am.gov.br\/semcom\/wp-json\/wp\/v2\/posts"}],"about":[{"href":"https:\/\/www.manaus.am.gov.br\/semcom\/wp-json\/wp\/v2\/types\/post"}],"author":[{"embeddable":true,"href":"https:\/\/www.manaus.am.gov.br\/semcom\/wp-json\/wp\/v2\/users\/61"}],"replies":[{"embeddable":true,"href":"https:\/\/www.manaus.am.gov.br\/semcom\/wp-json\/wp\/v2\/comments?post=232696"}],"version-history":[{"count":1,"href":"https:\/\/www.manaus.am.gov.br\/semcom\/wp-json\/wp\/v2\/posts\/232696\/revisions"}],"predecessor-version":[{"id":232698,"href":"https:\/\/www.manaus.am.gov.br\/semcom\/wp-json\/wp\/v2\/posts\/232696\/revisions\/232698"}],"wp:featuredmedia":[{"embeddable":true,"href":"https:\/\/www.manaus.am.gov.br\/semcom\/wp-json\/wp\/v2\/media\/232697"}],"wp:attachment":[{"href":"https:\/\/www.manaus.am.gov.br\/semcom\/wp-json\/wp\/v2\/media?parent=232696"}],"wp:term":[{"taxonomy":"category","embeddable":true,"href":"https:\/\/www.manaus.am.gov.br\/semcom\/wp-json\/wp\/v2\/categories?post=232696"},{"taxonomy":"post_tag","embeddable":true,"href":"https:\/\/www.manaus.am.gov.br\/semcom\/wp-json\/wp\/v2\/tags?post=232696"}],"curies":[{"name":"wp","href":"https:\/\/api.w.org\/{rel}","templated":true}]}}