{"id":232608,"date":"2024-12-03T20:58:07","date_gmt":"2024-12-03T23:58:07","guid":{"rendered":"https:\/\/www.manaus.am.gov.br\/semcom\/registra-influenza\/"},"modified":"2024-12-03T20:58:09","modified_gmt":"2024-12-03T23:58:09","slug":"registra-influenza","status":"publish","type":"post","link":"https:\/\/www.manaus.am.gov.br\/semcom\/registra-influenza\/","title":{"rendered":"Prefeitura registra que mais de 30 mil pessoas j\u00e1 se vacinaram contra Influenza"},"content":{"rendered":"\n<p>A Prefeitura de Manaus registrou um aumento significativo de pessoas vacinadas contra a Influenza desde que o imunizante passou a ser disponibilizado ao p\u00fablico geral, na segunda-feira, 25\/11. Dados da Secretaria Municipal de Sa\u00fade (Semsa) indicam que s\u00f3 nos primeiros cinco dias, 30.529 pessoas receberam o imunobiol\u00f3gico contra a gripe.<\/p>\n\n\n\n<p>A m\u00e9dia de pessoas vacinadas por semana antes da libera\u00e7\u00e3o para o p\u00fablico geral era de 8 mil pessoas. A campanha se estende at\u00e9 o dia 31 de janeiro.<\/p>\n\n\n\n<p>A titular da Semsa, Sh\u00e1dia Fraxe, comemora o aumento no n\u00famero de vacinados contra as formas graves da influenza e avalia que esse comportamento evidencia um avan\u00e7o, uma vez que demonstra que para alguns segmentos sociais est\u00e1 clara a import\u00e2ncia da vacina. Mas a m\u00e9dica pondera que os grupos priorit\u00e1rios, que s\u00e3o o foco da campanha, precisam compreender que ao n\u00e3o receber o imunizante, ficam mais vulner\u00e1veis ao v\u00edrus influenza.<\/p>\n\n\n\n<p>\u201cEstamos felizes, porque a busca pela vacina nos pontos de sa\u00fade tem sido expressiva desde que a Semsa abriu a vacina\u00e7\u00e3o para qualquer pessoa acima de seis meses de idade, na segunda-feira, 25\/11. Mas insistimos na necessidade de idosos, crian\u00e7as, gestantes, pu\u00e9rperas e ind\u00edgenas que vivem em terras ind\u00edgenas, ainda podem buscar a vacina para se proteger. \u00c9 uma medida essencial para evitar hospitaliza\u00e7\u00f5es e at\u00e9 o risco de \u00f3bitos\u201d, observa Sh\u00e1dia Fraxe.<\/p>\n\n\n\n<p>O total de pessoas imunizadas no per\u00edodo de 9 de setembro a 29 de novembro, \u00e9 252.435 pessoas.<\/p>\n\n\n\n<p>A vacina contra a gripe est\u00e1 dispon\u00edvel em 170 salas de vacina\u00e7\u00e3o, distribu\u00eddas nas unidades da Semsa, que funcionam em hor\u00e1rio regular, das 8h \u00e0s 17h, e tamb\u00e9m no hor\u00e1rio estendido, das 7h \u00e0s 20h. Para facilitar o acesso ao imunizante, a prefeitura disponibiliza seis unidades que funcionam aos s\u00e1bados, das 9h \u00e0s 12h.&nbsp; A Unidade de Sa\u00fade da Fam\u00edlia (USF) Carmen Nicolau, localizada na rua Nestor Nascimento, s\/n\u00ba, no Lago Azul, zona Norte da capital, funciona nos dias \u00fateis e tamb\u00e9m aos s\u00e1bados, domingos e feriados, das 8h \u00e0s 18h.<\/p>\n\n\n\n<p>A influenza trivalente protege contra tr\u00eas cepas dos v\u00edrus Influenza: A e B e pode ser administrada com outras do calend\u00e1rio nacional de vacina\u00e7\u00e3o.<\/p>\n\n\n\n<p>\u201cA vacina contra a influenza \u00e9 indicada para todos os adultos, jovens, idosos, crian\u00e7as e beb\u00eas a partir de 6 meses. A \u00fanica observa\u00e7\u00e3o que fazemos \u00e9 se a pessoa est\u00e1 gripada ou com diagn\u00f3stico de Covid-19. Nessas situa\u00e7\u00f5es \u00e9 preciso aguardar at\u00e9 que esses sintomas melhorem para poder receber a vacina\u201d, aconselha a secret\u00e1ria.<\/p>\n\n\n\n<p>Os endere\u00e7os e hor\u00e1rios de funcionamento est\u00e3o dispon\u00edveis no link &nbsp;<a href=\"https:\/\/bit.ly\/salasinfluenza\" target=\"_blank\" rel=\"noreferrer noopener\">bit.ly\/salasinfluenza<\/a>, ou no portal da secretaria &nbsp;(<a href=\"https:\/\/www.manaus.am.gov.br\/semsa\" target=\"_blank\" rel=\"noreferrer noopener\">manaus.am.gov.br\/semsa<\/a>). Para ser vacinado, o usu\u00e1rio deve apresentar documento oficial de identifica\u00e7\u00e3o, CPF ou cart\u00e3o SUS, e, se tiver, cart\u00e3o de vacina.<\/p>\n\n\n\n<p>&#8212; &#8212; &#8212;<\/p>\n\n\n\n<p><strong>Texto &#8211;<\/strong> T\u00e2nia Brand\u00e3o \/ Semsa<\/p>\n\n\n\n<p><strong>Fotos &#8211;&nbsp;<\/strong>Divulga\u00e7\u00e3o \/ Semsa<\/p>\n","protected":false},"excerpt":{"rendered":"","protected":false},"author":61,"featured_media":232609,"comment_status":"closed","ping_status":"closed","sticky":false,"template":"","format":"standard","meta":{"footnotes":""},"categories":[830],"tags":[287,2681,77,162,286],"acf":[],"yoast_head":"<!-- This site is optimized with the Yoast SEO plugin v23.0 - https:\/\/yoast.com\/wordpress\/plugins\/seo\/ -->\n<title>Prefeitura registra que mais de 30 mil pessoas j\u00e1 se vacinaram contra Influenza<\/title>\n<meta name=\"description\" content=\"A Prefeitura de Manaus registrou um aumento significativo de pessoas vacinadas contra a Influenza desde que o imunizante passou a ser disponibilizado ao p\u00fablico geral, na segunda-feira, 25\/11.\" \/>\n<meta name=\"robots\" content=\"index, follow, max-snippet:-1, max-image-preview:large, max-video-preview:-1\" \/>\n<link rel=\"canonical\" href=\"https:\/\/www.manaus.am.gov.br\/semcom\/registra-influenza\/\" \/>\n<meta property=\"og:locale\" content=\"pt_BR\" \/>\n<meta property=\"og:type\" content=\"article\" \/>\n<meta property=\"og:title\" content=\"Prefeitura registra que mais de 30 mil pessoas j\u00e1 se vacinaram contra Influenza\" \/>\n<meta property=\"og:description\" content=\"A Prefeitura de Manaus registrou um aumento significativo de pessoas vacinadas contra a Influenza desde que o imunizante passou a ser disponibilizado ao p\u00fablico geral, na segunda-feira, 25\/11.\" \/>\n<meta property=\"og:url\" content=\"https:\/\/www.manaus.am.gov.br\/semcom\/registra-influenza\/\" \/>\n<meta property=\"og:site_name\" content=\"SEMCOM\" \/>\n<meta property=\"article:published_time\" content=\"2024-12-03T23:58:07+00:00\" \/>\n<meta property=\"article:modified_time\" content=\"2024-12-03T23:58:09+00:00\" \/>\n<meta property=\"og:image\" content=\"https:\/\/www.manaus.am.gov.br\/semcom\/wp-content\/uploads\/sites\/5\/2024\/12\/Dezembro-03_Vacinacao-Influenza-3.jpg\" \/>\n\t<meta property=\"og:image:width\" content=\"2189\" \/>\n\t<meta property=\"og:image:height\" content=\"1459\" \/>\n\t<meta property=\"og:image:type\" content=\"image\/jpeg\" \/>\n<meta name=\"author\" content=\"smonteiro\" \/>\n<meta name=\"twitter:card\" content=\"summary_large_image\" \/>\n<meta name=\"twitter:label1\" content=\"Written by\" \/>\n\t<meta name=\"twitter:data1\" content=\"smonteiro\" \/>\n\t<meta name=\"twitter:label2\" content=\"Est. reading time\" \/>\n\t<meta name=\"twitter:data2\" content=\"3 minutos\" \/>\n<script type=\"application\/ld+json\" class=\"yoast-schema-graph\">{\"@context\":\"https:\/\/schema.org\",\"@graph\":[{\"@type\":\"WebPage\",\"@id\":\"https:\/\/www.manaus.am.gov.br\/semcom\/registra-influenza\/\",\"url\":\"https:\/\/www.manaus.am.gov.br\/semcom\/registra-influenza\/\",\"name\":\"Prefeitura registra que mais de 30 mil pessoas j\u00e1 se vacinaram contra Influenza\",\"isPartOf\":{\"@id\":\"https:\/\/www.manaus.am.gov.br\/semcom\/#website\"},\"primaryImageOfPage\":{\"@id\":\"https:\/\/www.manaus.am.gov.br\/semcom\/registra-influenza\/#primaryimage\"},\"image\":{\"@id\":\"https:\/\/www.manaus.am.gov.br\/semcom\/registra-influenza\/#primaryimage\"},\"thumbnailUrl\":\"https:\/\/www.manaus.am.gov.br\/semcom\/wp-content\/uploads\/sites\/5\/2024\/12\/Dezembro-03_Vacinacao-Influenza-3.jpg\",\"datePublished\":\"2024-12-03T23:58:07+00:00\",\"dateModified\":\"2024-12-03T23:58:09+00:00\",\"author\":{\"@id\":\"https:\/\/www.manaus.am.gov.br\/semcom\/#\/schema\/person\/ab4dcf766a54dff74e8d267f5c591961\"},\"description\":\"A Prefeitura de Manaus registrou um aumento significativo de pessoas vacinadas contra a Influenza desde que o imunizante passou a ser disponibilizado ao p\u00fablico geral, na segunda-feira, 25\/11.\",\"inLanguage\":\"pt-BR\",\"potentialAction\":[{\"@type\":\"ReadAction\",\"target\":[\"https:\/\/www.manaus.am.gov.br\/semcom\/registra-influenza\/\"]}]},{\"@type\":\"ImageObject\",\"inLanguage\":\"pt-BR\",\"@id\":\"https:\/\/www.manaus.am.gov.br\/semcom\/registra-influenza\/#primaryimage\",\"url\":\"https:\/\/www.manaus.am.gov.br\/semcom\/wp-content\/uploads\/sites\/5\/2024\/12\/Dezembro-03_Vacinacao-Influenza-3.jpg\",\"contentUrl\":\"https:\/\/www.manaus.am.gov.br\/semcom\/wp-content\/uploads\/sites\/5\/2024\/12\/Dezembro-03_Vacinacao-Influenza-3.jpg\",\"width\":2189,\"height\":1459,\"caption\":\"#paratodosverem - na imagem, uma idosa recebe vacina em unidade da Prefeitura de Manaus\"},{\"@type\":\"WebSite\",\"@id\":\"https:\/\/www.manaus.am.gov.br\/semcom\/#website\",\"url\":\"https:\/\/www.manaus.am.gov.br\/semcom\/\",\"name\":\"SEMCOM\",\"description\":\"Secretaria Municipal de Comunica\u00e7\u00e3o\",\"potentialAction\":[{\"@type\":\"SearchAction\",\"target\":{\"@type\":\"EntryPoint\",\"urlTemplate\":\"https:\/\/www.manaus.am.gov.br\/semcom\/?s={search_term_string}\"},\"query-input\":\"required name=search_term_string\"}],\"inLanguage\":\"pt-BR\"},{\"@type\":\"Person\",\"@id\":\"https:\/\/www.manaus.am.gov.br\/semcom\/#\/schema\/person\/ab4dcf766a54dff74e8d267f5c591961\",\"name\":\"smonteiro\",\"image\":{\"@type\":\"ImageObject\",\"inLanguage\":\"pt-BR\",\"@id\":\"https:\/\/www.manaus.am.gov.br\/semcom\/#\/schema\/person\/image\/\",\"url\":\"https:\/\/secure.gravatar.com\/avatar\/21c8776ef61d9272c73322052e042d77?s=96&d=mm&r=g\",\"contentUrl\":\"https:\/\/secure.gravatar.com\/avatar\/21c8776ef61d9272c73322052e042d77?s=96&d=mm&r=g\",\"caption\":\"smonteiro\"}}]}<\/script>\n<!-- \/ Yoast SEO plugin. -->","yoast_head_json":{"title":"Prefeitura registra que mais de 30 mil pessoas j\u00e1 se vacinaram contra Influenza","description":"A Prefeitura de Manaus registrou um aumento significativo de pessoas vacinadas contra a Influenza desde que o imunizante passou a ser disponibilizado ao p\u00fablico geral, na segunda-feira, 25\/11.","robots":{"index":"index","follow":"follow","max-snippet":"max-snippet:-1","max-image-preview":"max-image-preview:large","max-video-preview":"max-video-preview:-1"},"canonical":"https:\/\/www.manaus.am.gov.br\/semcom\/registra-influenza\/","og_locale":"pt_BR","og_type":"article","og_title":"Prefeitura registra que mais de 30 mil pessoas j\u00e1 se vacinaram contra Influenza","og_description":"A Prefeitura de Manaus registrou um aumento significativo de pessoas vacinadas contra a Influenza desde que o imunizante passou a ser disponibilizado ao p\u00fablico geral, na segunda-feira, 25\/11.","og_url":"https:\/\/www.manaus.am.gov.br\/semcom\/registra-influenza\/","og_site_name":"SEMCOM","article_published_time":"2024-12-03T23:58:07+00:00","article_modified_time":"2024-12-03T23:58:09+00:00","og_image":[{"width":2189,"height":1459,"url":"https:\/\/www.manaus.am.gov.br\/semcom\/wp-content\/uploads\/sites\/5\/2024\/12\/Dezembro-03_Vacinacao-Influenza-3.jpg","type":"image\/jpeg"}],"author":"smonteiro","twitter_card":"summary_large_image","twitter_misc":{"Written by":"smonteiro","Est. reading time":"3 minutos"},"schema":{"@context":"https:\/\/schema.org","@graph":[{"@type":"WebPage","@id":"https:\/\/www.manaus.am.gov.br\/semcom\/registra-influenza\/","url":"https:\/\/www.manaus.am.gov.br\/semcom\/registra-influenza\/","name":"Prefeitura registra que mais de 30 mil pessoas j\u00e1 se vacinaram contra Influenza","isPartOf":{"@id":"https:\/\/www.manaus.am.gov.br\/semcom\/#website"},"primaryImageOfPage":{"@id":"https:\/\/www.manaus.am.gov.br\/semcom\/registra-influenza\/#primaryimage"},"image":{"@id":"https:\/\/www.manaus.am.gov.br\/semcom\/registra-influenza\/#primaryimage"},"thumbnailUrl":"https:\/\/www.manaus.am.gov.br\/semcom\/wp-content\/uploads\/sites\/5\/2024\/12\/Dezembro-03_Vacinacao-Influenza-3.jpg","datePublished":"2024-12-03T23:58:07+00:00","dateModified":"2024-12-03T23:58:09+00:00","author":{"@id":"https:\/\/www.manaus.am.gov.br\/semcom\/#\/schema\/person\/ab4dcf766a54dff74e8d267f5c591961"},"description":"A Prefeitura de Manaus registrou um aumento significativo de pessoas vacinadas contra a Influenza desde que o imunizante passou a ser disponibilizado ao p\u00fablico geral, na segunda-feira, 25\/11.","inLanguage":"pt-BR","potentialAction":[{"@type":"ReadAction","target":["https:\/\/www.manaus.am.gov.br\/semcom\/registra-influenza\/"]}]},{"@type":"ImageObject","inLanguage":"pt-BR","@id":"https:\/\/www.manaus.am.gov.br\/semcom\/registra-influenza\/#primaryimage","url":"https:\/\/www.manaus.am.gov.br\/semcom\/wp-content\/uploads\/sites\/5\/2024\/12\/Dezembro-03_Vacinacao-Influenza-3.jpg","contentUrl":"https:\/\/www.manaus.am.gov.br\/semcom\/wp-content\/uploads\/sites\/5\/2024\/12\/Dezembro-03_Vacinacao-Influenza-3.jpg","width":2189,"height":1459,"caption":"#paratodosverem - na imagem, uma idosa recebe vacina em unidade da Prefeitura de Manaus"},{"@type":"WebSite","@id":"https:\/\/www.manaus.am.gov.br\/semcom\/#website","url":"https:\/\/www.manaus.am.gov.br\/semcom\/","name":"SEMCOM","description":"Secretaria Municipal de Comunica\u00e7\u00e3o","potentialAction":[{"@type":"SearchAction","target":{"@type":"EntryPoint","urlTemplate":"https:\/\/www.manaus.am.gov.br\/semcom\/?s={search_term_string}"},"query-input":"required name=search_term_string"}],"inLanguage":"pt-BR"},{"@type":"Person","@id":"https:\/\/www.manaus.am.gov.br\/semcom\/#\/schema\/person\/ab4dcf766a54dff74e8d267f5c591961","name":"smonteiro","image":{"@type":"ImageObject","inLanguage":"pt-BR","@id":"https:\/\/www.manaus.am.gov.br\/semcom\/#\/schema\/person\/image\/","url":"https:\/\/secure.gravatar.com\/avatar\/21c8776ef61d9272c73322052e042d77?s=96&d=mm&r=g","contentUrl":"https:\/\/secure.gravatar.com\/avatar\/21c8776ef61d9272c73322052e042d77?s=96&d=mm&r=g","caption":"smonteiro"}}]}},"_links":{"self":[{"href":"https:\/\/www.manaus.am.gov.br\/semcom\/wp-json\/wp\/v2\/posts\/232608"}],"collection":[{"href":"https:\/\/www.manaus.am.gov.br\/semcom\/wp-json\/wp\/v2\/posts"}],"about":[{"href":"https:\/\/www.manaus.am.gov.br\/semcom\/wp-json\/wp\/v2\/types\/post"}],"author":[{"embeddable":true,"href":"https:\/\/www.manaus.am.gov.br\/semcom\/wp-json\/wp\/v2\/users\/61"}],"replies":[{"embeddable":true,"href":"https:\/\/www.manaus.am.gov.br\/semcom\/wp-json\/wp\/v2\/comments?post=232608"}],"version-history":[{"count":0,"href":"https:\/\/www.manaus.am.gov.br\/semcom\/wp-json\/wp\/v2\/posts\/232608\/revisions"}],"wp:featuredmedia":[{"embeddable":true,"href":"https:\/\/www.manaus.am.gov.br\/semcom\/wp-json\/wp\/v2\/media\/232609"}],"wp:attachment":[{"href":"https:\/\/www.manaus.am.gov.br\/semcom\/wp-json\/wp\/v2\/media?parent=232608"}],"wp:term":[{"taxonomy":"category","embeddable":true,"href":"https:\/\/www.manaus.am.gov.br\/semcom\/wp-json\/wp\/v2\/categories?post=232608"},{"taxonomy":"post_tag","embeddable":true,"href":"https:\/\/www.manaus.am.gov.br\/semcom\/wp-json\/wp\/v2\/tags?post=232608"}],"curies":[{"name":"wp","href":"https:\/\/api.w.org\/{rel}","templated":true}]}}