{"id":232550,"date":"2024-12-02T22:40:45","date_gmt":"2024-12-03T02:40:45","guid":{"rendered":"https:\/\/www.manaus.am.gov.br\/semcom\/entrega-arvore\/"},"modified":"2024-12-02T23:46:11","modified_gmt":"2024-12-03T02:46:11","slug":"entrega-arvore","status":"publish","type":"post","link":"https:\/\/www.manaus.am.gov.br\/semcom\/entrega-arvore\/","title":{"rendered":"Prefeito David Almeida entrega \u00c1rvore de Natal de 30 metros de altura com hologramas e bolhas de sab\u00e3o instagram\u00e1veis em seu adorno"},"content":{"rendered":"\n<p>Com o tema \u201cNatal dos Sonhos &#8211; \u00c9 tempo de sonhar, compartilhar e realizar\u201d, o prefeito de Manaus, David Almeida, entregou a tradicional \u00e1rvore de Natal instagram\u00e1vel do complexo tur\u00edstico Ponta Negra, na zona Oeste. O evento reuniu a imprensa e centenas de pessoas durante o acendimento da \u00e1rvore, nesta segunda-feira (2\/12).<\/p>\n\n\n\n<p>Repleta de luzes, cores e imagens dos colaboradores envolvidos na montagem, a \u00e1rvore de Natal, organizada pelo Fundo Manaus Solid\u00e1ria (FMS), tem 30 metros de altura por 15 metros de di\u00e2metro, 80 ventiladores, projetores hologr\u00e1ficos de fotos e v\u00eddeos, al\u00e9m de 350 mil PixLEDs c\u00eanicos. Seu adorno conta, ainda, com bonecos quebra-nozes, bal\u00f5es de ar quente e seis bolhas de sab\u00e3o gigantes instagram\u00e1veis, importadas com exclusividade da China, uma inova\u00e7\u00e3o para o Natal da capital.<\/p>\n\n\n\n<figure class=\"wp-block-image size-full\"><img loading=\"lazy\" decoding=\"async\" width=\"799\" height=\"533\" src=\"https:\/\/www.manaus.am.gov.br\/semcom\/wp-content\/uploads\/sites\/5\/2024\/12\/Prefeito-Entrega-Arvore-2.jpg\" alt=\"\" class=\"wp-image-232552\" srcset=\"https:\/\/www.manaus.am.gov.br\/semcom\/wp-content\/uploads\/sites\/5\/2024\/12\/Prefeito-Entrega-Arvore-2.jpg 799w, https:\/\/www.manaus.am.gov.br\/semcom\/wp-content\/uploads\/sites\/5\/2024\/12\/Prefeito-Entrega-Arvore-2-300x200.jpg 300w, https:\/\/www.manaus.am.gov.br\/semcom\/wp-content\/uploads\/sites\/5\/2024\/12\/Prefeito-Entrega-Arvore-2-768x512.jpg 768w\" sizes=\"(max-width: 799px) 100vw, 799px\" \/><\/figure>\n\n\n\n<p>De acordo com o prefeito David Almeida, a decora\u00e7\u00e3o natalina da cidade \u00e9 proveniente de recursos oriundos dos cofres da prefeitura, preestabelecidos, anualmente, para esta finalidade, atendendo o planejamento da gest\u00e3o para esta \u00e9poca do ano.<\/p>\n\n\n\n<p>\u201cA cada ano a gente est\u00e1 inovando. N\u00f3s inovamos bastante com aquela primeira \u00e1rvore, no in\u00edcio da extens\u00e3o da Orla da Ponta Negra, que entregamos, no m\u00eas passado, que \u00e9 toda de PixLED, digital, maravilhosa. E agora estamos entregando essa, que tamb\u00e9m acompanha a modernidade. E aqui, a gente trouxe esses componentes das imagens que n\u00f3s vamos trocar semanalmente com fotografias das pessoas que trabalham aqui no complexo, bem como das fam\u00edlias que frequentarem o local\u201d, informou o chefe do Executivo municipal, David Almeida.<\/p>\n\n\n\n<p>O prefeito refor\u00e7ou o pedido de cuidado e zelo por parte da popula\u00e7\u00e3o em rela\u00e7\u00e3o a decora\u00e7\u00e3o. \u201cEspero que as pessoas tenham cuidado e zelo. E, para as a\u00e7\u00f5es de vandalismo, estamos aqui com monitoramento e fiscaliza\u00e7\u00e3o por parte da Guarda Municipal. Contudo, se algu\u00e9m presenciar alguma a\u00e7\u00e3o de depreda\u00e7\u00e3o, basta denunciar. Isso aqui \u00e9 um bem p\u00fablico, uma inova\u00e7\u00e3o. Nenhuma cidade do Brasil possui uma ornamenta\u00e7\u00e3o como essa\u201d, destacou David Almeida.<\/p>\n\n\n\n<figure class=\"wp-block-image size-large\"><img loading=\"lazy\" decoding=\"async\" width=\"1024\" height=\"617\" src=\"https:\/\/www.manaus.am.gov.br\/semcom\/wp-content\/uploads\/sites\/5\/2024\/12\/Prefeito-Entrega-Arvore-1024x617.jpg\" alt=\"\" class=\"wp-image-232556\" srcset=\"https:\/\/www.manaus.am.gov.br\/semcom\/wp-content\/uploads\/sites\/5\/2024\/12\/Prefeito-Entrega-Arvore-1024x617.jpg 1024w, https:\/\/www.manaus.am.gov.br\/semcom\/wp-content\/uploads\/sites\/5\/2024\/12\/Prefeito-Entrega-Arvore-300x181.jpg 300w, https:\/\/www.manaus.am.gov.br\/semcom\/wp-content\/uploads\/sites\/5\/2024\/12\/Prefeito-Entrega-Arvore-768x463.jpg 768w, https:\/\/www.manaus.am.gov.br\/semcom\/wp-content\/uploads\/sites\/5\/2024\/12\/Prefeito-Entrega-Arvore-1536x926.jpg 1536w, https:\/\/www.manaus.am.gov.br\/semcom\/wp-content\/uploads\/sites\/5\/2024\/12\/Prefeito-Entrega-Arvore.jpg 2048w\" sizes=\"(max-width: 1024px) 100vw, 1024px\" \/><\/figure>\n\n\n\n<p>A decora\u00e7\u00e3o natalina da extens\u00e3o do complexo tur\u00edstico, este ano, trouxe tamb\u00e9m, a Vila Encantada e casa do Papai Noel, com oito minicasas, \u00e1rvores, carrossel, tren\u00f3, al\u00e9m de t\u00fanel musical com 60 metros de comprimento, com Boneco de Neve em seu portal de acesso e duas caudas de cometas distribu\u00eddas pelo cal\u00e7ad\u00e3o, compondo um cen\u00e1rio perfeito para fotos e posts instagram\u00e1veis.<\/p>\n\n\n\n<p>\u201c\u00c9 mais uma grande novidade para a cidade de Manaus. A atual gest\u00e3o n\u00e3o tem medido esfor\u00e7os para surpreender a popula\u00e7\u00e3o com o Natal da cidade. \u00c9 gratificante demais ver o brilho no olhar de cada crian\u00e7a e saber que estamos marcando uma gera\u00e7\u00e3o com o Natal da Prefeitura de Manaus\u201d, ressaltou o diretor-presidente do Fundo Manaus Solid\u00e1ria (FMS).<\/p>\n\n\n\n<p>A cerim\u00f4nia de acendimento da \u00e1rvore natalina contou com a apresenta\u00e7\u00e3o da fanfarra do Vila da Barra, institui\u00e7\u00e3o parceira e fomentada pelo FMS. E, tamb\u00e9m, com a entrega de 20 ve\u00edculos do transporte coletivo envelopados com as informa\u00e7\u00f5es dos principais pontos da cidade que estar\u00e3o recebendo programa\u00e7\u00e3o especial do \u201cNatal dos Sonhos\u201d.<\/p>\n\n\n\n<figure class=\"wp-block-image size-full\"><img loading=\"lazy\" decoding=\"async\" width=\"800\" height=\"575\" src=\"https:\/\/www.manaus.am.gov.br\/semcom\/wp-content\/uploads\/sites\/5\/2024\/12\/Prefeito-Entrega-Arvore-4.jpg\" alt=\"\" class=\"wp-image-232551\" srcset=\"https:\/\/www.manaus.am.gov.br\/semcom\/wp-content\/uploads\/sites\/5\/2024\/12\/Prefeito-Entrega-Arvore-4.jpg 800w, https:\/\/www.manaus.am.gov.br\/semcom\/wp-content\/uploads\/sites\/5\/2024\/12\/Prefeito-Entrega-Arvore-4-300x216.jpg 300w, https:\/\/www.manaus.am.gov.br\/semcom\/wp-content\/uploads\/sites\/5\/2024\/12\/Prefeito-Entrega-Arvore-4-768x552.jpg 768w\" sizes=\"(max-width: 800px) 100vw, 800px\" \/><\/figure>\n\n\n\n<p><strong>Mais novidades<\/strong><\/p>\n\n\n\n<p>Nos pr\u00f3ximos dias, a Prefeitura de Manaus ainda entregar\u00e1 um Portal Natalino e o Tren\u00f3 do Papai Noel, por sobre o anfiteatro da Ponta Negra. No s\u00e1bado, 7\/12 ser\u00e1 realizada uma apresenta\u00e7\u00e3o especial do musical \u201cUm Sonho de Natal\u201d, com a F\u00e1brica de Brinquedos, parceria com a Igreja Batista, em dois hor\u00e1rios: \u00e0s 19h e \u00e0s 20h30, com a grande chuva de neve para receber a popula\u00e7\u00e3o que for prestigiar o espet\u00e1culo.<\/p>\n\n\n\n<p>&#8212; &#8212; &#8212;<\/p>\n\n\n\n<p><strong>Texto<\/strong> &#8211; Emanuelle Baires \/ Semcom<\/p>\n\n\n\n<p><strong>Fotos<\/strong> &#8211; Dhyeizo Lemos \/ Semcom<\/p>\n","protected":false},"excerpt":{"rendered":"","protected":false},"author":61,"featured_media":232553,"comment_status":"closed","ping_status":"closed","sticky":false,"template":"","format":"standard","meta":{"footnotes":""},"categories":[12730],"tags":[12731,12732,35,12558,77],"acf":[],"yoast_head":"<!-- This site is optimized with the Yoast SEO plugin v23.0 - https:\/\/yoast.com\/wordpress\/plugins\/seo\/ -->\n<title>Prefeito David Almeida entrega \u00c1rvore de Natal de 30 metros de altura com hologramas e bolhas de sab\u00e3o instagram\u00e1veis em seu adorno<\/title>\n<meta name=\"description\" content=\"Com o tema \u201cNatal dos Sonhos - \u00c9 tempo de sonhar, compartilhar e realizar\u201d, o prefeito de Manaus, David Almeida, entregou a tradicional \u00e1rvore de Natal instagram\u00e1vel do complexo tur\u00edstico Ponta Negra.\" \/>\n<meta name=\"robots\" content=\"index, follow, max-snippet:-1, max-image-preview:large, max-video-preview:-1\" \/>\n<link rel=\"canonical\" href=\"https:\/\/www.manaus.am.gov.br\/semcom\/entrega-arvore\/\" \/>\n<meta property=\"og:locale\" content=\"pt_BR\" \/>\n<meta property=\"og:type\" content=\"article\" \/>\n<meta property=\"og:title\" content=\"Prefeito David Almeida entrega \u00c1rvore de Natal de 30 metros de altura com hologramas e bolhas de sab\u00e3o instagram\u00e1veis em seu adorno\" \/>\n<meta property=\"og:description\" content=\"Com o tema \u201cNatal dos Sonhos - \u00c9 tempo de sonhar, compartilhar e realizar\u201d, o prefeito de Manaus, David Almeida, entregou a tradicional \u00e1rvore de Natal instagram\u00e1vel do complexo tur\u00edstico Ponta Negra.\" \/>\n<meta property=\"og:url\" content=\"https:\/\/www.manaus.am.gov.br\/semcom\/entrega-arvore\/\" \/>\n<meta property=\"og:site_name\" content=\"SEMCOM\" \/>\n<meta property=\"article:published_time\" content=\"2024-12-03T02:40:45+00:00\" \/>\n<meta property=\"article:modified_time\" content=\"2024-12-03T02:46:11+00:00\" \/>\n<meta property=\"og:image\" content=\"https:\/\/www.manaus.am.gov.br\/semcom\/wp-content\/uploads\/sites\/5\/2024\/12\/Prefeito-Entrega-Arvore-3.jpg\" \/>\n\t<meta property=\"og:image:width\" content=\"799\" \/>\n\t<meta property=\"og:image:height\" content=\"533\" \/>\n\t<meta property=\"og:image:type\" content=\"image\/jpeg\" \/>\n<meta name=\"author\" content=\"smonteiro\" \/>\n<meta name=\"twitter:card\" content=\"summary_large_image\" \/>\n<meta name=\"twitter:label1\" content=\"Written by\" \/>\n\t<meta name=\"twitter:data1\" content=\"smonteiro\" \/>\n\t<meta name=\"twitter:label2\" content=\"Est. reading time\" \/>\n\t<meta name=\"twitter:data2\" content=\"4 minutos\" \/>\n<script type=\"application\/ld+json\" class=\"yoast-schema-graph\">{\"@context\":\"https:\/\/schema.org\",\"@graph\":[{\"@type\":\"WebPage\",\"@id\":\"https:\/\/www.manaus.am.gov.br\/semcom\/entrega-arvore\/\",\"url\":\"https:\/\/www.manaus.am.gov.br\/semcom\/entrega-arvore\/\",\"name\":\"Prefeito David Almeida entrega \u00c1rvore de Natal de 30 metros de altura com hologramas e bolhas de sab\u00e3o instagram\u00e1veis em seu adorno\",\"isPartOf\":{\"@id\":\"https:\/\/www.manaus.am.gov.br\/semcom\/#website\"},\"primaryImageOfPage\":{\"@id\":\"https:\/\/www.manaus.am.gov.br\/semcom\/entrega-arvore\/#primaryimage\"},\"image\":{\"@id\":\"https:\/\/www.manaus.am.gov.br\/semcom\/entrega-arvore\/#primaryimage\"},\"thumbnailUrl\":\"https:\/\/www.manaus.am.gov.br\/semcom\/wp-content\/uploads\/sites\/5\/2024\/12\/Prefeito-Entrega-Arvore-3.jpg\",\"datePublished\":\"2024-12-03T02:40:45+00:00\",\"dateModified\":\"2024-12-03T02:46:11+00:00\",\"author\":{\"@id\":\"https:\/\/www.manaus.am.gov.br\/semcom\/#\/schema\/person\/ab4dcf766a54dff74e8d267f5c591961\"},\"description\":\"Com o tema \u201cNatal dos Sonhos - \u00c9 tempo de sonhar, compartilhar e realizar\u201d, o prefeito de Manaus, David Almeida, entregou a tradicional \u00e1rvore de Natal instagram\u00e1vel do complexo tur\u00edstico Ponta Negra.\",\"inLanguage\":\"pt-BR\",\"potentialAction\":[{\"@type\":\"ReadAction\",\"target\":[\"https:\/\/www.manaus.am.gov.br\/semcom\/entrega-arvore\/\"]}]},{\"@type\":\"ImageObject\",\"inLanguage\":\"pt-BR\",\"@id\":\"https:\/\/www.manaus.am.gov.br\/semcom\/entrega-arvore\/#primaryimage\",\"url\":\"https:\/\/www.manaus.am.gov.br\/semcom\/wp-content\/uploads\/sites\/5\/2024\/12\/Prefeito-Entrega-Arvore-3.jpg\",\"contentUrl\":\"https:\/\/www.manaus.am.gov.br\/semcom\/wp-content\/uploads\/sites\/5\/2024\/12\/Prefeito-Entrega-Arvore-3.jpg\",\"width\":799,\"height\":533,\"caption\":\"#paratodosverem - na imagem, o prefeito de Manaus, David Almeida, juntamente com autoridades municipais, observa o momento em que a \u00e1rvore de Natal da Ponta Negra \u00e9 acesa.\"},{\"@type\":\"WebSite\",\"@id\":\"https:\/\/www.manaus.am.gov.br\/semcom\/#website\",\"url\":\"https:\/\/www.manaus.am.gov.br\/semcom\/\",\"name\":\"SEMCOM\",\"description\":\"Secretaria Municipal de Comunica\u00e7\u00e3o\",\"potentialAction\":[{\"@type\":\"SearchAction\",\"target\":{\"@type\":\"EntryPoint\",\"urlTemplate\":\"https:\/\/www.manaus.am.gov.br\/semcom\/?s={search_term_string}\"},\"query-input\":\"required name=search_term_string\"}],\"inLanguage\":\"pt-BR\"},{\"@type\":\"Person\",\"@id\":\"https:\/\/www.manaus.am.gov.br\/semcom\/#\/schema\/person\/ab4dcf766a54dff74e8d267f5c591961\",\"name\":\"smonteiro\",\"image\":{\"@type\":\"ImageObject\",\"inLanguage\":\"pt-BR\",\"@id\":\"https:\/\/www.manaus.am.gov.br\/semcom\/#\/schema\/person\/image\/\",\"url\":\"https:\/\/secure.gravatar.com\/avatar\/21c8776ef61d9272c73322052e042d77?s=96&d=mm&r=g\",\"contentUrl\":\"https:\/\/secure.gravatar.com\/avatar\/21c8776ef61d9272c73322052e042d77?s=96&d=mm&r=g\",\"caption\":\"smonteiro\"}}]}<\/script>\n<!-- \/ Yoast SEO plugin. -->","yoast_head_json":{"title":"Prefeito David Almeida entrega \u00c1rvore de Natal de 30 metros de altura com hologramas e bolhas de sab\u00e3o instagram\u00e1veis em seu adorno","description":"Com o tema \u201cNatal dos Sonhos - \u00c9 tempo de sonhar, compartilhar e realizar\u201d, o prefeito de Manaus, David Almeida, entregou a tradicional \u00e1rvore de Natal instagram\u00e1vel do complexo tur\u00edstico Ponta Negra.","robots":{"index":"index","follow":"follow","max-snippet":"max-snippet:-1","max-image-preview":"max-image-preview:large","max-video-preview":"max-video-preview:-1"},"canonical":"https:\/\/www.manaus.am.gov.br\/semcom\/entrega-arvore\/","og_locale":"pt_BR","og_type":"article","og_title":"Prefeito David Almeida entrega \u00c1rvore de Natal de 30 metros de altura com hologramas e bolhas de sab\u00e3o instagram\u00e1veis em seu adorno","og_description":"Com o tema \u201cNatal dos Sonhos - \u00c9 tempo de sonhar, compartilhar e realizar\u201d, o prefeito de Manaus, David Almeida, entregou a tradicional \u00e1rvore de Natal instagram\u00e1vel do complexo tur\u00edstico Ponta Negra.","og_url":"https:\/\/www.manaus.am.gov.br\/semcom\/entrega-arvore\/","og_site_name":"SEMCOM","article_published_time":"2024-12-03T02:40:45+00:00","article_modified_time":"2024-12-03T02:46:11+00:00","og_image":[{"width":799,"height":533,"url":"https:\/\/www.manaus.am.gov.br\/semcom\/wp-content\/uploads\/sites\/5\/2024\/12\/Prefeito-Entrega-Arvore-3.jpg","type":"image\/jpeg"}],"author":"smonteiro","twitter_card":"summary_large_image","twitter_misc":{"Written by":"smonteiro","Est. reading time":"4 minutos"},"schema":{"@context":"https:\/\/schema.org","@graph":[{"@type":"WebPage","@id":"https:\/\/www.manaus.am.gov.br\/semcom\/entrega-arvore\/","url":"https:\/\/www.manaus.am.gov.br\/semcom\/entrega-arvore\/","name":"Prefeito David Almeida entrega \u00c1rvore de Natal de 30 metros de altura com hologramas e bolhas de sab\u00e3o instagram\u00e1veis em seu adorno","isPartOf":{"@id":"https:\/\/www.manaus.am.gov.br\/semcom\/#website"},"primaryImageOfPage":{"@id":"https:\/\/www.manaus.am.gov.br\/semcom\/entrega-arvore\/#primaryimage"},"image":{"@id":"https:\/\/www.manaus.am.gov.br\/semcom\/entrega-arvore\/#primaryimage"},"thumbnailUrl":"https:\/\/www.manaus.am.gov.br\/semcom\/wp-content\/uploads\/sites\/5\/2024\/12\/Prefeito-Entrega-Arvore-3.jpg","datePublished":"2024-12-03T02:40:45+00:00","dateModified":"2024-12-03T02:46:11+00:00","author":{"@id":"https:\/\/www.manaus.am.gov.br\/semcom\/#\/schema\/person\/ab4dcf766a54dff74e8d267f5c591961"},"description":"Com o tema \u201cNatal dos Sonhos - \u00c9 tempo de sonhar, compartilhar e realizar\u201d, o prefeito de Manaus, David Almeida, entregou a tradicional \u00e1rvore de Natal instagram\u00e1vel do complexo tur\u00edstico Ponta Negra.","inLanguage":"pt-BR","potentialAction":[{"@type":"ReadAction","target":["https:\/\/www.manaus.am.gov.br\/semcom\/entrega-arvore\/"]}]},{"@type":"ImageObject","inLanguage":"pt-BR","@id":"https:\/\/www.manaus.am.gov.br\/semcom\/entrega-arvore\/#primaryimage","url":"https:\/\/www.manaus.am.gov.br\/semcom\/wp-content\/uploads\/sites\/5\/2024\/12\/Prefeito-Entrega-Arvore-3.jpg","contentUrl":"https:\/\/www.manaus.am.gov.br\/semcom\/wp-content\/uploads\/sites\/5\/2024\/12\/Prefeito-Entrega-Arvore-3.jpg","width":799,"height":533,"caption":"#paratodosverem - na imagem, o prefeito de Manaus, David Almeida, juntamente com autoridades municipais, observa o momento em que a \u00e1rvore de Natal da Ponta Negra \u00e9 acesa."},{"@type":"WebSite","@id":"https:\/\/www.manaus.am.gov.br\/semcom\/#website","url":"https:\/\/www.manaus.am.gov.br\/semcom\/","name":"SEMCOM","description":"Secretaria Municipal de Comunica\u00e7\u00e3o","potentialAction":[{"@type":"SearchAction","target":{"@type":"EntryPoint","urlTemplate":"https:\/\/www.manaus.am.gov.br\/semcom\/?s={search_term_string}"},"query-input":"required name=search_term_string"}],"inLanguage":"pt-BR"},{"@type":"Person","@id":"https:\/\/www.manaus.am.gov.br\/semcom\/#\/schema\/person\/ab4dcf766a54dff74e8d267f5c591961","name":"smonteiro","image":{"@type":"ImageObject","inLanguage":"pt-BR","@id":"https:\/\/www.manaus.am.gov.br\/semcom\/#\/schema\/person\/image\/","url":"https:\/\/secure.gravatar.com\/avatar\/21c8776ef61d9272c73322052e042d77?s=96&d=mm&r=g","contentUrl":"https:\/\/secure.gravatar.com\/avatar\/21c8776ef61d9272c73322052e042d77?s=96&d=mm&r=g","caption":"smonteiro"}}]}},"_links":{"self":[{"href":"https:\/\/www.manaus.am.gov.br\/semcom\/wp-json\/wp\/v2\/posts\/232550"}],"collection":[{"href":"https:\/\/www.manaus.am.gov.br\/semcom\/wp-json\/wp\/v2\/posts"}],"about":[{"href":"https:\/\/www.manaus.am.gov.br\/semcom\/wp-json\/wp\/v2\/types\/post"}],"author":[{"embeddable":true,"href":"https:\/\/www.manaus.am.gov.br\/semcom\/wp-json\/wp\/v2\/users\/61"}],"replies":[{"embeddable":true,"href":"https:\/\/www.manaus.am.gov.br\/semcom\/wp-json\/wp\/v2\/comments?post=232550"}],"version-history":[{"count":3,"href":"https:\/\/www.manaus.am.gov.br\/semcom\/wp-json\/wp\/v2\/posts\/232550\/revisions"}],"predecessor-version":[{"id":232557,"href":"https:\/\/www.manaus.am.gov.br\/semcom\/wp-json\/wp\/v2\/posts\/232550\/revisions\/232557"}],"wp:featuredmedia":[{"embeddable":true,"href":"https:\/\/www.manaus.am.gov.br\/semcom\/wp-json\/wp\/v2\/media\/232553"}],"wp:attachment":[{"href":"https:\/\/www.manaus.am.gov.br\/semcom\/wp-json\/wp\/v2\/media?parent=232550"}],"wp:term":[{"taxonomy":"category","embeddable":true,"href":"https:\/\/www.manaus.am.gov.br\/semcom\/wp-json\/wp\/v2\/categories?post=232550"},{"taxonomy":"post_tag","embeddable":true,"href":"https:\/\/www.manaus.am.gov.br\/semcom\/wp-json\/wp\/v2\/tags?post=232550"}],"curies":[{"name":"wp","href":"https:\/\/api.w.org\/{rel}","templated":true}]}}