{"id":232464,"date":"2024-11-29T11:31:56","date_gmt":"2024-11-29T15:31:56","guid":{"rendered":"https:\/\/www.manaus.am.gov.br\/semcom\/909-vias-zona-norte-beneficiadas-recapeamento\/"},"modified":"2024-11-29T12:41:16","modified_gmt":"2024-11-29T15:41:16","slug":"909-vias-zona-norte-beneficiadas-recapeamento","status":"publish","type":"post","link":"https:\/\/www.manaus.am.gov.br\/semcom\/909-vias-zona-norte-beneficiadas-recapeamento\/","title":{"rendered":"Mais de 900 vias da zona Norte de Manaus s\u00e3o beneficiadas com servi\u00e7o de recapeamento da prefeitura"},"content":{"rendered":"\n<p>Considerada uma das \u00e1reas mais populosas da capital, a zona Norte foi contemplada pela Prefeitura de Manaus, por meio da Secretaria Municipal de Infraestrutura (Seminf), com diversos servi\u00e7os de infraestrutura e passa a contar com 909 vias recapeadas. A regi\u00e3o estava&nbsp;com bastantes&nbsp;ruas deterioradas devido aos in\u00fameros buracos formados pelo desgaste natural do asfalto, comprometendo a passagem de ve\u00edculos e pedestres.<\/p>\n\n\n\n<p>O secret\u00e1rio de Obras, Renato Junior, explica que as frentes de trabalho do programa \u201cAsfalta Manaus\u201d j\u00e1 beneficiaram mais de 3,5 mil vias e t\u00eam mudado a realidade das pessoas dentro de bairros e comunidades da cidade.<\/p>\n\n\n\n<p>\u201cO \u2018Asfalta Manaus\u2019 \u00e9 o maior programa de pavimenta\u00e7\u00e3o urbana da hist\u00f3ria, renovando a malha vi\u00e1ria da capital e levando asfalto pela primeira vez a vias que existiam apenas no barro. A pavimenta\u00e7\u00e3o tem a miss\u00e3o, n\u00e3o s\u00f3 de melhorar a trafegabilidade das vias, mas principalmente de melhorar a vida das pessoas. Uma rua pavimentada impacta, n\u00e3o s\u00f3 na valoriza\u00e7\u00e3o dos im\u00f3veis da \u00e1rea, mas tamb\u00e9m na sa\u00fade das pessoas que l\u00e1 residem, al\u00e9m de diminuir consideravelmente a emiss\u00e3o de poeira e melhorar a qualidade do ar, contribuindo assim para preven\u00e7\u00e3o de doen\u00e7as respirat\u00f3rias e para o bem-estar geral da comunidade\u201d,&nbsp;afirmou Renato Junior.&nbsp;<\/p>\n\n\n\n<p>As equipes da Seminf j\u00e1 atuam no local&nbsp;com v\u00e1rias frentes de obras em todos os bairros da zona Norte. No bairro Cidade de Deus, 106 vias j\u00e1&nbsp;foram atendidas; no bairro Cidade Nova, 242 vias receberam novo asfalto; no bairro Nova Cidade, 239 vias j\u00e1 foram beneficiadas; no Santa Etelvina, 143 vias foram recapeadas; e entre outros.<\/p>\n\n\n\n<p>Para a execu\u00e7\u00e3o dos&nbsp;servi\u00e7os, as equipes fazem uso de retroescavadeira, vibroacabadora, rolo compressor e caminh\u00f5es. Os trabalhos s\u00e3o iniciados pelo servi\u00e7o de&nbsp;fresagem (remo\u00e7\u00e3o da camada antiga do pavimento), para posteriormente avan\u00e7ar&nbsp;para&nbsp;a aplica\u00e7\u00e3o de uma nova camada de&nbsp;asfalto.&nbsp;<\/p>\n\n\n\n<p>O aposentado Ant\u00f4nio Teixeira, de 48 anos, comemora o novo cen\u00e1rio das ruas asfaltadas. \u201cEu sou um dos fundadores do Campo Dourado e h\u00e1 muitos anos eu n\u00e3o via uma pavimenta\u00e7\u00e3o nas ruas, era muito complicado andar pelos buracos e valas, ainda mais eu, que tenho uma defici\u00eancia f\u00edsica. Agora est\u00e1 muito melhor para a minha estabilidade, s\u00f3&nbsp;tenho a agradecer&nbsp;ao prefeito David Almeida e ao secret\u00e1rio de Obras pelo asfalto de primeiro mundo\u201d, comemora o morador.<\/p>\n\n\n\n<p>O maior programa de recupera\u00e7\u00e3o vi\u00e1ria de Manaus, deixa a marca da qualidade na execu\u00e7\u00e3o dos servi\u00e7os que s\u00e3o iniciados pela fresagem, com a retirada do asfalto desgastado e velho, passando pela prepara\u00e7\u00e3o da base, para finalizar o servi\u00e7o de infraestrutura com a aplica\u00e7\u00e3o da massa asf\u00e1ltica, com um padr\u00e3o implantado pela prefeitura de cinco cent\u00edmetros de espessura de camada, o mesmo padr\u00e3o para todas as vias da capital.<\/p>\n\n\n\n<p>\u201cA determina\u00e7\u00e3o do prefeito David Almeida \u00e9 de atendermos o maior n\u00famero de vias poss\u00edveis, incluindo becos, vielas, ruas e avenidas com o mesmo servi\u00e7o de excel\u00eancia criado pela Prefeitura de Manaus, e n\u00e3o apenas as ruas principais. Todas as zonas da capital est\u00e3o sendo beneficiadas\u201d, concluiu Renato Junior.<\/p>\n\n\n\n<figure class=\"wp-block-image size-large\"><img loading=\"lazy\" decoding=\"async\" width=\"1024\" height=\"576\" src=\"https:\/\/www.manaus.am.gov.br\/semcom\/wp-content\/uploads\/sites\/5\/2024\/11\/54172557050_e8fa9a149b_k-1024x576.jpg\" alt=\"\" class=\"wp-image-232465\" srcset=\"https:\/\/www.manaus.am.gov.br\/semcom\/wp-content\/uploads\/sites\/5\/2024\/11\/54172557050_e8fa9a149b_k-1024x576.jpg 1024w, https:\/\/www.manaus.am.gov.br\/semcom\/wp-content\/uploads\/sites\/5\/2024\/11\/54172557050_e8fa9a149b_k-300x169.jpg 300w, https:\/\/www.manaus.am.gov.br\/semcom\/wp-content\/uploads\/sites\/5\/2024\/11\/54172557050_e8fa9a149b_k-768x432.jpg 768w, https:\/\/www.manaus.am.gov.br\/semcom\/wp-content\/uploads\/sites\/5\/2024\/11\/54172557050_e8fa9a149b_k-1536x864.jpg 1536w, https:\/\/www.manaus.am.gov.br\/semcom\/wp-content\/uploads\/sites\/5\/2024\/11\/54172557050_e8fa9a149b_k.jpg 2048w\" sizes=\"(max-width: 1024px) 100vw, 1024px\" \/><\/figure>\n\n\n\n<p>&#8212; &#8212; &#8212;<\/p>\n\n\n\n<p><strong>Texto &#8211;<\/strong>&nbsp;Valesca Martins\/Seminf<\/p>\n\n\n\n<p><strong>Fotos<\/strong> &#8211; M\u00e1rcio Melo\/Seminf<\/p>\n\n\n\n<p><strong>Dispon\u00edveis em \u2013 <\/strong><a href=\"https:\/\/flic.kr\/s\/aHBqjBTjTM\">https:\/\/flic.kr\/s\/aHBqjBTjTM<\/a><\/p>\n","protected":false},"excerpt":{"rendered":"","protected":false},"author":39,"featured_media":232466,"comment_status":"closed","ping_status":"closed","sticky":false,"template":"","format":"standard","meta":{"footnotes":""},"categories":[201],"tags":[12707,102,77,33,5898],"acf":[],"yoast_head":"<!-- This site is optimized with the Yoast SEO plugin v23.0 - https:\/\/yoast.com\/wordpress\/plugins\/seo\/ -->\n<title>909 vias da zona Norte s\u00e3o beneficiadas com recapeamento<\/title>\n<meta name=\"description\" content=\"Mais de 900 vias da zona Norte da capital s\u00e3o beneficiadas com servi\u00e7o de recapeamento da Prefeitura de Manaus.\" \/>\n<meta name=\"robots\" content=\"index, follow, max-snippet:-1, max-image-preview:large, max-video-preview:-1\" \/>\n<link rel=\"canonical\" href=\"https:\/\/www.manaus.am.gov.br\/semcom\/909-vias-zona-norte-beneficiadas-recapeamento\/\" \/>\n<meta property=\"og:locale\" content=\"pt_BR\" \/>\n<meta property=\"og:type\" content=\"article\" \/>\n<meta property=\"og:title\" content=\"909 vias da zona Norte s\u00e3o beneficiadas com recapeamento\" \/>\n<meta property=\"og:description\" content=\"Mais de 900 vias da zona Norte da capital s\u00e3o beneficiadas com servi\u00e7o de recapeamento da Prefeitura de Manaus.\" \/>\n<meta property=\"og:url\" content=\"https:\/\/www.manaus.am.gov.br\/semcom\/909-vias-zona-norte-beneficiadas-recapeamento\/\" \/>\n<meta property=\"og:site_name\" content=\"SEMCOM\" \/>\n<meta property=\"article:published_time\" content=\"2024-11-29T15:31:56+00:00\" \/>\n<meta property=\"article:modified_time\" content=\"2024-11-29T15:41:16+00:00\" \/>\n<meta property=\"og:image\" content=\"https:\/\/www.manaus.am.gov.br\/semcom\/wp-content\/uploads\/sites\/5\/2024\/11\/54171231257_cada9a5322_k.jpg\" \/>\n\t<meta property=\"og:image:width\" content=\"2048\" \/>\n\t<meta property=\"og:image:height\" content=\"1152\" \/>\n\t<meta property=\"og:image:type\" content=\"image\/jpeg\" \/>\n<meta name=\"author\" content=\"Bruna Greco\" \/>\n<meta name=\"twitter:card\" content=\"summary_large_image\" \/>\n<meta name=\"twitter:label1\" content=\"Written by\" \/>\n\t<meta name=\"twitter:data1\" content=\"Bruna Greco\" \/>\n\t<meta name=\"twitter:label2\" content=\"Est. reading time\" \/>\n\t<meta name=\"twitter:data2\" content=\"4 minutos\" \/>\n<script type=\"application\/ld+json\" class=\"yoast-schema-graph\">{\"@context\":\"https:\/\/schema.org\",\"@graph\":[{\"@type\":\"WebPage\",\"@id\":\"https:\/\/www.manaus.am.gov.br\/semcom\/909-vias-zona-norte-beneficiadas-recapeamento\/\",\"url\":\"https:\/\/www.manaus.am.gov.br\/semcom\/909-vias-zona-norte-beneficiadas-recapeamento\/\",\"name\":\"909 vias da zona Norte s\u00e3o beneficiadas com recapeamento\",\"isPartOf\":{\"@id\":\"https:\/\/www.manaus.am.gov.br\/semcom\/#website\"},\"primaryImageOfPage\":{\"@id\":\"https:\/\/www.manaus.am.gov.br\/semcom\/909-vias-zona-norte-beneficiadas-recapeamento\/#primaryimage\"},\"image\":{\"@id\":\"https:\/\/www.manaus.am.gov.br\/semcom\/909-vias-zona-norte-beneficiadas-recapeamento\/#primaryimage\"},\"thumbnailUrl\":\"https:\/\/www.manaus.am.gov.br\/semcom\/wp-content\/uploads\/sites\/5\/2024\/11\/54171231257_cada9a5322_k.jpg\",\"datePublished\":\"2024-11-29T15:31:56+00:00\",\"dateModified\":\"2024-11-29T15:41:16+00:00\",\"author\":{\"@id\":\"https:\/\/www.manaus.am.gov.br\/semcom\/#\/schema\/person\/05d223aea2bf115f9883a6ff3683d81b\"},\"description\":\"Mais de 900 vias da zona Norte da capital s\u00e3o beneficiadas com servi\u00e7o de recapeamento da Prefeitura de Manaus.\",\"inLanguage\":\"pt-BR\",\"potentialAction\":[{\"@type\":\"ReadAction\",\"target\":[\"https:\/\/www.manaus.am.gov.br\/semcom\/909-vias-zona-norte-beneficiadas-recapeamento\/\"]}]},{\"@type\":\"ImageObject\",\"inLanguage\":\"pt-BR\",\"@id\":\"https:\/\/www.manaus.am.gov.br\/semcom\/909-vias-zona-norte-beneficiadas-recapeamento\/#primaryimage\",\"url\":\"https:\/\/www.manaus.am.gov.br\/semcom\/wp-content\/uploads\/sites\/5\/2024\/11\/54171231257_cada9a5322_k.jpg\",\"contentUrl\":\"https:\/\/www.manaus.am.gov.br\/semcom\/wp-content\/uploads\/sites\/5\/2024\/11\/54171231257_cada9a5322_k.jpg\",\"width\":2048,\"height\":1152,\"caption\":\"#paratodosverem - Equipe e maquin\u00e1rio da Seminf executando servi\u00e7os de recapeamento em via da zona Norte\"},{\"@type\":\"WebSite\",\"@id\":\"https:\/\/www.manaus.am.gov.br\/semcom\/#website\",\"url\":\"https:\/\/www.manaus.am.gov.br\/semcom\/\",\"name\":\"SEMCOM\",\"description\":\"Secretaria Municipal de Comunica\u00e7\u00e3o\",\"potentialAction\":[{\"@type\":\"SearchAction\",\"target\":{\"@type\":\"EntryPoint\",\"urlTemplate\":\"https:\/\/www.manaus.am.gov.br\/semcom\/?s={search_term_string}\"},\"query-input\":\"required name=search_term_string\"}],\"inLanguage\":\"pt-BR\"},{\"@type\":\"Person\",\"@id\":\"https:\/\/www.manaus.am.gov.br\/semcom\/#\/schema\/person\/05d223aea2bf115f9883a6ff3683d81b\",\"name\":\"Bruna Greco\",\"image\":{\"@type\":\"ImageObject\",\"inLanguage\":\"pt-BR\",\"@id\":\"https:\/\/www.manaus.am.gov.br\/semcom\/#\/schema\/person\/image\/\",\"url\":\"https:\/\/secure.gravatar.com\/avatar\/9c877d1a6adc2a055330e5c09a8653ce?s=96&d=mm&r=g\",\"contentUrl\":\"https:\/\/secure.gravatar.com\/avatar\/9c877d1a6adc2a055330e5c09a8653ce?s=96&d=mm&r=g\",\"caption\":\"Bruna Greco\"}}]}<\/script>\n<!-- \/ Yoast SEO plugin. -->","yoast_head_json":{"title":"909 vias da zona Norte s\u00e3o beneficiadas com recapeamento","description":"Mais de 900 vias da zona Norte da capital s\u00e3o beneficiadas com servi\u00e7o de recapeamento da Prefeitura de Manaus.","robots":{"index":"index","follow":"follow","max-snippet":"max-snippet:-1","max-image-preview":"max-image-preview:large","max-video-preview":"max-video-preview:-1"},"canonical":"https:\/\/www.manaus.am.gov.br\/semcom\/909-vias-zona-norte-beneficiadas-recapeamento\/","og_locale":"pt_BR","og_type":"article","og_title":"909 vias da zona Norte s\u00e3o beneficiadas com recapeamento","og_description":"Mais de 900 vias da zona Norte da capital s\u00e3o beneficiadas com servi\u00e7o de recapeamento da Prefeitura de Manaus.","og_url":"https:\/\/www.manaus.am.gov.br\/semcom\/909-vias-zona-norte-beneficiadas-recapeamento\/","og_site_name":"SEMCOM","article_published_time":"2024-11-29T15:31:56+00:00","article_modified_time":"2024-11-29T15:41:16+00:00","og_image":[{"width":2048,"height":1152,"url":"https:\/\/www.manaus.am.gov.br\/semcom\/wp-content\/uploads\/sites\/5\/2024\/11\/54171231257_cada9a5322_k.jpg","type":"image\/jpeg"}],"author":"Bruna Greco","twitter_card":"summary_large_image","twitter_misc":{"Written by":"Bruna Greco","Est. reading time":"4 minutos"},"schema":{"@context":"https:\/\/schema.org","@graph":[{"@type":"WebPage","@id":"https:\/\/www.manaus.am.gov.br\/semcom\/909-vias-zona-norte-beneficiadas-recapeamento\/","url":"https:\/\/www.manaus.am.gov.br\/semcom\/909-vias-zona-norte-beneficiadas-recapeamento\/","name":"909 vias da zona Norte s\u00e3o beneficiadas com recapeamento","isPartOf":{"@id":"https:\/\/www.manaus.am.gov.br\/semcom\/#website"},"primaryImageOfPage":{"@id":"https:\/\/www.manaus.am.gov.br\/semcom\/909-vias-zona-norte-beneficiadas-recapeamento\/#primaryimage"},"image":{"@id":"https:\/\/www.manaus.am.gov.br\/semcom\/909-vias-zona-norte-beneficiadas-recapeamento\/#primaryimage"},"thumbnailUrl":"https:\/\/www.manaus.am.gov.br\/semcom\/wp-content\/uploads\/sites\/5\/2024\/11\/54171231257_cada9a5322_k.jpg","datePublished":"2024-11-29T15:31:56+00:00","dateModified":"2024-11-29T15:41:16+00:00","author":{"@id":"https:\/\/www.manaus.am.gov.br\/semcom\/#\/schema\/person\/05d223aea2bf115f9883a6ff3683d81b"},"description":"Mais de 900 vias da zona Norte da capital s\u00e3o beneficiadas com servi\u00e7o de recapeamento da Prefeitura de Manaus.","inLanguage":"pt-BR","potentialAction":[{"@type":"ReadAction","target":["https:\/\/www.manaus.am.gov.br\/semcom\/909-vias-zona-norte-beneficiadas-recapeamento\/"]}]},{"@type":"ImageObject","inLanguage":"pt-BR","@id":"https:\/\/www.manaus.am.gov.br\/semcom\/909-vias-zona-norte-beneficiadas-recapeamento\/#primaryimage","url":"https:\/\/www.manaus.am.gov.br\/semcom\/wp-content\/uploads\/sites\/5\/2024\/11\/54171231257_cada9a5322_k.jpg","contentUrl":"https:\/\/www.manaus.am.gov.br\/semcom\/wp-content\/uploads\/sites\/5\/2024\/11\/54171231257_cada9a5322_k.jpg","width":2048,"height":1152,"caption":"#paratodosverem - Equipe e maquin\u00e1rio da Seminf executando servi\u00e7os de recapeamento em via da zona Norte"},{"@type":"WebSite","@id":"https:\/\/www.manaus.am.gov.br\/semcom\/#website","url":"https:\/\/www.manaus.am.gov.br\/semcom\/","name":"SEMCOM","description":"Secretaria Municipal de Comunica\u00e7\u00e3o","potentialAction":[{"@type":"SearchAction","target":{"@type":"EntryPoint","urlTemplate":"https:\/\/www.manaus.am.gov.br\/semcom\/?s={search_term_string}"},"query-input":"required name=search_term_string"}],"inLanguage":"pt-BR"},{"@type":"Person","@id":"https:\/\/www.manaus.am.gov.br\/semcom\/#\/schema\/person\/05d223aea2bf115f9883a6ff3683d81b","name":"Bruna Greco","image":{"@type":"ImageObject","inLanguage":"pt-BR","@id":"https:\/\/www.manaus.am.gov.br\/semcom\/#\/schema\/person\/image\/","url":"https:\/\/secure.gravatar.com\/avatar\/9c877d1a6adc2a055330e5c09a8653ce?s=96&d=mm&r=g","contentUrl":"https:\/\/secure.gravatar.com\/avatar\/9c877d1a6adc2a055330e5c09a8653ce?s=96&d=mm&r=g","caption":"Bruna Greco"}}]}},"_links":{"self":[{"href":"https:\/\/www.manaus.am.gov.br\/semcom\/wp-json\/wp\/v2\/posts\/232464"}],"collection":[{"href":"https:\/\/www.manaus.am.gov.br\/semcom\/wp-json\/wp\/v2\/posts"}],"about":[{"href":"https:\/\/www.manaus.am.gov.br\/semcom\/wp-json\/wp\/v2\/types\/post"}],"author":[{"embeddable":true,"href":"https:\/\/www.manaus.am.gov.br\/semcom\/wp-json\/wp\/v2\/users\/39"}],"replies":[{"embeddable":true,"href":"https:\/\/www.manaus.am.gov.br\/semcom\/wp-json\/wp\/v2\/comments?post=232464"}],"version-history":[{"count":5,"href":"https:\/\/www.manaus.am.gov.br\/semcom\/wp-json\/wp\/v2\/posts\/232464\/revisions"}],"predecessor-version":[{"id":232471,"href":"https:\/\/www.manaus.am.gov.br\/semcom\/wp-json\/wp\/v2\/posts\/232464\/revisions\/232471"}],"wp:featuredmedia":[{"embeddable":true,"href":"https:\/\/www.manaus.am.gov.br\/semcom\/wp-json\/wp\/v2\/media\/232466"}],"wp:attachment":[{"href":"https:\/\/www.manaus.am.gov.br\/semcom\/wp-json\/wp\/v2\/media?parent=232464"}],"wp:term":[{"taxonomy":"category","embeddable":true,"href":"https:\/\/www.manaus.am.gov.br\/semcom\/wp-json\/wp\/v2\/categories?post=232464"},{"taxonomy":"post_tag","embeddable":true,"href":"https:\/\/www.manaus.am.gov.br\/semcom\/wp-json\/wp\/v2\/tags?post=232464"}],"curies":[{"name":"wp","href":"https:\/\/api.w.org\/{rel}","templated":true}]}}