{"id":232457,"date":"2024-11-29T10:42:30","date_gmt":"2024-11-29T14:42:30","guid":{"rendered":"https:\/\/www.manaus.am.gov.br\/semcom\/premiacao-alunos-educadores-26o-edeja-semed\/"},"modified":"2024-11-29T10:42:30","modified_gmt":"2024-11-29T14:42:30","slug":"premiacao-alunos-educadores-26o-edeja-semed","status":"publish","type":"post","link":"https:\/\/www.manaus.am.gov.br\/semcom\/premiacao-alunos-educadores-26o-edeja-semed\/","title":{"rendered":"Prefeitura de Manaus premia alunos e educadores no 26\u00ba Edeja da Semed"},"content":{"rendered":"\n<p>Com o tema \u201cSupera\u00e7\u00e3o e determina\u00e7\u00e3o: o poder da EJA em transformar vidas\u201d, a Prefeitura de Manaus, por meio da Secretaria Municipal de Educa\u00e7\u00e3o (Semed), realizou, na noite desta quinta-feira, 28\/11, o 26\u00ba Encontro dos Diretores da Educa\u00e7\u00e3o de Jovens e Adultos (Edeja). O evento ocorreu no audit\u00f3rio da rede municipal de ensino, localizado no bairro Parque 10 de Novembro, zona Centro-Sul.<\/p>\n\n\n\n<p>O objetivo da a\u00e7\u00e3o foi sensibilizar, mobilizar e fortalecer os diretores para o desenvolvimento e acompanhamento de a\u00e7\u00f5es pedag\u00f3gicas voltadas para a gest\u00e3o da aprendizagem dos estudantes da Educa\u00e7\u00e3o de Jovens e Adultos (EJA).<\/p>\n\n\n\n<p>Neste encontro, professores, gestores e alunos foram premiados com trof\u00e9us, medalhas e certificados de honra ao m\u00e9rito, al\u00e9m de brindes, por se destacarem em quatro a\u00e7\u00f5es estrat\u00e9gicas da EJA executadas na rede municipal de ensino neste ano. S\u00e3o elas: o C\u00edrculo de Leitura e Escrita na EJA, a Olimp\u00edada de Matem\u00e1tica da Educa\u00e7\u00e3o de Jovens e Adultos (Olimeja), a Gincana Vumbora Ol\u00edmpico e as Municip\u00edadas do Noturno.<\/p>\n\n\n\n<p>\u201cA EJA \u00e9 uma modalidade de ensino diferenciada, portanto, precisa de a\u00e7\u00f5es espec\u00edficas, diversificadas e atraentes para envolver os alunos desta modalidade e tornar o ensino mais prazeroso. Este ano, ficamos felizes com a grande participa\u00e7\u00e3o dos estudantes nessas a\u00e7\u00f5es. Parab\u00e9ns a todos que chegaram at\u00e9 aqui e v\u00e3o receber essas premia\u00e7\u00f5es, e parab\u00e9ns tamb\u00e9m aos professores e demais envolvidos nessas atividades\u201d, disse o subsecret\u00e1rio interino de Gest\u00e3o Educacional, Evaldo Bezerra.<\/p>\n\n\n\n<p>A noite de premia\u00e7\u00e3o j\u00e1 faz parte do calend\u00e1rio anual da Semed. Tanto o encontro quanto a premia\u00e7\u00e3o s\u00e3o coordenados pela Ger\u00eancia de Jovens e Adultos (Geja) da rede municipal de ensino. De acordo com a gerente da Geja, Alina Bind\u00e1, o evento teve a inten\u00e7\u00e3o de reconhecer as conquistas dos premiados e agradecer o trabalho dos educadores envolvidos nas a\u00e7\u00f5es estrat\u00e9gicas da EJA realizadas ao longo deste ano.<\/p>\n\n\n\n<p>\u201cHoje estamos aqui para celebrar e reconhecer a conquista de cada um de voc\u00eas, exemplos de determina\u00e7\u00e3o, resili\u00eancia e coragem, bem como agradecer ao trabalho de qualidade pedag\u00f3gica realizado pelos diretores, professores, pedagogos, assessores e gerentes pedag\u00f3gicos. Que esta vit\u00f3ria seja apenas o come\u00e7o de muitas outras. Continuem acreditando e seguindo em frente, pois o caminho do conhecimento n\u00e3o tem fim. Juntos, somos mais fortes\u201d, destacou Alina.<\/p>\n\n\n\n<p>Uma das premiadas foi a escola municipal Vicente de Paula, localizada no bairro Japiim, zona Sul. A unidade de ensino se destacou no primeiro segmento da EJA, no C\u00edrculo de Leitura e Escrita. Para a gestora da escola, Maria Santana, a premia\u00e7\u00e3o significa o fruto de todo o trabalho realizado neste ano.<\/p>\n\n\n\n<p>\u201cA escola est\u00e1 muito feliz e se sentindo honrada com esta premia\u00e7\u00e3o, e ao mesmo tempo com o sentimento de dever cumprido, porque acreditamos que essa premia\u00e7\u00e3o \u00e9 fruto do trabalho que desenvolvemos este ano no C\u00edrculo de Leitura e Escrita da EJA\u201d, frisou Santana.<\/p>\n\n\n\n<p>Entre os alunos premiados estava a estudante Cris Maia Gonzaga, da escola municipal Antisthenes de Oliveira Pinto, localizada no bairro Alfredo Nascimento, zona Norte da cidade. A aluna ficou em 2\u00ba lugar no primeiro segmento da EJA, na Olimeja.<\/p>\n\n\n\n<p>\u201cEssa vit\u00f3ria foi um marco muito importante para minha vida acad\u00eamica, porque prova que posso ter sucesso no que me proponho a fazer, no que eu colocar como foco na minha vida\u201d, concluiu a aluna.<\/p>\n\n\n\n<figure class=\"wp-block-image size-large\"><img loading=\"lazy\" decoding=\"async\" width=\"1024\" height=\"683\" src=\"https:\/\/www.manaus.am.gov.br\/semcom\/wp-content\/uploads\/sites\/5\/2024\/11\/54171204671_557348788f_k-1024x683.jpg\" alt=\"\" class=\"wp-image-232458\" srcset=\"https:\/\/www.manaus.am.gov.br\/semcom\/wp-content\/uploads\/sites\/5\/2024\/11\/54171204671_557348788f_k-1024x683.jpg 1024w, https:\/\/www.manaus.am.gov.br\/semcom\/wp-content\/uploads\/sites\/5\/2024\/11\/54171204671_557348788f_k-300x200.jpg 300w, https:\/\/www.manaus.am.gov.br\/semcom\/wp-content\/uploads\/sites\/5\/2024\/11\/54171204671_557348788f_k-768x512.jpg 768w, https:\/\/www.manaus.am.gov.br\/semcom\/wp-content\/uploads\/sites\/5\/2024\/11\/54171204671_557348788f_k-1536x1024.jpg 1536w, https:\/\/www.manaus.am.gov.br\/semcom\/wp-content\/uploads\/sites\/5\/2024\/11\/54171204671_557348788f_k.jpg 2048w\" sizes=\"(max-width: 1024px) 100vw, 1024px\" \/><\/figure>\n\n\n\n<p>&#8212; &#8212; &#8212;<\/p>\n\n\n\n<p><strong>Texto<\/strong>&nbsp;&#8211; Emerson Santos\/Semed<\/p>\n\n\n\n<p><strong>Fotos &#8211;<\/strong> Ulisson Santos\/Semed<\/p>\n\n\n\n<p><strong>Dispon\u00edveis em &#8211; <\/strong><a href=\"https:\/\/flic.kr\/s\/aHBqjBTh1j\" target=\"_blank\" rel=\"noreferrer noopener\">https:\/\/flic.kr\/s\/aHBqjBTh1j<\/a><\/p>\n","protected":false},"excerpt":{"rendered":"","protected":false},"author":39,"featured_media":232459,"comment_status":"closed","ping_status":"closed","sticky":false,"template":"","format":"standard","meta":{"footnotes":""},"categories":[419],"tags":[12705,2827,77,12706,62],"acf":[],"yoast_head":"<!-- This site is optimized with the Yoast SEO plugin v23.0 - https:\/\/yoast.com\/wordpress\/plugins\/seo\/ -->\n<title>Premia\u00e7\u00e3o de alunos e educadores no 26\u00ba Edeja da Semed<\/title>\n<meta name=\"description\" content=\"Prefeitura de Manaus, por meio da Semed, premia, nesta quinta-feira, 28\/11, alunos e educadores no 26\u00ba Edeja.\" \/>\n<meta name=\"robots\" content=\"index, follow, max-snippet:-1, max-image-preview:large, max-video-preview:-1\" \/>\n<link rel=\"canonical\" href=\"https:\/\/www.manaus.am.gov.br\/semcom\/premiacao-alunos-educadores-26o-edeja-semed\/\" \/>\n<meta property=\"og:locale\" content=\"pt_BR\" \/>\n<meta property=\"og:type\" content=\"article\" \/>\n<meta property=\"og:title\" content=\"Premia\u00e7\u00e3o de alunos e educadores no 26\u00ba Edeja da Semed\" \/>\n<meta property=\"og:description\" content=\"Prefeitura de Manaus, por meio da Semed, premia, nesta quinta-feira, 28\/11, alunos e educadores no 26\u00ba Edeja.\" \/>\n<meta property=\"og:url\" content=\"https:\/\/www.manaus.am.gov.br\/semcom\/premiacao-alunos-educadores-26o-edeja-semed\/\" \/>\n<meta property=\"og:site_name\" content=\"SEMCOM\" \/>\n<meta property=\"article:published_time\" content=\"2024-11-29T14:42:30+00:00\" \/>\n<meta property=\"og:image\" content=\"https:\/\/www.manaus.am.gov.br\/semcom\/wp-content\/uploads\/sites\/5\/2024\/11\/54170320937_ba9a380d1b_k.jpg\" \/>\n\t<meta property=\"og:image:width\" content=\"2048\" \/>\n\t<meta property=\"og:image:height\" content=\"1365\" \/>\n\t<meta property=\"og:image:type\" content=\"image\/jpeg\" \/>\n<meta name=\"author\" content=\"Bruna Greco\" \/>\n<meta name=\"twitter:card\" content=\"summary_large_image\" \/>\n<meta name=\"twitter:label1\" content=\"Written by\" \/>\n\t<meta name=\"twitter:data1\" content=\"Bruna Greco\" \/>\n\t<meta name=\"twitter:label2\" content=\"Est. reading time\" \/>\n\t<meta name=\"twitter:data2\" content=\"4 minutos\" \/>\n<script type=\"application\/ld+json\" class=\"yoast-schema-graph\">{\"@context\":\"https:\/\/schema.org\",\"@graph\":[{\"@type\":\"WebPage\",\"@id\":\"https:\/\/www.manaus.am.gov.br\/semcom\/premiacao-alunos-educadores-26o-edeja-semed\/\",\"url\":\"https:\/\/www.manaus.am.gov.br\/semcom\/premiacao-alunos-educadores-26o-edeja-semed\/\",\"name\":\"Premia\u00e7\u00e3o de alunos e educadores no 26\u00ba Edeja da Semed\",\"isPartOf\":{\"@id\":\"https:\/\/www.manaus.am.gov.br\/semcom\/#website\"},\"primaryImageOfPage\":{\"@id\":\"https:\/\/www.manaus.am.gov.br\/semcom\/premiacao-alunos-educadores-26o-edeja-semed\/#primaryimage\"},\"image\":{\"@id\":\"https:\/\/www.manaus.am.gov.br\/semcom\/premiacao-alunos-educadores-26o-edeja-semed\/#primaryimage\"},\"thumbnailUrl\":\"https:\/\/www.manaus.am.gov.br\/semcom\/wp-content\/uploads\/sites\/5\/2024\/11\/54170320937_ba9a380d1b_k.jpg\",\"datePublished\":\"2024-11-29T14:42:30+00:00\",\"dateModified\":\"2024-11-29T14:42:30+00:00\",\"author\":{\"@id\":\"https:\/\/www.manaus.am.gov.br\/semcom\/#\/schema\/person\/05d223aea2bf115f9883a6ff3683d81b\"},\"description\":\"Prefeitura de Manaus, por meio da Semed, premia, nesta quinta-feira, 28\/11, alunos e educadores no 26\u00ba Edeja.\",\"inLanguage\":\"pt-BR\",\"potentialAction\":[{\"@type\":\"ReadAction\",\"target\":[\"https:\/\/www.manaus.am.gov.br\/semcom\/premiacao-alunos-educadores-26o-edeja-semed\/\"]}]},{\"@type\":\"ImageObject\",\"inLanguage\":\"pt-BR\",\"@id\":\"https:\/\/www.manaus.am.gov.br\/semcom\/premiacao-alunos-educadores-26o-edeja-semed\/#primaryimage\",\"url\":\"https:\/\/www.manaus.am.gov.br\/semcom\/wp-content\/uploads\/sites\/5\/2024\/11\/54170320937_ba9a380d1b_k.jpg\",\"contentUrl\":\"https:\/\/www.manaus.am.gov.br\/semcom\/wp-content\/uploads\/sites\/5\/2024\/11\/54170320937_ba9a380d1b_k.jpg\",\"width\":2048,\"height\":1365,\"caption\":\"#paratodosverem - Alunos e educadores da Semed durante cerim\u00f4nia de premia\u00e7\u00e3o do 26\u00ba Edeja\"},{\"@type\":\"WebSite\",\"@id\":\"https:\/\/www.manaus.am.gov.br\/semcom\/#website\",\"url\":\"https:\/\/www.manaus.am.gov.br\/semcom\/\",\"name\":\"SEMCOM\",\"description\":\"Secretaria Municipal de Comunica\u00e7\u00e3o\",\"potentialAction\":[{\"@type\":\"SearchAction\",\"target\":{\"@type\":\"EntryPoint\",\"urlTemplate\":\"https:\/\/www.manaus.am.gov.br\/semcom\/?s={search_term_string}\"},\"query-input\":\"required name=search_term_string\"}],\"inLanguage\":\"pt-BR\"},{\"@type\":\"Person\",\"@id\":\"https:\/\/www.manaus.am.gov.br\/semcom\/#\/schema\/person\/05d223aea2bf115f9883a6ff3683d81b\",\"name\":\"Bruna Greco\",\"image\":{\"@type\":\"ImageObject\",\"inLanguage\":\"pt-BR\",\"@id\":\"https:\/\/www.manaus.am.gov.br\/semcom\/#\/schema\/person\/image\/\",\"url\":\"https:\/\/secure.gravatar.com\/avatar\/9c877d1a6adc2a055330e5c09a8653ce?s=96&d=mm&r=g\",\"contentUrl\":\"https:\/\/secure.gravatar.com\/avatar\/9c877d1a6adc2a055330e5c09a8653ce?s=96&d=mm&r=g\",\"caption\":\"Bruna Greco\"}}]}<\/script>\n<!-- \/ Yoast SEO plugin. -->","yoast_head_json":{"title":"Premia\u00e7\u00e3o de alunos e educadores no 26\u00ba Edeja da Semed","description":"Prefeitura de Manaus, por meio da Semed, premia, nesta quinta-feira, 28\/11, alunos e educadores no 26\u00ba Edeja.","robots":{"index":"index","follow":"follow","max-snippet":"max-snippet:-1","max-image-preview":"max-image-preview:large","max-video-preview":"max-video-preview:-1"},"canonical":"https:\/\/www.manaus.am.gov.br\/semcom\/premiacao-alunos-educadores-26o-edeja-semed\/","og_locale":"pt_BR","og_type":"article","og_title":"Premia\u00e7\u00e3o de alunos e educadores no 26\u00ba Edeja da Semed","og_description":"Prefeitura de Manaus, por meio da Semed, premia, nesta quinta-feira, 28\/11, alunos e educadores no 26\u00ba Edeja.","og_url":"https:\/\/www.manaus.am.gov.br\/semcom\/premiacao-alunos-educadores-26o-edeja-semed\/","og_site_name":"SEMCOM","article_published_time":"2024-11-29T14:42:30+00:00","og_image":[{"width":2048,"height":1365,"url":"https:\/\/www.manaus.am.gov.br\/semcom\/wp-content\/uploads\/sites\/5\/2024\/11\/54170320937_ba9a380d1b_k.jpg","type":"image\/jpeg"}],"author":"Bruna Greco","twitter_card":"summary_large_image","twitter_misc":{"Written by":"Bruna Greco","Est. reading time":"4 minutos"},"schema":{"@context":"https:\/\/schema.org","@graph":[{"@type":"WebPage","@id":"https:\/\/www.manaus.am.gov.br\/semcom\/premiacao-alunos-educadores-26o-edeja-semed\/","url":"https:\/\/www.manaus.am.gov.br\/semcom\/premiacao-alunos-educadores-26o-edeja-semed\/","name":"Premia\u00e7\u00e3o de alunos e educadores no 26\u00ba Edeja da Semed","isPartOf":{"@id":"https:\/\/www.manaus.am.gov.br\/semcom\/#website"},"primaryImageOfPage":{"@id":"https:\/\/www.manaus.am.gov.br\/semcom\/premiacao-alunos-educadores-26o-edeja-semed\/#primaryimage"},"image":{"@id":"https:\/\/www.manaus.am.gov.br\/semcom\/premiacao-alunos-educadores-26o-edeja-semed\/#primaryimage"},"thumbnailUrl":"https:\/\/www.manaus.am.gov.br\/semcom\/wp-content\/uploads\/sites\/5\/2024\/11\/54170320937_ba9a380d1b_k.jpg","datePublished":"2024-11-29T14:42:30+00:00","dateModified":"2024-11-29T14:42:30+00:00","author":{"@id":"https:\/\/www.manaus.am.gov.br\/semcom\/#\/schema\/person\/05d223aea2bf115f9883a6ff3683d81b"},"description":"Prefeitura de Manaus, por meio da Semed, premia, nesta quinta-feira, 28\/11, alunos e educadores no 26\u00ba Edeja.","inLanguage":"pt-BR","potentialAction":[{"@type":"ReadAction","target":["https:\/\/www.manaus.am.gov.br\/semcom\/premiacao-alunos-educadores-26o-edeja-semed\/"]}]},{"@type":"ImageObject","inLanguage":"pt-BR","@id":"https:\/\/www.manaus.am.gov.br\/semcom\/premiacao-alunos-educadores-26o-edeja-semed\/#primaryimage","url":"https:\/\/www.manaus.am.gov.br\/semcom\/wp-content\/uploads\/sites\/5\/2024\/11\/54170320937_ba9a380d1b_k.jpg","contentUrl":"https:\/\/www.manaus.am.gov.br\/semcom\/wp-content\/uploads\/sites\/5\/2024\/11\/54170320937_ba9a380d1b_k.jpg","width":2048,"height":1365,"caption":"#paratodosverem - Alunos e educadores da Semed durante cerim\u00f4nia de premia\u00e7\u00e3o do 26\u00ba Edeja"},{"@type":"WebSite","@id":"https:\/\/www.manaus.am.gov.br\/semcom\/#website","url":"https:\/\/www.manaus.am.gov.br\/semcom\/","name":"SEMCOM","description":"Secretaria Municipal de Comunica\u00e7\u00e3o","potentialAction":[{"@type":"SearchAction","target":{"@type":"EntryPoint","urlTemplate":"https:\/\/www.manaus.am.gov.br\/semcom\/?s={search_term_string}"},"query-input":"required name=search_term_string"}],"inLanguage":"pt-BR"},{"@type":"Person","@id":"https:\/\/www.manaus.am.gov.br\/semcom\/#\/schema\/person\/05d223aea2bf115f9883a6ff3683d81b","name":"Bruna Greco","image":{"@type":"ImageObject","inLanguage":"pt-BR","@id":"https:\/\/www.manaus.am.gov.br\/semcom\/#\/schema\/person\/image\/","url":"https:\/\/secure.gravatar.com\/avatar\/9c877d1a6adc2a055330e5c09a8653ce?s=96&d=mm&r=g","contentUrl":"https:\/\/secure.gravatar.com\/avatar\/9c877d1a6adc2a055330e5c09a8653ce?s=96&d=mm&r=g","caption":"Bruna Greco"}}]}},"_links":{"self":[{"href":"https:\/\/www.manaus.am.gov.br\/semcom\/wp-json\/wp\/v2\/posts\/232457"}],"collection":[{"href":"https:\/\/www.manaus.am.gov.br\/semcom\/wp-json\/wp\/v2\/posts"}],"about":[{"href":"https:\/\/www.manaus.am.gov.br\/semcom\/wp-json\/wp\/v2\/types\/post"}],"author":[{"embeddable":true,"href":"https:\/\/www.manaus.am.gov.br\/semcom\/wp-json\/wp\/v2\/users\/39"}],"replies":[{"embeddable":true,"href":"https:\/\/www.manaus.am.gov.br\/semcom\/wp-json\/wp\/v2\/comments?post=232457"}],"version-history":[{"count":1,"href":"https:\/\/www.manaus.am.gov.br\/semcom\/wp-json\/wp\/v2\/posts\/232457\/revisions"}],"predecessor-version":[{"id":232461,"href":"https:\/\/www.manaus.am.gov.br\/semcom\/wp-json\/wp\/v2\/posts\/232457\/revisions\/232461"}],"wp:featuredmedia":[{"embeddable":true,"href":"https:\/\/www.manaus.am.gov.br\/semcom\/wp-json\/wp\/v2\/media\/232459"}],"wp:attachment":[{"href":"https:\/\/www.manaus.am.gov.br\/semcom\/wp-json\/wp\/v2\/media?parent=232457"}],"wp:term":[{"taxonomy":"category","embeddable":true,"href":"https:\/\/www.manaus.am.gov.br\/semcom\/wp-json\/wp\/v2\/categories?post=232457"},{"taxonomy":"post_tag","embeddable":true,"href":"https:\/\/www.manaus.am.gov.br\/semcom\/wp-json\/wp\/v2\/tags?post=232457"}],"curies":[{"name":"wp","href":"https:\/\/api.w.org\/{rel}","templated":true}]}}