{"id":232370,"date":"2024-11-27T11:42:57","date_gmt":"2024-11-27T15:42:57","guid":{"rendered":"https:\/\/www.manaus.am.gov.br\/semcom\/encerramento-palestras-empreendedorismo-cras-zona-leste\/"},"modified":"2024-11-27T11:42:57","modified_gmt":"2024-11-27T15:42:57","slug":"encerramento-palestras-empreendedorismo-cras-zona-leste","status":"publish","type":"post","link":"https:\/\/www.manaus.am.gov.br\/semcom\/encerramento-palestras-empreendedorismo-cras-zona-leste\/","title":{"rendered":"Prefeitura de Manaus encerra ciclo de palestras sobre empreendedorismo para usu\u00e1rios do Cras da zona Leste"},"content":{"rendered":"\n<p>A Prefeitura de Manaus, por meio da Secretaria Municipal da Mulher, Assist\u00eancia Social e Cidadania (Semasc), encerrou, nesta quarta-feira, 27\/11, um ciclo de palestras voltado para a fomenta\u00e7\u00e3o do empreendedorismo entre as fam\u00edlias atendidas pelo Servi\u00e7o de Prote\u00e7\u00e3o e Aten\u00e7\u00e3o e Integral \u00e0 Fam\u00edlia (Paif), do Centro de Refer\u00eancia de Assist\u00eancia Social (Cras) S\u00e3o Jos\u00e9 4, na zona Leste.&nbsp;<\/p>\n\n\n\n<p>Promovidas em parceria com o Servi\u00e7o Brasileiro de Apoio \u00e0s Micro e Pequenas Empresas (Sebrae), as palestras e oficinas foram realizadas ao longo de todo o m\u00eas de novembro, semanalmente, abordando temas interessantes para empreendedores em potencial, como t\u00e9cnicas de venda e orienta\u00e7\u00f5es gerais para o in\u00edcio de pequenos neg\u00f3cios.&nbsp;<\/p>\n\n\n\n<p>\u201cPercebemos uma demanda muito grande entre nossos usu\u00e1rios quanto \u00e0 vontade de dar in\u00edcio aos pr\u00f3prios empreendimentos, muitos sinalizaram a necessidade de uma orienta\u00e7\u00e3o mais profissional e t\u00e9cnica. Pensando nisso, fechamos uma parceria valiosa com o Sebrae, para que pud\u00e9ssemos oferecer o apoio necess\u00e1rio\u201d, explicou a assistente social M\u00e1rcia Sahdo.&nbsp;<\/p>\n\n\n\n<figure class=\"wp-block-image size-large\"><img loading=\"lazy\" decoding=\"async\" width=\"1024\" height=\"683\" src=\"https:\/\/www.manaus.am.gov.br\/semcom\/wp-content\/uploads\/sites\/5\/2024\/11\/54168340308_90a1cba11d_k-1024x683.jpg\" alt=\"\" class=\"wp-image-232371\" srcset=\"https:\/\/www.manaus.am.gov.br\/semcom\/wp-content\/uploads\/sites\/5\/2024\/11\/54168340308_90a1cba11d_k-1024x683.jpg 1024w, https:\/\/www.manaus.am.gov.br\/semcom\/wp-content\/uploads\/sites\/5\/2024\/11\/54168340308_90a1cba11d_k-300x200.jpg 300w, https:\/\/www.manaus.am.gov.br\/semcom\/wp-content\/uploads\/sites\/5\/2024\/11\/54168340308_90a1cba11d_k-768x512.jpg 768w, https:\/\/www.manaus.am.gov.br\/semcom\/wp-content\/uploads\/sites\/5\/2024\/11\/54168340308_90a1cba11d_k-1536x1025.jpg 1536w, https:\/\/www.manaus.am.gov.br\/semcom\/wp-content\/uploads\/sites\/5\/2024\/11\/54168340308_90a1cba11d_k.jpg 2048w\" sizes=\"(max-width: 1024px) 100vw, 1024px\" \/><\/figure>\n\n\n\n<p><br>A palestra de encerramento foi ministrada por Elias Siqueira, consultor do Sebrae, que abordou o processo para a obten\u00e7\u00e3o de cr\u00e9dito com uma taxa de juros menor por meio do programa +Cr\u00e9dito Amazonas, da Ag\u00eancia de Fomento do Estado do Amazonas (Afeam).\u00a0<\/p>\n\n\n\n<p><br>\u201c\u00c9 uma forma que n\u00f3s encontramos para que o pequeno empreendedor consiga os recursos necess\u00e1rios para qualificar seu neg\u00f3cio, para que o dono de mercadinho possa comprar um freezer novo, para que costureira possa comprar uma m\u00e1quina nova e por a\u00ed vai\u201d, ressaltou.&nbsp;<\/p>\n\n\n\n<p><br>Sentado na primeira fileira e atento a todas as informa\u00e7\u00f5es passadas, o usu\u00e1rio Eberson Abreu, de 47 anos, sonha em abrir o pr\u00f3prio neg\u00f3cio h\u00e1 anos. Para ele, toda e qualquer orienta\u00e7\u00e3o \u00e9 v\u00e1lida quando se planeja dar in\u00edcio a um empreendimento.&nbsp;<\/p>\n\n\n\n<p>\u201cO sonho da minha vida \u00e9 abrir um sal\u00e3o, sempre gostei de trabalhar com cabelo e quero isso para a minha vida. Acho que poder participar dessas palestras e entender melhor como funciona esse mundo do empreendedorismo \u00e9 muito \u00fatil para n\u00f3s que desejamos mudar de vida\u201d, concluiu.&nbsp;<\/p>\n\n\n\n<p><br>&#8212; &#8212; &#8212;<\/p>\n\n\n\n<p><strong>Texto &#8211;&nbsp;<\/strong>Guilherme Pacheco\/Semasc&nbsp;<\/p>\n\n\n\n<p><strong>Fotos &#8211; <\/strong>Diego Lima\/Semasc\u00a0<\/p>\n\n\n\n<p><strong>Dispon\u00edveis em<\/strong> &#8211; <a href=\"https:\/\/flic.kr\/s\/aHBqjBT8sx\">https:\/\/flic.kr\/s\/aHBqjBT8sx<\/a><\/p>\n","protected":false},"excerpt":{"rendered":"","protected":false},"author":39,"featured_media":232372,"comment_status":"closed","ping_status":"closed","sticky":false,"template":"","format":"standard","meta":{"footnotes":""},"categories":[41],"tags":[8121,380,77,153,12681,108],"acf":[],"yoast_head":"<!-- This site is optimized with the Yoast SEO plugin v23.0 - https:\/\/yoast.com\/wordpress\/plugins\/seo\/ -->\n<title>Ciclo de palestras sobre empreendedorismo para usu\u00e1rios do Cras<\/title>\n<meta name=\"description\" content=\"Prefeitura de Manaus encerra ciclo de palestras sobre empreendedorismo para usu\u00e1rios do Cras da zona Leste.\" \/>\n<meta name=\"robots\" content=\"index, follow, max-snippet:-1, max-image-preview:large, max-video-preview:-1\" \/>\n<link rel=\"canonical\" href=\"https:\/\/www.manaus.am.gov.br\/semcom\/encerramento-palestras-empreendedorismo-cras-zona-leste\/\" \/>\n<meta property=\"og:locale\" content=\"pt_BR\" \/>\n<meta property=\"og:type\" content=\"article\" \/>\n<meta property=\"og:title\" content=\"Ciclo de palestras sobre empreendedorismo para usu\u00e1rios do Cras\" \/>\n<meta property=\"og:description\" content=\"Prefeitura de Manaus encerra ciclo de palestras sobre empreendedorismo para usu\u00e1rios do Cras da zona Leste.\" \/>\n<meta property=\"og:url\" content=\"https:\/\/www.manaus.am.gov.br\/semcom\/encerramento-palestras-empreendedorismo-cras-zona-leste\/\" \/>\n<meta property=\"og:site_name\" content=\"SEMCOM\" \/>\n<meta property=\"article:published_time\" content=\"2024-11-27T15:42:57+00:00\" \/>\n<meta property=\"og:image\" content=\"https:\/\/www.manaus.am.gov.br\/semcom\/wp-content\/uploads\/sites\/5\/2024\/11\/54168067626_3fcaad045c_k.jpg\" \/>\n\t<meta property=\"og:image:width\" content=\"2048\" \/>\n\t<meta property=\"og:image:height\" content=\"1365\" \/>\n\t<meta property=\"og:image:type\" content=\"image\/jpeg\" \/>\n<meta name=\"author\" content=\"Bruna Greco\" \/>\n<meta name=\"twitter:card\" content=\"summary_large_image\" \/>\n<meta name=\"twitter:label1\" content=\"Written by\" \/>\n\t<meta name=\"twitter:data1\" content=\"Bruna Greco\" \/>\n\t<meta name=\"twitter:label2\" content=\"Est. reading time\" \/>\n\t<meta name=\"twitter:data2\" content=\"3 minutos\" \/>\n<script type=\"application\/ld+json\" class=\"yoast-schema-graph\">{\"@context\":\"https:\/\/schema.org\",\"@graph\":[{\"@type\":\"WebPage\",\"@id\":\"https:\/\/www.manaus.am.gov.br\/semcom\/encerramento-palestras-empreendedorismo-cras-zona-leste\/\",\"url\":\"https:\/\/www.manaus.am.gov.br\/semcom\/encerramento-palestras-empreendedorismo-cras-zona-leste\/\",\"name\":\"Ciclo de palestras sobre empreendedorismo para usu\u00e1rios do Cras\",\"isPartOf\":{\"@id\":\"https:\/\/www.manaus.am.gov.br\/semcom\/#website\"},\"primaryImageOfPage\":{\"@id\":\"https:\/\/www.manaus.am.gov.br\/semcom\/encerramento-palestras-empreendedorismo-cras-zona-leste\/#primaryimage\"},\"image\":{\"@id\":\"https:\/\/www.manaus.am.gov.br\/semcom\/encerramento-palestras-empreendedorismo-cras-zona-leste\/#primaryimage\"},\"thumbnailUrl\":\"https:\/\/www.manaus.am.gov.br\/semcom\/wp-content\/uploads\/sites\/5\/2024\/11\/54168067626_3fcaad045c_k.jpg\",\"datePublished\":\"2024-11-27T15:42:57+00:00\",\"dateModified\":\"2024-11-27T15:42:57+00:00\",\"author\":{\"@id\":\"https:\/\/www.manaus.am.gov.br\/semcom\/#\/schema\/person\/05d223aea2bf115f9883a6ff3683d81b\"},\"description\":\"Prefeitura de Manaus encerra ciclo de palestras sobre empreendedorismo para usu\u00e1rios do Cras da zona Leste.\",\"inLanguage\":\"pt-BR\",\"potentialAction\":[{\"@type\":\"ReadAction\",\"target\":[\"https:\/\/www.manaus.am.gov.br\/semcom\/encerramento-palestras-empreendedorismo-cras-zona-leste\/\"]}]},{\"@type\":\"ImageObject\",\"inLanguage\":\"pt-BR\",\"@id\":\"https:\/\/www.manaus.am.gov.br\/semcom\/encerramento-palestras-empreendedorismo-cras-zona-leste\/#primaryimage\",\"url\":\"https:\/\/www.manaus.am.gov.br\/semcom\/wp-content\/uploads\/sites\/5\/2024\/11\/54168067626_3fcaad045c_k.jpg\",\"contentUrl\":\"https:\/\/www.manaus.am.gov.br\/semcom\/wp-content\/uploads\/sites\/5\/2024\/11\/54168067626_3fcaad045c_k.jpg\",\"width\":2048,\"height\":1365,\"caption\":\"#paratodosverem - Usu\u00e1rios do Cras S\u00e3o Jos\u00e9 4 participando de palestra sobre empreendedorismo\"},{\"@type\":\"WebSite\",\"@id\":\"https:\/\/www.manaus.am.gov.br\/semcom\/#website\",\"url\":\"https:\/\/www.manaus.am.gov.br\/semcom\/\",\"name\":\"SEMCOM\",\"description\":\"Secretaria Municipal de Comunica\u00e7\u00e3o\",\"potentialAction\":[{\"@type\":\"SearchAction\",\"target\":{\"@type\":\"EntryPoint\",\"urlTemplate\":\"https:\/\/www.manaus.am.gov.br\/semcom\/?s={search_term_string}\"},\"query-input\":\"required name=search_term_string\"}],\"inLanguage\":\"pt-BR\"},{\"@type\":\"Person\",\"@id\":\"https:\/\/www.manaus.am.gov.br\/semcom\/#\/schema\/person\/05d223aea2bf115f9883a6ff3683d81b\",\"name\":\"Bruna Greco\",\"image\":{\"@type\":\"ImageObject\",\"inLanguage\":\"pt-BR\",\"@id\":\"https:\/\/www.manaus.am.gov.br\/semcom\/#\/schema\/person\/image\/\",\"url\":\"https:\/\/secure.gravatar.com\/avatar\/9c877d1a6adc2a055330e5c09a8653ce?s=96&d=mm&r=g\",\"contentUrl\":\"https:\/\/secure.gravatar.com\/avatar\/9c877d1a6adc2a055330e5c09a8653ce?s=96&d=mm&r=g\",\"caption\":\"Bruna Greco\"}}]}<\/script>\n<!-- \/ Yoast SEO plugin. -->","yoast_head_json":{"title":"Ciclo de palestras sobre empreendedorismo para usu\u00e1rios do Cras","description":"Prefeitura de Manaus encerra ciclo de palestras sobre empreendedorismo para usu\u00e1rios do Cras da zona Leste.","robots":{"index":"index","follow":"follow","max-snippet":"max-snippet:-1","max-image-preview":"max-image-preview:large","max-video-preview":"max-video-preview:-1"},"canonical":"https:\/\/www.manaus.am.gov.br\/semcom\/encerramento-palestras-empreendedorismo-cras-zona-leste\/","og_locale":"pt_BR","og_type":"article","og_title":"Ciclo de palestras sobre empreendedorismo para usu\u00e1rios do Cras","og_description":"Prefeitura de Manaus encerra ciclo de palestras sobre empreendedorismo para usu\u00e1rios do Cras da zona Leste.","og_url":"https:\/\/www.manaus.am.gov.br\/semcom\/encerramento-palestras-empreendedorismo-cras-zona-leste\/","og_site_name":"SEMCOM","article_published_time":"2024-11-27T15:42:57+00:00","og_image":[{"width":2048,"height":1365,"url":"https:\/\/www.manaus.am.gov.br\/semcom\/wp-content\/uploads\/sites\/5\/2024\/11\/54168067626_3fcaad045c_k.jpg","type":"image\/jpeg"}],"author":"Bruna Greco","twitter_card":"summary_large_image","twitter_misc":{"Written by":"Bruna Greco","Est. reading time":"3 minutos"},"schema":{"@context":"https:\/\/schema.org","@graph":[{"@type":"WebPage","@id":"https:\/\/www.manaus.am.gov.br\/semcom\/encerramento-palestras-empreendedorismo-cras-zona-leste\/","url":"https:\/\/www.manaus.am.gov.br\/semcom\/encerramento-palestras-empreendedorismo-cras-zona-leste\/","name":"Ciclo de palestras sobre empreendedorismo para usu\u00e1rios do Cras","isPartOf":{"@id":"https:\/\/www.manaus.am.gov.br\/semcom\/#website"},"primaryImageOfPage":{"@id":"https:\/\/www.manaus.am.gov.br\/semcom\/encerramento-palestras-empreendedorismo-cras-zona-leste\/#primaryimage"},"image":{"@id":"https:\/\/www.manaus.am.gov.br\/semcom\/encerramento-palestras-empreendedorismo-cras-zona-leste\/#primaryimage"},"thumbnailUrl":"https:\/\/www.manaus.am.gov.br\/semcom\/wp-content\/uploads\/sites\/5\/2024\/11\/54168067626_3fcaad045c_k.jpg","datePublished":"2024-11-27T15:42:57+00:00","dateModified":"2024-11-27T15:42:57+00:00","author":{"@id":"https:\/\/www.manaus.am.gov.br\/semcom\/#\/schema\/person\/05d223aea2bf115f9883a6ff3683d81b"},"description":"Prefeitura de Manaus encerra ciclo de palestras sobre empreendedorismo para usu\u00e1rios do Cras da zona Leste.","inLanguage":"pt-BR","potentialAction":[{"@type":"ReadAction","target":["https:\/\/www.manaus.am.gov.br\/semcom\/encerramento-palestras-empreendedorismo-cras-zona-leste\/"]}]},{"@type":"ImageObject","inLanguage":"pt-BR","@id":"https:\/\/www.manaus.am.gov.br\/semcom\/encerramento-palestras-empreendedorismo-cras-zona-leste\/#primaryimage","url":"https:\/\/www.manaus.am.gov.br\/semcom\/wp-content\/uploads\/sites\/5\/2024\/11\/54168067626_3fcaad045c_k.jpg","contentUrl":"https:\/\/www.manaus.am.gov.br\/semcom\/wp-content\/uploads\/sites\/5\/2024\/11\/54168067626_3fcaad045c_k.jpg","width":2048,"height":1365,"caption":"#paratodosverem - Usu\u00e1rios do Cras S\u00e3o Jos\u00e9 4 participando de palestra sobre empreendedorismo"},{"@type":"WebSite","@id":"https:\/\/www.manaus.am.gov.br\/semcom\/#website","url":"https:\/\/www.manaus.am.gov.br\/semcom\/","name":"SEMCOM","description":"Secretaria Municipal de Comunica\u00e7\u00e3o","potentialAction":[{"@type":"SearchAction","target":{"@type":"EntryPoint","urlTemplate":"https:\/\/www.manaus.am.gov.br\/semcom\/?s={search_term_string}"},"query-input":"required name=search_term_string"}],"inLanguage":"pt-BR"},{"@type":"Person","@id":"https:\/\/www.manaus.am.gov.br\/semcom\/#\/schema\/person\/05d223aea2bf115f9883a6ff3683d81b","name":"Bruna Greco","image":{"@type":"ImageObject","inLanguage":"pt-BR","@id":"https:\/\/www.manaus.am.gov.br\/semcom\/#\/schema\/person\/image\/","url":"https:\/\/secure.gravatar.com\/avatar\/9c877d1a6adc2a055330e5c09a8653ce?s=96&d=mm&r=g","contentUrl":"https:\/\/secure.gravatar.com\/avatar\/9c877d1a6adc2a055330e5c09a8653ce?s=96&d=mm&r=g","caption":"Bruna Greco"}}]}},"_links":{"self":[{"href":"https:\/\/www.manaus.am.gov.br\/semcom\/wp-json\/wp\/v2\/posts\/232370"}],"collection":[{"href":"https:\/\/www.manaus.am.gov.br\/semcom\/wp-json\/wp\/v2\/posts"}],"about":[{"href":"https:\/\/www.manaus.am.gov.br\/semcom\/wp-json\/wp\/v2\/types\/post"}],"author":[{"embeddable":true,"href":"https:\/\/www.manaus.am.gov.br\/semcom\/wp-json\/wp\/v2\/users\/39"}],"replies":[{"embeddable":true,"href":"https:\/\/www.manaus.am.gov.br\/semcom\/wp-json\/wp\/v2\/comments?post=232370"}],"version-history":[{"count":1,"href":"https:\/\/www.manaus.am.gov.br\/semcom\/wp-json\/wp\/v2\/posts\/232370\/revisions"}],"predecessor-version":[{"id":232373,"href":"https:\/\/www.manaus.am.gov.br\/semcom\/wp-json\/wp\/v2\/posts\/232370\/revisions\/232373"}],"wp:featuredmedia":[{"embeddable":true,"href":"https:\/\/www.manaus.am.gov.br\/semcom\/wp-json\/wp\/v2\/media\/232372"}],"wp:attachment":[{"href":"https:\/\/www.manaus.am.gov.br\/semcom\/wp-json\/wp\/v2\/media?parent=232370"}],"wp:term":[{"taxonomy":"category","embeddable":true,"href":"https:\/\/www.manaus.am.gov.br\/semcom\/wp-json\/wp\/v2\/categories?post=232370"},{"taxonomy":"post_tag","embeddable":true,"href":"https:\/\/www.manaus.am.gov.br\/semcom\/wp-json\/wp\/v2\/tags?post=232370"}],"curies":[{"name":"wp","href":"https:\/\/api.w.org\/{rel}","templated":true}]}}