{"id":232358,"date":"2024-11-26T21:24:52","date_gmt":"2024-11-27T00:24:52","guid":{"rendered":"https:\/\/www.manaus.am.gov.br\/semcom\/acao-abordagem-semasc\/"},"modified":"2024-11-26T21:24:53","modified_gmt":"2024-11-27T00:24:53","slug":"acao-abordagem-semasc","status":"publish","type":"post","link":"https:\/\/www.manaus.am.gov.br\/semcom\/acao-abordagem-semasc\/","title":{"rendered":"Prefeitura promove a\u00e7\u00e3o na feira da Aparecida em combate \u00e0 viol\u00eancia contra mulheres"},"content":{"rendered":"\n<p>A Prefeitura de Manaus, por meio da Secretaria Municipal da Mulher, Assist\u00eancia Social e Cidadania (Semasc), realizou, nesta ter\u00e7a-feira, 26\/11, uma a\u00e7\u00e3o de abordagem e sensibiliza\u00e7\u00e3o na feira da Aparecida, na zona Centro-Sul, em alus\u00e3o aos 21 dias de ativismo pelo fim da viol\u00eancia contra a mulher.<\/p>\n\n\n\n<p>Durante a a\u00e7\u00e3o, a equipe da \u201cYcamiabas &#8211; Casa de Acolhimento para Mulheres\u201d, distribuiu materiais informativos sobre os servi\u00e7os de apoio dispon\u00edveis para mulheres que se encontram em situa\u00e7\u00e3o de viol\u00eancia ou vulnerabilidade social, como assist\u00eancia psicol\u00f3gica e jur\u00eddica.<\/p>\n\n\n\n<p>\u201cA feira da Aparecida \u00e9 um local de grande movimenta\u00e7\u00e3o e oferece uma oportunidade \u00fanica para alcan\u00e7armos um n\u00famero significativo de pessoas. Queremos que essas mulheres saibam que n\u00e3o est\u00e3o sozinhas e que existem recursos dispon\u00edveis para ajud\u00e1-las\u201d, explicou a coordenadora do equipamento, Gessilvia Lima.<\/p>\n\n\n\n<p>Para a feirante Renata Sombra, a\u00e7\u00f5es como essa s\u00e3o essenciais em um contexto onde a viol\u00eancia contra a mulher ainda persiste como um problema social agravado pela desinforma\u00e7\u00e3o.<\/p>\n\n\n\n<p>\u201cEssa mobiliza\u00e7\u00e3o \u00e9 muito importante, pois muitas mulheres hoje em dia vivem aprisionadas, sem poder falar para algu\u00e9m sobre os abusos que est\u00e3o sofrendo. Muitas delas vivem uma depend\u00eancia emocional de seus parceiros \u00edntimos e acabam caindo em uma depress\u00e3o. Por isso, iniciativas como essa, que promovem o acesso a recursos de apoio, se tornam cada vez mais essenciais\u201d, concluiu.<\/p>\n\n\n\n<p>\u2013 \u2013 \u2013\u00a0<br><strong>Texto &#8211;<\/strong> Camili Vit\u00f3ria \/ Semasc<br><strong>Fotos &#8211;<\/strong> Diego Lima \/ Semasc\u00a0<\/p>\n","protected":false},"excerpt":{"rendered":"","protected":false},"author":68,"featured_media":232359,"comment_status":"closed","ping_status":"closed","sticky":false,"template":"","format":"standard","meta":{"footnotes":""},"categories":[1453],"tags":[12591,9386,8040,77],"acf":[],"yoast_head":"<!-- This site is optimized with the Yoast SEO plugin v23.0 - https:\/\/yoast.com\/wordpress\/plugins\/seo\/ -->\n<title>Prefeitura promove a\u00e7\u00e3o na feira da Aparecida em combate \u00e0 viol\u00eancia contra mulheres<\/title>\n<meta name=\"description\" content=\"A Prefeitura de Manaus, por meio da Secretaria Municipal da Mulher, Assist\u00eancia Social e Cidadania (Semasc), realizou, nesta ter\u00e7a-feira, 26\/11, uma a\u00e7\u00e3o de abordagem e sensibiliza\u00e7\u00e3o na feira da Aparecida, na zona Centro-Sul, em alus\u00e3o aos 21 dias de ativismo pelo fim da viol\u00eancia contra a mulher.\" \/>\n<meta name=\"robots\" content=\"index, follow, max-snippet:-1, max-image-preview:large, max-video-preview:-1\" \/>\n<link rel=\"canonical\" href=\"https:\/\/www.manaus.am.gov.br\/semcom\/acao-abordagem-semasc\/\" \/>\n<meta property=\"og:locale\" content=\"pt_BR\" \/>\n<meta property=\"og:type\" content=\"article\" \/>\n<meta property=\"og:title\" content=\"Prefeitura promove a\u00e7\u00e3o na feira da Aparecida em combate \u00e0 viol\u00eancia contra mulheres\" \/>\n<meta property=\"og:description\" content=\"A Prefeitura de Manaus, por meio da Secretaria Municipal da Mulher, Assist\u00eancia Social e Cidadania (Semasc), realizou, nesta ter\u00e7a-feira, 26\/11, uma a\u00e7\u00e3o de abordagem e sensibiliza\u00e7\u00e3o na feira da Aparecida, na zona Centro-Sul, em alus\u00e3o aos 21 dias de ativismo pelo fim da viol\u00eancia contra a mulher.\" \/>\n<meta property=\"og:url\" content=\"https:\/\/www.manaus.am.gov.br\/semcom\/acao-abordagem-semasc\/\" \/>\n<meta property=\"og:site_name\" content=\"SEMCOM\" \/>\n<meta property=\"article:published_time\" content=\"2024-11-27T00:24:52+00:00\" \/>\n<meta property=\"article:modified_time\" content=\"2024-11-27T00:24:53+00:00\" \/>\n<meta property=\"og:image\" content=\"https:\/\/www.manaus.am.gov.br\/semcom\/wp-content\/uploads\/sites\/5\/2024\/11\/acao-na-feira-da-Aparecida-em-combate-a-violencia-contra-mulheres-2.jpg\" \/>\n\t<meta property=\"og:image:width\" content=\"800\" \/>\n\t<meta property=\"og:image:height\" content=\"533\" \/>\n\t<meta property=\"og:image:type\" content=\"image\/jpeg\" \/>\n<meta name=\"author\" content=\"bvalente\" \/>\n<meta name=\"twitter:card\" content=\"summary_large_image\" \/>\n<meta name=\"twitter:label1\" content=\"Written by\" \/>\n\t<meta name=\"twitter:data1\" content=\"bvalente\" \/>\n\t<meta name=\"twitter:label2\" content=\"Est. reading time\" \/>\n\t<meta name=\"twitter:data2\" content=\"2 minutos\" \/>\n<script type=\"application\/ld+json\" class=\"yoast-schema-graph\">{\"@context\":\"https:\/\/schema.org\",\"@graph\":[{\"@type\":\"WebPage\",\"@id\":\"https:\/\/www.manaus.am.gov.br\/semcom\/acao-abordagem-semasc\/\",\"url\":\"https:\/\/www.manaus.am.gov.br\/semcom\/acao-abordagem-semasc\/\",\"name\":\"Prefeitura promove a\u00e7\u00e3o na feira da Aparecida em combate \u00e0 viol\u00eancia contra mulheres\",\"isPartOf\":{\"@id\":\"https:\/\/www.manaus.am.gov.br\/semcom\/#website\"},\"primaryImageOfPage\":{\"@id\":\"https:\/\/www.manaus.am.gov.br\/semcom\/acao-abordagem-semasc\/#primaryimage\"},\"image\":{\"@id\":\"https:\/\/www.manaus.am.gov.br\/semcom\/acao-abordagem-semasc\/#primaryimage\"},\"thumbnailUrl\":\"https:\/\/www.manaus.am.gov.br\/semcom\/wp-content\/uploads\/sites\/5\/2024\/11\/acao-na-feira-da-Aparecida-em-combate-a-violencia-contra-mulheres-2.jpg\",\"datePublished\":\"2024-11-27T00:24:52+00:00\",\"dateModified\":\"2024-11-27T00:24:53+00:00\",\"author\":{\"@id\":\"https:\/\/www.manaus.am.gov.br\/semcom\/#\/schema\/person\/466a0e03ae4b6062809046bd560ac955\"},\"description\":\"A Prefeitura de Manaus, por meio da Secretaria Municipal da Mulher, Assist\u00eancia Social e Cidadania (Semasc), realizou, nesta ter\u00e7a-feira, 26\/11, uma a\u00e7\u00e3o de abordagem e sensibiliza\u00e7\u00e3o na feira da Aparecida, na zona Centro-Sul, em alus\u00e3o aos 21 dias de ativismo pelo fim da viol\u00eancia contra a mulher.\",\"inLanguage\":\"pt-BR\",\"potentialAction\":[{\"@type\":\"ReadAction\",\"target\":[\"https:\/\/www.manaus.am.gov.br\/semcom\/acao-abordagem-semasc\/\"]}]},{\"@type\":\"ImageObject\",\"inLanguage\":\"pt-BR\",\"@id\":\"https:\/\/www.manaus.am.gov.br\/semcom\/acao-abordagem-semasc\/#primaryimage\",\"url\":\"https:\/\/www.manaus.am.gov.br\/semcom\/wp-content\/uploads\/sites\/5\/2024\/11\/acao-na-feira-da-Aparecida-em-combate-a-violencia-contra-mulheres-2.jpg\",\"contentUrl\":\"https:\/\/www.manaus.am.gov.br\/semcom\/wp-content\/uploads\/sites\/5\/2024\/11\/acao-na-feira-da-Aparecida-em-combate-a-violencia-contra-mulheres-2.jpg\",\"width\":800,\"height\":533},{\"@type\":\"WebSite\",\"@id\":\"https:\/\/www.manaus.am.gov.br\/semcom\/#website\",\"url\":\"https:\/\/www.manaus.am.gov.br\/semcom\/\",\"name\":\"SEMCOM\",\"description\":\"Secretaria Municipal de Comunica\u00e7\u00e3o\",\"potentialAction\":[{\"@type\":\"SearchAction\",\"target\":{\"@type\":\"EntryPoint\",\"urlTemplate\":\"https:\/\/www.manaus.am.gov.br\/semcom\/?s={search_term_string}\"},\"query-input\":\"required name=search_term_string\"}],\"inLanguage\":\"pt-BR\"},{\"@type\":\"Person\",\"@id\":\"https:\/\/www.manaus.am.gov.br\/semcom\/#\/schema\/person\/466a0e03ae4b6062809046bd560ac955\",\"name\":\"bvalente\",\"image\":{\"@type\":\"ImageObject\",\"inLanguage\":\"pt-BR\",\"@id\":\"https:\/\/www.manaus.am.gov.br\/semcom\/#\/schema\/person\/image\/\",\"url\":\"https:\/\/secure.gravatar.com\/avatar\/3e69bc2b014bdad41adfec3a39de07d2?s=96&d=mm&r=g\",\"contentUrl\":\"https:\/\/secure.gravatar.com\/avatar\/3e69bc2b014bdad41adfec3a39de07d2?s=96&d=mm&r=g\",\"caption\":\"bvalente\"}}]}<\/script>\n<!-- \/ Yoast SEO plugin. -->","yoast_head_json":{"title":"Prefeitura promove a\u00e7\u00e3o na feira da Aparecida em combate \u00e0 viol\u00eancia contra mulheres","description":"A Prefeitura de Manaus, por meio da Secretaria Municipal da Mulher, Assist\u00eancia Social e Cidadania (Semasc), realizou, nesta ter\u00e7a-feira, 26\/11, uma a\u00e7\u00e3o de abordagem e sensibiliza\u00e7\u00e3o na feira da Aparecida, na zona Centro-Sul, em alus\u00e3o aos 21 dias de ativismo pelo fim da viol\u00eancia contra a mulher.","robots":{"index":"index","follow":"follow","max-snippet":"max-snippet:-1","max-image-preview":"max-image-preview:large","max-video-preview":"max-video-preview:-1"},"canonical":"https:\/\/www.manaus.am.gov.br\/semcom\/acao-abordagem-semasc\/","og_locale":"pt_BR","og_type":"article","og_title":"Prefeitura promove a\u00e7\u00e3o na feira da Aparecida em combate \u00e0 viol\u00eancia contra mulheres","og_description":"A Prefeitura de Manaus, por meio da Secretaria Municipal da Mulher, Assist\u00eancia Social e Cidadania (Semasc), realizou, nesta ter\u00e7a-feira, 26\/11, uma a\u00e7\u00e3o de abordagem e sensibiliza\u00e7\u00e3o na feira da Aparecida, na zona Centro-Sul, em alus\u00e3o aos 21 dias de ativismo pelo fim da viol\u00eancia contra a mulher.","og_url":"https:\/\/www.manaus.am.gov.br\/semcom\/acao-abordagem-semasc\/","og_site_name":"SEMCOM","article_published_time":"2024-11-27T00:24:52+00:00","article_modified_time":"2024-11-27T00:24:53+00:00","og_image":[{"width":800,"height":533,"url":"https:\/\/www.manaus.am.gov.br\/semcom\/wp-content\/uploads\/sites\/5\/2024\/11\/acao-na-feira-da-Aparecida-em-combate-a-violencia-contra-mulheres-2.jpg","type":"image\/jpeg"}],"author":"bvalente","twitter_card":"summary_large_image","twitter_misc":{"Written by":"bvalente","Est. reading time":"2 minutos"},"schema":{"@context":"https:\/\/schema.org","@graph":[{"@type":"WebPage","@id":"https:\/\/www.manaus.am.gov.br\/semcom\/acao-abordagem-semasc\/","url":"https:\/\/www.manaus.am.gov.br\/semcom\/acao-abordagem-semasc\/","name":"Prefeitura promove a\u00e7\u00e3o na feira da Aparecida em combate \u00e0 viol\u00eancia contra mulheres","isPartOf":{"@id":"https:\/\/www.manaus.am.gov.br\/semcom\/#website"},"primaryImageOfPage":{"@id":"https:\/\/www.manaus.am.gov.br\/semcom\/acao-abordagem-semasc\/#primaryimage"},"image":{"@id":"https:\/\/www.manaus.am.gov.br\/semcom\/acao-abordagem-semasc\/#primaryimage"},"thumbnailUrl":"https:\/\/www.manaus.am.gov.br\/semcom\/wp-content\/uploads\/sites\/5\/2024\/11\/acao-na-feira-da-Aparecida-em-combate-a-violencia-contra-mulheres-2.jpg","datePublished":"2024-11-27T00:24:52+00:00","dateModified":"2024-11-27T00:24:53+00:00","author":{"@id":"https:\/\/www.manaus.am.gov.br\/semcom\/#\/schema\/person\/466a0e03ae4b6062809046bd560ac955"},"description":"A Prefeitura de Manaus, por meio da Secretaria Municipal da Mulher, Assist\u00eancia Social e Cidadania (Semasc), realizou, nesta ter\u00e7a-feira, 26\/11, uma a\u00e7\u00e3o de abordagem e sensibiliza\u00e7\u00e3o na feira da Aparecida, na zona Centro-Sul, em alus\u00e3o aos 21 dias de ativismo pelo fim da viol\u00eancia contra a mulher.","inLanguage":"pt-BR","potentialAction":[{"@type":"ReadAction","target":["https:\/\/www.manaus.am.gov.br\/semcom\/acao-abordagem-semasc\/"]}]},{"@type":"ImageObject","inLanguage":"pt-BR","@id":"https:\/\/www.manaus.am.gov.br\/semcom\/acao-abordagem-semasc\/#primaryimage","url":"https:\/\/www.manaus.am.gov.br\/semcom\/wp-content\/uploads\/sites\/5\/2024\/11\/acao-na-feira-da-Aparecida-em-combate-a-violencia-contra-mulheres-2.jpg","contentUrl":"https:\/\/www.manaus.am.gov.br\/semcom\/wp-content\/uploads\/sites\/5\/2024\/11\/acao-na-feira-da-Aparecida-em-combate-a-violencia-contra-mulheres-2.jpg","width":800,"height":533},{"@type":"WebSite","@id":"https:\/\/www.manaus.am.gov.br\/semcom\/#website","url":"https:\/\/www.manaus.am.gov.br\/semcom\/","name":"SEMCOM","description":"Secretaria Municipal de Comunica\u00e7\u00e3o","potentialAction":[{"@type":"SearchAction","target":{"@type":"EntryPoint","urlTemplate":"https:\/\/www.manaus.am.gov.br\/semcom\/?s={search_term_string}"},"query-input":"required name=search_term_string"}],"inLanguage":"pt-BR"},{"@type":"Person","@id":"https:\/\/www.manaus.am.gov.br\/semcom\/#\/schema\/person\/466a0e03ae4b6062809046bd560ac955","name":"bvalente","image":{"@type":"ImageObject","inLanguage":"pt-BR","@id":"https:\/\/www.manaus.am.gov.br\/semcom\/#\/schema\/person\/image\/","url":"https:\/\/secure.gravatar.com\/avatar\/3e69bc2b014bdad41adfec3a39de07d2?s=96&d=mm&r=g","contentUrl":"https:\/\/secure.gravatar.com\/avatar\/3e69bc2b014bdad41adfec3a39de07d2?s=96&d=mm&r=g","caption":"bvalente"}}]}},"_links":{"self":[{"href":"https:\/\/www.manaus.am.gov.br\/semcom\/wp-json\/wp\/v2\/posts\/232358"}],"collection":[{"href":"https:\/\/www.manaus.am.gov.br\/semcom\/wp-json\/wp\/v2\/posts"}],"about":[{"href":"https:\/\/www.manaus.am.gov.br\/semcom\/wp-json\/wp\/v2\/types\/post"}],"author":[{"embeddable":true,"href":"https:\/\/www.manaus.am.gov.br\/semcom\/wp-json\/wp\/v2\/users\/68"}],"replies":[{"embeddable":true,"href":"https:\/\/www.manaus.am.gov.br\/semcom\/wp-json\/wp\/v2\/comments?post=232358"}],"version-history":[{"count":0,"href":"https:\/\/www.manaus.am.gov.br\/semcom\/wp-json\/wp\/v2\/posts\/232358\/revisions"}],"wp:featuredmedia":[{"embeddable":true,"href":"https:\/\/www.manaus.am.gov.br\/semcom\/wp-json\/wp\/v2\/media\/232359"}],"wp:attachment":[{"href":"https:\/\/www.manaus.am.gov.br\/semcom\/wp-json\/wp\/v2\/media?parent=232358"}],"wp:term":[{"taxonomy":"category","embeddable":true,"href":"https:\/\/www.manaus.am.gov.br\/semcom\/wp-json\/wp\/v2\/categories?post=232358"},{"taxonomy":"post_tag","embeddable":true,"href":"https:\/\/www.manaus.am.gov.br\/semcom\/wp-json\/wp\/v2\/tags?post=232358"}],"curies":[{"name":"wp","href":"https:\/\/api.w.org\/{rel}","templated":true}]}}