{"id":232322,"date":"2024-11-26T12:04:47","date_gmt":"2024-11-26T15:04:47","guid":{"rendered":"https:\/\/www.manaus.am.gov.br\/semcom\/iluminacao-led-manaus\/"},"modified":"2024-11-26T12:34:50","modified_gmt":"2024-11-26T15:34:50","slug":"iluminacao-led-manaus","status":"publish","type":"post","link":"https:\/\/www.manaus.am.gov.br\/semcom\/iluminacao-led-manaus\/","title":{"rendered":"Manaus tem 100% em ilumina\u00e7\u00e3o p\u00fablica em LED na capital"},"content":{"rendered":"\n<p>Uma cidade mais iluminada, segura e com menos gastos com a manuten\u00e7\u00e3o e o consumo de cada ponto da ilumina\u00e7\u00e3o p\u00fablica: resultado positivo da substitui\u00e7\u00e3o das l\u00e2mpadas convencionais pela tecnologia em LED. Em Manaus, a moderniza\u00e7\u00e3o da ilumina\u00e7\u00e3o est\u00e1 presente em todas as ruas e avenidas da cidade, alcan\u00e7ando a marca de 100% de cobertura em LED,\u00a0com 164.800 pontos\u00a0modernizados em ruas, avenidas, espa\u00e7os p\u00fablicos e esportivos, al\u00e9m de paradas de \u00f4nibus. A a\u00e7\u00e3o faz parte do programa \u201cIlumina\u00a0Manaus\u201d, lan\u00e7ado no in\u00edcio da gest\u00e3o do prefeito David Almeida.<\/p>\n\n\n\n<p>\u201cN\u00f3s recebemos uma cidade \u00e0s escuras, com ilumina\u00e7\u00e3o p\u00fablica deficiente. Encaramos o desafio criando e implantando o programa \u2018Ilumina Manaus\u2019, a fim de proporcionar um servi\u00e7o de ilumina\u00e7\u00e3o p\u00fablica mais moderno e eficiente para a nossa popula\u00e7\u00e3o, com a instala\u00e7\u00e3o de l\u00e2mpadas em LED. Um trabalho di\u00e1rio que vem dando \u00eaxito, conforme as determina\u00e7\u00f5es do prefeito David Almeida e, hoje, temos 100% de cobertura em toda Manaus\u201d, explica o secret\u00e1rio de Obras, Renato Junior.<\/p>\n\n\n\n<p>Os servi\u00e7os de manuten\u00e7\u00e3o e moderniza\u00e7\u00e3o da ilumina\u00e7\u00e3o p\u00fablica s\u00e3o realizados pela empresa Manaus Luz, sob a fiscaliza\u00e7\u00e3o da Secretaria Municipal de Infraestrutura (Seminf), a partir da Unidade Gestora de Abastecimento de Energia El\u00e9trica (UGPM Energia).<\/p>\n\n\n\n<p>O programa \u201cUma luz para o esporte\u201d j\u00e1 contemplou com refletores em LED, 512 espa\u00e7os de esporte e lazer como pra\u00e7as, campos e quadras localizados em v\u00e1rios pontos da cidade.<\/p>\n\n\n\n<p>Lugares como o campo da comunidade Vila Nova, no bairro Mauazinho, na zona Sul, onde os moradores t\u00eam a oportunidade de usar o campo e promover campeonatos, ap\u00f3s a instala\u00e7\u00e3o dos refletores em LED.&nbsp;<\/p>\n\n\n\n<p>\u201cNossa comunidade saiu da escurid\u00e3o, as ruas est\u00e3o iluminadas e nosso campo, hoje, est\u00e1 movimento e alegre. Podemos at\u00e9 organizar o futebol para a garotada no per\u00edodo da noite, que funciona antes da partida dos adultos\u201d, comemorou o motorista Alisson Freitas, de 38 anos.<\/p>\n\n\n\n<p>Becos, ruas, vielas, paradas de \u00f4nibus, viadutos, cemit\u00e9rios, pra\u00e7as, quadras e campos de futebol e at\u00e9 a zona rural foram contemplados&nbsp;nos projetos da concess\u00e3o de ilumina\u00e7\u00e3o p\u00fablica.<\/p>\n\n\n\n<p>O programa \u201cIlumina Manaus Rural\u201d chegou a mais de 30 comunidades da zona rural.&nbsp;<\/p>\n\n\n\n<p>Como forma de garantir a continuidade e o pleno funcionamento do Sistema P\u00fablico de Ilumina\u00e7\u00e3o P\u00fablica, a Seminf refor\u00e7a que os usu\u00e1rios tamb\u00e9m podem contribuir com a fiscaliza\u00e7\u00e3o do servi\u00e7o relatando os problemas envolvendo quest\u00f5es referentes \u00e0 ilumina\u00e7\u00e3o, acionando o \u00f3rg\u00e3o regulador municipal, por meio do telefone 08002010001 ou pelo aplicativo Manaus+Luz, dispon\u00edvel para Android e IOS.<\/p>\n\n\n\n<p>&#8212; &#8212; &#8212;<\/p>\n\n\n\n<p><strong>Texto&nbsp;<\/strong>&#8211; Valesca Martins\/ Seminf&nbsp;<\/p>\n\n\n\n<p><strong>Fotos<\/strong>&nbsp;&#8211; M\u00e1rcio Melo\/ Seminf<\/p>\n","protected":false},"excerpt":{"rendered":"","protected":false},"author":23,"featured_media":232323,"comment_status":"closed","ping_status":"closed","sticky":false,"template":"","format":"standard","meta":{"footnotes":""},"categories":[1628],"tags":[573,12663,1230,3458,77,33],"acf":[],"yoast_head":"<!-- This site is optimized with the Yoast SEO plugin v23.0 - https:\/\/yoast.com\/wordpress\/plugins\/seo\/ -->\n<title>Manaus tem 100% em ilumina\u00e7\u00e3o p\u00fablica em LED na capital<\/title>\n<meta name=\"description\" content=\"Em Manaus, a moderniza\u00e7\u00e3o da ilumina\u00e7\u00e3o est\u00e1 presente em todas as ruas e avenidas da cidade, alcan\u00e7ando a marca de 100% de cobertura em LED, com 164.800 pontos modernizados em ruas, avenidas, espa\u00e7os p\u00fablicos e esportivos, al\u00e9m de paradas de \u00f4nibus.\" \/>\n<meta name=\"robots\" content=\"index, follow, max-snippet:-1, max-image-preview:large, max-video-preview:-1\" \/>\n<link rel=\"canonical\" href=\"https:\/\/www.manaus.am.gov.br\/semcom\/iluminacao-led-manaus\/\" \/>\n<meta property=\"og:locale\" content=\"pt_BR\" \/>\n<meta property=\"og:type\" content=\"article\" \/>\n<meta property=\"og:title\" content=\"Manaus tem 100% em ilumina\u00e7\u00e3o p\u00fablica em LED na capital\" \/>\n<meta property=\"og:description\" content=\"Em Manaus, a moderniza\u00e7\u00e3o da ilumina\u00e7\u00e3o est\u00e1 presente em todas as ruas e avenidas da cidade, alcan\u00e7ando a marca de 100% de cobertura em LED, com 164.800 pontos modernizados em ruas, avenidas, espa\u00e7os p\u00fablicos e esportivos, al\u00e9m de paradas de \u00f4nibus.\" \/>\n<meta property=\"og:url\" content=\"https:\/\/www.manaus.am.gov.br\/semcom\/iluminacao-led-manaus\/\" \/>\n<meta property=\"og:site_name\" content=\"SEMCOM\" \/>\n<meta property=\"article:published_time\" content=\"2024-11-26T15:04:47+00:00\" \/>\n<meta property=\"article:modified_time\" content=\"2024-11-26T15:34:50+00:00\" \/>\n<meta property=\"og:image\" content=\"https:\/\/www.manaus.am.gov.br\/semcom\/wp-content\/uploads\/sites\/5\/2024\/11\/54164907812_cc3d6713cf_c.jpg\" \/>\n\t<meta property=\"og:image:width\" content=\"799\" \/>\n\t<meta property=\"og:image:height\" content=\"449\" \/>\n\t<meta property=\"og:image:type\" content=\"image\/jpeg\" \/>\n<meta name=\"author\" content=\"Adriana Costa\" \/>\n<meta name=\"twitter:card\" content=\"summary_large_image\" \/>\n<meta name=\"twitter:label1\" content=\"Written by\" \/>\n\t<meta name=\"twitter:data1\" content=\"Adriana Costa\" \/>\n\t<meta name=\"twitter:label2\" content=\"Est. reading time\" \/>\n\t<meta name=\"twitter:data2\" content=\"3 minutos\" \/>\n<script type=\"application\/ld+json\" class=\"yoast-schema-graph\">{\"@context\":\"https:\/\/schema.org\",\"@graph\":[{\"@type\":\"WebPage\",\"@id\":\"https:\/\/www.manaus.am.gov.br\/semcom\/iluminacao-led-manaus\/\",\"url\":\"https:\/\/www.manaus.am.gov.br\/semcom\/iluminacao-led-manaus\/\",\"name\":\"Manaus tem 100% em ilumina\u00e7\u00e3o p\u00fablica em LED na capital\",\"isPartOf\":{\"@id\":\"https:\/\/www.manaus.am.gov.br\/semcom\/#website\"},\"primaryImageOfPage\":{\"@id\":\"https:\/\/www.manaus.am.gov.br\/semcom\/iluminacao-led-manaus\/#primaryimage\"},\"image\":{\"@id\":\"https:\/\/www.manaus.am.gov.br\/semcom\/iluminacao-led-manaus\/#primaryimage\"},\"thumbnailUrl\":\"https:\/\/www.manaus.am.gov.br\/semcom\/wp-content\/uploads\/sites\/5\/2024\/11\/54164907812_cc3d6713cf_c.jpg\",\"datePublished\":\"2024-11-26T15:04:47+00:00\",\"dateModified\":\"2024-11-26T15:34:50+00:00\",\"author\":{\"@id\":\"https:\/\/www.manaus.am.gov.br\/semcom\/#\/schema\/person\/4e49f4e267757a06ca072ec61b2b9968\"},\"description\":\"Em Manaus, a moderniza\u00e7\u00e3o da ilumina\u00e7\u00e3o est\u00e1 presente em todas as ruas e avenidas da cidade, alcan\u00e7ando a marca de 100% de cobertura em LED, com 164.800 pontos modernizados em ruas, avenidas, espa\u00e7os p\u00fablicos e esportivos, al\u00e9m de paradas de \u00f4nibus.\",\"inLanguage\":\"pt-BR\",\"potentialAction\":[{\"@type\":\"ReadAction\",\"target\":[\"https:\/\/www.manaus.am.gov.br\/semcom\/iluminacao-led-manaus\/\"]}]},{\"@type\":\"ImageObject\",\"inLanguage\":\"pt-BR\",\"@id\":\"https:\/\/www.manaus.am.gov.br\/semcom\/iluminacao-led-manaus\/#primaryimage\",\"url\":\"https:\/\/www.manaus.am.gov.br\/semcom\/wp-content\/uploads\/sites\/5\/2024\/11\/54164907812_cc3d6713cf_c.jpg\",\"contentUrl\":\"https:\/\/www.manaus.am.gov.br\/semcom\/wp-content\/uploads\/sites\/5\/2024\/11\/54164907812_cc3d6713cf_c.jpg\",\"width\":799,\"height\":449},{\"@type\":\"WebSite\",\"@id\":\"https:\/\/www.manaus.am.gov.br\/semcom\/#website\",\"url\":\"https:\/\/www.manaus.am.gov.br\/semcom\/\",\"name\":\"SEMCOM\",\"description\":\"Secretaria Municipal de Comunica\u00e7\u00e3o\",\"potentialAction\":[{\"@type\":\"SearchAction\",\"target\":{\"@type\":\"EntryPoint\",\"urlTemplate\":\"https:\/\/www.manaus.am.gov.br\/semcom\/?s={search_term_string}\"},\"query-input\":\"required name=search_term_string\"}],\"inLanguage\":\"pt-BR\"},{\"@type\":\"Person\",\"@id\":\"https:\/\/www.manaus.am.gov.br\/semcom\/#\/schema\/person\/4e49f4e267757a06ca072ec61b2b9968\",\"name\":\"Adriana Costa\",\"image\":{\"@type\":\"ImageObject\",\"inLanguage\":\"pt-BR\",\"@id\":\"https:\/\/www.manaus.am.gov.br\/semcom\/#\/schema\/person\/image\/\",\"url\":\"https:\/\/secure.gravatar.com\/avatar\/576258617ef7194f718179e766d57bd4?s=96&d=mm&r=g\",\"contentUrl\":\"https:\/\/secure.gravatar.com\/avatar\/576258617ef7194f718179e766d57bd4?s=96&d=mm&r=g\",\"caption\":\"Adriana Costa\"}}]}<\/script>\n<!-- \/ Yoast SEO plugin. -->","yoast_head_json":{"title":"Manaus tem 100% em ilumina\u00e7\u00e3o p\u00fablica em LED na capital","description":"Em Manaus, a moderniza\u00e7\u00e3o da ilumina\u00e7\u00e3o est\u00e1 presente em todas as ruas e avenidas da cidade, alcan\u00e7ando a marca de 100% de cobertura em LED, com 164.800 pontos modernizados em ruas, avenidas, espa\u00e7os p\u00fablicos e esportivos, al\u00e9m de paradas de \u00f4nibus.","robots":{"index":"index","follow":"follow","max-snippet":"max-snippet:-1","max-image-preview":"max-image-preview:large","max-video-preview":"max-video-preview:-1"},"canonical":"https:\/\/www.manaus.am.gov.br\/semcom\/iluminacao-led-manaus\/","og_locale":"pt_BR","og_type":"article","og_title":"Manaus tem 100% em ilumina\u00e7\u00e3o p\u00fablica em LED na capital","og_description":"Em Manaus, a moderniza\u00e7\u00e3o da ilumina\u00e7\u00e3o est\u00e1 presente em todas as ruas e avenidas da cidade, alcan\u00e7ando a marca de 100% de cobertura em LED, com 164.800 pontos modernizados em ruas, avenidas, espa\u00e7os p\u00fablicos e esportivos, al\u00e9m de paradas de \u00f4nibus.","og_url":"https:\/\/www.manaus.am.gov.br\/semcom\/iluminacao-led-manaus\/","og_site_name":"SEMCOM","article_published_time":"2024-11-26T15:04:47+00:00","article_modified_time":"2024-11-26T15:34:50+00:00","og_image":[{"width":799,"height":449,"url":"https:\/\/www.manaus.am.gov.br\/semcom\/wp-content\/uploads\/sites\/5\/2024\/11\/54164907812_cc3d6713cf_c.jpg","type":"image\/jpeg"}],"author":"Adriana Costa","twitter_card":"summary_large_image","twitter_misc":{"Written by":"Adriana Costa","Est. reading time":"3 minutos"},"schema":{"@context":"https:\/\/schema.org","@graph":[{"@type":"WebPage","@id":"https:\/\/www.manaus.am.gov.br\/semcom\/iluminacao-led-manaus\/","url":"https:\/\/www.manaus.am.gov.br\/semcom\/iluminacao-led-manaus\/","name":"Manaus tem 100% em ilumina\u00e7\u00e3o p\u00fablica em LED na capital","isPartOf":{"@id":"https:\/\/www.manaus.am.gov.br\/semcom\/#website"},"primaryImageOfPage":{"@id":"https:\/\/www.manaus.am.gov.br\/semcom\/iluminacao-led-manaus\/#primaryimage"},"image":{"@id":"https:\/\/www.manaus.am.gov.br\/semcom\/iluminacao-led-manaus\/#primaryimage"},"thumbnailUrl":"https:\/\/www.manaus.am.gov.br\/semcom\/wp-content\/uploads\/sites\/5\/2024\/11\/54164907812_cc3d6713cf_c.jpg","datePublished":"2024-11-26T15:04:47+00:00","dateModified":"2024-11-26T15:34:50+00:00","author":{"@id":"https:\/\/www.manaus.am.gov.br\/semcom\/#\/schema\/person\/4e49f4e267757a06ca072ec61b2b9968"},"description":"Em Manaus, a moderniza\u00e7\u00e3o da ilumina\u00e7\u00e3o est\u00e1 presente em todas as ruas e avenidas da cidade, alcan\u00e7ando a marca de 100% de cobertura em LED, com 164.800 pontos modernizados em ruas, avenidas, espa\u00e7os p\u00fablicos e esportivos, al\u00e9m de paradas de \u00f4nibus.","inLanguage":"pt-BR","potentialAction":[{"@type":"ReadAction","target":["https:\/\/www.manaus.am.gov.br\/semcom\/iluminacao-led-manaus\/"]}]},{"@type":"ImageObject","inLanguage":"pt-BR","@id":"https:\/\/www.manaus.am.gov.br\/semcom\/iluminacao-led-manaus\/#primaryimage","url":"https:\/\/www.manaus.am.gov.br\/semcom\/wp-content\/uploads\/sites\/5\/2024\/11\/54164907812_cc3d6713cf_c.jpg","contentUrl":"https:\/\/www.manaus.am.gov.br\/semcom\/wp-content\/uploads\/sites\/5\/2024\/11\/54164907812_cc3d6713cf_c.jpg","width":799,"height":449},{"@type":"WebSite","@id":"https:\/\/www.manaus.am.gov.br\/semcom\/#website","url":"https:\/\/www.manaus.am.gov.br\/semcom\/","name":"SEMCOM","description":"Secretaria Municipal de Comunica\u00e7\u00e3o","potentialAction":[{"@type":"SearchAction","target":{"@type":"EntryPoint","urlTemplate":"https:\/\/www.manaus.am.gov.br\/semcom\/?s={search_term_string}"},"query-input":"required name=search_term_string"}],"inLanguage":"pt-BR"},{"@type":"Person","@id":"https:\/\/www.manaus.am.gov.br\/semcom\/#\/schema\/person\/4e49f4e267757a06ca072ec61b2b9968","name":"Adriana Costa","image":{"@type":"ImageObject","inLanguage":"pt-BR","@id":"https:\/\/www.manaus.am.gov.br\/semcom\/#\/schema\/person\/image\/","url":"https:\/\/secure.gravatar.com\/avatar\/576258617ef7194f718179e766d57bd4?s=96&d=mm&r=g","contentUrl":"https:\/\/secure.gravatar.com\/avatar\/576258617ef7194f718179e766d57bd4?s=96&d=mm&r=g","caption":"Adriana Costa"}}]}},"_links":{"self":[{"href":"https:\/\/www.manaus.am.gov.br\/semcom\/wp-json\/wp\/v2\/posts\/232322"}],"collection":[{"href":"https:\/\/www.manaus.am.gov.br\/semcom\/wp-json\/wp\/v2\/posts"}],"about":[{"href":"https:\/\/www.manaus.am.gov.br\/semcom\/wp-json\/wp\/v2\/types\/post"}],"author":[{"embeddable":true,"href":"https:\/\/www.manaus.am.gov.br\/semcom\/wp-json\/wp\/v2\/users\/23"}],"replies":[{"embeddable":true,"href":"https:\/\/www.manaus.am.gov.br\/semcom\/wp-json\/wp\/v2\/comments?post=232322"}],"version-history":[{"count":1,"href":"https:\/\/www.manaus.am.gov.br\/semcom\/wp-json\/wp\/v2\/posts\/232322\/revisions"}],"predecessor-version":[{"id":232324,"href":"https:\/\/www.manaus.am.gov.br\/semcom\/wp-json\/wp\/v2\/posts\/232322\/revisions\/232324"}],"wp:featuredmedia":[{"embeddable":true,"href":"https:\/\/www.manaus.am.gov.br\/semcom\/wp-json\/wp\/v2\/media\/232323"}],"wp:attachment":[{"href":"https:\/\/www.manaus.am.gov.br\/semcom\/wp-json\/wp\/v2\/media?parent=232322"}],"wp:term":[{"taxonomy":"category","embeddable":true,"href":"https:\/\/www.manaus.am.gov.br\/semcom\/wp-json\/wp\/v2\/categories?post=232322"},{"taxonomy":"post_tag","embeddable":true,"href":"https:\/\/www.manaus.am.gov.br\/semcom\/wp-json\/wp\/v2\/tags?post=232322"}],"curies":[{"name":"wp","href":"https:\/\/api.w.org\/{rel}","templated":true}]}}