{"id":232158,"date":"2024-11-21T13:16:08","date_gmt":"2024-11-21T17:16:08","guid":{"rendered":"https:\/\/www.manaus.am.gov.br\/semcom\/feira-do-panair-revitalizada-zona-sul\/"},"modified":"2024-11-21T17:19:44","modified_gmt":"2024-11-21T20:19:44","slug":"feira-da-panair-revitalizada-zona-sul","status":"publish","type":"post","link":"https:\/\/www.manaus.am.gov.br\/semcom\/feira-da-panair-revitalizada-zona-sul\/","title":{"rendered":"Prefeitura de Manaus entrega feira da Panair revitalizada para popula\u00e7\u00e3o na zona Sul da cidade"},"content":{"rendered":"\n<p>A Prefeitura de Manaus, por meio da Secretaria Municipal de Agricultura, Abastecimento, Centro e Com\u00e9rcio Informal (Semacc), entregou, na manh\u00e3 desta quinta-feira, 21\/11, a feira da Panair revitalizada para a popula\u00e7\u00e3o. O espa\u00e7o, localizado na rua Beira-Rio, no bairro Educandos, na zona Sul da capital, n\u00e3o passava por reformas significativas h\u00e1 mais de 20 anos.<\/p>\n\n\n\n<p>A feira passou por moderniza\u00e7\u00e3o da rede hidr\u00e1ulica e el\u00e9trica, refor\u00e7o nos pilares de sustenta\u00e7\u00e3o, substitui\u00e7\u00e3o do telhado, novos banheiros e nova pintura, proporcionando um local muito mais seguro, higi\u00eanico e atrativo para os permission\u00e1rios e clientes.<\/p>\n\n\n\n<p>O titular da Secretaria Municipal de Infraestrutura (Seminf), Renato Junior, destacou o compromisso da atual gest\u00e3o municipal na reforma de feiras e mercados espalhados por toda a cidade.<\/p>\n\n\n\n<p>\u201cAo todo, foram 224 permission\u00e1rios beneficiados diretamente nessa etapa e indiretamente s\u00e3o mais de mil pessoas alcan\u00e7adas, desde o carregador do peixe at\u00e9 aquele que traz a mercadoria do frete. Aqui, n\u00f3s reconstru\u00edmos as bancas e tamb\u00e9m colocamos gradil ao redor para aumentar a sensa\u00e7\u00e3o de seguran\u00e7a para quem trabalha e frequenta a feira\u201d, afirmou o secret\u00e1rio de Obras.<\/p>\n\n\n\n<p>Segundo o titular da Semacc, Wanderson Costa, mais de 20 feiras e mercados j\u00e1 foram revitalizados e entregues para popula\u00e7\u00e3o desde 2021. \u201cIsso nunca aconteceu na hist\u00f3ria da Prefeitura de Manaus, em um espa\u00e7o curto de tempo entregar um quantitativo como esse. Todo o ciclo para entrega de uma feira \u00e9 muito extenso, e consideramos um ciclo muito exitoso\u201d, ressaltou.<\/p>\n\n\n\n<figure class=\"wp-block-image size-large\"><img loading=\"lazy\" decoding=\"async\" width=\"1024\" height=\"683\" src=\"https:\/\/www.manaus.am.gov.br\/semcom\/wp-content\/uploads\/sites\/5\/2024\/11\/54155660473_12c906204d_k-1024x683.jpg\" alt=\"\" class=\"wp-image-232160\" srcset=\"https:\/\/www.manaus.am.gov.br\/semcom\/wp-content\/uploads\/sites\/5\/2024\/11\/54155660473_12c906204d_k-1024x683.jpg 1024w, https:\/\/www.manaus.am.gov.br\/semcom\/wp-content\/uploads\/sites\/5\/2024\/11\/54155660473_12c906204d_k-300x200.jpg 300w, https:\/\/www.manaus.am.gov.br\/semcom\/wp-content\/uploads\/sites\/5\/2024\/11\/54155660473_12c906204d_k-768x512.jpg 768w, https:\/\/www.manaus.am.gov.br\/semcom\/wp-content\/uploads\/sites\/5\/2024\/11\/54155660473_12c906204d_k-1536x1024.jpg 1536w, https:\/\/www.manaus.am.gov.br\/semcom\/wp-content\/uploads\/sites\/5\/2024\/11\/54155660473_12c906204d_k.jpg 2048w\" sizes=\"(max-width: 1024px) 100vw, 1024px\" \/><\/figure>\n\n\n\n<p>Para a permission\u00e1ria Valdileia Monteiro, que trabalha no local h\u00e1 cerca de 15 anos, a entrega da feira revitalizada vai atrair mais clientes e aumentar as vendas neste final de ano. \u201cFicou muito bom, maravilhoso este espa\u00e7o. E vai melhorar com a chegada de mais clientes, j\u00e1 que ficou mais espa\u00e7oso tamb\u00e9m. Eu estou muito feliz com essa estrutura\u201d, disse.<\/p>\n\n\n\n<p>Quem tamb\u00e9m trabalha no local e celebrou a mudan\u00e7a em toda Panair foi a Helena da Cunha. Ela, que vende verduras e legumes, comemorou a revitaliza\u00e7\u00e3o do local. \u201cPara mim \u00e9 um benef\u00edcio muito bom. Gra\u00e7as a Deus olharam por n\u00f3s feirantes. Melhorou tudo nessa feira, eu s\u00f3 tenho a agradecer\u201d, comentou.<\/p>\n\n\n\n<p>A dona de casa Sebastiana Santiago \u00e9 frequentadora da feira e aprovou a qualidade excelente das melhorias da Panair. \u201c\u00c9 de grande import\u00e2ncia essa reforma. Eu vi aqui que est\u00e1 bem organizada, diferente de antes. Identificaram as bancas. A nossa feira n\u00e3o estava legal, bem diferente de como est\u00e1 agora\u201d, finalizou.<\/p>\n\n\n\n<figure class=\"wp-block-image size-large\"><img loading=\"lazy\" decoding=\"async\" width=\"1024\" height=\"768\" src=\"https:\/\/www.manaus.am.gov.br\/semcom\/wp-content\/uploads\/sites\/5\/2024\/11\/54155659608_0b122aed65_k-1024x768.jpg\" alt=\"\" class=\"wp-image-232159\" srcset=\"https:\/\/www.manaus.am.gov.br\/semcom\/wp-content\/uploads\/sites\/5\/2024\/11\/54155659608_0b122aed65_k-1024x768.jpg 1024w, https:\/\/www.manaus.am.gov.br\/semcom\/wp-content\/uploads\/sites\/5\/2024\/11\/54155659608_0b122aed65_k-300x225.jpg 300w, https:\/\/www.manaus.am.gov.br\/semcom\/wp-content\/uploads\/sites\/5\/2024\/11\/54155659608_0b122aed65_k-768x576.jpg 768w, https:\/\/www.manaus.am.gov.br\/semcom\/wp-content\/uploads\/sites\/5\/2024\/11\/54155659608_0b122aed65_k-1536x1152.jpg 1536w, https:\/\/www.manaus.am.gov.br\/semcom\/wp-content\/uploads\/sites\/5\/2024\/11\/54155659608_0b122aed65_k.jpg 2048w\" sizes=\"(max-width: 1024px) 100vw, 1024px\" \/><\/figure>\n\n\n\n<p>&#8212; &#8212; &#8212;<\/p>\n\n\n\n<p><strong>Texto<\/strong>&nbsp;\u2013 Tiago Auzier\/Semcom<\/p>\n\n\n\n<p><strong>Fotos \u2013 <\/strong>Jo\u00e3o Viana\/Semcom e Gildo Smith\/Semacc<\/p>\n\n\n\n<p><strong>Dispon\u00edveis em &#8211;<\/strong> <a href=\"https:\/\/flic.kr\/s\/aHBqjBSvZn\">https:\/\/flic.kr\/s\/aHBqjBSvZn<\/a><\/p>\n","protected":false},"excerpt":{"rendered":"","protected":false},"author":39,"featured_media":232161,"comment_status":"closed","ping_status":"closed","sticky":false,"template":"","format":"standard","meta":{"footnotes":""},"categories":[8],"tags":[2822,3465,77,450,55,33],"acf":[],"yoast_head":"<!-- This site is optimized with the Yoast SEO plugin v23.0 - https:\/\/yoast.com\/wordpress\/plugins\/seo\/ -->\n<title>Feira do Panair revitalizada para popula\u00e7\u00e3o na zona Sul da cidade<\/title>\n<meta name=\"description\" content=\"Prefeitura de Manaus, por meio da entrega feira do Panair revitalizada para popula\u00e7\u00e3o na zona Sul da cidade\" \/>\n<meta name=\"robots\" content=\"index, follow, max-snippet:-1, max-image-preview:large, max-video-preview:-1\" \/>\n<link rel=\"canonical\" href=\"https:\/\/www.manaus.am.gov.br\/semcom\/feira-do-panair-revitalizada-zona-sul\/\" \/>\n<meta property=\"og:locale\" content=\"pt_BR\" \/>\n<meta property=\"og:type\" content=\"article\" \/>\n<meta property=\"og:title\" content=\"Feira do Panair revitalizada para popula\u00e7\u00e3o na zona Sul da cidade\" \/>\n<meta property=\"og:description\" content=\"Prefeitura de Manaus, por meio da entrega feira do Panair revitalizada para popula\u00e7\u00e3o na zona Sul da cidade\" \/>\n<meta property=\"og:url\" content=\"https:\/\/www.manaus.am.gov.br\/semcom\/feira-do-panair-revitalizada-zona-sul\/\" \/>\n<meta property=\"og:site_name\" content=\"SEMCOM\" \/>\n<meta property=\"article:published_time\" content=\"2024-11-21T17:16:08+00:00\" \/>\n<meta property=\"article:modified_time\" content=\"2024-11-21T20:19:44+00:00\" \/>\n<meta property=\"og:image\" content=\"https:\/\/www.manaus.am.gov.br\/semcom\/wp-content\/uploads\/sites\/5\/2024\/11\/54155398821_27f7ebdd6f_k.jpg\" \/>\n\t<meta property=\"og:image:width\" content=\"2048\" \/>\n\t<meta property=\"og:image:height\" content=\"1365\" \/>\n\t<meta property=\"og:image:type\" content=\"image\/jpeg\" \/>\n<meta name=\"author\" content=\"Bruna Greco\" \/>\n<meta name=\"twitter:card\" content=\"summary_large_image\" \/>\n<meta name=\"twitter:label1\" content=\"Written by\" \/>\n\t<meta name=\"twitter:data1\" content=\"Bruna Greco\" \/>\n\t<meta name=\"twitter:label2\" content=\"Est. reading time\" \/>\n\t<meta name=\"twitter:data2\" content=\"3 minutos\" \/>\n<script type=\"application\/ld+json\" class=\"yoast-schema-graph\">{\"@context\":\"https:\/\/schema.org\",\"@graph\":[{\"@type\":\"WebPage\",\"@id\":\"https:\/\/www.manaus.am.gov.br\/semcom\/feira-do-panair-revitalizada-zona-sul\/\",\"url\":\"https:\/\/www.manaus.am.gov.br\/semcom\/feira-do-panair-revitalizada-zona-sul\/\",\"name\":\"Feira do Panair revitalizada para popula\u00e7\u00e3o na zona Sul da cidade\",\"isPartOf\":{\"@id\":\"https:\/\/www.manaus.am.gov.br\/semcom\/#website\"},\"primaryImageOfPage\":{\"@id\":\"https:\/\/www.manaus.am.gov.br\/semcom\/feira-do-panair-revitalizada-zona-sul\/#primaryimage\"},\"image\":{\"@id\":\"https:\/\/www.manaus.am.gov.br\/semcom\/feira-do-panair-revitalizada-zona-sul\/#primaryimage\"},\"thumbnailUrl\":\"https:\/\/www.manaus.am.gov.br\/semcom\/wp-content\/uploads\/sites\/5\/2024\/11\/54155398821_27f7ebdd6f_k.jpg\",\"datePublished\":\"2024-11-21T17:16:08+00:00\",\"dateModified\":\"2024-11-21T20:19:44+00:00\",\"author\":{\"@id\":\"https:\/\/www.manaus.am.gov.br\/semcom\/#\/schema\/person\/05d223aea2bf115f9883a6ff3683d81b\"},\"description\":\"Prefeitura de Manaus, por meio da entrega feira do Panair revitalizada para popula\u00e7\u00e3o na zona Sul da cidade\",\"inLanguage\":\"pt-BR\",\"potentialAction\":[{\"@type\":\"ReadAction\",\"target\":[\"https:\/\/www.manaus.am.gov.br\/semcom\/feira-do-panair-revitalizada-zona-sul\/\"]}]},{\"@type\":\"ImageObject\",\"inLanguage\":\"pt-BR\",\"@id\":\"https:\/\/www.manaus.am.gov.br\/semcom\/feira-do-panair-revitalizada-zona-sul\/#primaryimage\",\"url\":\"https:\/\/www.manaus.am.gov.br\/semcom\/wp-content\/uploads\/sites\/5\/2024\/11\/54155398821_27f7ebdd6f_k.jpg\",\"contentUrl\":\"https:\/\/www.manaus.am.gov.br\/semcom\/wp-content\/uploads\/sites\/5\/2024\/11\/54155398821_27f7ebdd6f_k.jpg\",\"width\":2048,\"height\":1365,\"caption\":\"#paratodosverem - Permission\u00e1ria da feira da Panair satisfeita com a revitaliza\u00e7\u00e3o do seu espa\u00e7o de trabalho\"},{\"@type\":\"WebSite\",\"@id\":\"https:\/\/www.manaus.am.gov.br\/semcom\/#website\",\"url\":\"https:\/\/www.manaus.am.gov.br\/semcom\/\",\"name\":\"SEMCOM\",\"description\":\"Secretaria Municipal de Comunica\u00e7\u00e3o\",\"potentialAction\":[{\"@type\":\"SearchAction\",\"target\":{\"@type\":\"EntryPoint\",\"urlTemplate\":\"https:\/\/www.manaus.am.gov.br\/semcom\/?s={search_term_string}\"},\"query-input\":\"required name=search_term_string\"}],\"inLanguage\":\"pt-BR\"},{\"@type\":\"Person\",\"@id\":\"https:\/\/www.manaus.am.gov.br\/semcom\/#\/schema\/person\/05d223aea2bf115f9883a6ff3683d81b\",\"name\":\"Bruna Greco\",\"image\":{\"@type\":\"ImageObject\",\"inLanguage\":\"pt-BR\",\"@id\":\"https:\/\/www.manaus.am.gov.br\/semcom\/#\/schema\/person\/image\/\",\"url\":\"https:\/\/secure.gravatar.com\/avatar\/9c877d1a6adc2a055330e5c09a8653ce?s=96&d=mm&r=g\",\"contentUrl\":\"https:\/\/secure.gravatar.com\/avatar\/9c877d1a6adc2a055330e5c09a8653ce?s=96&d=mm&r=g\",\"caption\":\"Bruna Greco\"}}]}<\/script>\n<!-- \/ Yoast SEO plugin. -->","yoast_head_json":{"title":"Feira do Panair revitalizada para popula\u00e7\u00e3o na zona Sul da cidade","description":"Prefeitura de Manaus, por meio da entrega feira do Panair revitalizada para popula\u00e7\u00e3o na zona Sul da cidade","robots":{"index":"index","follow":"follow","max-snippet":"max-snippet:-1","max-image-preview":"max-image-preview:large","max-video-preview":"max-video-preview:-1"},"canonical":"https:\/\/www.manaus.am.gov.br\/semcom\/feira-do-panair-revitalizada-zona-sul\/","og_locale":"pt_BR","og_type":"article","og_title":"Feira do Panair revitalizada para popula\u00e7\u00e3o na zona Sul da cidade","og_description":"Prefeitura de Manaus, por meio da entrega feira do Panair revitalizada para popula\u00e7\u00e3o na zona Sul da cidade","og_url":"https:\/\/www.manaus.am.gov.br\/semcom\/feira-do-panair-revitalizada-zona-sul\/","og_site_name":"SEMCOM","article_published_time":"2024-11-21T17:16:08+00:00","article_modified_time":"2024-11-21T20:19:44+00:00","og_image":[{"width":2048,"height":1365,"url":"https:\/\/www.manaus.am.gov.br\/semcom\/wp-content\/uploads\/sites\/5\/2024\/11\/54155398821_27f7ebdd6f_k.jpg","type":"image\/jpeg"}],"author":"Bruna Greco","twitter_card":"summary_large_image","twitter_misc":{"Written by":"Bruna Greco","Est. reading time":"3 minutos"},"schema":{"@context":"https:\/\/schema.org","@graph":[{"@type":"WebPage","@id":"https:\/\/www.manaus.am.gov.br\/semcom\/feira-do-panair-revitalizada-zona-sul\/","url":"https:\/\/www.manaus.am.gov.br\/semcom\/feira-do-panair-revitalizada-zona-sul\/","name":"Feira do Panair revitalizada para popula\u00e7\u00e3o na zona Sul da cidade","isPartOf":{"@id":"https:\/\/www.manaus.am.gov.br\/semcom\/#website"},"primaryImageOfPage":{"@id":"https:\/\/www.manaus.am.gov.br\/semcom\/feira-do-panair-revitalizada-zona-sul\/#primaryimage"},"image":{"@id":"https:\/\/www.manaus.am.gov.br\/semcom\/feira-do-panair-revitalizada-zona-sul\/#primaryimage"},"thumbnailUrl":"https:\/\/www.manaus.am.gov.br\/semcom\/wp-content\/uploads\/sites\/5\/2024\/11\/54155398821_27f7ebdd6f_k.jpg","datePublished":"2024-11-21T17:16:08+00:00","dateModified":"2024-11-21T20:19:44+00:00","author":{"@id":"https:\/\/www.manaus.am.gov.br\/semcom\/#\/schema\/person\/05d223aea2bf115f9883a6ff3683d81b"},"description":"Prefeitura de Manaus, por meio da entrega feira do Panair revitalizada para popula\u00e7\u00e3o na zona Sul da cidade","inLanguage":"pt-BR","potentialAction":[{"@type":"ReadAction","target":["https:\/\/www.manaus.am.gov.br\/semcom\/feira-do-panair-revitalizada-zona-sul\/"]}]},{"@type":"ImageObject","inLanguage":"pt-BR","@id":"https:\/\/www.manaus.am.gov.br\/semcom\/feira-do-panair-revitalizada-zona-sul\/#primaryimage","url":"https:\/\/www.manaus.am.gov.br\/semcom\/wp-content\/uploads\/sites\/5\/2024\/11\/54155398821_27f7ebdd6f_k.jpg","contentUrl":"https:\/\/www.manaus.am.gov.br\/semcom\/wp-content\/uploads\/sites\/5\/2024\/11\/54155398821_27f7ebdd6f_k.jpg","width":2048,"height":1365,"caption":"#paratodosverem - Permission\u00e1ria da feira da Panair satisfeita com a revitaliza\u00e7\u00e3o do seu espa\u00e7o de trabalho"},{"@type":"WebSite","@id":"https:\/\/www.manaus.am.gov.br\/semcom\/#website","url":"https:\/\/www.manaus.am.gov.br\/semcom\/","name":"SEMCOM","description":"Secretaria Municipal de Comunica\u00e7\u00e3o","potentialAction":[{"@type":"SearchAction","target":{"@type":"EntryPoint","urlTemplate":"https:\/\/www.manaus.am.gov.br\/semcom\/?s={search_term_string}"},"query-input":"required name=search_term_string"}],"inLanguage":"pt-BR"},{"@type":"Person","@id":"https:\/\/www.manaus.am.gov.br\/semcom\/#\/schema\/person\/05d223aea2bf115f9883a6ff3683d81b","name":"Bruna Greco","image":{"@type":"ImageObject","inLanguage":"pt-BR","@id":"https:\/\/www.manaus.am.gov.br\/semcom\/#\/schema\/person\/image\/","url":"https:\/\/secure.gravatar.com\/avatar\/9c877d1a6adc2a055330e5c09a8653ce?s=96&d=mm&r=g","contentUrl":"https:\/\/secure.gravatar.com\/avatar\/9c877d1a6adc2a055330e5c09a8653ce?s=96&d=mm&r=g","caption":"Bruna Greco"}}]}},"_links":{"self":[{"href":"https:\/\/www.manaus.am.gov.br\/semcom\/wp-json\/wp\/v2\/posts\/232158"}],"collection":[{"href":"https:\/\/www.manaus.am.gov.br\/semcom\/wp-json\/wp\/v2\/posts"}],"about":[{"href":"https:\/\/www.manaus.am.gov.br\/semcom\/wp-json\/wp\/v2\/types\/post"}],"author":[{"embeddable":true,"href":"https:\/\/www.manaus.am.gov.br\/semcom\/wp-json\/wp\/v2\/users\/39"}],"replies":[{"embeddable":true,"href":"https:\/\/www.manaus.am.gov.br\/semcom\/wp-json\/wp\/v2\/comments?post=232158"}],"version-history":[{"count":9,"href":"https:\/\/www.manaus.am.gov.br\/semcom\/wp-json\/wp\/v2\/posts\/232158\/revisions"}],"predecessor-version":[{"id":232189,"href":"https:\/\/www.manaus.am.gov.br\/semcom\/wp-json\/wp\/v2\/posts\/232158\/revisions\/232189"}],"wp:featuredmedia":[{"embeddable":true,"href":"https:\/\/www.manaus.am.gov.br\/semcom\/wp-json\/wp\/v2\/media\/232161"}],"wp:attachment":[{"href":"https:\/\/www.manaus.am.gov.br\/semcom\/wp-json\/wp\/v2\/media?parent=232158"}],"wp:term":[{"taxonomy":"category","embeddable":true,"href":"https:\/\/www.manaus.am.gov.br\/semcom\/wp-json\/wp\/v2\/categories?post=232158"},{"taxonomy":"post_tag","embeddable":true,"href":"https:\/\/www.manaus.am.gov.br\/semcom\/wp-json\/wp\/v2\/tags?post=232158"}],"curies":[{"name":"wp","href":"https:\/\/api.w.org\/{rel}","templated":true}]}}