{"id":232151,"date":"2024-11-21T13:10:01","date_gmt":"2024-11-21T16:10:01","guid":{"rendered":"https:\/\/www.manaus.am.gov.br\/semcom\/prefeitura-semsa-castracao-animal\/"},"modified":"2024-11-21T13:10:02","modified_gmt":"2024-11-21T16:10:02","slug":"prefeitura-semsa-castracao-animal","status":"publish","type":"post","link":"https:\/\/www.manaus.am.gov.br\/semcom\/prefeitura-semsa-castracao-animal\/","title":{"rendered":"Prefeitura abre agendamento de castra\u00e7\u00e3o para c\u00e3es e gatos na sexta-feira, 29"},"content":{"rendered":"\n<p>Tutores de c\u00e3es e gatos que precisarem castrar seus&nbsp;animais poder\u00e3o realizar o agendamento para esse procedimento, na pr\u00f3xima sexta-feira, 29\/11, a partir das 8h, no Centro de Conviv\u00eancia Prefeito Jos\u00e9 Fernandes, localizado na rua Barreirinha, 14 &#8211; quadra 45 \u2013 no bairro S\u00e3o Jos\u00e9 Oper\u00e1rio, zona Leste. A iniciativa da Prefeitura de Manaus, por meio Secretaria Municipal de Sa\u00fade (Semsa), tem o objetivo de contribuir para a sa\u00fade da popula\u00e7\u00e3o de caninos e felinos e, entre outros benef\u00edcios, reduzir os riscos de doen\u00e7as como a esporotricose.<\/p>\n\n\n\n<p>O gerente do Centro de Controle de Zoonoses (CCZ), Rodrigo Ara\u00fajo, explica que o n\u00famero de senhas que d\u00e3o acesso \u00e0 cirurgia \u00e9 limitado a duas por pessoa, sendo uma para f\u00eamea e uma para macho, de acordo com a disponibilidade de vagas.<\/p>\n\n\n\n<p>Outro aspecto importante, conforme Rodrigo, \u00e9 que no dia do agendamento, os tutores n\u00e3o precisam levar seus animais.<\/p>\n\n\n\n<p>\u201cOs donos de c\u00e3es e gatos precisam levar apenas c\u00f3pias do RG, CPF e comprovante de resid\u00eancia. Uma vez conclu\u00eddo o processo do agendamento, o tutor ser\u00e1 orientado sobre a data da castra\u00e7\u00e3o. \u00c9 preciso refor\u00e7ar que os animais precisam ter a partir de cinco meses de idade e estar em boas condi\u00e7\u00f5es de sa\u00fade\u201d, acrescenta Rodrigo, que reitera que, no dia do procedimento, a mesma pessoa que fez o agendamento precisa estar presente para acompanhar o animal.<\/p>\n\n\n\n<p>Os procedimentos de esteriliza\u00e7\u00e3o acontecer\u00e3o no &#8220;Castram\u00f3vel&#8221; do CCZ, no per\u00edodo de 2 a 13 de dezembro, no Centro de Conviv\u00eancia Prefeito Jos\u00e9 Fernandes.<\/p>\n\n\n\n<p>Rodrigo ressalta que a a\u00e7\u00e3o faz parte da iniciativa de combate \u00e0 esporotricose na zona Leste, \u00e1rea com maior incid\u00eancia da doen\u00e7a em humanos e animais. De acordo com o gerente, as demais zonas geogr\u00e1ficas de Manaus tamb\u00e9m receber\u00e3o os servi\u00e7os de castra\u00e7\u00e3o.<\/p>\n\n\n\n<p>&nbsp;&#8212; &#8212; &#8212;<\/p>\n\n\n\n<p><strong>Texto<\/strong>&nbsp;&#8211; T\u00e2nia Brand\u00e3o\/Semsa<\/p>\n\n\n\n<p><strong>Fotos<\/strong>&nbsp;&#8211;&nbsp;Divulga\u00e7\u00e3o\/Semsa<\/p>\n","protected":false},"excerpt":{"rendered":"","protected":false},"author":23,"featured_media":232152,"comment_status":"closed","ping_status":"closed","sticky":false,"template":"","format":"standard","meta":{"footnotes":""},"categories":[2009],"tags":[3161,3722,12605,77,162,108],"acf":[],"yoast_head":"<!-- This site is optimized with the Yoast SEO plugin v23.0 - https:\/\/yoast.com\/wordpress\/plugins\/seo\/ -->\n<title>Prefeitura abre agendamento de castra\u00e7\u00e3o para c\u00e3es e gatos na sexta-feira, 29<\/title>\n<meta name=\"description\" content=\"Tutores de c\u00e3es e gatos que precisarem castrar seus animais poder\u00e3o realizar o agendamento para este procedimento, na pr\u00f3xima sexta-feira, 29\/11, a partir das 8h, no Centro de Conviv\u00eancia Prefeito Jos\u00e9 Fernandes, localizado na rua Barreirinha, 14 - quadra 45 \u2013 no bairro S\u00e3o Jos\u00e9 Oper\u00e1rio, zona Leste.\" \/>\n<meta name=\"robots\" content=\"index, follow, max-snippet:-1, max-image-preview:large, max-video-preview:-1\" \/>\n<link rel=\"canonical\" href=\"https:\/\/www.manaus.am.gov.br\/semcom\/prefeitura-semsa-castracao-animal\/\" \/>\n<meta property=\"og:locale\" content=\"pt_BR\" \/>\n<meta property=\"og:type\" content=\"article\" \/>\n<meta property=\"og:title\" content=\"Prefeitura abre agendamento de castra\u00e7\u00e3o para c\u00e3es e gatos na sexta-feira, 29\" \/>\n<meta property=\"og:description\" content=\"Tutores de c\u00e3es e gatos que precisarem castrar seus animais poder\u00e3o realizar o agendamento para este procedimento, na pr\u00f3xima sexta-feira, 29\/11, a partir das 8h, no Centro de Conviv\u00eancia Prefeito Jos\u00e9 Fernandes, localizado na rua Barreirinha, 14 - quadra 45 \u2013 no bairro S\u00e3o Jos\u00e9 Oper\u00e1rio, zona Leste.\" \/>\n<meta property=\"og:url\" content=\"https:\/\/www.manaus.am.gov.br\/semcom\/prefeitura-semsa-castracao-animal\/\" \/>\n<meta property=\"og:site_name\" content=\"SEMCOM\" \/>\n<meta property=\"article:published_time\" content=\"2024-11-21T16:10:01+00:00\" \/>\n<meta property=\"article:modified_time\" content=\"2024-11-21T16:10:02+00:00\" \/>\n<meta property=\"og:image\" content=\"https:\/\/www.manaus.am.gov.br\/semcom\/wp-content\/uploads\/sites\/5\/2024\/11\/Novembro-21_CCZ-castracao-01.jpg\" \/>\n\t<meta property=\"og:image:width\" content=\"700\" \/>\n\t<meta property=\"og:image:height\" content=\"467\" \/>\n\t<meta property=\"og:image:type\" content=\"image\/jpeg\" \/>\n<meta name=\"author\" content=\"Adriana Costa\" \/>\n<meta name=\"twitter:card\" content=\"summary_large_image\" \/>\n<meta name=\"twitter:label1\" content=\"Written by\" \/>\n\t<meta name=\"twitter:data1\" content=\"Adriana Costa\" \/>\n\t<meta name=\"twitter:label2\" content=\"Est. reading time\" \/>\n\t<meta name=\"twitter:data2\" content=\"2 minutos\" \/>\n<script type=\"application\/ld+json\" class=\"yoast-schema-graph\">{\"@context\":\"https:\/\/schema.org\",\"@graph\":[{\"@type\":\"WebPage\",\"@id\":\"https:\/\/www.manaus.am.gov.br\/semcom\/prefeitura-semsa-castracao-animal\/\",\"url\":\"https:\/\/www.manaus.am.gov.br\/semcom\/prefeitura-semsa-castracao-animal\/\",\"name\":\"Prefeitura abre agendamento de castra\u00e7\u00e3o para c\u00e3es e gatos na sexta-feira, 29\",\"isPartOf\":{\"@id\":\"https:\/\/www.manaus.am.gov.br\/semcom\/#website\"},\"primaryImageOfPage\":{\"@id\":\"https:\/\/www.manaus.am.gov.br\/semcom\/prefeitura-semsa-castracao-animal\/#primaryimage\"},\"image\":{\"@id\":\"https:\/\/www.manaus.am.gov.br\/semcom\/prefeitura-semsa-castracao-animal\/#primaryimage\"},\"thumbnailUrl\":\"https:\/\/www.manaus.am.gov.br\/semcom\/wp-content\/uploads\/sites\/5\/2024\/11\/Novembro-21_CCZ-castracao-01.jpg\",\"datePublished\":\"2024-11-21T16:10:01+00:00\",\"dateModified\":\"2024-11-21T16:10:02+00:00\",\"author\":{\"@id\":\"https:\/\/www.manaus.am.gov.br\/semcom\/#\/schema\/person\/4e49f4e267757a06ca072ec61b2b9968\"},\"description\":\"Tutores de c\u00e3es e gatos que precisarem castrar seus animais poder\u00e3o realizar o agendamento para este procedimento, na pr\u00f3xima sexta-feira, 29\/11, a partir das 8h, no Centro de Conviv\u00eancia Prefeito Jos\u00e9 Fernandes, localizado na rua Barreirinha, 14 - quadra 45 \u2013 no bairro S\u00e3o Jos\u00e9 Oper\u00e1rio, zona Leste.\",\"inLanguage\":\"pt-BR\",\"potentialAction\":[{\"@type\":\"ReadAction\",\"target\":[\"https:\/\/www.manaus.am.gov.br\/semcom\/prefeitura-semsa-castracao-animal\/\"]}]},{\"@type\":\"ImageObject\",\"inLanguage\":\"pt-BR\",\"@id\":\"https:\/\/www.manaus.am.gov.br\/semcom\/prefeitura-semsa-castracao-animal\/#primaryimage\",\"url\":\"https:\/\/www.manaus.am.gov.br\/semcom\/wp-content\/uploads\/sites\/5\/2024\/11\/Novembro-21_CCZ-castracao-01.jpg\",\"contentUrl\":\"https:\/\/www.manaus.am.gov.br\/semcom\/wp-content\/uploads\/sites\/5\/2024\/11\/Novembro-21_CCZ-castracao-01.jpg\",\"width\":700,\"height\":467},{\"@type\":\"WebSite\",\"@id\":\"https:\/\/www.manaus.am.gov.br\/semcom\/#website\",\"url\":\"https:\/\/www.manaus.am.gov.br\/semcom\/\",\"name\":\"SEMCOM\",\"description\":\"Secretaria Municipal de Comunica\u00e7\u00e3o\",\"potentialAction\":[{\"@type\":\"SearchAction\",\"target\":{\"@type\":\"EntryPoint\",\"urlTemplate\":\"https:\/\/www.manaus.am.gov.br\/semcom\/?s={search_term_string}\"},\"query-input\":\"required name=search_term_string\"}],\"inLanguage\":\"pt-BR\"},{\"@type\":\"Person\",\"@id\":\"https:\/\/www.manaus.am.gov.br\/semcom\/#\/schema\/person\/4e49f4e267757a06ca072ec61b2b9968\",\"name\":\"Adriana Costa\",\"image\":{\"@type\":\"ImageObject\",\"inLanguage\":\"pt-BR\",\"@id\":\"https:\/\/www.manaus.am.gov.br\/semcom\/#\/schema\/person\/image\/\",\"url\":\"https:\/\/secure.gravatar.com\/avatar\/576258617ef7194f718179e766d57bd4?s=96&d=mm&r=g\",\"contentUrl\":\"https:\/\/secure.gravatar.com\/avatar\/576258617ef7194f718179e766d57bd4?s=96&d=mm&r=g\",\"caption\":\"Adriana Costa\"}}]}<\/script>\n<!-- \/ Yoast SEO plugin. -->","yoast_head_json":{"title":"Prefeitura abre agendamento de castra\u00e7\u00e3o para c\u00e3es e gatos na sexta-feira, 29","description":"Tutores de c\u00e3es e gatos que precisarem castrar seus animais poder\u00e3o realizar o agendamento para este procedimento, na pr\u00f3xima sexta-feira, 29\/11, a partir das 8h, no Centro de Conviv\u00eancia Prefeito Jos\u00e9 Fernandes, localizado na rua Barreirinha, 14 - quadra 45 \u2013 no bairro S\u00e3o Jos\u00e9 Oper\u00e1rio, zona Leste.","robots":{"index":"index","follow":"follow","max-snippet":"max-snippet:-1","max-image-preview":"max-image-preview:large","max-video-preview":"max-video-preview:-1"},"canonical":"https:\/\/www.manaus.am.gov.br\/semcom\/prefeitura-semsa-castracao-animal\/","og_locale":"pt_BR","og_type":"article","og_title":"Prefeitura abre agendamento de castra\u00e7\u00e3o para c\u00e3es e gatos na sexta-feira, 29","og_description":"Tutores de c\u00e3es e gatos que precisarem castrar seus animais poder\u00e3o realizar o agendamento para este procedimento, na pr\u00f3xima sexta-feira, 29\/11, a partir das 8h, no Centro de Conviv\u00eancia Prefeito Jos\u00e9 Fernandes, localizado na rua Barreirinha, 14 - quadra 45 \u2013 no bairro S\u00e3o Jos\u00e9 Oper\u00e1rio, zona Leste.","og_url":"https:\/\/www.manaus.am.gov.br\/semcom\/prefeitura-semsa-castracao-animal\/","og_site_name":"SEMCOM","article_published_time":"2024-11-21T16:10:01+00:00","article_modified_time":"2024-11-21T16:10:02+00:00","og_image":[{"width":700,"height":467,"url":"https:\/\/www.manaus.am.gov.br\/semcom\/wp-content\/uploads\/sites\/5\/2024\/11\/Novembro-21_CCZ-castracao-01.jpg","type":"image\/jpeg"}],"author":"Adriana Costa","twitter_card":"summary_large_image","twitter_misc":{"Written by":"Adriana Costa","Est. reading time":"2 minutos"},"schema":{"@context":"https:\/\/schema.org","@graph":[{"@type":"WebPage","@id":"https:\/\/www.manaus.am.gov.br\/semcom\/prefeitura-semsa-castracao-animal\/","url":"https:\/\/www.manaus.am.gov.br\/semcom\/prefeitura-semsa-castracao-animal\/","name":"Prefeitura abre agendamento de castra\u00e7\u00e3o para c\u00e3es e gatos na sexta-feira, 29","isPartOf":{"@id":"https:\/\/www.manaus.am.gov.br\/semcom\/#website"},"primaryImageOfPage":{"@id":"https:\/\/www.manaus.am.gov.br\/semcom\/prefeitura-semsa-castracao-animal\/#primaryimage"},"image":{"@id":"https:\/\/www.manaus.am.gov.br\/semcom\/prefeitura-semsa-castracao-animal\/#primaryimage"},"thumbnailUrl":"https:\/\/www.manaus.am.gov.br\/semcom\/wp-content\/uploads\/sites\/5\/2024\/11\/Novembro-21_CCZ-castracao-01.jpg","datePublished":"2024-11-21T16:10:01+00:00","dateModified":"2024-11-21T16:10:02+00:00","author":{"@id":"https:\/\/www.manaus.am.gov.br\/semcom\/#\/schema\/person\/4e49f4e267757a06ca072ec61b2b9968"},"description":"Tutores de c\u00e3es e gatos que precisarem castrar seus animais poder\u00e3o realizar o agendamento para este procedimento, na pr\u00f3xima sexta-feira, 29\/11, a partir das 8h, no Centro de Conviv\u00eancia Prefeito Jos\u00e9 Fernandes, localizado na rua Barreirinha, 14 - quadra 45 \u2013 no bairro S\u00e3o Jos\u00e9 Oper\u00e1rio, zona Leste.","inLanguage":"pt-BR","potentialAction":[{"@type":"ReadAction","target":["https:\/\/www.manaus.am.gov.br\/semcom\/prefeitura-semsa-castracao-animal\/"]}]},{"@type":"ImageObject","inLanguage":"pt-BR","@id":"https:\/\/www.manaus.am.gov.br\/semcom\/prefeitura-semsa-castracao-animal\/#primaryimage","url":"https:\/\/www.manaus.am.gov.br\/semcom\/wp-content\/uploads\/sites\/5\/2024\/11\/Novembro-21_CCZ-castracao-01.jpg","contentUrl":"https:\/\/www.manaus.am.gov.br\/semcom\/wp-content\/uploads\/sites\/5\/2024\/11\/Novembro-21_CCZ-castracao-01.jpg","width":700,"height":467},{"@type":"WebSite","@id":"https:\/\/www.manaus.am.gov.br\/semcom\/#website","url":"https:\/\/www.manaus.am.gov.br\/semcom\/","name":"SEMCOM","description":"Secretaria Municipal de Comunica\u00e7\u00e3o","potentialAction":[{"@type":"SearchAction","target":{"@type":"EntryPoint","urlTemplate":"https:\/\/www.manaus.am.gov.br\/semcom\/?s={search_term_string}"},"query-input":"required name=search_term_string"}],"inLanguage":"pt-BR"},{"@type":"Person","@id":"https:\/\/www.manaus.am.gov.br\/semcom\/#\/schema\/person\/4e49f4e267757a06ca072ec61b2b9968","name":"Adriana Costa","image":{"@type":"ImageObject","inLanguage":"pt-BR","@id":"https:\/\/www.manaus.am.gov.br\/semcom\/#\/schema\/person\/image\/","url":"https:\/\/secure.gravatar.com\/avatar\/576258617ef7194f718179e766d57bd4?s=96&d=mm&r=g","contentUrl":"https:\/\/secure.gravatar.com\/avatar\/576258617ef7194f718179e766d57bd4?s=96&d=mm&r=g","caption":"Adriana Costa"}}]}},"_links":{"self":[{"href":"https:\/\/www.manaus.am.gov.br\/semcom\/wp-json\/wp\/v2\/posts\/232151"}],"collection":[{"href":"https:\/\/www.manaus.am.gov.br\/semcom\/wp-json\/wp\/v2\/posts"}],"about":[{"href":"https:\/\/www.manaus.am.gov.br\/semcom\/wp-json\/wp\/v2\/types\/post"}],"author":[{"embeddable":true,"href":"https:\/\/www.manaus.am.gov.br\/semcom\/wp-json\/wp\/v2\/users\/23"}],"replies":[{"embeddable":true,"href":"https:\/\/www.manaus.am.gov.br\/semcom\/wp-json\/wp\/v2\/comments?post=232151"}],"version-history":[{"count":0,"href":"https:\/\/www.manaus.am.gov.br\/semcom\/wp-json\/wp\/v2\/posts\/232151\/revisions"}],"wp:featuredmedia":[{"embeddable":true,"href":"https:\/\/www.manaus.am.gov.br\/semcom\/wp-json\/wp\/v2\/media\/232152"}],"wp:attachment":[{"href":"https:\/\/www.manaus.am.gov.br\/semcom\/wp-json\/wp\/v2\/media?parent=232151"}],"wp:term":[{"taxonomy":"category","embeddable":true,"href":"https:\/\/www.manaus.am.gov.br\/semcom\/wp-json\/wp\/v2\/categories?post=232151"},{"taxonomy":"post_tag","embeddable":true,"href":"https:\/\/www.manaus.am.gov.br\/semcom\/wp-json\/wp\/v2\/tags?post=232151"}],"curies":[{"name":"wp","href":"https:\/\/api.w.org\/{rel}","templated":true}]}}