{"id":232015,"date":"2024-11-16T09:56:15","date_gmt":"2024-11-16T13:56:15","guid":{"rendered":"https:\/\/www.manaus.am.gov.br\/semcom\/mais-de-10-mil-pessoas-prestigiam-primeira-parada-natalina-2024\/"},"modified":"2024-11-16T09:56:15","modified_gmt":"2024-11-16T13:56:15","slug":"mais-de-10-mil-pessoas-prestigiam-primeira-parada-natalina-2024","status":"publish","type":"post","link":"https:\/\/www.manaus.am.gov.br\/semcom\/mais-de-10-mil-pessoas-prestigiam-primeira-parada-natalina-2024\/","title":{"rendered":"Mais de 10 mil pessoas prestigiam a primeira Parada Natalina de 2024 da prefeitura na zona Leste de Manaus\u00a0"},"content":{"rendered":"\n<p>Como parte da programa\u00e7\u00e3o do \u201cNatal dos Sonhos \u2013 \u00c9 tempo de sonhar, compartilhar e realizar\u201d, a Prefeitura de Manaus, por meio do Fundo Manaus Solid\u00e1ria (FMS), realizou, nesta sexta-feira, 15\/11, a primeira Parada Natalina de 2024, no parque Amazonino Mendes, localizado na alameda Alphaville, zona Leste, levando o esp\u00edrito natalino para um p\u00fablico de mais de 10 mil pessoas, por interm\u00e9dio de um desfile encantador e m\u00e1gico.<\/p>\n\n\n\n<p>O evento contou com a participa\u00e7\u00e3o dos personagens que integram o espet\u00e1culo \u201cUm Sonho de Natal\u201d, realizado pela Nova Igreja Batista (NIB) h\u00e1 mais de 20 anos, al\u00e9m de carros aleg\u00f3ricos natalinos, fanfarra, dan\u00e7arinos e diversos personagens, contagiando a todos com a magia do Natal.<\/p>\n\n\n\n<p>Para o presidente do FMS, Emerson Castro, \u00e9 muito gratificante realizar, pelo segundo ano, esse grande evento na zona Leste e Norte da cidade.<\/p>\n\n\n\n<p>\u201cA Prefeitura de Manaus n\u00e3o mede esfor\u00e7os para evoluir. No ano passado, estivemos aqui com 600 pessoas desfilando e este ano, foram mais de 900 pessoas no desfile, confirmando o compromisso da prefeitura em presentear a popula\u00e7\u00e3o com um bel\u00edssimo espet\u00e1culo\u201d, afirmou Castro.<\/p>\n\n\n\n<figure class=\"wp-block-image size-large\"><img loading=\"lazy\" decoding=\"async\" width=\"1024\" height=\"683\" src=\"https:\/\/www.manaus.am.gov.br\/semcom\/wp-content\/uploads\/sites\/5\/2024\/11\/54142969553_461f7e333c_k-1024x683.jpg\" alt=\"\" class=\"wp-image-232017\" srcset=\"https:\/\/www.manaus.am.gov.br\/semcom\/wp-content\/uploads\/sites\/5\/2024\/11\/54142969553_461f7e333c_k-1024x683.jpg 1024w, https:\/\/www.manaus.am.gov.br\/semcom\/wp-content\/uploads\/sites\/5\/2024\/11\/54142969553_461f7e333c_k-300x200.jpg 300w, https:\/\/www.manaus.am.gov.br\/semcom\/wp-content\/uploads\/sites\/5\/2024\/11\/54142969553_461f7e333c_k-768x512.jpg 768w, https:\/\/www.manaus.am.gov.br\/semcom\/wp-content\/uploads\/sites\/5\/2024\/11\/54142969553_461f7e333c_k-1536x1024.jpg 1536w, https:\/\/www.manaus.am.gov.br\/semcom\/wp-content\/uploads\/sites\/5\/2024\/11\/54142969553_461f7e333c_k.jpg 2048w\" sizes=\"(max-width: 1024px) 100vw, 1024px\" \/><\/figure>\n\n\n\n<p>O pastor-presidente da Nova Igreja Batista, David Hatcher, relatou a satisfa\u00e7\u00e3o de participar do evento e de levar o musical para fora da igreja. \u201c\u00c9 uma grande alegria estar nessa noite dando um \u2018start\u2019 a essa esta\u00e7\u00e3o, a melhor esta\u00e7\u00e3o do ano, que \u00e9 o Natal, onde celebramos o nascimento de Jesus Cristo, com tanta alegria e com tanta festa. N\u00f3s queremos agradecer esse privil\u00e9gio de fazer parte deste evento. Assim como a prefeitura investe nesta programa\u00e7\u00e3o, a igreja tamb\u00e9m d\u00e1 de presente para nossa cidade esse espet\u00e1culo maravilhoso\u201d, pontuou.<\/p>\n\n\n\n<p>Acompanhada de sua fam\u00edlia, Jegleimar Parente da Silva, moradora do bairro Novo Aleixo, expressou sua felicidade em prestigiar o desfile.<\/p>\n\n\n\n<p>\u201c\u00c9 maravilhoso, \u00e9 uma coisa muito linda, amei cada detalhe, primeira vez que eu estou aqui com a minha fam\u00edlia, gra\u00e7as a Deus. Isso \u00e9 Deus nos aben\u00e7oando e creio que vamos ter um Natal maravilhoso. A popula\u00e7\u00e3o \u00e9 carente, como a gente n\u00e3o pode ir muita das vezes, a prefeitura traz para perto da gente e \u00e9 muito maravilhoso saber que o prefeito se importa com a popula\u00e7\u00e3o, que ele se importa com essas datas que s\u00e3o especiais e que s\u00e3o muito marcantes para cada um de n\u00f3s\u201d, disse Jegleimar.<\/p>\n\n\n\n<p>Ao todo, foram mais de 1.300 pessoas envolvidas na programa\u00e7\u00e3o. O compromisso do &#8220;Natal dos Sonhos&#8221; \u00e9 despertar no cora\u00e7\u00e3o de cada um, o verdadeiro sentido do Natal.<\/p>\n\n\n\n<figure class=\"wp-block-image size-large\"><img loading=\"lazy\" decoding=\"async\" width=\"1024\" height=\"683\" src=\"https:\/\/www.manaus.am.gov.br\/semcom\/wp-content\/uploads\/sites\/5\/2024\/11\/54143150355_908dd69646_k-1024x683.jpg\" alt=\"\" class=\"wp-image-232016\" srcset=\"https:\/\/www.manaus.am.gov.br\/semcom\/wp-content\/uploads\/sites\/5\/2024\/11\/54143150355_908dd69646_k-1024x683.jpg 1024w, https:\/\/www.manaus.am.gov.br\/semcom\/wp-content\/uploads\/sites\/5\/2024\/11\/54143150355_908dd69646_k-300x200.jpg 300w, https:\/\/www.manaus.am.gov.br\/semcom\/wp-content\/uploads\/sites\/5\/2024\/11\/54143150355_908dd69646_k-768x512.jpg 768w, https:\/\/www.manaus.am.gov.br\/semcom\/wp-content\/uploads\/sites\/5\/2024\/11\/54143150355_908dd69646_k-1536x1024.jpg 1536w, https:\/\/www.manaus.am.gov.br\/semcom\/wp-content\/uploads\/sites\/5\/2024\/11\/54143150355_908dd69646_k.jpg 2048w\" sizes=\"(max-width: 1024px) 100vw, 1024px\" \/><\/figure>\n\n\n\n<p>&#8212; &#8212; &#8212;<\/p>\n\n\n\n<p><strong>Texto \u2013<\/strong> Divulga\u00e7\u00e3o\/FMS<\/p>\n\n\n\n<p><strong>Fotos \u2013<\/strong> Cl\u00f3vis Miranda\/Semcom<\/p>\n\n\n\n<p><strong>Dispon\u00edveis em \u2013 <\/strong><a href=\"https:\/\/flic.kr\/s\/aHBqjBRSj3\">https:\/\/flic.kr\/s\/aHBqjBRSj3<\/a><\/p>\n","protected":false},"excerpt":{"rendered":"","protected":false},"author":39,"featured_media":232018,"comment_status":"closed","ping_status":"closed","sticky":false,"template":"","format":"standard","meta":{"footnotes":""},"categories":[8875],"tags":[7695,12558,3711,77,12559,12560],"acf":[],"yoast_head":"<!-- This site is optimized with the Yoast SEO plugin v23.0 - https:\/\/yoast.com\/wordpress\/plugins\/seo\/ -->\n<title>Mais de 10 mil pessoas prestigiam a primeira Parada Natalina<\/title>\n<meta name=\"description\" content=\"Mais de 10 mil pessoas prestigiam a primeira Parada Natalina de 2024 da prefeitura na zona Leste de Manaus.\" \/>\n<meta name=\"robots\" content=\"index, follow, max-snippet:-1, max-image-preview:large, max-video-preview:-1\" \/>\n<link rel=\"canonical\" href=\"https:\/\/www.manaus.am.gov.br\/semcom\/mais-de-10-mil-pessoas-prestigiam-primeira-parada-natalina-2024\/\" \/>\n<meta property=\"og:locale\" content=\"pt_BR\" \/>\n<meta property=\"og:type\" content=\"article\" \/>\n<meta property=\"og:title\" content=\"Mais de 10 mil pessoas prestigiam a primeira Parada Natalina\" \/>\n<meta property=\"og:description\" content=\"Mais de 10 mil pessoas prestigiam a primeira Parada Natalina de 2024 da prefeitura na zona Leste de Manaus.\" \/>\n<meta property=\"og:url\" content=\"https:\/\/www.manaus.am.gov.br\/semcom\/mais-de-10-mil-pessoas-prestigiam-primeira-parada-natalina-2024\/\" \/>\n<meta property=\"og:site_name\" content=\"SEMCOM\" \/>\n<meta property=\"article:published_time\" content=\"2024-11-16T13:56:15+00:00\" \/>\n<meta property=\"og:image\" content=\"https:\/\/www.manaus.am.gov.br\/semcom\/wp-content\/uploads\/sites\/5\/2024\/11\/54142689926_5bbc8551ea_k.jpg\" \/>\n\t<meta property=\"og:image:width\" content=\"2048\" \/>\n\t<meta property=\"og:image:height\" content=\"1365\" \/>\n\t<meta property=\"og:image:type\" content=\"image\/jpeg\" \/>\n<meta name=\"author\" content=\"Bruna Greco\" \/>\n<meta name=\"twitter:card\" content=\"summary_large_image\" \/>\n<meta name=\"twitter:label1\" content=\"Written by\" \/>\n\t<meta name=\"twitter:data1\" content=\"Bruna Greco\" \/>\n\t<meta name=\"twitter:label2\" content=\"Est. reading time\" \/>\n\t<meta name=\"twitter:data2\" content=\"3 minutos\" \/>\n<script type=\"application\/ld+json\" class=\"yoast-schema-graph\">{\"@context\":\"https:\/\/schema.org\",\"@graph\":[{\"@type\":\"WebPage\",\"@id\":\"https:\/\/www.manaus.am.gov.br\/semcom\/mais-de-10-mil-pessoas-prestigiam-primeira-parada-natalina-2024\/\",\"url\":\"https:\/\/www.manaus.am.gov.br\/semcom\/mais-de-10-mil-pessoas-prestigiam-primeira-parada-natalina-2024\/\",\"name\":\"Mais de 10 mil pessoas prestigiam a primeira Parada Natalina\",\"isPartOf\":{\"@id\":\"https:\/\/www.manaus.am.gov.br\/semcom\/#website\"},\"primaryImageOfPage\":{\"@id\":\"https:\/\/www.manaus.am.gov.br\/semcom\/mais-de-10-mil-pessoas-prestigiam-primeira-parada-natalina-2024\/#primaryimage\"},\"image\":{\"@id\":\"https:\/\/www.manaus.am.gov.br\/semcom\/mais-de-10-mil-pessoas-prestigiam-primeira-parada-natalina-2024\/#primaryimage\"},\"thumbnailUrl\":\"https:\/\/www.manaus.am.gov.br\/semcom\/wp-content\/uploads\/sites\/5\/2024\/11\/54142689926_5bbc8551ea_k.jpg\",\"datePublished\":\"2024-11-16T13:56:15+00:00\",\"dateModified\":\"2024-11-16T13:56:15+00:00\",\"author\":{\"@id\":\"https:\/\/www.manaus.am.gov.br\/semcom\/#\/schema\/person\/05d223aea2bf115f9883a6ff3683d81b\"},\"description\":\"Mais de 10 mil pessoas prestigiam a primeira Parada Natalina de 2024 da prefeitura na zona Leste de Manaus.\",\"inLanguage\":\"pt-BR\",\"potentialAction\":[{\"@type\":\"ReadAction\",\"target\":[\"https:\/\/www.manaus.am.gov.br\/semcom\/mais-de-10-mil-pessoas-prestigiam-primeira-parada-natalina-2024\/\"]}]},{\"@type\":\"ImageObject\",\"inLanguage\":\"pt-BR\",\"@id\":\"https:\/\/www.manaus.am.gov.br\/semcom\/mais-de-10-mil-pessoas-prestigiam-primeira-parada-natalina-2024\/#primaryimage\",\"url\":\"https:\/\/www.manaus.am.gov.br\/semcom\/wp-content\/uploads\/sites\/5\/2024\/11\/54142689926_5bbc8551ea_k.jpg\",\"contentUrl\":\"https:\/\/www.manaus.am.gov.br\/semcom\/wp-content\/uploads\/sites\/5\/2024\/11\/54142689926_5bbc8551ea_k.jpg\",\"width\":2048,\"height\":1365,\"caption\":\"#paratodosverem - Personagem do papai Noel em cima de alegoria durante o desfile da primeira Parada Natalina de 2024 do \\\"Natal dos Sonhos\\\"\"},{\"@type\":\"WebSite\",\"@id\":\"https:\/\/www.manaus.am.gov.br\/semcom\/#website\",\"url\":\"https:\/\/www.manaus.am.gov.br\/semcom\/\",\"name\":\"SEMCOM\",\"description\":\"Secretaria Municipal de Comunica\u00e7\u00e3o\",\"potentialAction\":[{\"@type\":\"SearchAction\",\"target\":{\"@type\":\"EntryPoint\",\"urlTemplate\":\"https:\/\/www.manaus.am.gov.br\/semcom\/?s={search_term_string}\"},\"query-input\":\"required name=search_term_string\"}],\"inLanguage\":\"pt-BR\"},{\"@type\":\"Person\",\"@id\":\"https:\/\/www.manaus.am.gov.br\/semcom\/#\/schema\/person\/05d223aea2bf115f9883a6ff3683d81b\",\"name\":\"Bruna Greco\",\"image\":{\"@type\":\"ImageObject\",\"inLanguage\":\"pt-BR\",\"@id\":\"https:\/\/www.manaus.am.gov.br\/semcom\/#\/schema\/person\/image\/\",\"url\":\"https:\/\/secure.gravatar.com\/avatar\/9c877d1a6adc2a055330e5c09a8653ce?s=96&d=mm&r=g\",\"contentUrl\":\"https:\/\/secure.gravatar.com\/avatar\/9c877d1a6adc2a055330e5c09a8653ce?s=96&d=mm&r=g\",\"caption\":\"Bruna Greco\"}}]}<\/script>\n<!-- \/ Yoast SEO plugin. -->","yoast_head_json":{"title":"Mais de 10 mil pessoas prestigiam a primeira Parada Natalina","description":"Mais de 10 mil pessoas prestigiam a primeira Parada Natalina de 2024 da prefeitura na zona Leste de Manaus.","robots":{"index":"index","follow":"follow","max-snippet":"max-snippet:-1","max-image-preview":"max-image-preview:large","max-video-preview":"max-video-preview:-1"},"canonical":"https:\/\/www.manaus.am.gov.br\/semcom\/mais-de-10-mil-pessoas-prestigiam-primeira-parada-natalina-2024\/","og_locale":"pt_BR","og_type":"article","og_title":"Mais de 10 mil pessoas prestigiam a primeira Parada Natalina","og_description":"Mais de 10 mil pessoas prestigiam a primeira Parada Natalina de 2024 da prefeitura na zona Leste de Manaus.","og_url":"https:\/\/www.manaus.am.gov.br\/semcom\/mais-de-10-mil-pessoas-prestigiam-primeira-parada-natalina-2024\/","og_site_name":"SEMCOM","article_published_time":"2024-11-16T13:56:15+00:00","og_image":[{"width":2048,"height":1365,"url":"https:\/\/www.manaus.am.gov.br\/semcom\/wp-content\/uploads\/sites\/5\/2024\/11\/54142689926_5bbc8551ea_k.jpg","type":"image\/jpeg"}],"author":"Bruna Greco","twitter_card":"summary_large_image","twitter_misc":{"Written by":"Bruna Greco","Est. reading time":"3 minutos"},"schema":{"@context":"https:\/\/schema.org","@graph":[{"@type":"WebPage","@id":"https:\/\/www.manaus.am.gov.br\/semcom\/mais-de-10-mil-pessoas-prestigiam-primeira-parada-natalina-2024\/","url":"https:\/\/www.manaus.am.gov.br\/semcom\/mais-de-10-mil-pessoas-prestigiam-primeira-parada-natalina-2024\/","name":"Mais de 10 mil pessoas prestigiam a primeira Parada Natalina","isPartOf":{"@id":"https:\/\/www.manaus.am.gov.br\/semcom\/#website"},"primaryImageOfPage":{"@id":"https:\/\/www.manaus.am.gov.br\/semcom\/mais-de-10-mil-pessoas-prestigiam-primeira-parada-natalina-2024\/#primaryimage"},"image":{"@id":"https:\/\/www.manaus.am.gov.br\/semcom\/mais-de-10-mil-pessoas-prestigiam-primeira-parada-natalina-2024\/#primaryimage"},"thumbnailUrl":"https:\/\/www.manaus.am.gov.br\/semcom\/wp-content\/uploads\/sites\/5\/2024\/11\/54142689926_5bbc8551ea_k.jpg","datePublished":"2024-11-16T13:56:15+00:00","dateModified":"2024-11-16T13:56:15+00:00","author":{"@id":"https:\/\/www.manaus.am.gov.br\/semcom\/#\/schema\/person\/05d223aea2bf115f9883a6ff3683d81b"},"description":"Mais de 10 mil pessoas prestigiam a primeira Parada Natalina de 2024 da prefeitura na zona Leste de Manaus.","inLanguage":"pt-BR","potentialAction":[{"@type":"ReadAction","target":["https:\/\/www.manaus.am.gov.br\/semcom\/mais-de-10-mil-pessoas-prestigiam-primeira-parada-natalina-2024\/"]}]},{"@type":"ImageObject","inLanguage":"pt-BR","@id":"https:\/\/www.manaus.am.gov.br\/semcom\/mais-de-10-mil-pessoas-prestigiam-primeira-parada-natalina-2024\/#primaryimage","url":"https:\/\/www.manaus.am.gov.br\/semcom\/wp-content\/uploads\/sites\/5\/2024\/11\/54142689926_5bbc8551ea_k.jpg","contentUrl":"https:\/\/www.manaus.am.gov.br\/semcom\/wp-content\/uploads\/sites\/5\/2024\/11\/54142689926_5bbc8551ea_k.jpg","width":2048,"height":1365,"caption":"#paratodosverem - Personagem do papai Noel em cima de alegoria durante o desfile da primeira Parada Natalina de 2024 do \"Natal dos Sonhos\""},{"@type":"WebSite","@id":"https:\/\/www.manaus.am.gov.br\/semcom\/#website","url":"https:\/\/www.manaus.am.gov.br\/semcom\/","name":"SEMCOM","description":"Secretaria Municipal de Comunica\u00e7\u00e3o","potentialAction":[{"@type":"SearchAction","target":{"@type":"EntryPoint","urlTemplate":"https:\/\/www.manaus.am.gov.br\/semcom\/?s={search_term_string}"},"query-input":"required name=search_term_string"}],"inLanguage":"pt-BR"},{"@type":"Person","@id":"https:\/\/www.manaus.am.gov.br\/semcom\/#\/schema\/person\/05d223aea2bf115f9883a6ff3683d81b","name":"Bruna Greco","image":{"@type":"ImageObject","inLanguage":"pt-BR","@id":"https:\/\/www.manaus.am.gov.br\/semcom\/#\/schema\/person\/image\/","url":"https:\/\/secure.gravatar.com\/avatar\/9c877d1a6adc2a055330e5c09a8653ce?s=96&d=mm&r=g","contentUrl":"https:\/\/secure.gravatar.com\/avatar\/9c877d1a6adc2a055330e5c09a8653ce?s=96&d=mm&r=g","caption":"Bruna Greco"}}]}},"_links":{"self":[{"href":"https:\/\/www.manaus.am.gov.br\/semcom\/wp-json\/wp\/v2\/posts\/232015"}],"collection":[{"href":"https:\/\/www.manaus.am.gov.br\/semcom\/wp-json\/wp\/v2\/posts"}],"about":[{"href":"https:\/\/www.manaus.am.gov.br\/semcom\/wp-json\/wp\/v2\/types\/post"}],"author":[{"embeddable":true,"href":"https:\/\/www.manaus.am.gov.br\/semcom\/wp-json\/wp\/v2\/users\/39"}],"replies":[{"embeddable":true,"href":"https:\/\/www.manaus.am.gov.br\/semcom\/wp-json\/wp\/v2\/comments?post=232015"}],"version-history":[{"count":1,"href":"https:\/\/www.manaus.am.gov.br\/semcom\/wp-json\/wp\/v2\/posts\/232015\/revisions"}],"predecessor-version":[{"id":232019,"href":"https:\/\/www.manaus.am.gov.br\/semcom\/wp-json\/wp\/v2\/posts\/232015\/revisions\/232019"}],"wp:featuredmedia":[{"embeddable":true,"href":"https:\/\/www.manaus.am.gov.br\/semcom\/wp-json\/wp\/v2\/media\/232018"}],"wp:attachment":[{"href":"https:\/\/www.manaus.am.gov.br\/semcom\/wp-json\/wp\/v2\/media?parent=232015"}],"wp:term":[{"taxonomy":"category","embeddable":true,"href":"https:\/\/www.manaus.am.gov.br\/semcom\/wp-json\/wp\/v2\/categories?post=232015"},{"taxonomy":"post_tag","embeddable":true,"href":"https:\/\/www.manaus.am.gov.br\/semcom\/wp-json\/wp\/v2\/tags?post=232015"}],"curies":[{"name":"wp","href":"https:\/\/api.w.org\/{rel}","templated":true}]}}