{"id":231955,"date":"2024-11-14T13:02:23","date_gmt":"2024-11-14T17:02:23","guid":{"rendered":"https:\/\/www.manaus.am.gov.br\/semcom\/plano-de-acao-melhorar-servicos-zona-portuaria\/"},"modified":"2024-11-14T13:02:23","modified_gmt":"2024-11-14T17:02:23","slug":"plano-de-acao-melhorar-servicos-zona-portuaria","status":"publish","type":"post","link":"https:\/\/www.manaus.am.gov.br\/semcom\/plano-de-acao-melhorar-servicos-zona-portuaria\/","title":{"rendered":"Prefeitura e concession\u00e1rias tra\u00e7am plano de a\u00e7\u00e3o para melhorar infraestrutura dos servi\u00e7os na zona portu\u00e1ria de Manaus"},"content":{"rendered":"\n<p>A Prefeitura de Manaus, por meio das equipes da Ag\u00eancia Reguladora dos Servi\u00e7os P\u00fablicos Delegados do Munic\u00edpio de Manaus (Ageman) e da Secretaria Municipal de Infraestrutura (Seminf), em parceria com as concession\u00e1rias Manaus Luz, \u00c1guas de Manaus e Zona Azul, iniciou a elabora\u00e7\u00e3o de um plano de a\u00e7\u00e3o para melhorar a infraestrutura dos servi\u00e7os ofertados na zona portu\u00e1ria do centro da cidade.<\/p>\n\n\n\n<p>Entre os servi\u00e7os est\u00e3o: a melhoria da ilumina\u00e7\u00e3o p\u00fablica nas imedia\u00e7\u00f5es do terminal da Matriz, revitaliza\u00e7\u00e3o das faixas e da identifica\u00e7\u00e3o das vagas do estacionamento rotativo Zona Azul, a instala\u00e7\u00e3o de novas placas de sinaliza\u00e7\u00e3o do servi\u00e7o e uma revis\u00e3o da rede de drenagem e de esgotamento sanit\u00e1rio das galerias.<\/p>\n\n\n\n<p>\u201cSabemos&nbsp;que nesta \u00e9poca do ano, o fluxo de pessoas que procuram o&nbsp;centro de Manaus&nbsp;aumenta bastante, sobretudo nessa \u00e1rea portu\u00e1ria quando h\u00e1 um deslocamento grande de pessoas e para isso precisamos garantir uma melhor infraestrutura desses servi\u00e7os que a Ageman fiscaliza\u201d, destacou o diretor-presidente da Ageman, Elson Andrade.<\/p>\n\n\n\n<p>Durante a visita realizada,&nbsp;nesta quarta-feira, 13\/11, os t\u00e9cnicos estiveram tamb\u00e9m nas imedia\u00e7\u00f5es do novo Mercado de Origem da Amaz\u00f4nia, instalado h\u00e1 menos de um m\u00eas no complexo Booth Line, em frente \u00e0 antiga pra\u00e7a dos Bondes. O espa\u00e7o, que recebe feirantes, empreendedores e artes\u00e3os, funciona todos os dias, das 8h \u00e0s 17h. A iniciativa visa resgatar o valor hist\u00f3rico do local e contribuir para a revitaliza\u00e7\u00e3o do Centro.<\/p>\n\n\n\n<p>\u201cFicamos muito felizes de poder contar com a parceria da Prefeitura de Manaus, que vai melhorar essa infraestrutura que j\u00e1 existe aqui nesse entorno, pois dessa forma conseguiremos atrair mais pessoas para o Centro\u201d, afirmou o empres\u00e1rio Elias Tergilene.<\/p>\n\n\n\n<figure class=\"wp-block-image size-large\"><img loading=\"lazy\" decoding=\"async\" width=\"1024\" height=\"768\" src=\"https:\/\/www.manaus.am.gov.br\/semcom\/wp-content\/uploads\/sites\/5\/2024\/11\/Elaboracao-4-1024x768.jpeg\" alt=\"\" class=\"wp-image-231956\" srcset=\"https:\/\/www.manaus.am.gov.br\/semcom\/wp-content\/uploads\/sites\/5\/2024\/11\/Elaboracao-4-1024x768.jpeg 1024w, https:\/\/www.manaus.am.gov.br\/semcom\/wp-content\/uploads\/sites\/5\/2024\/11\/Elaboracao-4-300x225.jpeg 300w, https:\/\/www.manaus.am.gov.br\/semcom\/wp-content\/uploads\/sites\/5\/2024\/11\/Elaboracao-4-768x576.jpeg 768w, https:\/\/www.manaus.am.gov.br\/semcom\/wp-content\/uploads\/sites\/5\/2024\/11\/Elaboracao-4-1536x1152.jpeg 1536w, https:\/\/www.manaus.am.gov.br\/semcom\/wp-content\/uploads\/sites\/5\/2024\/11\/Elaboracao-4.jpeg 1600w\" sizes=\"(max-width: 1024px) 100vw, 1024px\" \/><\/figure>\n\n\n\n<p>&#8212; &#8212; &#8212;<\/p>\n\n\n\n<p><strong>Texto e fotos <\/strong>&#8211; Tereza Te\u00f3filo\/Ageman<\/p>\n","protected":false},"excerpt":{"rendered":"","protected":false},"author":39,"featured_media":231957,"comment_status":"closed","ping_status":"closed","sticky":false,"template":"","format":"standard","meta":{"footnotes":""},"categories":[1628],"tags":[215,12538,1378,77,450,12539],"acf":[],"yoast_head":"<!-- This site is optimized with the Yoast SEO plugin v23.0 - https:\/\/yoast.com\/wordpress\/plugins\/seo\/ -->\n<title>Plano de a\u00e7\u00e3o para melhorar servi\u00e7os na zona portu\u00e1ria<\/title>\n<meta name=\"description\" content=\"Prefeitura e concession\u00e1rias tra\u00e7am plano de a\u00e7\u00e3o para melhorar infraestrutura dos servi\u00e7os na zona portu\u00e1ria de Manaus.\" \/>\n<meta name=\"robots\" content=\"index, follow, max-snippet:-1, max-image-preview:large, max-video-preview:-1\" \/>\n<link rel=\"canonical\" href=\"https:\/\/www.manaus.am.gov.br\/semcom\/plano-de-acao-melhorar-servicos-zona-portuaria\/\" \/>\n<meta property=\"og:locale\" content=\"pt_BR\" \/>\n<meta property=\"og:type\" content=\"article\" \/>\n<meta property=\"og:title\" content=\"Plano de a\u00e7\u00e3o para melhorar servi\u00e7os na zona portu\u00e1ria\" \/>\n<meta property=\"og:description\" content=\"Prefeitura e concession\u00e1rias tra\u00e7am plano de a\u00e7\u00e3o para melhorar infraestrutura dos servi\u00e7os na zona portu\u00e1ria de Manaus.\" \/>\n<meta property=\"og:url\" content=\"https:\/\/www.manaus.am.gov.br\/semcom\/plano-de-acao-melhorar-servicos-zona-portuaria\/\" \/>\n<meta property=\"og:site_name\" content=\"SEMCOM\" \/>\n<meta property=\"article:published_time\" content=\"2024-11-14T17:02:23+00:00\" \/>\n<meta property=\"og:image\" content=\"https:\/\/www.manaus.am.gov.br\/semcom\/wp-content\/uploads\/sites\/5\/2024\/11\/Elaboracao-1.jpeg\" \/>\n\t<meta property=\"og:image:width\" content=\"1600\" \/>\n\t<meta property=\"og:image:height\" content=\"1200\" \/>\n\t<meta property=\"og:image:type\" content=\"image\/jpeg\" \/>\n<meta name=\"author\" content=\"Bruna Greco\" \/>\n<meta name=\"twitter:card\" content=\"summary_large_image\" \/>\n<meta name=\"twitter:label1\" content=\"Written by\" \/>\n\t<meta name=\"twitter:data1\" content=\"Bruna Greco\" \/>\n\t<meta name=\"twitter:label2\" content=\"Est. reading time\" \/>\n\t<meta name=\"twitter:data2\" content=\"2 minutos\" \/>\n<script type=\"application\/ld+json\" class=\"yoast-schema-graph\">{\"@context\":\"https:\/\/schema.org\",\"@graph\":[{\"@type\":\"WebPage\",\"@id\":\"https:\/\/www.manaus.am.gov.br\/semcom\/plano-de-acao-melhorar-servicos-zona-portuaria\/\",\"url\":\"https:\/\/www.manaus.am.gov.br\/semcom\/plano-de-acao-melhorar-servicos-zona-portuaria\/\",\"name\":\"Plano de a\u00e7\u00e3o para melhorar servi\u00e7os na zona portu\u00e1ria\",\"isPartOf\":{\"@id\":\"https:\/\/www.manaus.am.gov.br\/semcom\/#website\"},\"primaryImageOfPage\":{\"@id\":\"https:\/\/www.manaus.am.gov.br\/semcom\/plano-de-acao-melhorar-servicos-zona-portuaria\/#primaryimage\"},\"image\":{\"@id\":\"https:\/\/www.manaus.am.gov.br\/semcom\/plano-de-acao-melhorar-servicos-zona-portuaria\/#primaryimage\"},\"thumbnailUrl\":\"https:\/\/www.manaus.am.gov.br\/semcom\/wp-content\/uploads\/sites\/5\/2024\/11\/Elaboracao-1.jpeg\",\"datePublished\":\"2024-11-14T17:02:23+00:00\",\"dateModified\":\"2024-11-14T17:02:23+00:00\",\"author\":{\"@id\":\"https:\/\/www.manaus.am.gov.br\/semcom\/#\/schema\/person\/05d223aea2bf115f9883a6ff3683d81b\"},\"description\":\"Prefeitura e concession\u00e1rias tra\u00e7am plano de a\u00e7\u00e3o para melhorar infraestrutura dos servi\u00e7os na zona portu\u00e1ria de Manaus.\",\"inLanguage\":\"pt-BR\",\"potentialAction\":[{\"@type\":\"ReadAction\",\"target\":[\"https:\/\/www.manaus.am.gov.br\/semcom\/plano-de-acao-melhorar-servicos-zona-portuaria\/\"]}]},{\"@type\":\"ImageObject\",\"inLanguage\":\"pt-BR\",\"@id\":\"https:\/\/www.manaus.am.gov.br\/semcom\/plano-de-acao-melhorar-servicos-zona-portuaria\/#primaryimage\",\"url\":\"https:\/\/www.manaus.am.gov.br\/semcom\/wp-content\/uploads\/sites\/5\/2024\/11\/Elaboracao-1.jpeg\",\"contentUrl\":\"https:\/\/www.manaus.am.gov.br\/semcom\/wp-content\/uploads\/sites\/5\/2024\/11\/Elaboracao-1.jpeg\",\"width\":1600,\"height\":1200,\"caption\":\"#paratodosverem - Representantes da Prefeitura de Manaus e concession\u00e1rias locais durante elabora\u00e7\u00e3o de plano de a\u00e7\u00e3o para melhorias dos servi\u00e7os na zona portu\u00e1ria da cidade\"},{\"@type\":\"WebSite\",\"@id\":\"https:\/\/www.manaus.am.gov.br\/semcom\/#website\",\"url\":\"https:\/\/www.manaus.am.gov.br\/semcom\/\",\"name\":\"SEMCOM\",\"description\":\"Secretaria Municipal de Comunica\u00e7\u00e3o\",\"potentialAction\":[{\"@type\":\"SearchAction\",\"target\":{\"@type\":\"EntryPoint\",\"urlTemplate\":\"https:\/\/www.manaus.am.gov.br\/semcom\/?s={search_term_string}\"},\"query-input\":\"required name=search_term_string\"}],\"inLanguage\":\"pt-BR\"},{\"@type\":\"Person\",\"@id\":\"https:\/\/www.manaus.am.gov.br\/semcom\/#\/schema\/person\/05d223aea2bf115f9883a6ff3683d81b\",\"name\":\"Bruna Greco\",\"image\":{\"@type\":\"ImageObject\",\"inLanguage\":\"pt-BR\",\"@id\":\"https:\/\/www.manaus.am.gov.br\/semcom\/#\/schema\/person\/image\/\",\"url\":\"https:\/\/secure.gravatar.com\/avatar\/9c877d1a6adc2a055330e5c09a8653ce?s=96&d=mm&r=g\",\"contentUrl\":\"https:\/\/secure.gravatar.com\/avatar\/9c877d1a6adc2a055330e5c09a8653ce?s=96&d=mm&r=g\",\"caption\":\"Bruna Greco\"}}]}<\/script>\n<!-- \/ Yoast SEO plugin. -->","yoast_head_json":{"title":"Plano de a\u00e7\u00e3o para melhorar servi\u00e7os na zona portu\u00e1ria","description":"Prefeitura e concession\u00e1rias tra\u00e7am plano de a\u00e7\u00e3o para melhorar infraestrutura dos servi\u00e7os na zona portu\u00e1ria de Manaus.","robots":{"index":"index","follow":"follow","max-snippet":"max-snippet:-1","max-image-preview":"max-image-preview:large","max-video-preview":"max-video-preview:-1"},"canonical":"https:\/\/www.manaus.am.gov.br\/semcom\/plano-de-acao-melhorar-servicos-zona-portuaria\/","og_locale":"pt_BR","og_type":"article","og_title":"Plano de a\u00e7\u00e3o para melhorar servi\u00e7os na zona portu\u00e1ria","og_description":"Prefeitura e concession\u00e1rias tra\u00e7am plano de a\u00e7\u00e3o para melhorar infraestrutura dos servi\u00e7os na zona portu\u00e1ria de Manaus.","og_url":"https:\/\/www.manaus.am.gov.br\/semcom\/plano-de-acao-melhorar-servicos-zona-portuaria\/","og_site_name":"SEMCOM","article_published_time":"2024-11-14T17:02:23+00:00","og_image":[{"width":1600,"height":1200,"url":"https:\/\/www.manaus.am.gov.br\/semcom\/wp-content\/uploads\/sites\/5\/2024\/11\/Elaboracao-1.jpeg","type":"image\/jpeg"}],"author":"Bruna Greco","twitter_card":"summary_large_image","twitter_misc":{"Written by":"Bruna Greco","Est. reading time":"2 minutos"},"schema":{"@context":"https:\/\/schema.org","@graph":[{"@type":"WebPage","@id":"https:\/\/www.manaus.am.gov.br\/semcom\/plano-de-acao-melhorar-servicos-zona-portuaria\/","url":"https:\/\/www.manaus.am.gov.br\/semcom\/plano-de-acao-melhorar-servicos-zona-portuaria\/","name":"Plano de a\u00e7\u00e3o para melhorar servi\u00e7os na zona portu\u00e1ria","isPartOf":{"@id":"https:\/\/www.manaus.am.gov.br\/semcom\/#website"},"primaryImageOfPage":{"@id":"https:\/\/www.manaus.am.gov.br\/semcom\/plano-de-acao-melhorar-servicos-zona-portuaria\/#primaryimage"},"image":{"@id":"https:\/\/www.manaus.am.gov.br\/semcom\/plano-de-acao-melhorar-servicos-zona-portuaria\/#primaryimage"},"thumbnailUrl":"https:\/\/www.manaus.am.gov.br\/semcom\/wp-content\/uploads\/sites\/5\/2024\/11\/Elaboracao-1.jpeg","datePublished":"2024-11-14T17:02:23+00:00","dateModified":"2024-11-14T17:02:23+00:00","author":{"@id":"https:\/\/www.manaus.am.gov.br\/semcom\/#\/schema\/person\/05d223aea2bf115f9883a6ff3683d81b"},"description":"Prefeitura e concession\u00e1rias tra\u00e7am plano de a\u00e7\u00e3o para melhorar infraestrutura dos servi\u00e7os na zona portu\u00e1ria de Manaus.","inLanguage":"pt-BR","potentialAction":[{"@type":"ReadAction","target":["https:\/\/www.manaus.am.gov.br\/semcom\/plano-de-acao-melhorar-servicos-zona-portuaria\/"]}]},{"@type":"ImageObject","inLanguage":"pt-BR","@id":"https:\/\/www.manaus.am.gov.br\/semcom\/plano-de-acao-melhorar-servicos-zona-portuaria\/#primaryimage","url":"https:\/\/www.manaus.am.gov.br\/semcom\/wp-content\/uploads\/sites\/5\/2024\/11\/Elaboracao-1.jpeg","contentUrl":"https:\/\/www.manaus.am.gov.br\/semcom\/wp-content\/uploads\/sites\/5\/2024\/11\/Elaboracao-1.jpeg","width":1600,"height":1200,"caption":"#paratodosverem - Representantes da Prefeitura de Manaus e concession\u00e1rias locais durante elabora\u00e7\u00e3o de plano de a\u00e7\u00e3o para melhorias dos servi\u00e7os na zona portu\u00e1ria da cidade"},{"@type":"WebSite","@id":"https:\/\/www.manaus.am.gov.br\/semcom\/#website","url":"https:\/\/www.manaus.am.gov.br\/semcom\/","name":"SEMCOM","description":"Secretaria Municipal de Comunica\u00e7\u00e3o","potentialAction":[{"@type":"SearchAction","target":{"@type":"EntryPoint","urlTemplate":"https:\/\/www.manaus.am.gov.br\/semcom\/?s={search_term_string}"},"query-input":"required name=search_term_string"}],"inLanguage":"pt-BR"},{"@type":"Person","@id":"https:\/\/www.manaus.am.gov.br\/semcom\/#\/schema\/person\/05d223aea2bf115f9883a6ff3683d81b","name":"Bruna Greco","image":{"@type":"ImageObject","inLanguage":"pt-BR","@id":"https:\/\/www.manaus.am.gov.br\/semcom\/#\/schema\/person\/image\/","url":"https:\/\/secure.gravatar.com\/avatar\/9c877d1a6adc2a055330e5c09a8653ce?s=96&d=mm&r=g","contentUrl":"https:\/\/secure.gravatar.com\/avatar\/9c877d1a6adc2a055330e5c09a8653ce?s=96&d=mm&r=g","caption":"Bruna Greco"}}]}},"_links":{"self":[{"href":"https:\/\/www.manaus.am.gov.br\/semcom\/wp-json\/wp\/v2\/posts\/231955"}],"collection":[{"href":"https:\/\/www.manaus.am.gov.br\/semcom\/wp-json\/wp\/v2\/posts"}],"about":[{"href":"https:\/\/www.manaus.am.gov.br\/semcom\/wp-json\/wp\/v2\/types\/post"}],"author":[{"embeddable":true,"href":"https:\/\/www.manaus.am.gov.br\/semcom\/wp-json\/wp\/v2\/users\/39"}],"replies":[{"embeddable":true,"href":"https:\/\/www.manaus.am.gov.br\/semcom\/wp-json\/wp\/v2\/comments?post=231955"}],"version-history":[{"count":1,"href":"https:\/\/www.manaus.am.gov.br\/semcom\/wp-json\/wp\/v2\/posts\/231955\/revisions"}],"predecessor-version":[{"id":231958,"href":"https:\/\/www.manaus.am.gov.br\/semcom\/wp-json\/wp\/v2\/posts\/231955\/revisions\/231958"}],"wp:featuredmedia":[{"embeddable":true,"href":"https:\/\/www.manaus.am.gov.br\/semcom\/wp-json\/wp\/v2\/media\/231957"}],"wp:attachment":[{"href":"https:\/\/www.manaus.am.gov.br\/semcom\/wp-json\/wp\/v2\/media?parent=231955"}],"wp:term":[{"taxonomy":"category","embeddable":true,"href":"https:\/\/www.manaus.am.gov.br\/semcom\/wp-json\/wp\/v2\/categories?post=231955"},{"taxonomy":"post_tag","embeddable":true,"href":"https:\/\/www.manaus.am.gov.br\/semcom\/wp-json\/wp\/v2\/tags?post=231955"}],"curies":[{"name":"wp","href":"https:\/\/api.w.org\/{rel}","templated":true}]}}