{"id":231847,"date":"2024-11-12T19:48:10","date_gmt":"2024-11-12T22:48:10","guid":{"rendered":"https:\/\/www.manaus.am.gov.br\/semcom\/manausprev-aposentadoria\/"},"modified":"2024-11-12T19:48:12","modified_gmt":"2024-11-12T22:48:12","slug":"manausprev-aposentadoria","status":"publish","type":"post","link":"https:\/\/www.manaus.am.gov.br\/semcom\/manausprev-aposentadoria\/","title":{"rendered":"Manaus Previd\u00eancia instrui agentes de RH para agilizar tr\u00e2mites de aposentadoria e pens\u00e3o"},"content":{"rendered":"\n<p>A Manaus Previd\u00eancia reuniu representantes do setor de Recursos Humanos de \u00f3rg\u00e3os da Prefeitura de Manaus e da C\u00e2mara Municipal de Manaus (CMM), que atuam nos processos de aposentadoria, com o intuito de agilizar os tr\u00e2mites para conceder os benef\u00edcios. O terceiro encontro de RHs aconteceu na tarde desta ter\u00e7a-feira, 12\/11, na sede da autarquia, no bairro Chapada, zona Centro-Sul.<\/p>\n\n\n\n<p>A a\u00e7\u00e3o faz parte do programa Manausprev Itinerante, em que uma das atividades \u00e9 a atualiza\u00e7\u00e3o previdenci\u00e1ria voltada aos t\u00e9cnicos que trabalham nos setores de Gest\u00e3o de Pessoas. A iniciativa, al\u00e9m de orientar sobre legisla\u00e7\u00e3o previdenci\u00e1ria, apresenta dados trimestrais de concess\u00e3o de benef\u00edcios, aponta instru\u00e7\u00e3o de processos e sana d\u00favidas, tudo com o intuito de aprimorar e acelerar os tr\u00e2mites.<\/p>\n\n\n\n<p>\u201cEssa instru\u00e7\u00e3o contribui e muito com os procedimentos, pois permite um melhor atendimento ao segurado, celeridade no andamento dos processos, evita retrabalho e ac\u00famulo, pois as a\u00e7\u00f5es t\u00e9cnicas acabam sendo assertivas\u201d, salienta a diretora de Previd\u00eancia da Manausprev, Ana Silvia Domingues.<\/p>\n\n\n\n<p>Dentre os pontos explanados, o destaque foi para algumas situa\u00e7\u00f5es que mais aparecem como entraves para o andamento do processo, como servidor que j\u00e1 recebe pens\u00e3o por morte, declara\u00e7\u00e3o de ac\u00famulo, comprovante de resid\u00eancia atualizado, certid\u00e3o de casamento\/div\u00f3rcio, gratifica\u00e7\u00e3o, dentre outros.<\/p>\n\n\n\n<p>\u201cOs apontamentos precisam da aten\u00e7\u00e3o redobrada dos t\u00e9cnicos, pois tudo \u00e9 conferido junto ao Tribunal de Contas do Estado, e outros \u00f3rg\u00e3os. Caso as informa\u00e7\u00f5es n\u00e3o coincidam, o processo pode demorar mais a ser conclu\u00eddo\u201d, explica Domingues.<\/p>\n\n\n\n<p>O chefe do Setor Pessoal da Secretaria Municipal de Comunica\u00e7\u00e3o (Semcom), Rubem Reis, participou das tr\u00eas edi\u00e7\u00f5es da reuni\u00e3o ao longo do ano e disse que a Manaus Previd\u00eancia acaba preparando o t\u00e9cnico para lidar com variadas situa\u00e7\u00f5es, munindo os participantes de informa\u00e7\u00f5es que fazem toda a diferen\u00e7a para liberar os processos.<\/p>\n\n\n\n<p>\u201cA quest\u00e3o da Previd\u00eancia \u00e9 muito complexa e temos que estar o tempo todo nos atualizando porque existem regras para tudo e situa\u00e7\u00f5es diferenciadas devido \u00e0 situa\u00e7\u00e3o que cada servidor vive, por isso a Manausprev est\u00e1 sempre como nossa parceira, nos passando conhecimento e isso nos prepara para sermos mais eficientes\u201d, apontou.<\/p>\n\n\n\n<p>&#8212; &#8212; &#8212;<br><strong>Texto e fotos<\/strong> \u2013 Renata Felix \/ Manaus Previd\u00eancia<\/p>\n","protected":false},"excerpt":{"rendered":"","protected":false},"author":68,"featured_media":231848,"comment_status":"closed","ping_status":"closed","sticky":false,"template":"","format":"standard","meta":{"footnotes":""},"categories":[176],"tags":[9588,9617,10982,77],"acf":[],"yoast_head":"<!-- This site is optimized with the Yoast SEO plugin v23.0 - https:\/\/yoast.com\/wordpress\/plugins\/seo\/ -->\n<title>Manaus Previd\u00eancia instrui agentes de RH para agilizar tr\u00e2mites de aposentadoria e pens\u00e3o<\/title>\n<meta name=\"description\" content=\"A Manaus Previd\u00eancia reuniu representantes do setor de Recursos Humanos, que atuam nos processos de aposentadoria, com o intuito de agilizar os tr\u00e2mites para conceder os benef\u00edcios.\" \/>\n<meta name=\"robots\" content=\"index, follow, max-snippet:-1, max-image-preview:large, max-video-preview:-1\" \/>\n<link rel=\"canonical\" href=\"https:\/\/www.manaus.am.gov.br\/semcom\/manausprev-aposentadoria\/\" \/>\n<meta property=\"og:locale\" content=\"pt_BR\" \/>\n<meta property=\"og:type\" content=\"article\" \/>\n<meta property=\"og:title\" content=\"Manaus Previd\u00eancia instrui agentes de RH para agilizar tr\u00e2mites de aposentadoria e pens\u00e3o\" \/>\n<meta property=\"og:description\" content=\"A Manaus Previd\u00eancia reuniu representantes do setor de Recursos Humanos, que atuam nos processos de aposentadoria, com o intuito de agilizar os tr\u00e2mites para conceder os benef\u00edcios.\" \/>\n<meta property=\"og:url\" content=\"https:\/\/www.manaus.am.gov.br\/semcom\/manausprev-aposentadoria\/\" \/>\n<meta property=\"og:site_name\" content=\"SEMCOM\" \/>\n<meta property=\"article:published_time\" content=\"2024-11-12T22:48:10+00:00\" \/>\n<meta property=\"article:modified_time\" content=\"2024-11-12T22:48:12+00:00\" \/>\n<meta property=\"og:image\" content=\"https:\/\/www.manaus.am.gov.br\/semcom\/wp-content\/uploads\/sites\/5\/2024\/11\/Reuniao-com-RHs-2.jpg\" \/>\n\t<meta property=\"og:image:width\" content=\"800\" \/>\n\t<meta property=\"og:image:height\" content=\"600\" \/>\n\t<meta property=\"og:image:type\" content=\"image\/jpeg\" \/>\n<meta name=\"author\" content=\"bvalente\" \/>\n<meta name=\"twitter:card\" content=\"summary_large_image\" \/>\n<meta name=\"twitter:label1\" content=\"Written by\" \/>\n\t<meta name=\"twitter:data1\" content=\"bvalente\" \/>\n\t<meta name=\"twitter:label2\" content=\"Est. reading time\" \/>\n\t<meta name=\"twitter:data2\" content=\"3 minutos\" \/>\n<script type=\"application\/ld+json\" class=\"yoast-schema-graph\">{\"@context\":\"https:\/\/schema.org\",\"@graph\":[{\"@type\":\"WebPage\",\"@id\":\"https:\/\/www.manaus.am.gov.br\/semcom\/manausprev-aposentadoria\/\",\"url\":\"https:\/\/www.manaus.am.gov.br\/semcom\/manausprev-aposentadoria\/\",\"name\":\"Manaus Previd\u00eancia instrui agentes de RH para agilizar tr\u00e2mites de aposentadoria e pens\u00e3o\",\"isPartOf\":{\"@id\":\"https:\/\/www.manaus.am.gov.br\/semcom\/#website\"},\"primaryImageOfPage\":{\"@id\":\"https:\/\/www.manaus.am.gov.br\/semcom\/manausprev-aposentadoria\/#primaryimage\"},\"image\":{\"@id\":\"https:\/\/www.manaus.am.gov.br\/semcom\/manausprev-aposentadoria\/#primaryimage\"},\"thumbnailUrl\":\"https:\/\/www.manaus.am.gov.br\/semcom\/wp-content\/uploads\/sites\/5\/2024\/11\/Reuniao-com-RHs-2.jpg\",\"datePublished\":\"2024-11-12T22:48:10+00:00\",\"dateModified\":\"2024-11-12T22:48:12+00:00\",\"author\":{\"@id\":\"https:\/\/www.manaus.am.gov.br\/semcom\/#\/schema\/person\/466a0e03ae4b6062809046bd560ac955\"},\"description\":\"A Manaus Previd\u00eancia reuniu representantes do setor de Recursos Humanos, que atuam nos processos de aposentadoria, com o intuito de agilizar os tr\u00e2mites para conceder os benef\u00edcios.\",\"inLanguage\":\"pt-BR\",\"potentialAction\":[{\"@type\":\"ReadAction\",\"target\":[\"https:\/\/www.manaus.am.gov.br\/semcom\/manausprev-aposentadoria\/\"]}]},{\"@type\":\"ImageObject\",\"inLanguage\":\"pt-BR\",\"@id\":\"https:\/\/www.manaus.am.gov.br\/semcom\/manausprev-aposentadoria\/#primaryimage\",\"url\":\"https:\/\/www.manaus.am.gov.br\/semcom\/wp-content\/uploads\/sites\/5\/2024\/11\/Reuniao-com-RHs-2.jpg\",\"contentUrl\":\"https:\/\/www.manaus.am.gov.br\/semcom\/wp-content\/uploads\/sites\/5\/2024\/11\/Reuniao-com-RHs-2.jpg\",\"width\":800,\"height\":600},{\"@type\":\"WebSite\",\"@id\":\"https:\/\/www.manaus.am.gov.br\/semcom\/#website\",\"url\":\"https:\/\/www.manaus.am.gov.br\/semcom\/\",\"name\":\"SEMCOM\",\"description\":\"Secretaria Municipal de Comunica\u00e7\u00e3o\",\"potentialAction\":[{\"@type\":\"SearchAction\",\"target\":{\"@type\":\"EntryPoint\",\"urlTemplate\":\"https:\/\/www.manaus.am.gov.br\/semcom\/?s={search_term_string}\"},\"query-input\":\"required name=search_term_string\"}],\"inLanguage\":\"pt-BR\"},{\"@type\":\"Person\",\"@id\":\"https:\/\/www.manaus.am.gov.br\/semcom\/#\/schema\/person\/466a0e03ae4b6062809046bd560ac955\",\"name\":\"bvalente\",\"image\":{\"@type\":\"ImageObject\",\"inLanguage\":\"pt-BR\",\"@id\":\"https:\/\/www.manaus.am.gov.br\/semcom\/#\/schema\/person\/image\/\",\"url\":\"https:\/\/secure.gravatar.com\/avatar\/3e69bc2b014bdad41adfec3a39de07d2?s=96&d=mm&r=g\",\"contentUrl\":\"https:\/\/secure.gravatar.com\/avatar\/3e69bc2b014bdad41adfec3a39de07d2?s=96&d=mm&r=g\",\"caption\":\"bvalente\"}}]}<\/script>\n<!-- \/ Yoast SEO plugin. -->","yoast_head_json":{"title":"Manaus Previd\u00eancia instrui agentes de RH para agilizar tr\u00e2mites de aposentadoria e pens\u00e3o","description":"A Manaus Previd\u00eancia reuniu representantes do setor de Recursos Humanos, que atuam nos processos de aposentadoria, com o intuito de agilizar os tr\u00e2mites para conceder os benef\u00edcios.","robots":{"index":"index","follow":"follow","max-snippet":"max-snippet:-1","max-image-preview":"max-image-preview:large","max-video-preview":"max-video-preview:-1"},"canonical":"https:\/\/www.manaus.am.gov.br\/semcom\/manausprev-aposentadoria\/","og_locale":"pt_BR","og_type":"article","og_title":"Manaus Previd\u00eancia instrui agentes de RH para agilizar tr\u00e2mites de aposentadoria e pens\u00e3o","og_description":"A Manaus Previd\u00eancia reuniu representantes do setor de Recursos Humanos, que atuam nos processos de aposentadoria, com o intuito de agilizar os tr\u00e2mites para conceder os benef\u00edcios.","og_url":"https:\/\/www.manaus.am.gov.br\/semcom\/manausprev-aposentadoria\/","og_site_name":"SEMCOM","article_published_time":"2024-11-12T22:48:10+00:00","article_modified_time":"2024-11-12T22:48:12+00:00","og_image":[{"width":800,"height":600,"url":"https:\/\/www.manaus.am.gov.br\/semcom\/wp-content\/uploads\/sites\/5\/2024\/11\/Reuniao-com-RHs-2.jpg","type":"image\/jpeg"}],"author":"bvalente","twitter_card":"summary_large_image","twitter_misc":{"Written by":"bvalente","Est. reading time":"3 minutos"},"schema":{"@context":"https:\/\/schema.org","@graph":[{"@type":"WebPage","@id":"https:\/\/www.manaus.am.gov.br\/semcom\/manausprev-aposentadoria\/","url":"https:\/\/www.manaus.am.gov.br\/semcom\/manausprev-aposentadoria\/","name":"Manaus Previd\u00eancia instrui agentes de RH para agilizar tr\u00e2mites de aposentadoria e pens\u00e3o","isPartOf":{"@id":"https:\/\/www.manaus.am.gov.br\/semcom\/#website"},"primaryImageOfPage":{"@id":"https:\/\/www.manaus.am.gov.br\/semcom\/manausprev-aposentadoria\/#primaryimage"},"image":{"@id":"https:\/\/www.manaus.am.gov.br\/semcom\/manausprev-aposentadoria\/#primaryimage"},"thumbnailUrl":"https:\/\/www.manaus.am.gov.br\/semcom\/wp-content\/uploads\/sites\/5\/2024\/11\/Reuniao-com-RHs-2.jpg","datePublished":"2024-11-12T22:48:10+00:00","dateModified":"2024-11-12T22:48:12+00:00","author":{"@id":"https:\/\/www.manaus.am.gov.br\/semcom\/#\/schema\/person\/466a0e03ae4b6062809046bd560ac955"},"description":"A Manaus Previd\u00eancia reuniu representantes do setor de Recursos Humanos, que atuam nos processos de aposentadoria, com o intuito de agilizar os tr\u00e2mites para conceder os benef\u00edcios.","inLanguage":"pt-BR","potentialAction":[{"@type":"ReadAction","target":["https:\/\/www.manaus.am.gov.br\/semcom\/manausprev-aposentadoria\/"]}]},{"@type":"ImageObject","inLanguage":"pt-BR","@id":"https:\/\/www.manaus.am.gov.br\/semcom\/manausprev-aposentadoria\/#primaryimage","url":"https:\/\/www.manaus.am.gov.br\/semcom\/wp-content\/uploads\/sites\/5\/2024\/11\/Reuniao-com-RHs-2.jpg","contentUrl":"https:\/\/www.manaus.am.gov.br\/semcom\/wp-content\/uploads\/sites\/5\/2024\/11\/Reuniao-com-RHs-2.jpg","width":800,"height":600},{"@type":"WebSite","@id":"https:\/\/www.manaus.am.gov.br\/semcom\/#website","url":"https:\/\/www.manaus.am.gov.br\/semcom\/","name":"SEMCOM","description":"Secretaria Municipal de Comunica\u00e7\u00e3o","potentialAction":[{"@type":"SearchAction","target":{"@type":"EntryPoint","urlTemplate":"https:\/\/www.manaus.am.gov.br\/semcom\/?s={search_term_string}"},"query-input":"required name=search_term_string"}],"inLanguage":"pt-BR"},{"@type":"Person","@id":"https:\/\/www.manaus.am.gov.br\/semcom\/#\/schema\/person\/466a0e03ae4b6062809046bd560ac955","name":"bvalente","image":{"@type":"ImageObject","inLanguage":"pt-BR","@id":"https:\/\/www.manaus.am.gov.br\/semcom\/#\/schema\/person\/image\/","url":"https:\/\/secure.gravatar.com\/avatar\/3e69bc2b014bdad41adfec3a39de07d2?s=96&d=mm&r=g","contentUrl":"https:\/\/secure.gravatar.com\/avatar\/3e69bc2b014bdad41adfec3a39de07d2?s=96&d=mm&r=g","caption":"bvalente"}}]}},"_links":{"self":[{"href":"https:\/\/www.manaus.am.gov.br\/semcom\/wp-json\/wp\/v2\/posts\/231847"}],"collection":[{"href":"https:\/\/www.manaus.am.gov.br\/semcom\/wp-json\/wp\/v2\/posts"}],"about":[{"href":"https:\/\/www.manaus.am.gov.br\/semcom\/wp-json\/wp\/v2\/types\/post"}],"author":[{"embeddable":true,"href":"https:\/\/www.manaus.am.gov.br\/semcom\/wp-json\/wp\/v2\/users\/68"}],"replies":[{"embeddable":true,"href":"https:\/\/www.manaus.am.gov.br\/semcom\/wp-json\/wp\/v2\/comments?post=231847"}],"version-history":[{"count":0,"href":"https:\/\/www.manaus.am.gov.br\/semcom\/wp-json\/wp\/v2\/posts\/231847\/revisions"}],"wp:featuredmedia":[{"embeddable":true,"href":"https:\/\/www.manaus.am.gov.br\/semcom\/wp-json\/wp\/v2\/media\/231848"}],"wp:attachment":[{"href":"https:\/\/www.manaus.am.gov.br\/semcom\/wp-json\/wp\/v2\/media?parent=231847"}],"wp:term":[{"taxonomy":"category","embeddable":true,"href":"https:\/\/www.manaus.am.gov.br\/semcom\/wp-json\/wp\/v2\/categories?post=231847"},{"taxonomy":"post_tag","embeddable":true,"href":"https:\/\/www.manaus.am.gov.br\/semcom\/wp-json\/wp\/v2\/tags?post=231847"}],"curies":[{"name":"wp","href":"https:\/\/api.w.org\/{rel}","templated":true}]}}