{"id":231822,"date":"2024-11-12T16:14:29","date_gmt":"2024-11-12T19:14:29","guid":{"rendered":"https:\/\/www.manaus.am.gov.br\/semcom\/saude-semsa-forum\/"},"modified":"2024-11-12T17:29:26","modified_gmt":"2024-11-12T20:29:26","slug":"saude-semsa-forum","status":"publish","type":"post","link":"https:\/\/www.manaus.am.gov.br\/semcom\/saude-semsa-forum\/","title":{"rendered":"Profissionais da prefeitura participam de f\u00f3runs de vincula\u00e7\u00e3o do pr\u00e9-natal dos distritos Leste e Sul"},"content":{"rendered":"\n<p>Profissionais da Prefeitura de Manaus que atuam nas zonas distritais de sa\u00fade Leste e Sul participam, nesta semana, da \u00faltima rodada dos f\u00f3runs de vincula\u00e7\u00e3o do pr\u00e9-natal do ano, com encontros agendados, respectivamente, para esta quarta-feira, 13\/11, e quinta, 14. Os f\u00f3runs s\u00e3o coordenados pela Secretaria Municipal de Sa\u00fade (Semsa), em parceria com a Secretaria de Estado de Sa\u00fade (SES-AM), e visam o aprimoramento da aten\u00e7\u00e3o \u00e0 sa\u00fade materno-infantil no munic\u00edpio.<\/p>\n\n\n\n<p>O f\u00f3rum dos profissionais do Disa Leste ocorrer\u00e1 no Centro Municipal de Arte e Educa\u00e7\u00e3o An\u00edbal Be\u00e7a, no bairro S\u00e3o Jos\u00e9, na quarta-feira. J\u00e1 o encontro do Disa Sul ser\u00e1 no Parque Municipal do Idoso, no bairro Nossa Senhora das Gra\u00e7as, na quinta. Os dois eventos acontecem no per\u00edodo da tarde, reunindo gestores e equipes de sa\u00fade que atuam no atendimento pr\u00e9-natal nas unidades de sa\u00fade da rede materno-infantil.<\/p>\n\n\n\n<p>A chefe da Divis\u00e3o de Aten\u00e7\u00e3o \u00e0 Sa\u00fade da Mulher da Semsa, L\u00facia Freitas, explica que os f\u00f3runs t\u00eam como principal objetivo fortalecer as visitas de vincula\u00e7\u00e3o do pr\u00e9-natal.<\/p>\n\n\n\n<p>\u201cPor meio dessas visitas, a gente consegue promover a redu\u00e7\u00e3o da mortalidade de m\u00e3es e beb\u00eas, e a integra\u00e7\u00e3o dos profissionais da Aten\u00e7\u00e3o Prim\u00e1ria, al\u00e9m de permitir \u00e0s gestantes conhecer o lugar onde ter\u00e3o suas crian\u00e7as\u201d, pontua.<\/p>\n\n\n\n<p>Al\u00e9m dos f\u00f3runs, onde equipes e gestores alinham fluxos e discutem melhorias nos processos de trabalho, a Semsa vem organizando visitas de profissionais da Aten\u00e7\u00e3o Prim\u00e1ria \u00e0 Sa\u00fade (APS) \u00e0s maternidades da capital, em conjunto com SES-AM. A atividade \u00e9 voltada a m\u00e9dicos, enfermeiros e assistentes sociais que atuam no acompanhamento pr\u00e9-natal nas unidades de sa\u00fade do munic\u00edpio, com o objetivo de qualificar o atendimento oferecido pelas equipes \u00e0s usu\u00e1rias.<\/p>\n\n\n\n<p>\u201cS\u00e3o esses profissionais que v\u00e3o orientar a gr\u00e1vida sobre a visita de vincula\u00e7\u00e3o, por isso \u00e9 importante que eles conhe\u00e7am o ambiente da maternidade e o que ela oferta, e tirem suas d\u00favidas. Dessa forma, eles poder\u00e3o encaminhar aquela usu\u00e1ria de forma mais segura\u201d, relata L\u00facia.<\/p>\n\n\n\n<p>Tamb\u00e9m nos encontros distritais, os profissionais que atuam na rede materno-infantil em Manaus discutem temas como o momento pr\u00f3prio para encaminhamento da gr\u00e1vida \u00e0 maternidade, os panoramas da vincula\u00e7\u00e3o nos Disas, o registro na caderneta da gestante, os fluxos do pr\u00e9-natal de alto risco (PNAR), o pr\u00e9-natal do parceiro, entre outros.<\/p>\n\n\n\n<p>A atual rodada de f\u00f3runs iniciou no \u00faltimo dia 5, com o encontro das equipes do Disa Norte da Semsa, seguindo com o evento do distrito Oeste, realizado no dia 6. A \u00faltima atividade da programa\u00e7\u00e3o ser\u00e1 na pr\u00f3xima ter\u00e7a-feira, 19\/11, com a reuni\u00e3o dos profissionais do Distrito Rural.<\/p>\n\n\n\n<p>&#8212; &#8212; \u2013<br><strong>Texto<\/strong> &#8211; Jony Clay Borges \/ Semsa<br><strong>Fotos <\/strong>&#8211; Divulga\u00e7\u00e3o \/ Semsa<\/p>\n","protected":false},"excerpt":{"rendered":"","protected":false},"author":68,"featured_media":231833,"comment_status":"closed","ping_status":"closed","sticky":false,"template":"","format":"standard","meta":{"footnotes":""},"categories":[1315],"tags":[10902,5994,698,77,162],"acf":[],"yoast_head":"<!-- This site is optimized with the Yoast SEO plugin v23.0 - https:\/\/yoast.com\/wordpress\/plugins\/seo\/ -->\n<title>Profissionais da prefeitura participam de f\u00f3runs de vincula\u00e7\u00e3o do pr\u00e9-natal<\/title>\n<meta name=\"description\" content=\"Profissionais da prefeitura que atuam nas zonas distritais de sa\u00fade Leste e Sul participam, nesta semana, da \u00faltima rodada dos f\u00f3runs de vincula\u00e7\u00e3o.\" \/>\n<meta name=\"robots\" content=\"index, follow, max-snippet:-1, max-image-preview:large, max-video-preview:-1\" \/>\n<link rel=\"canonical\" href=\"https:\/\/www.manaus.am.gov.br\/semcom\/saude-semsa-forum\/\" \/>\n<meta property=\"og:locale\" content=\"pt_BR\" \/>\n<meta property=\"og:type\" content=\"article\" \/>\n<meta property=\"og:title\" content=\"Profissionais da prefeitura participam de f\u00f3runs de vincula\u00e7\u00e3o do pr\u00e9-natal\" \/>\n<meta property=\"og:description\" content=\"Profissionais da prefeitura que atuam nas zonas distritais de sa\u00fade Leste e Sul participam, nesta semana, da \u00faltima rodada dos f\u00f3runs de vincula\u00e7\u00e3o.\" \/>\n<meta property=\"og:url\" content=\"https:\/\/www.manaus.am.gov.br\/semcom\/saude-semsa-forum\/\" \/>\n<meta property=\"og:site_name\" content=\"SEMCOM\" \/>\n<meta property=\"article:published_time\" content=\"2024-11-12T19:14:29+00:00\" \/>\n<meta property=\"article:modified_time\" content=\"2024-11-12T20:29:26+00:00\" \/>\n<meta property=\"og:image\" content=\"https:\/\/www.manaus.am.gov.br\/semcom\/wp-content\/uploads\/sites\/5\/2024\/11\/Novembro-12_Oficina-Mortalidade-2.jpeg\" \/>\n\t<meta property=\"og:image:width\" content=\"663\" \/>\n\t<meta property=\"og:image:height\" content=\"395\" \/>\n\t<meta property=\"og:image:type\" content=\"image\/jpeg\" \/>\n<meta name=\"author\" content=\"bvalente\" \/>\n<meta name=\"twitter:card\" content=\"summary_large_image\" \/>\n<meta name=\"twitter:label1\" content=\"Written by\" \/>\n\t<meta name=\"twitter:data1\" content=\"bvalente\" \/>\n\t<meta name=\"twitter:label2\" content=\"Est. reading time\" \/>\n\t<meta name=\"twitter:data2\" content=\"3 minutos\" \/>\n<script type=\"application\/ld+json\" class=\"yoast-schema-graph\">{\"@context\":\"https:\/\/schema.org\",\"@graph\":[{\"@type\":\"WebPage\",\"@id\":\"https:\/\/www.manaus.am.gov.br\/semcom\/saude-semsa-forum\/\",\"url\":\"https:\/\/www.manaus.am.gov.br\/semcom\/saude-semsa-forum\/\",\"name\":\"Profissionais da prefeitura participam de f\u00f3runs de vincula\u00e7\u00e3o do pr\u00e9-natal\",\"isPartOf\":{\"@id\":\"https:\/\/www.manaus.am.gov.br\/semcom\/#website\"},\"primaryImageOfPage\":{\"@id\":\"https:\/\/www.manaus.am.gov.br\/semcom\/saude-semsa-forum\/#primaryimage\"},\"image\":{\"@id\":\"https:\/\/www.manaus.am.gov.br\/semcom\/saude-semsa-forum\/#primaryimage\"},\"thumbnailUrl\":\"https:\/\/www.manaus.am.gov.br\/semcom\/wp-content\/uploads\/sites\/5\/2024\/11\/Novembro-12_Foruns-Vinculacao-Pre-Natal-1.jpg\",\"datePublished\":\"2024-11-12T19:14:29+00:00\",\"dateModified\":\"2024-11-12T20:29:26+00:00\",\"author\":{\"@id\":\"https:\/\/www.manaus.am.gov.br\/semcom\/#\/schema\/person\/466a0e03ae4b6062809046bd560ac955\"},\"description\":\"Profissionais da prefeitura que atuam nas zonas distritais de sa\u00fade Leste e Sul participam, nesta semana, da \u00faltima rodada dos f\u00f3runs de vincula\u00e7\u00e3o.\",\"inLanguage\":\"pt-BR\",\"potentialAction\":[{\"@type\":\"ReadAction\",\"target\":[\"https:\/\/www.manaus.am.gov.br\/semcom\/saude-semsa-forum\/\"]}]},{\"@type\":\"ImageObject\",\"inLanguage\":\"pt-BR\",\"@id\":\"https:\/\/www.manaus.am.gov.br\/semcom\/saude-semsa-forum\/#primaryimage\",\"url\":\"https:\/\/www.manaus.am.gov.br\/semcom\/wp-content\/uploads\/sites\/5\/2024\/11\/Novembro-12_Foruns-Vinculacao-Pre-Natal-1.jpg\",\"contentUrl\":\"https:\/\/www.manaus.am.gov.br\/semcom\/wp-content\/uploads\/sites\/5\/2024\/11\/Novembro-12_Foruns-Vinculacao-Pre-Natal-1.jpg\",\"width\":800,\"height\":533},{\"@type\":\"WebSite\",\"@id\":\"https:\/\/www.manaus.am.gov.br\/semcom\/#website\",\"url\":\"https:\/\/www.manaus.am.gov.br\/semcom\/\",\"name\":\"SEMCOM\",\"description\":\"Secretaria Municipal de Comunica\u00e7\u00e3o\",\"potentialAction\":[{\"@type\":\"SearchAction\",\"target\":{\"@type\":\"EntryPoint\",\"urlTemplate\":\"https:\/\/www.manaus.am.gov.br\/semcom\/?s={search_term_string}\"},\"query-input\":\"required name=search_term_string\"}],\"inLanguage\":\"pt-BR\"},{\"@type\":\"Person\",\"@id\":\"https:\/\/www.manaus.am.gov.br\/semcom\/#\/schema\/person\/466a0e03ae4b6062809046bd560ac955\",\"name\":\"bvalente\",\"image\":{\"@type\":\"ImageObject\",\"inLanguage\":\"pt-BR\",\"@id\":\"https:\/\/www.manaus.am.gov.br\/semcom\/#\/schema\/person\/image\/\",\"url\":\"https:\/\/secure.gravatar.com\/avatar\/3e69bc2b014bdad41adfec3a39de07d2?s=96&d=mm&r=g\",\"contentUrl\":\"https:\/\/secure.gravatar.com\/avatar\/3e69bc2b014bdad41adfec3a39de07d2?s=96&d=mm&r=g\",\"caption\":\"bvalente\"}}]}<\/script>\n<!-- \/ Yoast SEO plugin. -->","yoast_head_json":{"title":"Profissionais da prefeitura participam de f\u00f3runs de vincula\u00e7\u00e3o do pr\u00e9-natal","description":"Profissionais da prefeitura que atuam nas zonas distritais de sa\u00fade Leste e Sul participam, nesta semana, da \u00faltima rodada dos f\u00f3runs de vincula\u00e7\u00e3o.","robots":{"index":"index","follow":"follow","max-snippet":"max-snippet:-1","max-image-preview":"max-image-preview:large","max-video-preview":"max-video-preview:-1"},"canonical":"https:\/\/www.manaus.am.gov.br\/semcom\/saude-semsa-forum\/","og_locale":"pt_BR","og_type":"article","og_title":"Profissionais da prefeitura participam de f\u00f3runs de vincula\u00e7\u00e3o do pr\u00e9-natal","og_description":"Profissionais da prefeitura que atuam nas zonas distritais de sa\u00fade Leste e Sul participam, nesta semana, da \u00faltima rodada dos f\u00f3runs de vincula\u00e7\u00e3o.","og_url":"https:\/\/www.manaus.am.gov.br\/semcom\/saude-semsa-forum\/","og_site_name":"SEMCOM","article_published_time":"2024-11-12T19:14:29+00:00","article_modified_time":"2024-11-12T20:29:26+00:00","og_image":[{"width":663,"height":395,"url":"https:\/\/www.manaus.am.gov.br\/semcom\/wp-content\/uploads\/sites\/5\/2024\/11\/Novembro-12_Oficina-Mortalidade-2.jpeg","type":"image\/jpeg"}],"author":"bvalente","twitter_card":"summary_large_image","twitter_misc":{"Written by":"bvalente","Est. reading time":"3 minutos"},"schema":{"@context":"https:\/\/schema.org","@graph":[{"@type":"WebPage","@id":"https:\/\/www.manaus.am.gov.br\/semcom\/saude-semsa-forum\/","url":"https:\/\/www.manaus.am.gov.br\/semcom\/saude-semsa-forum\/","name":"Profissionais da prefeitura participam de f\u00f3runs de vincula\u00e7\u00e3o do pr\u00e9-natal","isPartOf":{"@id":"https:\/\/www.manaus.am.gov.br\/semcom\/#website"},"primaryImageOfPage":{"@id":"https:\/\/www.manaus.am.gov.br\/semcom\/saude-semsa-forum\/#primaryimage"},"image":{"@id":"https:\/\/www.manaus.am.gov.br\/semcom\/saude-semsa-forum\/#primaryimage"},"thumbnailUrl":"https:\/\/www.manaus.am.gov.br\/semcom\/wp-content\/uploads\/sites\/5\/2024\/11\/Novembro-12_Foruns-Vinculacao-Pre-Natal-1.jpg","datePublished":"2024-11-12T19:14:29+00:00","dateModified":"2024-11-12T20:29:26+00:00","author":{"@id":"https:\/\/www.manaus.am.gov.br\/semcom\/#\/schema\/person\/466a0e03ae4b6062809046bd560ac955"},"description":"Profissionais da prefeitura que atuam nas zonas distritais de sa\u00fade Leste e Sul participam, nesta semana, da \u00faltima rodada dos f\u00f3runs de vincula\u00e7\u00e3o.","inLanguage":"pt-BR","potentialAction":[{"@type":"ReadAction","target":["https:\/\/www.manaus.am.gov.br\/semcom\/saude-semsa-forum\/"]}]},{"@type":"ImageObject","inLanguage":"pt-BR","@id":"https:\/\/www.manaus.am.gov.br\/semcom\/saude-semsa-forum\/#primaryimage","url":"https:\/\/www.manaus.am.gov.br\/semcom\/wp-content\/uploads\/sites\/5\/2024\/11\/Novembro-12_Foruns-Vinculacao-Pre-Natal-1.jpg","contentUrl":"https:\/\/www.manaus.am.gov.br\/semcom\/wp-content\/uploads\/sites\/5\/2024\/11\/Novembro-12_Foruns-Vinculacao-Pre-Natal-1.jpg","width":800,"height":533},{"@type":"WebSite","@id":"https:\/\/www.manaus.am.gov.br\/semcom\/#website","url":"https:\/\/www.manaus.am.gov.br\/semcom\/","name":"SEMCOM","description":"Secretaria Municipal de Comunica\u00e7\u00e3o","potentialAction":[{"@type":"SearchAction","target":{"@type":"EntryPoint","urlTemplate":"https:\/\/www.manaus.am.gov.br\/semcom\/?s={search_term_string}"},"query-input":"required name=search_term_string"}],"inLanguage":"pt-BR"},{"@type":"Person","@id":"https:\/\/www.manaus.am.gov.br\/semcom\/#\/schema\/person\/466a0e03ae4b6062809046bd560ac955","name":"bvalente","image":{"@type":"ImageObject","inLanguage":"pt-BR","@id":"https:\/\/www.manaus.am.gov.br\/semcom\/#\/schema\/person\/image\/","url":"https:\/\/secure.gravatar.com\/avatar\/3e69bc2b014bdad41adfec3a39de07d2?s=96&d=mm&r=g","contentUrl":"https:\/\/secure.gravatar.com\/avatar\/3e69bc2b014bdad41adfec3a39de07d2?s=96&d=mm&r=g","caption":"bvalente"}}]}},"_links":{"self":[{"href":"https:\/\/www.manaus.am.gov.br\/semcom\/wp-json\/wp\/v2\/posts\/231822"}],"collection":[{"href":"https:\/\/www.manaus.am.gov.br\/semcom\/wp-json\/wp\/v2\/posts"}],"about":[{"href":"https:\/\/www.manaus.am.gov.br\/semcom\/wp-json\/wp\/v2\/types\/post"}],"author":[{"embeddable":true,"href":"https:\/\/www.manaus.am.gov.br\/semcom\/wp-json\/wp\/v2\/users\/68"}],"replies":[{"embeddable":true,"href":"https:\/\/www.manaus.am.gov.br\/semcom\/wp-json\/wp\/v2\/comments?post=231822"}],"version-history":[{"count":1,"href":"https:\/\/www.manaus.am.gov.br\/semcom\/wp-json\/wp\/v2\/posts\/231822\/revisions"}],"predecessor-version":[{"id":231824,"href":"https:\/\/www.manaus.am.gov.br\/semcom\/wp-json\/wp\/v2\/posts\/231822\/revisions\/231824"}],"wp:featuredmedia":[{"embeddable":true,"href":"https:\/\/www.manaus.am.gov.br\/semcom\/wp-json\/wp\/v2\/media\/231833"}],"wp:attachment":[{"href":"https:\/\/www.manaus.am.gov.br\/semcom\/wp-json\/wp\/v2\/media?parent=231822"}],"wp:term":[{"taxonomy":"category","embeddable":true,"href":"https:\/\/www.manaus.am.gov.br\/semcom\/wp-json\/wp\/v2\/categories?post=231822"},{"taxonomy":"post_tag","embeddable":true,"href":"https:\/\/www.manaus.am.gov.br\/semcom\/wp-json\/wp\/v2\/tags?post=231822"}],"curies":[{"name":"wp","href":"https:\/\/api.w.org\/{rel}","templated":true}]}}