{"id":231814,"date":"2024-11-12T13:51:07","date_gmt":"2024-11-12T17:51:07","guid":{"rendered":"https:\/\/www.manaus.am.gov.br\/semcom\/audiencia-para-ouvir-motociclistas-transporte-aplicativo\/"},"modified":"2024-11-12T13:51:07","modified_gmt":"2024-11-12T17:51:07","slug":"audiencia-para-ouvir-motociclistas-transporte-aplicativo","status":"publish","type":"post","link":"https:\/\/www.manaus.am.gov.br\/semcom\/audiencia-para-ouvir-motociclistas-transporte-aplicativo\/","title":{"rendered":"Prefeitura de Manaus promove audi\u00eancia p\u00fablica para ouvir motociclistas que trabalham em transporte por aplicativo\u00a0"},"content":{"rendered":"\n<p>Com a participa\u00e7\u00e3o de mais de 200 motociclistas que atuam nos servi\u00e7os de transporte ou entregas por aplicativo, a Prefeitura de Manaus, por meio do Instituto Municipal de Mobilidade Urbana (IMMU), promoveu, nesta ter\u00e7a-feira, 12\/11, uma audi\u00eancia p\u00fablica para ouvir a categoria, saber suas demandas e tirar d\u00favidas sobre a eventual futura regulamenta\u00e7\u00e3o. O encontro ocorreu no audit\u00f3rio Isabel Victoria de Mattos Pereira do Carmo Ribeiro, localizado na sede da prefeitura, no bairro Compensa, zona Oeste da cidade.<\/p>\n\n\n\n<p>Na ocasi\u00e3o, os representantes do modal tiveram a oportunidade de expor suas necessidades e d\u00favidas, que foram respondidas pelos t\u00e9cnicos do IMMU. Todas as propostas apresentadas ser\u00e3o analisadas e, posteriormente, poder\u00e3o ser incorporadas a um eventual projeto de lei sobre regulamenta\u00e7\u00e3o dos servi\u00e7os de motos por aplicativo.<\/p>\n\n\n\n<p>O diretor-presidente do IMMU, Paulo Henrique Martins, realizou a apresenta\u00e7\u00e3o e explicou os objetivos da audi\u00eancia.<\/p>\n\n\n\n<p>\u201cEste trabalho come\u00e7ou l\u00e1 atr\u00e1s, quando nos reunimos, no IMMU, com os representantes da categoria em um quantitativo de 16 pessoas que v\u00e3o compor uma comiss\u00e3o conjunta da prefeitura e do segmento para discutirmos os problemas que a categoria passa. Esta primeira audi\u00eancia \u00e9 para dar voz a todos, permitir que todos falem e exponham seus problemas do dia a dia em atividade. Vamos tomar nota de tudo que for dito, ouviremos sugest\u00f5es e, a partir dessa primeira reuni\u00e3o, n\u00f3s vamos come\u00e7ar a montar um diagn\u00f3stico de tudo aquilo que acontece no servi\u00e7o de motocicletas\u201d, destacou Paulo Henrique.<\/p>\n\n\n\n<figure class=\"wp-block-image size-large\"><img loading=\"lazy\" decoding=\"async\" width=\"1024\" height=\"683\" src=\"https:\/\/www.manaus.am.gov.br\/semcom\/wp-content\/uploads\/sites\/5\/2024\/11\/54134932141_00a6e2d7d7_k-1024x683.jpg\" alt=\"\" class=\"wp-image-231815\" srcset=\"https:\/\/www.manaus.am.gov.br\/semcom\/wp-content\/uploads\/sites\/5\/2024\/11\/54134932141_00a6e2d7d7_k-1024x683.jpg 1024w, https:\/\/www.manaus.am.gov.br\/semcom\/wp-content\/uploads\/sites\/5\/2024\/11\/54134932141_00a6e2d7d7_k-300x200.jpg 300w, https:\/\/www.manaus.am.gov.br\/semcom\/wp-content\/uploads\/sites\/5\/2024\/11\/54134932141_00a6e2d7d7_k-768x512.jpg 768w, https:\/\/www.manaus.am.gov.br\/semcom\/wp-content\/uploads\/sites\/5\/2024\/11\/54134932141_00a6e2d7d7_k-1536x1024.jpg 1536w, https:\/\/www.manaus.am.gov.br\/semcom\/wp-content\/uploads\/sites\/5\/2024\/11\/54134932141_00a6e2d7d7_k.jpg 2048w\" sizes=\"(max-width: 1024px) 100vw, 1024px\" \/><\/figure>\n\n\n\n<p>O vice-presidente do Transporte do IMMU, Alexandre Frederico, fez um balan\u00e7o sobre a audi\u00eancia promovida pelo instituto.<\/p>\n\n\n\n<p>\u201c\u00c9 muito importante, em toda medida, que o poder p\u00fablico organize a sociedade e que tenha a participa\u00e7\u00e3o dessa mesma sociedade nas decis\u00f5es. Hoje, n\u00f3s estamos realizando um prop\u00f3sito que foi prometido para a categoria que n\u00e3o possui ainda a regulariza\u00e7\u00e3o municipal. Esta audi\u00eancia foi marcada, justamente, para escutarmos a manifesta\u00e7\u00e3o de todos os profissionais que trabalham nesta \u00e1rea e, assim, n\u00f3s teremos condi\u00e7\u00f5es de iniciar uma elabora\u00e7\u00e3o de uma legisla\u00e7\u00e3o que possa regulamentar a categoria\u201d, frisou Frederico.<\/p>\n\n\n\n<p>Um dos representantes da categoria dos motoristas por aplicativo de duas rodas, Jo\u00e3o Rodrigues, elogiou a iniciativa da prefeitura.<\/p>\n\n\n\n<p>\u201c\u00c9 muito positivo a realiza\u00e7\u00e3o de uma audi\u00eancia como esta, porque a gente precisa de uma regulamenta\u00e7\u00e3o para que esses pais de fam\u00edlia possam estar levando o p\u00e3o para dentro de casa, possam estar trabalhando tranquilamente sem a incerteza de ter surpresas no futuro\u201d, concluiu Rodrigues.<\/p>\n\n\n\n<p>&#8211; &#8212; &#8212;<\/p>\n\n\n\n<p><strong>Texto &#8211;<\/strong>&nbsp;\u00c1lisson Castro\/IMMU<\/p>\n\n\n\n<p><strong>Fotos <\/strong>\u2013 Jo\u00e3o Viana\/Semcom<\/p>\n\n\n\n<p><strong>Dispon\u00edveis em &#8211; <\/strong><a href=\"https:\/\/flic.kr\/s\/aHBqjBRtFN\">https:\/\/flic.kr\/s\/aHBqjBRtFN<\/a><\/p>\n","protected":false},"excerpt":{"rendered":"","protected":false},"author":39,"featured_media":231816,"comment_status":"closed","ping_status":"closed","sticky":false,"template":"","format":"standard","meta":{"footnotes":""},"categories":[9],"tags":[2691,12,12483,77,12484],"acf":[],"yoast_head":"<!-- This site is optimized with the Yoast SEO plugin v23.0 - https:\/\/yoast.com\/wordpress\/plugins\/seo\/ -->\n<title>Audi\u00eancia para ouvir motociclistas de transporte por aplicativo<\/title>\n<meta name=\"description\" content=\"Prefeitura de Manaus promove audi\u00eancia p\u00fablica para ouvir motociclistas que trabalham em transporte por aplicativo.\" \/>\n<meta name=\"robots\" content=\"index, follow, max-snippet:-1, max-image-preview:large, max-video-preview:-1\" \/>\n<link rel=\"canonical\" href=\"https:\/\/www.manaus.am.gov.br\/semcom\/audiencia-para-ouvir-motociclistas-transporte-aplicativo\/\" \/>\n<meta property=\"og:locale\" content=\"pt_BR\" \/>\n<meta property=\"og:type\" content=\"article\" \/>\n<meta property=\"og:title\" content=\"Audi\u00eancia para ouvir motociclistas de transporte por aplicativo\" \/>\n<meta property=\"og:description\" content=\"Prefeitura de Manaus promove audi\u00eancia p\u00fablica para ouvir motociclistas que trabalham em transporte por aplicativo.\" \/>\n<meta property=\"og:url\" content=\"https:\/\/www.manaus.am.gov.br\/semcom\/audiencia-para-ouvir-motociclistas-transporte-aplicativo\/\" \/>\n<meta property=\"og:site_name\" content=\"SEMCOM\" \/>\n<meta property=\"article:published_time\" content=\"2024-11-12T17:51:07+00:00\" \/>\n<meta property=\"og:image\" content=\"https:\/\/www.manaus.am.gov.br\/semcom\/wp-content\/uploads\/sites\/5\/2024\/11\/54134932256_93262fd46b_k.jpg\" \/>\n\t<meta property=\"og:image:width\" content=\"2048\" \/>\n\t<meta property=\"og:image:height\" content=\"1365\" \/>\n\t<meta property=\"og:image:type\" content=\"image\/jpeg\" \/>\n<meta name=\"author\" content=\"Bruna Greco\" \/>\n<meta name=\"twitter:card\" content=\"summary_large_image\" \/>\n<meta name=\"twitter:label1\" content=\"Written by\" \/>\n\t<meta name=\"twitter:data1\" content=\"Bruna Greco\" \/>\n\t<meta name=\"twitter:label2\" content=\"Est. reading time\" \/>\n\t<meta name=\"twitter:data2\" content=\"3 minutos\" \/>\n<script type=\"application\/ld+json\" class=\"yoast-schema-graph\">{\"@context\":\"https:\/\/schema.org\",\"@graph\":[{\"@type\":\"WebPage\",\"@id\":\"https:\/\/www.manaus.am.gov.br\/semcom\/audiencia-para-ouvir-motociclistas-transporte-aplicativo\/\",\"url\":\"https:\/\/www.manaus.am.gov.br\/semcom\/audiencia-para-ouvir-motociclistas-transporte-aplicativo\/\",\"name\":\"Audi\u00eancia para ouvir motociclistas de transporte por aplicativo\",\"isPartOf\":{\"@id\":\"https:\/\/www.manaus.am.gov.br\/semcom\/#website\"},\"primaryImageOfPage\":{\"@id\":\"https:\/\/www.manaus.am.gov.br\/semcom\/audiencia-para-ouvir-motociclistas-transporte-aplicativo\/#primaryimage\"},\"image\":{\"@id\":\"https:\/\/www.manaus.am.gov.br\/semcom\/audiencia-para-ouvir-motociclistas-transporte-aplicativo\/#primaryimage\"},\"thumbnailUrl\":\"https:\/\/www.manaus.am.gov.br\/semcom\/wp-content\/uploads\/sites\/5\/2024\/11\/54134932256_93262fd46b_k.jpg\",\"datePublished\":\"2024-11-12T17:51:07+00:00\",\"dateModified\":\"2024-11-12T17:51:07+00:00\",\"author\":{\"@id\":\"https:\/\/www.manaus.am.gov.br\/semcom\/#\/schema\/person\/05d223aea2bf115f9883a6ff3683d81b\"},\"description\":\"Prefeitura de Manaus promove audi\u00eancia p\u00fablica para ouvir motociclistas que trabalham em transporte por aplicativo.\",\"inLanguage\":\"pt-BR\",\"potentialAction\":[{\"@type\":\"ReadAction\",\"target\":[\"https:\/\/www.manaus.am.gov.br\/semcom\/audiencia-para-ouvir-motociclistas-transporte-aplicativo\/\"]}]},{\"@type\":\"ImageObject\",\"inLanguage\":\"pt-BR\",\"@id\":\"https:\/\/www.manaus.am.gov.br\/semcom\/audiencia-para-ouvir-motociclistas-transporte-aplicativo\/#primaryimage\",\"url\":\"https:\/\/www.manaus.am.gov.br\/semcom\/wp-content\/uploads\/sites\/5\/2024\/11\/54134932256_93262fd46b_k.jpg\",\"contentUrl\":\"https:\/\/www.manaus.am.gov.br\/semcom\/wp-content\/uploads\/sites\/5\/2024\/11\/54134932256_93262fd46b_k.jpg\",\"width\":2048,\"height\":1365,\"caption\":\"#paratodosverem - Diretor-presidente do IMMU, Paulo Henrique Martins, reunido com motociclistas de transporte por aplicativo, durante audi\u00eancia p\u00fablica com a categoria\"},{\"@type\":\"WebSite\",\"@id\":\"https:\/\/www.manaus.am.gov.br\/semcom\/#website\",\"url\":\"https:\/\/www.manaus.am.gov.br\/semcom\/\",\"name\":\"SEMCOM\",\"description\":\"Secretaria Municipal de Comunica\u00e7\u00e3o\",\"potentialAction\":[{\"@type\":\"SearchAction\",\"target\":{\"@type\":\"EntryPoint\",\"urlTemplate\":\"https:\/\/www.manaus.am.gov.br\/semcom\/?s={search_term_string}\"},\"query-input\":\"required name=search_term_string\"}],\"inLanguage\":\"pt-BR\"},{\"@type\":\"Person\",\"@id\":\"https:\/\/www.manaus.am.gov.br\/semcom\/#\/schema\/person\/05d223aea2bf115f9883a6ff3683d81b\",\"name\":\"Bruna Greco\",\"image\":{\"@type\":\"ImageObject\",\"inLanguage\":\"pt-BR\",\"@id\":\"https:\/\/www.manaus.am.gov.br\/semcom\/#\/schema\/person\/image\/\",\"url\":\"https:\/\/secure.gravatar.com\/avatar\/9c877d1a6adc2a055330e5c09a8653ce?s=96&d=mm&r=g\",\"contentUrl\":\"https:\/\/secure.gravatar.com\/avatar\/9c877d1a6adc2a055330e5c09a8653ce?s=96&d=mm&r=g\",\"caption\":\"Bruna Greco\"}}]}<\/script>\n<!-- \/ Yoast SEO plugin. -->","yoast_head_json":{"title":"Audi\u00eancia para ouvir motociclistas de transporte por aplicativo","description":"Prefeitura de Manaus promove audi\u00eancia p\u00fablica para ouvir motociclistas que trabalham em transporte por aplicativo.","robots":{"index":"index","follow":"follow","max-snippet":"max-snippet:-1","max-image-preview":"max-image-preview:large","max-video-preview":"max-video-preview:-1"},"canonical":"https:\/\/www.manaus.am.gov.br\/semcom\/audiencia-para-ouvir-motociclistas-transporte-aplicativo\/","og_locale":"pt_BR","og_type":"article","og_title":"Audi\u00eancia para ouvir motociclistas de transporte por aplicativo","og_description":"Prefeitura de Manaus promove audi\u00eancia p\u00fablica para ouvir motociclistas que trabalham em transporte por aplicativo.","og_url":"https:\/\/www.manaus.am.gov.br\/semcom\/audiencia-para-ouvir-motociclistas-transporte-aplicativo\/","og_site_name":"SEMCOM","article_published_time":"2024-11-12T17:51:07+00:00","og_image":[{"width":2048,"height":1365,"url":"https:\/\/www.manaus.am.gov.br\/semcom\/wp-content\/uploads\/sites\/5\/2024\/11\/54134932256_93262fd46b_k.jpg","type":"image\/jpeg"}],"author":"Bruna Greco","twitter_card":"summary_large_image","twitter_misc":{"Written by":"Bruna Greco","Est. reading time":"3 minutos"},"schema":{"@context":"https:\/\/schema.org","@graph":[{"@type":"WebPage","@id":"https:\/\/www.manaus.am.gov.br\/semcom\/audiencia-para-ouvir-motociclistas-transporte-aplicativo\/","url":"https:\/\/www.manaus.am.gov.br\/semcom\/audiencia-para-ouvir-motociclistas-transporte-aplicativo\/","name":"Audi\u00eancia para ouvir motociclistas de transporte por aplicativo","isPartOf":{"@id":"https:\/\/www.manaus.am.gov.br\/semcom\/#website"},"primaryImageOfPage":{"@id":"https:\/\/www.manaus.am.gov.br\/semcom\/audiencia-para-ouvir-motociclistas-transporte-aplicativo\/#primaryimage"},"image":{"@id":"https:\/\/www.manaus.am.gov.br\/semcom\/audiencia-para-ouvir-motociclistas-transporte-aplicativo\/#primaryimage"},"thumbnailUrl":"https:\/\/www.manaus.am.gov.br\/semcom\/wp-content\/uploads\/sites\/5\/2024\/11\/54134932256_93262fd46b_k.jpg","datePublished":"2024-11-12T17:51:07+00:00","dateModified":"2024-11-12T17:51:07+00:00","author":{"@id":"https:\/\/www.manaus.am.gov.br\/semcom\/#\/schema\/person\/05d223aea2bf115f9883a6ff3683d81b"},"description":"Prefeitura de Manaus promove audi\u00eancia p\u00fablica para ouvir motociclistas que trabalham em transporte por aplicativo.","inLanguage":"pt-BR","potentialAction":[{"@type":"ReadAction","target":["https:\/\/www.manaus.am.gov.br\/semcom\/audiencia-para-ouvir-motociclistas-transporte-aplicativo\/"]}]},{"@type":"ImageObject","inLanguage":"pt-BR","@id":"https:\/\/www.manaus.am.gov.br\/semcom\/audiencia-para-ouvir-motociclistas-transporte-aplicativo\/#primaryimage","url":"https:\/\/www.manaus.am.gov.br\/semcom\/wp-content\/uploads\/sites\/5\/2024\/11\/54134932256_93262fd46b_k.jpg","contentUrl":"https:\/\/www.manaus.am.gov.br\/semcom\/wp-content\/uploads\/sites\/5\/2024\/11\/54134932256_93262fd46b_k.jpg","width":2048,"height":1365,"caption":"#paratodosverem - Diretor-presidente do IMMU, Paulo Henrique Martins, reunido com motociclistas de transporte por aplicativo, durante audi\u00eancia p\u00fablica com a categoria"},{"@type":"WebSite","@id":"https:\/\/www.manaus.am.gov.br\/semcom\/#website","url":"https:\/\/www.manaus.am.gov.br\/semcom\/","name":"SEMCOM","description":"Secretaria Municipal de Comunica\u00e7\u00e3o","potentialAction":[{"@type":"SearchAction","target":{"@type":"EntryPoint","urlTemplate":"https:\/\/www.manaus.am.gov.br\/semcom\/?s={search_term_string}"},"query-input":"required name=search_term_string"}],"inLanguage":"pt-BR"},{"@type":"Person","@id":"https:\/\/www.manaus.am.gov.br\/semcom\/#\/schema\/person\/05d223aea2bf115f9883a6ff3683d81b","name":"Bruna Greco","image":{"@type":"ImageObject","inLanguage":"pt-BR","@id":"https:\/\/www.manaus.am.gov.br\/semcom\/#\/schema\/person\/image\/","url":"https:\/\/secure.gravatar.com\/avatar\/9c877d1a6adc2a055330e5c09a8653ce?s=96&d=mm&r=g","contentUrl":"https:\/\/secure.gravatar.com\/avatar\/9c877d1a6adc2a055330e5c09a8653ce?s=96&d=mm&r=g","caption":"Bruna Greco"}}]}},"_links":{"self":[{"href":"https:\/\/www.manaus.am.gov.br\/semcom\/wp-json\/wp\/v2\/posts\/231814"}],"collection":[{"href":"https:\/\/www.manaus.am.gov.br\/semcom\/wp-json\/wp\/v2\/posts"}],"about":[{"href":"https:\/\/www.manaus.am.gov.br\/semcom\/wp-json\/wp\/v2\/types\/post"}],"author":[{"embeddable":true,"href":"https:\/\/www.manaus.am.gov.br\/semcom\/wp-json\/wp\/v2\/users\/39"}],"replies":[{"embeddable":true,"href":"https:\/\/www.manaus.am.gov.br\/semcom\/wp-json\/wp\/v2\/comments?post=231814"}],"version-history":[{"count":1,"href":"https:\/\/www.manaus.am.gov.br\/semcom\/wp-json\/wp\/v2\/posts\/231814\/revisions"}],"predecessor-version":[{"id":231817,"href":"https:\/\/www.manaus.am.gov.br\/semcom\/wp-json\/wp\/v2\/posts\/231814\/revisions\/231817"}],"wp:featuredmedia":[{"embeddable":true,"href":"https:\/\/www.manaus.am.gov.br\/semcom\/wp-json\/wp\/v2\/media\/231816"}],"wp:attachment":[{"href":"https:\/\/www.manaus.am.gov.br\/semcom\/wp-json\/wp\/v2\/media?parent=231814"}],"wp:term":[{"taxonomy":"category","embeddable":true,"href":"https:\/\/www.manaus.am.gov.br\/semcom\/wp-json\/wp\/v2\/categories?post=231814"},{"taxonomy":"post_tag","embeddable":true,"href":"https:\/\/www.manaus.am.gov.br\/semcom\/wp-json\/wp\/v2\/tags?post=231814"}],"curies":[{"name":"wp","href":"https:\/\/api.w.org\/{rel}","templated":true}]}}