{"id":231774,"date":"2024-11-11T11:09:13","date_gmt":"2024-11-11T14:09:13","guid":{"rendered":"https:\/\/www.manaus.am.gov.br\/semcom\/programacao-semtepi-polodigitalmanaus\/"},"modified":"2024-11-11T11:09:15","modified_gmt":"2024-11-11T14:09:15","slug":"programacao-semtepi-polodigitalmanaus","status":"publish","type":"post","link":"https:\/\/www.manaus.am.gov.br\/semcom\/programacao-semtepi-polodigitalmanaus\/","title":{"rendered":"Prefeitura apresenta programa\u00e7\u00e3o da 5\u00aa edi\u00e7\u00e3o da Feira do Polo Digital de Manaus"},"content":{"rendered":"\n<p>A Prefeitura de Manaus, por meio da Secretaria Municipal do Trabalho, Empreendedorismo e Inova\u00e7\u00e3o (Semtepi), participa, nos dias 12, 13 e 14 de novembro, da 5\u00aa edi\u00e7\u00e3o da Feira do Polo Digital de Manaus, que ser\u00e1 realizada no Manaus Plaza Shopping, localizado na avenida Djalma Batista, zona Centro-Sul da capital. Focado em \u00e1reas como infraestrutura, educa\u00e7\u00e3o, sa\u00fade, seguran\u00e7a e sustentabilidade, o evento \u00e9 promovido pelo Conselho de Desenvolvimento Econ\u00f4mico, Sustent\u00e1vel e Estrat\u00e9gico de Manaus (Codese Manaus).<\/p>\n\n\n\n<p>A 5\u00aa edi\u00e7\u00e3o do evento de inova\u00e7\u00e3o tem como tema \u201cTransforma\u00e7\u00e3o Digital: a inova\u00e7\u00e3o para o sucesso do varejo\u201d. No espa\u00e7o da Prefeitura de Manaus, ser\u00e3o realizadas mais de dez palestras e rodas de conversas, com temas entre inova\u00e7\u00e3o, marketing, intelig\u00eancia artificial, empreendedorismo e capta\u00e7\u00e3o de recursos. Al\u00e9m disso, os participantes tamb\u00e9m ter\u00e3o acesso ao atendimento do Sine Manaus, com vagas de emprego, cadastro e orienta\u00e7\u00e3o de seguro-desemprego.<\/p>\n\n\n\n<p>\u201cPor determina\u00e7\u00e3o do prefeito David Almeida, n\u00f3s estamos apoiando e participando desse evento, que faz parte do Calend\u00e1rio Oficial da Cidade, a partir da Lei 2.560. Vamos aquecer o ecossistema de inova\u00e7\u00e3o em Manaus, mostrando para o restante do pa\u00eds que aqui temos um Polo Digital\u201d, afirmou o titular da Semtepi, Wagno Oliveira.<\/p>\n\n\n\n<p>Outros dez empreendedores de economia criativa, devidamente cadastrados na Semtepi, v\u00e3o expor seus trabalhos no evento. Representantes de&nbsp;<em>startups<\/em>&nbsp;tamb\u00e9m estar\u00e3o no espa\u00e7o, apresentando solu\u00e7\u00f5es inovadoras. A expectativa \u00e9 de que mais de 40 mil pessoas visitem o evento. O evento \u00e9 gratuito e aberto ao p\u00fablico, mediante inscri\u00e7\u00e3o pr\u00e9via no site&nbsp;<a href=\"https:\/\/www.fpdmcodesemao.tech\/event-details\/apex-indie-festival\" target=\"_blank\" rel=\"noreferrer noopener\">https:\/\/www.fpdmcodesemao.tech\/event-details\/apex-indie-festival<\/a>.<\/p>\n\n\n\n<p><strong>Confira a programa\u00e7\u00e3o completa do Espa\u00e7o Semtepi:<\/strong><\/p>\n\n\n\n<p>12 de novembro (Ter\u00e7a-Feira)<\/p>\n\n\n\n<p>15h \u2013&nbsp;Transforma\u00e7\u00e3o Digital: O presente e o futuro das organiza\u00e7\u00f5es<\/p>\n\n\n\n<p>Palestrante &#8211; Jacqueline Krosny \u2013 JK Consultoria<\/p>\n\n\n\n<p>17h \u2013&nbsp;Estrat\u00e9gias para capta\u00e7\u00e3o de recursos: desafios e oportunidades<\/p>\n\n\n\n<p>Palestrante &#8211; Priscilla Monteiro<\/p>\n\n\n\n<p>19h \u2013&nbsp;O uso da Intelig\u00eancia Artificial como ferramenta de trabalho<\/p>\n\n\n\n<p>Palestrante &#8211; Rocycleyton Cabral \u2013 coordenador de Engenharia de Processo<\/p>\n\n\n\n<p>13 de novembro (Quarta-Feira)<\/p>\n\n\n\n<p>15h \u2013&nbsp;Internacionaliza\u00e7\u00e3o de Startups<\/p>\n\n\n\n<p>Palestrante &#8211; Expedito Fernandes Belmont<\/p>\n\n\n\n<p>16h \u2013&nbsp;O profissional do futuro<\/p>\n\n\n\n<p>Palestrante &#8211; Jaqueline Soeiro \u2013 Sthart\u00e1bil<\/p>\n\n\n\n<p>17h30 \u2013&nbsp;Solu\u00e7\u00f5es para cidades inteligentes e solu\u00e7\u00f5es de gest\u00e3o de res\u00edduos s\u00f3lidos<\/p>\n\n\n\n<p>Palestrante &#8211; Paulo Cesar da Silva<\/p>\n\n\n\n<p>19h-&nbsp;Alta performance na transforma\u00e7\u00e3o digital da minha empresa<\/p>\n\n\n\n<p>Palestrante &#8211; Michella Lasmar<\/p>\n\n\n\n<p>14 de novembro (Quinta-Feira)<\/p>\n\n\n\n<p>15h \u2013&nbsp;IA para marketing<\/p>\n\n\n\n<p>Palestrante &#8211; Makio Treinamentos<\/p>\n\n\n\n<p>16h \u2013&nbsp;O profissional do futuro<\/p>\n\n\n\n<p>Palestrante &#8211; Jaqueline Soeiro \u2013 Sthart\u00e1bil<\/p>\n\n\n\n<p>17h \u2013&nbsp;Tecnologia e Inova\u00e7\u00e3o dos meios de pagamento<\/p>\n\n\n\n<p>Roda de conversa: Jo\u00e3o Paulo Medeiros; Luciano Brito; Ivanilson Ribeiro; Katarina Capobiango; Rafael Sim\u00e3o<\/p>\n\n\n\n<p>19h \u2013&nbsp;Consumidor 4.0: Transforma\u00e7\u00e3o Digital e as mudan\u00e7as no comportamento de compra atrav\u00e9s das gera\u00e7\u00f5es<\/p>\n\n\n\n<p>Roda de Conversa: Cristorffer Guimar\u00e3es; Fred Farias; Beatriz Silveira<\/p>\n\n\n\n<p>&#8212; &#8212; &#8212;<\/p>\n\n\n\n<p><strong>Texto <\/strong>\u2013\u00a0Divulga\u00e7\u00e3o \/ Semtepi<\/p>\n\n\n\n<p><strong>Fotos<\/strong> &#8211;\u00a0Divulga\u00e7\u00e3o \/ Semcom<\/p>\n","protected":false},"excerpt":{"rendered":"","protected":false},"author":23,"featured_media":231775,"comment_status":"closed","ping_status":"closed","sticky":false,"template":"","format":"standard","meta":{"footnotes":""},"categories":[3085],"tags":[3901,12476,77,22],"acf":[],"yoast_head":"<!-- This site is optimized with the Yoast SEO plugin v23.0 - https:\/\/yoast.com\/wordpress\/plugins\/seo\/ -->\n<title>Prefeitura apresenta programa\u00e7\u00e3o da 5\u00aa edi\u00e7\u00e3o da Feira do Polo Digital de Manaus<\/title>\n<meta name=\"description\" content=\"A Prefeitura de Manaus, por meio da Secretaria Municipal do Trabalho, Empreendedorismo e Inova\u00e7\u00e3o (Semtepi), participa, nos dias 12, 13 e 14 de novembro, da 5\u00aa edi\u00e7\u00e3o da Feira do Polo Digital de Manaus, que ser\u00e1 realizada no Manaus Plaza Shopping, localizado na avenida Djalma Batista, zona Centro-Sul da capital.\" \/>\n<meta name=\"robots\" content=\"index, follow, max-snippet:-1, max-image-preview:large, max-video-preview:-1\" \/>\n<link rel=\"canonical\" href=\"https:\/\/www.manaus.am.gov.br\/semcom\/programacao-semtepi-polodigitalmanaus\/\" \/>\n<meta property=\"og:locale\" content=\"pt_BR\" \/>\n<meta property=\"og:type\" content=\"article\" \/>\n<meta property=\"og:title\" content=\"Prefeitura apresenta programa\u00e7\u00e3o da 5\u00aa edi\u00e7\u00e3o da Feira do Polo Digital de Manaus\" \/>\n<meta property=\"og:description\" content=\"A Prefeitura de Manaus, por meio da Secretaria Municipal do Trabalho, Empreendedorismo e Inova\u00e7\u00e3o (Semtepi), participa, nos dias 12, 13 e 14 de novembro, da 5\u00aa edi\u00e7\u00e3o da Feira do Polo Digital de Manaus, que ser\u00e1 realizada no Manaus Plaza Shopping, localizado na avenida Djalma Batista, zona Centro-Sul da capital.\" \/>\n<meta property=\"og:url\" content=\"https:\/\/www.manaus.am.gov.br\/semcom\/programacao-semtepi-polodigitalmanaus\/\" \/>\n<meta property=\"og:site_name\" content=\"SEMCOM\" \/>\n<meta property=\"article:published_time\" content=\"2024-11-11T14:09:13+00:00\" \/>\n<meta property=\"article:modified_time\" content=\"2024-11-11T14:09:15+00:00\" \/>\n<meta property=\"og:image\" content=\"https:\/\/www.manaus.am.gov.br\/semcom\/wp-content\/uploads\/sites\/5\/2024\/11\/Feira-do-Polo-Digital-Manaus-1.jpeg\" \/>\n\t<meta property=\"og:image:width\" content=\"1600\" \/>\n\t<meta property=\"og:image:height\" content=\"1066\" \/>\n\t<meta property=\"og:image:type\" content=\"image\/jpeg\" \/>\n<meta name=\"author\" content=\"Adriana Costa\" \/>\n<meta name=\"twitter:card\" content=\"summary_large_image\" \/>\n<meta name=\"twitter:label1\" content=\"Written by\" \/>\n\t<meta name=\"twitter:data1\" content=\"Adriana Costa\" \/>\n\t<meta name=\"twitter:label2\" content=\"Est. reading time\" \/>\n\t<meta name=\"twitter:data2\" content=\"3 minutos\" \/>\n<script type=\"application\/ld+json\" class=\"yoast-schema-graph\">{\"@context\":\"https:\/\/schema.org\",\"@graph\":[{\"@type\":\"WebPage\",\"@id\":\"https:\/\/www.manaus.am.gov.br\/semcom\/programacao-semtepi-polodigitalmanaus\/\",\"url\":\"https:\/\/www.manaus.am.gov.br\/semcom\/programacao-semtepi-polodigitalmanaus\/\",\"name\":\"Prefeitura apresenta programa\u00e7\u00e3o da 5\u00aa edi\u00e7\u00e3o da Feira do Polo Digital de Manaus\",\"isPartOf\":{\"@id\":\"https:\/\/www.manaus.am.gov.br\/semcom\/#website\"},\"primaryImageOfPage\":{\"@id\":\"https:\/\/www.manaus.am.gov.br\/semcom\/programacao-semtepi-polodigitalmanaus\/#primaryimage\"},\"image\":{\"@id\":\"https:\/\/www.manaus.am.gov.br\/semcom\/programacao-semtepi-polodigitalmanaus\/#primaryimage\"},\"thumbnailUrl\":\"https:\/\/www.manaus.am.gov.br\/semcom\/wp-content\/uploads\/sites\/5\/2024\/11\/Feira-do-Polo-Digital-Manaus-1.jpeg\",\"datePublished\":\"2024-11-11T14:09:13+00:00\",\"dateModified\":\"2024-11-11T14:09:15+00:00\",\"author\":{\"@id\":\"https:\/\/www.manaus.am.gov.br\/semcom\/#\/schema\/person\/4e49f4e267757a06ca072ec61b2b9968\"},\"description\":\"A Prefeitura de Manaus, por meio da Secretaria Municipal do Trabalho, Empreendedorismo e Inova\u00e7\u00e3o (Semtepi), participa, nos dias 12, 13 e 14 de novembro, da 5\u00aa edi\u00e7\u00e3o da Feira do Polo Digital de Manaus, que ser\u00e1 realizada no Manaus Plaza Shopping, localizado na avenida Djalma Batista, zona Centro-Sul da capital.\",\"inLanguage\":\"pt-BR\",\"potentialAction\":[{\"@type\":\"ReadAction\",\"target\":[\"https:\/\/www.manaus.am.gov.br\/semcom\/programacao-semtepi-polodigitalmanaus\/\"]}]},{\"@type\":\"ImageObject\",\"inLanguage\":\"pt-BR\",\"@id\":\"https:\/\/www.manaus.am.gov.br\/semcom\/programacao-semtepi-polodigitalmanaus\/#primaryimage\",\"url\":\"https:\/\/www.manaus.am.gov.br\/semcom\/wp-content\/uploads\/sites\/5\/2024\/11\/Feira-do-Polo-Digital-Manaus-1.jpeg\",\"contentUrl\":\"https:\/\/www.manaus.am.gov.br\/semcom\/wp-content\/uploads\/sites\/5\/2024\/11\/Feira-do-Polo-Digital-Manaus-1.jpeg\",\"width\":1600,\"height\":1066},{\"@type\":\"WebSite\",\"@id\":\"https:\/\/www.manaus.am.gov.br\/semcom\/#website\",\"url\":\"https:\/\/www.manaus.am.gov.br\/semcom\/\",\"name\":\"SEMCOM\",\"description\":\"Secretaria Municipal de Comunica\u00e7\u00e3o\",\"potentialAction\":[{\"@type\":\"SearchAction\",\"target\":{\"@type\":\"EntryPoint\",\"urlTemplate\":\"https:\/\/www.manaus.am.gov.br\/semcom\/?s={search_term_string}\"},\"query-input\":\"required name=search_term_string\"}],\"inLanguage\":\"pt-BR\"},{\"@type\":\"Person\",\"@id\":\"https:\/\/www.manaus.am.gov.br\/semcom\/#\/schema\/person\/4e49f4e267757a06ca072ec61b2b9968\",\"name\":\"Adriana Costa\",\"image\":{\"@type\":\"ImageObject\",\"inLanguage\":\"pt-BR\",\"@id\":\"https:\/\/www.manaus.am.gov.br\/semcom\/#\/schema\/person\/image\/\",\"url\":\"https:\/\/secure.gravatar.com\/avatar\/576258617ef7194f718179e766d57bd4?s=96&d=mm&r=g\",\"contentUrl\":\"https:\/\/secure.gravatar.com\/avatar\/576258617ef7194f718179e766d57bd4?s=96&d=mm&r=g\",\"caption\":\"Adriana Costa\"}}]}<\/script>\n<!-- \/ Yoast SEO plugin. -->","yoast_head_json":{"title":"Prefeitura apresenta programa\u00e7\u00e3o da 5\u00aa edi\u00e7\u00e3o da Feira do Polo Digital de Manaus","description":"A Prefeitura de Manaus, por meio da Secretaria Municipal do Trabalho, Empreendedorismo e Inova\u00e7\u00e3o (Semtepi), participa, nos dias 12, 13 e 14 de novembro, da 5\u00aa edi\u00e7\u00e3o da Feira do Polo Digital de Manaus, que ser\u00e1 realizada no Manaus Plaza Shopping, localizado na avenida Djalma Batista, zona Centro-Sul da capital.","robots":{"index":"index","follow":"follow","max-snippet":"max-snippet:-1","max-image-preview":"max-image-preview:large","max-video-preview":"max-video-preview:-1"},"canonical":"https:\/\/www.manaus.am.gov.br\/semcom\/programacao-semtepi-polodigitalmanaus\/","og_locale":"pt_BR","og_type":"article","og_title":"Prefeitura apresenta programa\u00e7\u00e3o da 5\u00aa edi\u00e7\u00e3o da Feira do Polo Digital de Manaus","og_description":"A Prefeitura de Manaus, por meio da Secretaria Municipal do Trabalho, Empreendedorismo e Inova\u00e7\u00e3o (Semtepi), participa, nos dias 12, 13 e 14 de novembro, da 5\u00aa edi\u00e7\u00e3o da Feira do Polo Digital de Manaus, que ser\u00e1 realizada no Manaus Plaza Shopping, localizado na avenida Djalma Batista, zona Centro-Sul da capital.","og_url":"https:\/\/www.manaus.am.gov.br\/semcom\/programacao-semtepi-polodigitalmanaus\/","og_site_name":"SEMCOM","article_published_time":"2024-11-11T14:09:13+00:00","article_modified_time":"2024-11-11T14:09:15+00:00","og_image":[{"width":1600,"height":1066,"url":"https:\/\/www.manaus.am.gov.br\/semcom\/wp-content\/uploads\/sites\/5\/2024\/11\/Feira-do-Polo-Digital-Manaus-1.jpeg","type":"image\/jpeg"}],"author":"Adriana Costa","twitter_card":"summary_large_image","twitter_misc":{"Written by":"Adriana Costa","Est. reading time":"3 minutos"},"schema":{"@context":"https:\/\/schema.org","@graph":[{"@type":"WebPage","@id":"https:\/\/www.manaus.am.gov.br\/semcom\/programacao-semtepi-polodigitalmanaus\/","url":"https:\/\/www.manaus.am.gov.br\/semcom\/programacao-semtepi-polodigitalmanaus\/","name":"Prefeitura apresenta programa\u00e7\u00e3o da 5\u00aa edi\u00e7\u00e3o da Feira do Polo Digital de Manaus","isPartOf":{"@id":"https:\/\/www.manaus.am.gov.br\/semcom\/#website"},"primaryImageOfPage":{"@id":"https:\/\/www.manaus.am.gov.br\/semcom\/programacao-semtepi-polodigitalmanaus\/#primaryimage"},"image":{"@id":"https:\/\/www.manaus.am.gov.br\/semcom\/programacao-semtepi-polodigitalmanaus\/#primaryimage"},"thumbnailUrl":"https:\/\/www.manaus.am.gov.br\/semcom\/wp-content\/uploads\/sites\/5\/2024\/11\/Feira-do-Polo-Digital-Manaus-1.jpeg","datePublished":"2024-11-11T14:09:13+00:00","dateModified":"2024-11-11T14:09:15+00:00","author":{"@id":"https:\/\/www.manaus.am.gov.br\/semcom\/#\/schema\/person\/4e49f4e267757a06ca072ec61b2b9968"},"description":"A Prefeitura de Manaus, por meio da Secretaria Municipal do Trabalho, Empreendedorismo e Inova\u00e7\u00e3o (Semtepi), participa, nos dias 12, 13 e 14 de novembro, da 5\u00aa edi\u00e7\u00e3o da Feira do Polo Digital de Manaus, que ser\u00e1 realizada no Manaus Plaza Shopping, localizado na avenida Djalma Batista, zona Centro-Sul da capital.","inLanguage":"pt-BR","potentialAction":[{"@type":"ReadAction","target":["https:\/\/www.manaus.am.gov.br\/semcom\/programacao-semtepi-polodigitalmanaus\/"]}]},{"@type":"ImageObject","inLanguage":"pt-BR","@id":"https:\/\/www.manaus.am.gov.br\/semcom\/programacao-semtepi-polodigitalmanaus\/#primaryimage","url":"https:\/\/www.manaus.am.gov.br\/semcom\/wp-content\/uploads\/sites\/5\/2024\/11\/Feira-do-Polo-Digital-Manaus-1.jpeg","contentUrl":"https:\/\/www.manaus.am.gov.br\/semcom\/wp-content\/uploads\/sites\/5\/2024\/11\/Feira-do-Polo-Digital-Manaus-1.jpeg","width":1600,"height":1066},{"@type":"WebSite","@id":"https:\/\/www.manaus.am.gov.br\/semcom\/#website","url":"https:\/\/www.manaus.am.gov.br\/semcom\/","name":"SEMCOM","description":"Secretaria Municipal de Comunica\u00e7\u00e3o","potentialAction":[{"@type":"SearchAction","target":{"@type":"EntryPoint","urlTemplate":"https:\/\/www.manaus.am.gov.br\/semcom\/?s={search_term_string}"},"query-input":"required name=search_term_string"}],"inLanguage":"pt-BR"},{"@type":"Person","@id":"https:\/\/www.manaus.am.gov.br\/semcom\/#\/schema\/person\/4e49f4e267757a06ca072ec61b2b9968","name":"Adriana Costa","image":{"@type":"ImageObject","inLanguage":"pt-BR","@id":"https:\/\/www.manaus.am.gov.br\/semcom\/#\/schema\/person\/image\/","url":"https:\/\/secure.gravatar.com\/avatar\/576258617ef7194f718179e766d57bd4?s=96&d=mm&r=g","contentUrl":"https:\/\/secure.gravatar.com\/avatar\/576258617ef7194f718179e766d57bd4?s=96&d=mm&r=g","caption":"Adriana Costa"}}]}},"_links":{"self":[{"href":"https:\/\/www.manaus.am.gov.br\/semcom\/wp-json\/wp\/v2\/posts\/231774"}],"collection":[{"href":"https:\/\/www.manaus.am.gov.br\/semcom\/wp-json\/wp\/v2\/posts"}],"about":[{"href":"https:\/\/www.manaus.am.gov.br\/semcom\/wp-json\/wp\/v2\/types\/post"}],"author":[{"embeddable":true,"href":"https:\/\/www.manaus.am.gov.br\/semcom\/wp-json\/wp\/v2\/users\/23"}],"replies":[{"embeddable":true,"href":"https:\/\/www.manaus.am.gov.br\/semcom\/wp-json\/wp\/v2\/comments?post=231774"}],"version-history":[{"count":0,"href":"https:\/\/www.manaus.am.gov.br\/semcom\/wp-json\/wp\/v2\/posts\/231774\/revisions"}],"wp:featuredmedia":[{"embeddable":true,"href":"https:\/\/www.manaus.am.gov.br\/semcom\/wp-json\/wp\/v2\/media\/231775"}],"wp:attachment":[{"href":"https:\/\/www.manaus.am.gov.br\/semcom\/wp-json\/wp\/v2\/media?parent=231774"}],"wp:term":[{"taxonomy":"category","embeddable":true,"href":"https:\/\/www.manaus.am.gov.br\/semcom\/wp-json\/wp\/v2\/categories?post=231774"},{"taxonomy":"post_tag","embeddable":true,"href":"https:\/\/www.manaus.am.gov.br\/semcom\/wp-json\/wp\/v2\/tags?post=231774"}],"curies":[{"name":"wp","href":"https:\/\/api.w.org\/{rel}","templated":true}]}}