{"id":231751,"date":"2024-11-08T16:05:20","date_gmt":"2024-11-08T20:05:20","guid":{"rendered":"https:\/\/www.manaus.am.gov.br\/semcom\/alerta-beneficiarios-bolsa-familia-prazo-acompanhamento-saude\/"},"modified":"2024-11-08T16:05:20","modified_gmt":"2024-11-08T20:05:20","slug":"alerta-beneficiarios-bolsa-familia-prazo-acompanhamento-saude","status":"publish","type":"post","link":"https:\/\/www.manaus.am.gov.br\/semcom\/alerta-beneficiarios-bolsa-familia-prazo-acompanhamento-saude\/","title":{"rendered":"Prefeitura alerta benefici\u00e1rios do Bolsa Fam\u00edlia para prazo do acompanhamento de sa\u00fade"},"content":{"rendered":"\n<p>A Prefeitura de Manaus orienta os benefici\u00e1rios do Bolsa Fam\u00edlia para que compare\u00e7am a uma das unidades da rede b\u00e1sica de assist\u00eancia para a realiza\u00e7\u00e3o do acompanhamento semestral de sa\u00fade, uma das condi\u00e7\u00f5es para a manuten\u00e7\u00e3o do benef\u00edcio social. Dados da Secretaria Municipal de Sa\u00fade (Semsa) apontam que mais de 308 mil usu\u00e1rios, sendo 100 mil crian\u00e7as, devem realizar a consulta na atual vig\u00eancia do programa, que encerra no pr\u00f3ximo dia 31\/12.<\/p>\n\n\n\n<p>O coordenador municipal do programa Bolsa Fam\u00edlia na Semsa, nutricionista Victor Costa, explica que o acompanhamento \u00e9 feito nas unidades da rede municipal de sa\u00fade, sendo requerido para crian\u00e7as de 0 at\u00e9 7 anos incompletos (6 anos e 11 meses) e mulheres de todas as idades. O procedimento deve ser feito nas duas vig\u00eancias anuais, sendo uma de 1\u00ba\/1 a 30\/6 e outra de 1\u00ba\/7 a 31\/12.<\/p>\n\n\n\n<p>\u201cNeste semestre houve um aumento significativo de benefici\u00e1rios no programa, e por isso \u00e9 importante que eles busquem este servi\u00e7o o mais cedo poss\u00edvel. Assim, evitam o risco de encontrar a unidade de sa\u00fade eventualmente sobrecarregada\u201d, orienta.<\/p>\n\n\n\n<p>Para garantir o acompanhamento, os benefici\u00e1rios devem comparecer em qualquer das unidades municipais de sa\u00fade, preferencialmente a mais pr\u00f3xima de sua casa. Havendo mais de uma pessoa na fam\u00edlia, devem comparecer todos os benefici\u00e1rios do sexo feminino e crian\u00e7as menores de 7 anos, portando os documentos necess\u00e1rios.<\/p>\n\n\n\n<p>\u201cNa unidade, devem apresentar o documento oficial de identifica\u00e7\u00e3o com foto, CPF e cart\u00e3o do Sistema \u00danico de Sa\u00fade (SUS), al\u00e9m de outros documentos requeridos para o atendimento de sa\u00fade, como a caderneta de sa\u00fade\/vacina\u00e7\u00e3o\u201d, informa.<\/p>\n\n\n\n<p>De acordo com o nutricionista, at\u00e9 esta quinta-feira, 7\/11, de um total de 521.153 benefici\u00e1rios do Bolsa Fam\u00edlia em Manaus, somente 213.007 haviam realizado o acompanhamento de sa\u00fade da atual vig\u00eancia do programa nas unidades municipais de sa\u00fade. Dentre os 308.146 que ainda precisam efetuar o procedimento, aproximadamente 100 mil s\u00e3o beb\u00eas e crian\u00e7as.<\/p>\n\n\n\n<p>\u201cSe o benefici\u00e1rio ultrapassa o prazo para o acompanhamento, pode sofrer san\u00e7\u00f5es do programa federal, como suspens\u00e3o, bloqueio ou at\u00e9 cancelamento do benef\u00edcio\u201d, alerta.<\/p>\n\n\n\n<figure class=\"wp-block-image size-large\"><img loading=\"lazy\" decoding=\"async\" width=\"1024\" height=\"728\" src=\"https:\/\/www.manaus.am.gov.br\/semcom\/wp-content\/uploads\/sites\/5\/2024\/11\/Novembro-08_Acompanhamento-Bolsa-Familia-3-1024x728.jpg\" alt=\"\" class=\"wp-image-231752\" srcset=\"https:\/\/www.manaus.am.gov.br\/semcom\/wp-content\/uploads\/sites\/5\/2024\/11\/Novembro-08_Acompanhamento-Bolsa-Familia-3-1024x728.jpg 1024w, https:\/\/www.manaus.am.gov.br\/semcom\/wp-content\/uploads\/sites\/5\/2024\/11\/Novembro-08_Acompanhamento-Bolsa-Familia-3-300x213.jpg 300w, https:\/\/www.manaus.am.gov.br\/semcom\/wp-content\/uploads\/sites\/5\/2024\/11\/Novembro-08_Acompanhamento-Bolsa-Familia-3-768x546.jpg 768w, https:\/\/www.manaus.am.gov.br\/semcom\/wp-content\/uploads\/sites\/5\/2024\/11\/Novembro-08_Acompanhamento-Bolsa-Familia-3-1536x1092.jpg 1536w, https:\/\/www.manaus.am.gov.br\/semcom\/wp-content\/uploads\/sites\/5\/2024\/11\/Novembro-08_Acompanhamento-Bolsa-Familia-3-2048x1457.jpg 2048w\" sizes=\"(max-width: 1024px) 100vw, 1024px\" \/><\/figure>\n\n\n\n<p><strong>Acompanhamento<\/strong><\/p>\n\n\n\n<p>O Bolsa Fam\u00edlia \u00e9 um programa intersetorial que tem como objetivo promover a redu\u00e7\u00e3o da desigualdade social, sendo voltado a pessoas e fam\u00edlias em situa\u00e7\u00e3o de pobreza ou pobreza extrema. Os benefici\u00e1rios do programa assumem compromissos nas \u00e1reas de sa\u00fade, educa\u00e7\u00e3o e assist\u00eancia social para manuten\u00e7\u00e3o do benef\u00edcio.<\/p>\n\n\n\n<p>Na sa\u00fade, os benefici\u00e1rios devem passar por acompanhamento a cada seis meses, nas unidades municipais do SUS, conforme os per\u00edodos j\u00e1 mencionados.<\/p>\n\n\n\n<p>\u201c\u00c9 um acompanhamento de sa\u00fade completo. Durante o atendimento, os profissionais fazem a avalia\u00e7\u00e3o do estado nutricional, mediante aferi\u00e7\u00e3o de peso e altura, e a verifica\u00e7\u00e3o da situa\u00e7\u00e3o vacinal. Cabe destacar que as mulheres, al\u00e9m da consulta de rotina, devem fazer o pr\u00e9-natal, em caso de gesta\u00e7\u00e3o\u201d, resume Victor.<\/p>\n\n\n\n<p>O coordenador do Bolsa Fam\u00edlia na Semsa orienta ainda os benefici\u00e1rios para que fiquem atentos \u00e0s demais condicionalidades do programa social. \u201cAl\u00e9m da consulta nas unidades b\u00e1sicas, \u00e9 importante ter sempre atualizado o seu cadastro junto ao Cras e, no caso dos alunos da Educa\u00e7\u00e3o B\u00e1sica, manter a frequ\u00eancia escolar\u201d, conclui.<\/p>\n\n\n\n<p>&#8212; &#8212; &#8212;&nbsp;<\/p>\n\n\n\n<p><strong>Texto &#8211;\u00a0<\/strong>Jony Clay Borges\/Semsa<\/p>\n\n\n\n<p><strong>Fotos &#8211;\u00a0<\/strong>Divulga\u00e7\u00e3o\/Semsa<\/p>\n","protected":false},"excerpt":{"rendered":"","protected":false},"author":39,"featured_media":231753,"comment_status":"closed","ping_status":"closed","sticky":false,"template":"","format":"standard","meta":{"footnotes":""},"categories":[462],"tags":[994,12471,12472,77,162],"acf":[],"yoast_head":"<!-- This site is optimized with the Yoast SEO plugin v23.0 - https:\/\/yoast.com\/wordpress\/plugins\/seo\/ -->\n<title>Alerta benefici\u00e1rios do Bolsa Fam\u00edlia para prazo do acompanhamento de sa\u00fade<\/title>\n<meta name=\"description\" content=\"Prefeitura de Manaus orienta os benefici\u00e1rios do Bolsa Fam\u00edlia para que realizem o acompanhamento semestral de sa\u00fade.\" \/>\n<meta name=\"robots\" content=\"index, follow, max-snippet:-1, max-image-preview:large, max-video-preview:-1\" \/>\n<link rel=\"canonical\" href=\"https:\/\/www.manaus.am.gov.br\/semcom\/alerta-beneficiarios-bolsa-familia-prazo-acompanhamento-saude\/\" \/>\n<meta property=\"og:locale\" content=\"pt_BR\" \/>\n<meta property=\"og:type\" content=\"article\" \/>\n<meta property=\"og:title\" content=\"Alerta benefici\u00e1rios do Bolsa Fam\u00edlia para prazo do acompanhamento de sa\u00fade\" \/>\n<meta property=\"og:description\" content=\"Prefeitura de Manaus orienta os benefici\u00e1rios do Bolsa Fam\u00edlia para que realizem o acompanhamento semestral de sa\u00fade.\" \/>\n<meta property=\"og:url\" content=\"https:\/\/www.manaus.am.gov.br\/semcom\/alerta-beneficiarios-bolsa-familia-prazo-acompanhamento-saude\/\" \/>\n<meta property=\"og:site_name\" content=\"SEMCOM\" \/>\n<meta property=\"article:published_time\" content=\"2024-11-08T20:05:20+00:00\" \/>\n<meta property=\"og:image\" content=\"https:\/\/www.manaus.am.gov.br\/semcom\/wp-content\/uploads\/sites\/5\/2024\/11\/Novembro-08_Acompanhamento-Bolsa-Familia-1.jpg\" \/>\n\t<meta property=\"og:image:width\" content=\"4000\" \/>\n\t<meta property=\"og:image:height\" content=\"2667\" \/>\n\t<meta property=\"og:image:type\" content=\"image\/jpeg\" \/>\n<meta name=\"author\" content=\"Bruna Greco\" \/>\n<meta name=\"twitter:card\" content=\"summary_large_image\" \/>\n<meta name=\"twitter:label1\" content=\"Written by\" \/>\n\t<meta name=\"twitter:data1\" content=\"Bruna Greco\" \/>\n\t<meta name=\"twitter:label2\" content=\"Est. reading time\" \/>\n\t<meta name=\"twitter:data2\" content=\"4 minutos\" \/>\n<script type=\"application\/ld+json\" class=\"yoast-schema-graph\">{\"@context\":\"https:\/\/schema.org\",\"@graph\":[{\"@type\":\"WebPage\",\"@id\":\"https:\/\/www.manaus.am.gov.br\/semcom\/alerta-beneficiarios-bolsa-familia-prazo-acompanhamento-saude\/\",\"url\":\"https:\/\/www.manaus.am.gov.br\/semcom\/alerta-beneficiarios-bolsa-familia-prazo-acompanhamento-saude\/\",\"name\":\"Alerta benefici\u00e1rios do Bolsa Fam\u00edlia para prazo do acompanhamento de sa\u00fade\",\"isPartOf\":{\"@id\":\"https:\/\/www.manaus.am.gov.br\/semcom\/#website\"},\"primaryImageOfPage\":{\"@id\":\"https:\/\/www.manaus.am.gov.br\/semcom\/alerta-beneficiarios-bolsa-familia-prazo-acompanhamento-saude\/#primaryimage\"},\"image\":{\"@id\":\"https:\/\/www.manaus.am.gov.br\/semcom\/alerta-beneficiarios-bolsa-familia-prazo-acompanhamento-saude\/#primaryimage\"},\"thumbnailUrl\":\"https:\/\/www.manaus.am.gov.br\/semcom\/wp-content\/uploads\/sites\/5\/2024\/11\/Novembro-08_Acompanhamento-Bolsa-Familia-1.jpg\",\"datePublished\":\"2024-11-08T20:05:20+00:00\",\"dateModified\":\"2024-11-08T20:05:20+00:00\",\"author\":{\"@id\":\"https:\/\/www.manaus.am.gov.br\/semcom\/#\/schema\/person\/05d223aea2bf115f9883a6ff3683d81b\"},\"description\":\"Prefeitura de Manaus orienta os benefici\u00e1rios do Bolsa Fam\u00edlia para que realizem o acompanhamento semestral de sa\u00fade.\",\"inLanguage\":\"pt-BR\",\"potentialAction\":[{\"@type\":\"ReadAction\",\"target\":[\"https:\/\/www.manaus.am.gov.br\/semcom\/alerta-beneficiarios-bolsa-familia-prazo-acompanhamento-saude\/\"]}]},{\"@type\":\"ImageObject\",\"inLanguage\":\"pt-BR\",\"@id\":\"https:\/\/www.manaus.am.gov.br\/semcom\/alerta-beneficiarios-bolsa-familia-prazo-acompanhamento-saude\/#primaryimage\",\"url\":\"https:\/\/www.manaus.am.gov.br\/semcom\/wp-content\/uploads\/sites\/5\/2024\/11\/Novembro-08_Acompanhamento-Bolsa-Familia-1.jpg\",\"contentUrl\":\"https:\/\/www.manaus.am.gov.br\/semcom\/wp-content\/uploads\/sites\/5\/2024\/11\/Novembro-08_Acompanhamento-Bolsa-Familia-1.jpg\",\"width\":4000,\"height\":2667,\"caption\":\"#paratodosverem - Profissional da Semsa realizando atendimento de benefici\u00e1ria do programa Bolsa Fam\u00edlia\"},{\"@type\":\"WebSite\",\"@id\":\"https:\/\/www.manaus.am.gov.br\/semcom\/#website\",\"url\":\"https:\/\/www.manaus.am.gov.br\/semcom\/\",\"name\":\"SEMCOM\",\"description\":\"Secretaria Municipal de Comunica\u00e7\u00e3o\",\"potentialAction\":[{\"@type\":\"SearchAction\",\"target\":{\"@type\":\"EntryPoint\",\"urlTemplate\":\"https:\/\/www.manaus.am.gov.br\/semcom\/?s={search_term_string}\"},\"query-input\":\"required name=search_term_string\"}],\"inLanguage\":\"pt-BR\"},{\"@type\":\"Person\",\"@id\":\"https:\/\/www.manaus.am.gov.br\/semcom\/#\/schema\/person\/05d223aea2bf115f9883a6ff3683d81b\",\"name\":\"Bruna Greco\",\"image\":{\"@type\":\"ImageObject\",\"inLanguage\":\"pt-BR\",\"@id\":\"https:\/\/www.manaus.am.gov.br\/semcom\/#\/schema\/person\/image\/\",\"url\":\"https:\/\/secure.gravatar.com\/avatar\/9c877d1a6adc2a055330e5c09a8653ce?s=96&d=mm&r=g\",\"contentUrl\":\"https:\/\/secure.gravatar.com\/avatar\/9c877d1a6adc2a055330e5c09a8653ce?s=96&d=mm&r=g\",\"caption\":\"Bruna Greco\"}}]}<\/script>\n<!-- \/ Yoast SEO plugin. -->","yoast_head_json":{"title":"Alerta benefici\u00e1rios do Bolsa Fam\u00edlia para prazo do acompanhamento de sa\u00fade","description":"Prefeitura de Manaus orienta os benefici\u00e1rios do Bolsa Fam\u00edlia para que realizem o acompanhamento semestral de sa\u00fade.","robots":{"index":"index","follow":"follow","max-snippet":"max-snippet:-1","max-image-preview":"max-image-preview:large","max-video-preview":"max-video-preview:-1"},"canonical":"https:\/\/www.manaus.am.gov.br\/semcom\/alerta-beneficiarios-bolsa-familia-prazo-acompanhamento-saude\/","og_locale":"pt_BR","og_type":"article","og_title":"Alerta benefici\u00e1rios do Bolsa Fam\u00edlia para prazo do acompanhamento de sa\u00fade","og_description":"Prefeitura de Manaus orienta os benefici\u00e1rios do Bolsa Fam\u00edlia para que realizem o acompanhamento semestral de sa\u00fade.","og_url":"https:\/\/www.manaus.am.gov.br\/semcom\/alerta-beneficiarios-bolsa-familia-prazo-acompanhamento-saude\/","og_site_name":"SEMCOM","article_published_time":"2024-11-08T20:05:20+00:00","og_image":[{"width":4000,"height":2667,"url":"https:\/\/www.manaus.am.gov.br\/semcom\/wp-content\/uploads\/sites\/5\/2024\/11\/Novembro-08_Acompanhamento-Bolsa-Familia-1.jpg","type":"image\/jpeg"}],"author":"Bruna Greco","twitter_card":"summary_large_image","twitter_misc":{"Written by":"Bruna Greco","Est. reading time":"4 minutos"},"schema":{"@context":"https:\/\/schema.org","@graph":[{"@type":"WebPage","@id":"https:\/\/www.manaus.am.gov.br\/semcom\/alerta-beneficiarios-bolsa-familia-prazo-acompanhamento-saude\/","url":"https:\/\/www.manaus.am.gov.br\/semcom\/alerta-beneficiarios-bolsa-familia-prazo-acompanhamento-saude\/","name":"Alerta benefici\u00e1rios do Bolsa Fam\u00edlia para prazo do acompanhamento de sa\u00fade","isPartOf":{"@id":"https:\/\/www.manaus.am.gov.br\/semcom\/#website"},"primaryImageOfPage":{"@id":"https:\/\/www.manaus.am.gov.br\/semcom\/alerta-beneficiarios-bolsa-familia-prazo-acompanhamento-saude\/#primaryimage"},"image":{"@id":"https:\/\/www.manaus.am.gov.br\/semcom\/alerta-beneficiarios-bolsa-familia-prazo-acompanhamento-saude\/#primaryimage"},"thumbnailUrl":"https:\/\/www.manaus.am.gov.br\/semcom\/wp-content\/uploads\/sites\/5\/2024\/11\/Novembro-08_Acompanhamento-Bolsa-Familia-1.jpg","datePublished":"2024-11-08T20:05:20+00:00","dateModified":"2024-11-08T20:05:20+00:00","author":{"@id":"https:\/\/www.manaus.am.gov.br\/semcom\/#\/schema\/person\/05d223aea2bf115f9883a6ff3683d81b"},"description":"Prefeitura de Manaus orienta os benefici\u00e1rios do Bolsa Fam\u00edlia para que realizem o acompanhamento semestral de sa\u00fade.","inLanguage":"pt-BR","potentialAction":[{"@type":"ReadAction","target":["https:\/\/www.manaus.am.gov.br\/semcom\/alerta-beneficiarios-bolsa-familia-prazo-acompanhamento-saude\/"]}]},{"@type":"ImageObject","inLanguage":"pt-BR","@id":"https:\/\/www.manaus.am.gov.br\/semcom\/alerta-beneficiarios-bolsa-familia-prazo-acompanhamento-saude\/#primaryimage","url":"https:\/\/www.manaus.am.gov.br\/semcom\/wp-content\/uploads\/sites\/5\/2024\/11\/Novembro-08_Acompanhamento-Bolsa-Familia-1.jpg","contentUrl":"https:\/\/www.manaus.am.gov.br\/semcom\/wp-content\/uploads\/sites\/5\/2024\/11\/Novembro-08_Acompanhamento-Bolsa-Familia-1.jpg","width":4000,"height":2667,"caption":"#paratodosverem - Profissional da Semsa realizando atendimento de benefici\u00e1ria do programa Bolsa Fam\u00edlia"},{"@type":"WebSite","@id":"https:\/\/www.manaus.am.gov.br\/semcom\/#website","url":"https:\/\/www.manaus.am.gov.br\/semcom\/","name":"SEMCOM","description":"Secretaria Municipal de Comunica\u00e7\u00e3o","potentialAction":[{"@type":"SearchAction","target":{"@type":"EntryPoint","urlTemplate":"https:\/\/www.manaus.am.gov.br\/semcom\/?s={search_term_string}"},"query-input":"required name=search_term_string"}],"inLanguage":"pt-BR"},{"@type":"Person","@id":"https:\/\/www.manaus.am.gov.br\/semcom\/#\/schema\/person\/05d223aea2bf115f9883a6ff3683d81b","name":"Bruna Greco","image":{"@type":"ImageObject","inLanguage":"pt-BR","@id":"https:\/\/www.manaus.am.gov.br\/semcom\/#\/schema\/person\/image\/","url":"https:\/\/secure.gravatar.com\/avatar\/9c877d1a6adc2a055330e5c09a8653ce?s=96&d=mm&r=g","contentUrl":"https:\/\/secure.gravatar.com\/avatar\/9c877d1a6adc2a055330e5c09a8653ce?s=96&d=mm&r=g","caption":"Bruna Greco"}}]}},"_links":{"self":[{"href":"https:\/\/www.manaus.am.gov.br\/semcom\/wp-json\/wp\/v2\/posts\/231751"}],"collection":[{"href":"https:\/\/www.manaus.am.gov.br\/semcom\/wp-json\/wp\/v2\/posts"}],"about":[{"href":"https:\/\/www.manaus.am.gov.br\/semcom\/wp-json\/wp\/v2\/types\/post"}],"author":[{"embeddable":true,"href":"https:\/\/www.manaus.am.gov.br\/semcom\/wp-json\/wp\/v2\/users\/39"}],"replies":[{"embeddable":true,"href":"https:\/\/www.manaus.am.gov.br\/semcom\/wp-json\/wp\/v2\/comments?post=231751"}],"version-history":[{"count":1,"href":"https:\/\/www.manaus.am.gov.br\/semcom\/wp-json\/wp\/v2\/posts\/231751\/revisions"}],"predecessor-version":[{"id":231754,"href":"https:\/\/www.manaus.am.gov.br\/semcom\/wp-json\/wp\/v2\/posts\/231751\/revisions\/231754"}],"wp:featuredmedia":[{"embeddable":true,"href":"https:\/\/www.manaus.am.gov.br\/semcom\/wp-json\/wp\/v2\/media\/231753"}],"wp:attachment":[{"href":"https:\/\/www.manaus.am.gov.br\/semcom\/wp-json\/wp\/v2\/media?parent=231751"}],"wp:term":[{"taxonomy":"category","embeddable":true,"href":"https:\/\/www.manaus.am.gov.br\/semcom\/wp-json\/wp\/v2\/categories?post=231751"},{"taxonomy":"post_tag","embeddable":true,"href":"https:\/\/www.manaus.am.gov.br\/semcom\/wp-json\/wp\/v2\/tags?post=231751"}],"curies":[{"name":"wp","href":"https:\/\/api.w.org\/{rel}","templated":true}]}}