{"id":231732,"date":"2024-11-08T14:54:30","date_gmt":"2024-11-08T17:54:30","guid":{"rendered":"https:\/\/www.manaus.am.gov.br\/semcom\/vacina-animais-semsa\/"},"modified":"2024-11-08T15:02:39","modified_gmt":"2024-11-08T18:02:39","slug":"vacina-animais-semsa","status":"publish","type":"post","link":"https:\/\/www.manaus.am.gov.br\/semcom\/vacina-animais-semsa\/","title":{"rendered":"Prefeitura de Manaus vacina 95 mil c\u00e3es e gatos na capital"},"content":{"rendered":"\n<p>Estrat\u00e9gia desenvolvida com o objetivo de prevenir o v\u00edrus da raiva, a Campanha de Vacina\u00e7\u00e3o Antirr\u00e1bica, da Prefeitura de Manaus, j\u00e1 imunizou 95 mil animais. As equipes de vacinadores da Secretaria Municipal de Sa\u00fade (Semsa) est\u00e3o percorrendo bairros da capital para vacinar c\u00e3es e gatos desde o dia 1\u00ba de outubro, com meta de atingir 295.077 animais.<\/p>\n\n\n\n<p>O diretor do Centro de Controle de Zoonoses, veterin\u00e1rio Rodrigo Ara\u00fajo, informa que a campanha casa a casa ocorre, no hor\u00e1rio das 8h \u00e0s 12h, de segunda-feira a s\u00e1bado (exceto em feriados), nos bairros de Manaus.<\/p>\n\n\n\n<p>A vacina antirr\u00e1bica \u00e9 anual e obrigat\u00f3ria e, para a capital, o Minist\u00e9rio da Sa\u00fade determinou a meta de imunizar 215 mil c\u00e3es e 80 mil gatos, at\u00e9 o dia 20 de dezembro.<\/p>\n\n\n\n<p>\u201cEstamos satisfeitos com o resultado at\u00e9 agora. O esfor\u00e7o das equipes e a ades\u00e3o da popula\u00e7\u00e3o est\u00e1 permitindo a prote\u00e7\u00e3o dos animais. Os vacinadores est\u00e3o sendo muito bem recebidos nas resid\u00eancias, o que demonstra o compromisso com a sa\u00fade dos animais. Mas refor\u00e7amos \u00e0queles tutores que por algum motivo, n\u00e3o puderem receber a equipe nas suas casas, que seus pets podem receber a vacina em nossos dois pontos fixos\u201d.<\/p>\n\n\n\n<p>Pontos fixos<\/p>\n\n\n\n<p>Uma das bases fixas para a vacina\u00e7\u00e3o antirr\u00e1bica funciona na sede do CCZ, de segunda a sexta-feira, das 8h \u00e0s 16h, e aos s\u00e1bados, das 8h \u00e0s 12h, durante todo o ano.<\/p>\n\n\n\n<p>A popula\u00e7\u00e3o tamb\u00e9m pode vacinar seus animais, que devem ter idade a partir dos tr\u00eas meses e estar em boas condi\u00e7\u00f5es de sa\u00fade, no Centro de Conviv\u00eancia Prefeito Jos\u00e9 Fernandes, situado na rua Barreirinha, no bairro S\u00e3o Jos\u00e9, que funciona no per\u00edodo de segunda-feira a s\u00e1bado, das 8h \u00e0s 12h.<\/p>\n\n\n\n<p>Infec\u00e7\u00e3o<\/p>\n\n\n\n<p>Transmitida por mam\u00edferos, a raiva \u00e9 uma infec\u00e7\u00e3o que pode ser transmitida aos seres humanos a partir de mordidas, arranh\u00f5es ou lambidas de animais, quando a saliva de um animal infectado entra em contato com alguma parte do corpo.<\/p>\n\n\n\n<p>Animais dom\u00e9sticos, como c\u00e3es e gatos, al\u00e9m de animais silvestres, especialmente morcegos e macacos, s\u00e3o os principais transmissores. Da\u00ed a import\u00e2ncia da estrat\u00e9gia anual de vacina\u00e7\u00e3o antirr\u00e1bica, uma vez que a vacina\u00e7\u00e3o impede o desenvolvimento da infec\u00e7\u00e3o gerada pelo v\u00edrus do g\u00eanero&nbsp;Lyssavirus, e que, geralmente, leva \u00e0 morte quando n\u00e3o h\u00e1 prote\u00e7\u00e3o vacinal.<\/p>\n\n\n\n<p>Na capital, h\u00e1 39 anos n\u00e3o h\u00e1 casos de raiva humana e animal.<\/p>\n\n\n\n<p>&nbsp;&#8212; &#8212; &#8212;<\/p>\n\n\n\n<p><strong>Texto<\/strong> &#8211;\u00a0T\u00e2nia Brand\u00e3o\/Semsa<\/p>\n\n\n\n<p><strong>Fotos<\/strong> &#8211;\u00a0Divulga\u00e7\u00e3o\/Semsa\u00a0<\/p>\n","protected":false},"excerpt":{"rendered":"","protected":false},"author":23,"featured_media":231733,"comment_status":"closed","ping_status":"closed","sticky":false,"template":"","format":"standard","meta":{"footnotes":""},"categories":[2009],"tags":[12467,3722,269,77,8110,162],"acf":[],"yoast_head":"<!-- This site is optimized with the Yoast SEO plugin v23.0 - https:\/\/yoast.com\/wordpress\/plugins\/seo\/ -->\n<title>Prefeitura de Manaus vacina mais de 90 mil c\u00e3es e gatos na capital<\/title>\n<meta name=\"description\" content=\"Estrat\u00e9gia desenvolvida com o objetivo de prevenir o v\u00edrus da raiva, a Campanha de Vacina\u00e7\u00e3o Antirr\u00e1bica, da Prefeitura de Manaus, j\u00e1 imunizou 95 mil animais.\" \/>\n<meta name=\"robots\" content=\"index, follow, max-snippet:-1, max-image-preview:large, max-video-preview:-1\" \/>\n<link rel=\"canonical\" href=\"https:\/\/www.manaus.am.gov.br\/semcom\/vacina-animais-semsa\/\" \/>\n<meta property=\"og:locale\" content=\"pt_BR\" \/>\n<meta property=\"og:type\" content=\"article\" \/>\n<meta property=\"og:title\" content=\"Prefeitura de Manaus vacina mais de 90 mil c\u00e3es e gatos na capital\" \/>\n<meta property=\"og:description\" content=\"Estrat\u00e9gia desenvolvida com o objetivo de prevenir o v\u00edrus da raiva, a Campanha de Vacina\u00e7\u00e3o Antirr\u00e1bica, da Prefeitura de Manaus, j\u00e1 imunizou 95 mil animais.\" \/>\n<meta property=\"og:url\" content=\"https:\/\/www.manaus.am.gov.br\/semcom\/vacina-animais-semsa\/\" \/>\n<meta property=\"og:site_name\" content=\"SEMCOM\" \/>\n<meta property=\"article:published_time\" content=\"2024-11-08T17:54:30+00:00\" \/>\n<meta property=\"article:modified_time\" content=\"2024-11-08T18:02:39+00:00\" \/>\n<meta property=\"og:image\" content=\"https:\/\/www.manaus.am.gov.br\/semcom\/wp-content\/uploads\/sites\/5\/2024\/11\/Novembro-08_Vacinacao-antirrabica-3.jpg\" \/>\n\t<meta property=\"og:image:width\" content=\"4898\" \/>\n\t<meta property=\"og:image:height\" content=\"3265\" \/>\n\t<meta property=\"og:image:type\" content=\"image\/jpeg\" \/>\n<meta name=\"author\" content=\"Adriana Costa\" \/>\n<meta name=\"twitter:card\" content=\"summary_large_image\" \/>\n<meta name=\"twitter:label1\" content=\"Written by\" \/>\n\t<meta name=\"twitter:data1\" content=\"Adriana Costa\" \/>\n\t<meta name=\"twitter:label2\" content=\"Est. reading time\" \/>\n\t<meta name=\"twitter:data2\" content=\"3 minutos\" \/>\n<script type=\"application\/ld+json\" class=\"yoast-schema-graph\">{\"@context\":\"https:\/\/schema.org\",\"@graph\":[{\"@type\":\"WebPage\",\"@id\":\"https:\/\/www.manaus.am.gov.br\/semcom\/vacina-animais-semsa\/\",\"url\":\"https:\/\/www.manaus.am.gov.br\/semcom\/vacina-animais-semsa\/\",\"name\":\"Prefeitura de Manaus vacina mais de 90 mil c\u00e3es e gatos na capital\",\"isPartOf\":{\"@id\":\"https:\/\/www.manaus.am.gov.br\/semcom\/#website\"},\"primaryImageOfPage\":{\"@id\":\"https:\/\/www.manaus.am.gov.br\/semcom\/vacina-animais-semsa\/#primaryimage\"},\"image\":{\"@id\":\"https:\/\/www.manaus.am.gov.br\/semcom\/vacina-animais-semsa\/#primaryimage\"},\"thumbnailUrl\":\"https:\/\/www.manaus.am.gov.br\/semcom\/wp-content\/uploads\/sites\/5\/2024\/11\/Novembro-08_Vacinacao-antirrabica-3.jpg\",\"datePublished\":\"2024-11-08T17:54:30+00:00\",\"dateModified\":\"2024-11-08T18:02:39+00:00\",\"author\":{\"@id\":\"https:\/\/www.manaus.am.gov.br\/semcom\/#\/schema\/person\/4e49f4e267757a06ca072ec61b2b9968\"},\"description\":\"Estrat\u00e9gia desenvolvida com o objetivo de prevenir o v\u00edrus da raiva, a Campanha de Vacina\u00e7\u00e3o Antirr\u00e1bica, da Prefeitura de Manaus, j\u00e1 imunizou 95 mil animais.\",\"inLanguage\":\"pt-BR\",\"potentialAction\":[{\"@type\":\"ReadAction\",\"target\":[\"https:\/\/www.manaus.am.gov.br\/semcom\/vacina-animais-semsa\/\"]}]},{\"@type\":\"ImageObject\",\"inLanguage\":\"pt-BR\",\"@id\":\"https:\/\/www.manaus.am.gov.br\/semcom\/vacina-animais-semsa\/#primaryimage\",\"url\":\"https:\/\/www.manaus.am.gov.br\/semcom\/wp-content\/uploads\/sites\/5\/2024\/11\/Novembro-08_Vacinacao-antirrabica-3.jpg\",\"contentUrl\":\"https:\/\/www.manaus.am.gov.br\/semcom\/wp-content\/uploads\/sites\/5\/2024\/11\/Novembro-08_Vacinacao-antirrabica-3.jpg\",\"width\":4898,\"height\":3265},{\"@type\":\"WebSite\",\"@id\":\"https:\/\/www.manaus.am.gov.br\/semcom\/#website\",\"url\":\"https:\/\/www.manaus.am.gov.br\/semcom\/\",\"name\":\"SEMCOM\",\"description\":\"Secretaria Municipal de Comunica\u00e7\u00e3o\",\"potentialAction\":[{\"@type\":\"SearchAction\",\"target\":{\"@type\":\"EntryPoint\",\"urlTemplate\":\"https:\/\/www.manaus.am.gov.br\/semcom\/?s={search_term_string}\"},\"query-input\":\"required name=search_term_string\"}],\"inLanguage\":\"pt-BR\"},{\"@type\":\"Person\",\"@id\":\"https:\/\/www.manaus.am.gov.br\/semcom\/#\/schema\/person\/4e49f4e267757a06ca072ec61b2b9968\",\"name\":\"Adriana Costa\",\"image\":{\"@type\":\"ImageObject\",\"inLanguage\":\"pt-BR\",\"@id\":\"https:\/\/www.manaus.am.gov.br\/semcom\/#\/schema\/person\/image\/\",\"url\":\"https:\/\/secure.gravatar.com\/avatar\/576258617ef7194f718179e766d57bd4?s=96&d=mm&r=g\",\"contentUrl\":\"https:\/\/secure.gravatar.com\/avatar\/576258617ef7194f718179e766d57bd4?s=96&d=mm&r=g\",\"caption\":\"Adriana Costa\"}}]}<\/script>\n<!-- \/ Yoast SEO plugin. -->","yoast_head_json":{"title":"Prefeitura de Manaus vacina mais de 90 mil c\u00e3es e gatos na capital","description":"Estrat\u00e9gia desenvolvida com o objetivo de prevenir o v\u00edrus da raiva, a Campanha de Vacina\u00e7\u00e3o Antirr\u00e1bica, da Prefeitura de Manaus, j\u00e1 imunizou 95 mil animais.","robots":{"index":"index","follow":"follow","max-snippet":"max-snippet:-1","max-image-preview":"max-image-preview:large","max-video-preview":"max-video-preview:-1"},"canonical":"https:\/\/www.manaus.am.gov.br\/semcom\/vacina-animais-semsa\/","og_locale":"pt_BR","og_type":"article","og_title":"Prefeitura de Manaus vacina mais de 90 mil c\u00e3es e gatos na capital","og_description":"Estrat\u00e9gia desenvolvida com o objetivo de prevenir o v\u00edrus da raiva, a Campanha de Vacina\u00e7\u00e3o Antirr\u00e1bica, da Prefeitura de Manaus, j\u00e1 imunizou 95 mil animais.","og_url":"https:\/\/www.manaus.am.gov.br\/semcom\/vacina-animais-semsa\/","og_site_name":"SEMCOM","article_published_time":"2024-11-08T17:54:30+00:00","article_modified_time":"2024-11-08T18:02:39+00:00","og_image":[{"width":4898,"height":3265,"url":"https:\/\/www.manaus.am.gov.br\/semcom\/wp-content\/uploads\/sites\/5\/2024\/11\/Novembro-08_Vacinacao-antirrabica-3.jpg","type":"image\/jpeg"}],"author":"Adriana Costa","twitter_card":"summary_large_image","twitter_misc":{"Written by":"Adriana Costa","Est. reading time":"3 minutos"},"schema":{"@context":"https:\/\/schema.org","@graph":[{"@type":"WebPage","@id":"https:\/\/www.manaus.am.gov.br\/semcom\/vacina-animais-semsa\/","url":"https:\/\/www.manaus.am.gov.br\/semcom\/vacina-animais-semsa\/","name":"Prefeitura de Manaus vacina mais de 90 mil c\u00e3es e gatos na capital","isPartOf":{"@id":"https:\/\/www.manaus.am.gov.br\/semcom\/#website"},"primaryImageOfPage":{"@id":"https:\/\/www.manaus.am.gov.br\/semcom\/vacina-animais-semsa\/#primaryimage"},"image":{"@id":"https:\/\/www.manaus.am.gov.br\/semcom\/vacina-animais-semsa\/#primaryimage"},"thumbnailUrl":"https:\/\/www.manaus.am.gov.br\/semcom\/wp-content\/uploads\/sites\/5\/2024\/11\/Novembro-08_Vacinacao-antirrabica-3.jpg","datePublished":"2024-11-08T17:54:30+00:00","dateModified":"2024-11-08T18:02:39+00:00","author":{"@id":"https:\/\/www.manaus.am.gov.br\/semcom\/#\/schema\/person\/4e49f4e267757a06ca072ec61b2b9968"},"description":"Estrat\u00e9gia desenvolvida com o objetivo de prevenir o v\u00edrus da raiva, a Campanha de Vacina\u00e7\u00e3o Antirr\u00e1bica, da Prefeitura de Manaus, j\u00e1 imunizou 95 mil animais.","inLanguage":"pt-BR","potentialAction":[{"@type":"ReadAction","target":["https:\/\/www.manaus.am.gov.br\/semcom\/vacina-animais-semsa\/"]}]},{"@type":"ImageObject","inLanguage":"pt-BR","@id":"https:\/\/www.manaus.am.gov.br\/semcom\/vacina-animais-semsa\/#primaryimage","url":"https:\/\/www.manaus.am.gov.br\/semcom\/wp-content\/uploads\/sites\/5\/2024\/11\/Novembro-08_Vacinacao-antirrabica-3.jpg","contentUrl":"https:\/\/www.manaus.am.gov.br\/semcom\/wp-content\/uploads\/sites\/5\/2024\/11\/Novembro-08_Vacinacao-antirrabica-3.jpg","width":4898,"height":3265},{"@type":"WebSite","@id":"https:\/\/www.manaus.am.gov.br\/semcom\/#website","url":"https:\/\/www.manaus.am.gov.br\/semcom\/","name":"SEMCOM","description":"Secretaria Municipal de Comunica\u00e7\u00e3o","potentialAction":[{"@type":"SearchAction","target":{"@type":"EntryPoint","urlTemplate":"https:\/\/www.manaus.am.gov.br\/semcom\/?s={search_term_string}"},"query-input":"required name=search_term_string"}],"inLanguage":"pt-BR"},{"@type":"Person","@id":"https:\/\/www.manaus.am.gov.br\/semcom\/#\/schema\/person\/4e49f4e267757a06ca072ec61b2b9968","name":"Adriana Costa","image":{"@type":"ImageObject","inLanguage":"pt-BR","@id":"https:\/\/www.manaus.am.gov.br\/semcom\/#\/schema\/person\/image\/","url":"https:\/\/secure.gravatar.com\/avatar\/576258617ef7194f718179e766d57bd4?s=96&d=mm&r=g","contentUrl":"https:\/\/secure.gravatar.com\/avatar\/576258617ef7194f718179e766d57bd4?s=96&d=mm&r=g","caption":"Adriana Costa"}}]}},"_links":{"self":[{"href":"https:\/\/www.manaus.am.gov.br\/semcom\/wp-json\/wp\/v2\/posts\/231732"}],"collection":[{"href":"https:\/\/www.manaus.am.gov.br\/semcom\/wp-json\/wp\/v2\/posts"}],"about":[{"href":"https:\/\/www.manaus.am.gov.br\/semcom\/wp-json\/wp\/v2\/types\/post"}],"author":[{"embeddable":true,"href":"https:\/\/www.manaus.am.gov.br\/semcom\/wp-json\/wp\/v2\/users\/23"}],"replies":[{"embeddable":true,"href":"https:\/\/www.manaus.am.gov.br\/semcom\/wp-json\/wp\/v2\/comments?post=231732"}],"version-history":[{"count":1,"href":"https:\/\/www.manaus.am.gov.br\/semcom\/wp-json\/wp\/v2\/posts\/231732\/revisions"}],"predecessor-version":[{"id":231738,"href":"https:\/\/www.manaus.am.gov.br\/semcom\/wp-json\/wp\/v2\/posts\/231732\/revisions\/231738"}],"wp:featuredmedia":[{"embeddable":true,"href":"https:\/\/www.manaus.am.gov.br\/semcom\/wp-json\/wp\/v2\/media\/231733"}],"wp:attachment":[{"href":"https:\/\/www.manaus.am.gov.br\/semcom\/wp-json\/wp\/v2\/media?parent=231732"}],"wp:term":[{"taxonomy":"category","embeddable":true,"href":"https:\/\/www.manaus.am.gov.br\/semcom\/wp-json\/wp\/v2\/categories?post=231732"},{"taxonomy":"post_tag","embeddable":true,"href":"https:\/\/www.manaus.am.gov.br\/semcom\/wp-json\/wp\/v2\/tags?post=231732"}],"curies":[{"name":"wp","href":"https:\/\/api.w.org\/{rel}","templated":true}]}}