{"id":231563,"date":"2024-11-05T16:48:02","date_gmt":"2024-11-05T19:48:02","guid":{"rendered":"https:\/\/www.manaus.am.gov.br\/semcom\/capacitacao-reiki-semsa\/"},"modified":"2024-11-05T16:48:03","modified_gmt":"2024-11-05T19:48:03","slug":"capacitacao-reiki-semsa","status":"publish","type":"post","link":"https:\/\/www.manaus.am.gov.br\/semcom\/capacitacao-reiki-semsa\/","title":{"rendered":"Profissionais da Semsa participam de capacita\u00e7\u00e3o de Reiki no Parque do Mindu"},"content":{"rendered":"\n<p>Alinhada com a Pol\u00edtica Nacional das Pr\u00e1ticas Integrativas Complementares (PNPIC), a Prefeitura de Manaus, por meio da Secretaria Municipal de Sa\u00fade (Semsa), realiza, nesta quarta-feira, 6\/11, no Parque do Mindu, na zona Centro-Sul da capital, o curso de Reiki N\u00edvel 1, para servidores que atuam nas unidades de sa\u00fade e tamb\u00e9m nos servi\u00e7os especializados como os Centros de Aten\u00e7\u00e3o Psicossocial (CAPs).<\/p>\n\n\n\n<p>O curso ter\u00e1 carga hor\u00e1ria de 8 horas, divididas nos turnos da manh\u00e3 e da tarde, e contar\u00e1 com a participa\u00e7\u00e3o de 15 servidores de todos os Distritos de Sa\u00fade da Semsa.<\/p>\n\n\n\n<p>Terapia alternativa indicada para apoiar atendimentos a usu\u00e1rios da aten\u00e7\u00e3o b\u00e1sica de sa\u00fade que apresentam sinais de depress\u00e3o e ansiedade, o Reiki \u00e9 aplicado por meio do envio de energia com a imposi\u00e7\u00e3o das m\u00e3os em determinados pontos do corpo do paciente.<\/p>\n\n\n\n<p>Segundo a chefe do N\u00facleo de Preven\u00e7\u00e3o de Riscos \u00e0 Sa\u00fade por Causas Externas e Fatores de Risco, Carla Azevedo, o Reiki, que \u00e9 uma t\u00e9cnica de origem japonesa, comp\u00f5e o conjunto de abordagens que fazem parte das Pr\u00e1ticas Integrativas Complementares (PICs), recursos terap\u00eauticos eficazes e seguros, que estimulam mecanismos naturais de preven\u00e7\u00e3o de doen\u00e7as e promo\u00e7\u00e3o da sa\u00fade.<\/p>\n\n\n\n<p>\u201cEste curso, juntamente com a capacita\u00e7\u00e3o em medita\u00e7\u00e3o, que tamb\u00e9m ser\u00e1 realizada em breve, \u00e9 um passo importante para a expans\u00e3o das PICs na aten\u00e7\u00e3o prim\u00e1ria na capital. O Minist\u00e9rio da Sa\u00fade deixou a cargo de cada cidade a implementa\u00e7\u00e3o das pr\u00e1ticas integrativas, que s\u00e3o reconhecidas pela Organiza\u00e7\u00e3o Mundial de Sa\u00fade, como importantes recursos terap\u00eauticos, e v\u00eam sendo utilizadas de maneira transversal com sucesso na \u00e1rea da sa\u00fade\u201d, explica a gerente, que anuncia que uma segunda capacita\u00e7\u00e3o em Reiki est\u00e1 agenda para a pr\u00f3xima quarta-feira, 13\/11.<\/p>\n\n\n\n<p>No primeiro semestre os servidores da Semsa j\u00e1 participaram de cursos de auriculoterapia e de medita\u00e7\u00e3o. A ades\u00e3o \u00e0 pr\u00e1tica da medita\u00e7\u00e3o foi positiva, e uma nova turma de servidores participar\u00e1 nos dias 10 e 12 de dezembro, de capacita\u00e7\u00f5es sobre esta pr\u00e1tica que vem se mostrando uma forte aliada na promo\u00e7\u00e3o da qualidade de vida.<\/p>\n\n\n\n<p>&#8212; &#8212; &#8212;<br><strong>Texto e fotos &#8211;<\/strong> Divulga\u00e7\u00e3o \/Semsa<\/p>\n","protected":false},"excerpt":{"rendered":"","protected":false},"author":68,"featured_media":231564,"comment_status":"closed","ping_status":"closed","sticky":false,"template":"","format":"standard","meta":{"footnotes":""},"categories":[1700],"tags":[1743,77,162,12415],"acf":[],"yoast_head":"<!-- This site is optimized with the Yoast SEO plugin v23.0 - https:\/\/yoast.com\/wordpress\/plugins\/seo\/ -->\n<title>Profissionais da Semsa participam de capacita\u00e7\u00e3o de Reiki<\/title>\n<meta name=\"description\" content=\"A Prefeitura de Manaus, realiza, nesta quarta-feira, 6\/11, o curso de Reiki N\u00edvel 1, para servidores que atuam nas unidades de sa\u00fade.\" \/>\n<meta name=\"robots\" content=\"index, follow, max-snippet:-1, max-image-preview:large, max-video-preview:-1\" \/>\n<link rel=\"canonical\" href=\"https:\/\/www.manaus.am.gov.br\/semcom\/capacitacao-reiki-semsa\/\" \/>\n<meta property=\"og:locale\" content=\"pt_BR\" \/>\n<meta property=\"og:type\" content=\"article\" \/>\n<meta property=\"og:title\" content=\"Profissionais da Semsa participam de capacita\u00e7\u00e3o de Reiki\" \/>\n<meta property=\"og:description\" content=\"A Prefeitura de Manaus, realiza, nesta quarta-feira, 6\/11, o curso de Reiki N\u00edvel 1, para servidores que atuam nas unidades de sa\u00fade.\" \/>\n<meta property=\"og:url\" content=\"https:\/\/www.manaus.am.gov.br\/semcom\/capacitacao-reiki-semsa\/\" \/>\n<meta property=\"og:site_name\" content=\"SEMCOM\" \/>\n<meta property=\"article:published_time\" content=\"2024-11-05T19:48:02+00:00\" \/>\n<meta property=\"article:modified_time\" content=\"2024-11-05T19:48:03+00:00\" \/>\n<meta property=\"og:image\" content=\"https:\/\/www.manaus.am.gov.br\/semcom\/wp-content\/uploads\/sites\/5\/2024\/11\/Novembro-05_Oficina-de-reiki-2.jpg\" \/>\n\t<meta property=\"og:image:width\" content=\"800\" \/>\n\t<meta property=\"og:image:height\" content=\"600\" \/>\n\t<meta property=\"og:image:type\" content=\"image\/jpeg\" \/>\n<meta name=\"author\" content=\"bvalente\" \/>\n<meta name=\"twitter:card\" content=\"summary_large_image\" \/>\n<meta name=\"twitter:label1\" content=\"Written by\" \/>\n\t<meta name=\"twitter:data1\" content=\"bvalente\" \/>\n\t<meta name=\"twitter:label2\" content=\"Est. reading time\" \/>\n\t<meta name=\"twitter:data2\" content=\"3 minutos\" \/>\n<script type=\"application\/ld+json\" class=\"yoast-schema-graph\">{\"@context\":\"https:\/\/schema.org\",\"@graph\":[{\"@type\":\"WebPage\",\"@id\":\"https:\/\/www.manaus.am.gov.br\/semcom\/capacitacao-reiki-semsa\/\",\"url\":\"https:\/\/www.manaus.am.gov.br\/semcom\/capacitacao-reiki-semsa\/\",\"name\":\"Profissionais da Semsa participam de capacita\u00e7\u00e3o de Reiki\",\"isPartOf\":{\"@id\":\"https:\/\/www.manaus.am.gov.br\/semcom\/#website\"},\"primaryImageOfPage\":{\"@id\":\"https:\/\/www.manaus.am.gov.br\/semcom\/capacitacao-reiki-semsa\/#primaryimage\"},\"image\":{\"@id\":\"https:\/\/www.manaus.am.gov.br\/semcom\/capacitacao-reiki-semsa\/#primaryimage\"},\"thumbnailUrl\":\"https:\/\/www.manaus.am.gov.br\/semcom\/wp-content\/uploads\/sites\/5\/2024\/11\/Novembro-05_Oficina-de-reiki-2.jpg\",\"datePublished\":\"2024-11-05T19:48:02+00:00\",\"dateModified\":\"2024-11-05T19:48:03+00:00\",\"author\":{\"@id\":\"https:\/\/www.manaus.am.gov.br\/semcom\/#\/schema\/person\/466a0e03ae4b6062809046bd560ac955\"},\"description\":\"A Prefeitura de Manaus, realiza, nesta quarta-feira, 6\/11, o curso de Reiki N\u00edvel 1, para servidores que atuam nas unidades de sa\u00fade.\",\"inLanguage\":\"pt-BR\",\"potentialAction\":[{\"@type\":\"ReadAction\",\"target\":[\"https:\/\/www.manaus.am.gov.br\/semcom\/capacitacao-reiki-semsa\/\"]}]},{\"@type\":\"ImageObject\",\"inLanguage\":\"pt-BR\",\"@id\":\"https:\/\/www.manaus.am.gov.br\/semcom\/capacitacao-reiki-semsa\/#primaryimage\",\"url\":\"https:\/\/www.manaus.am.gov.br\/semcom\/wp-content\/uploads\/sites\/5\/2024\/11\/Novembro-05_Oficina-de-reiki-2.jpg\",\"contentUrl\":\"https:\/\/www.manaus.am.gov.br\/semcom\/wp-content\/uploads\/sites\/5\/2024\/11\/Novembro-05_Oficina-de-reiki-2.jpg\",\"width\":800,\"height\":600},{\"@type\":\"WebSite\",\"@id\":\"https:\/\/www.manaus.am.gov.br\/semcom\/#website\",\"url\":\"https:\/\/www.manaus.am.gov.br\/semcom\/\",\"name\":\"SEMCOM\",\"description\":\"Secretaria Municipal de Comunica\u00e7\u00e3o\",\"potentialAction\":[{\"@type\":\"SearchAction\",\"target\":{\"@type\":\"EntryPoint\",\"urlTemplate\":\"https:\/\/www.manaus.am.gov.br\/semcom\/?s={search_term_string}\"},\"query-input\":\"required name=search_term_string\"}],\"inLanguage\":\"pt-BR\"},{\"@type\":\"Person\",\"@id\":\"https:\/\/www.manaus.am.gov.br\/semcom\/#\/schema\/person\/466a0e03ae4b6062809046bd560ac955\",\"name\":\"bvalente\",\"image\":{\"@type\":\"ImageObject\",\"inLanguage\":\"pt-BR\",\"@id\":\"https:\/\/www.manaus.am.gov.br\/semcom\/#\/schema\/person\/image\/\",\"url\":\"https:\/\/secure.gravatar.com\/avatar\/3e69bc2b014bdad41adfec3a39de07d2?s=96&d=mm&r=g\",\"contentUrl\":\"https:\/\/secure.gravatar.com\/avatar\/3e69bc2b014bdad41adfec3a39de07d2?s=96&d=mm&r=g\",\"caption\":\"bvalente\"}}]}<\/script>\n<!-- \/ Yoast SEO plugin. -->","yoast_head_json":{"title":"Profissionais da Semsa participam de capacita\u00e7\u00e3o de Reiki","description":"A Prefeitura de Manaus, realiza, nesta quarta-feira, 6\/11, o curso de Reiki N\u00edvel 1, para servidores que atuam nas unidades de sa\u00fade.","robots":{"index":"index","follow":"follow","max-snippet":"max-snippet:-1","max-image-preview":"max-image-preview:large","max-video-preview":"max-video-preview:-1"},"canonical":"https:\/\/www.manaus.am.gov.br\/semcom\/capacitacao-reiki-semsa\/","og_locale":"pt_BR","og_type":"article","og_title":"Profissionais da Semsa participam de capacita\u00e7\u00e3o de Reiki","og_description":"A Prefeitura de Manaus, realiza, nesta quarta-feira, 6\/11, o curso de Reiki N\u00edvel 1, para servidores que atuam nas unidades de sa\u00fade.","og_url":"https:\/\/www.manaus.am.gov.br\/semcom\/capacitacao-reiki-semsa\/","og_site_name":"SEMCOM","article_published_time":"2024-11-05T19:48:02+00:00","article_modified_time":"2024-11-05T19:48:03+00:00","og_image":[{"width":800,"height":600,"url":"https:\/\/www.manaus.am.gov.br\/semcom\/wp-content\/uploads\/sites\/5\/2024\/11\/Novembro-05_Oficina-de-reiki-2.jpg","type":"image\/jpeg"}],"author":"bvalente","twitter_card":"summary_large_image","twitter_misc":{"Written by":"bvalente","Est. reading time":"3 minutos"},"schema":{"@context":"https:\/\/schema.org","@graph":[{"@type":"WebPage","@id":"https:\/\/www.manaus.am.gov.br\/semcom\/capacitacao-reiki-semsa\/","url":"https:\/\/www.manaus.am.gov.br\/semcom\/capacitacao-reiki-semsa\/","name":"Profissionais da Semsa participam de capacita\u00e7\u00e3o de Reiki","isPartOf":{"@id":"https:\/\/www.manaus.am.gov.br\/semcom\/#website"},"primaryImageOfPage":{"@id":"https:\/\/www.manaus.am.gov.br\/semcom\/capacitacao-reiki-semsa\/#primaryimage"},"image":{"@id":"https:\/\/www.manaus.am.gov.br\/semcom\/capacitacao-reiki-semsa\/#primaryimage"},"thumbnailUrl":"https:\/\/www.manaus.am.gov.br\/semcom\/wp-content\/uploads\/sites\/5\/2024\/11\/Novembro-05_Oficina-de-reiki-2.jpg","datePublished":"2024-11-05T19:48:02+00:00","dateModified":"2024-11-05T19:48:03+00:00","author":{"@id":"https:\/\/www.manaus.am.gov.br\/semcom\/#\/schema\/person\/466a0e03ae4b6062809046bd560ac955"},"description":"A Prefeitura de Manaus, realiza, nesta quarta-feira, 6\/11, o curso de Reiki N\u00edvel 1, para servidores que atuam nas unidades de sa\u00fade.","inLanguage":"pt-BR","potentialAction":[{"@type":"ReadAction","target":["https:\/\/www.manaus.am.gov.br\/semcom\/capacitacao-reiki-semsa\/"]}]},{"@type":"ImageObject","inLanguage":"pt-BR","@id":"https:\/\/www.manaus.am.gov.br\/semcom\/capacitacao-reiki-semsa\/#primaryimage","url":"https:\/\/www.manaus.am.gov.br\/semcom\/wp-content\/uploads\/sites\/5\/2024\/11\/Novembro-05_Oficina-de-reiki-2.jpg","contentUrl":"https:\/\/www.manaus.am.gov.br\/semcom\/wp-content\/uploads\/sites\/5\/2024\/11\/Novembro-05_Oficina-de-reiki-2.jpg","width":800,"height":600},{"@type":"WebSite","@id":"https:\/\/www.manaus.am.gov.br\/semcom\/#website","url":"https:\/\/www.manaus.am.gov.br\/semcom\/","name":"SEMCOM","description":"Secretaria Municipal de Comunica\u00e7\u00e3o","potentialAction":[{"@type":"SearchAction","target":{"@type":"EntryPoint","urlTemplate":"https:\/\/www.manaus.am.gov.br\/semcom\/?s={search_term_string}"},"query-input":"required name=search_term_string"}],"inLanguage":"pt-BR"},{"@type":"Person","@id":"https:\/\/www.manaus.am.gov.br\/semcom\/#\/schema\/person\/466a0e03ae4b6062809046bd560ac955","name":"bvalente","image":{"@type":"ImageObject","inLanguage":"pt-BR","@id":"https:\/\/www.manaus.am.gov.br\/semcom\/#\/schema\/person\/image\/","url":"https:\/\/secure.gravatar.com\/avatar\/3e69bc2b014bdad41adfec3a39de07d2?s=96&d=mm&r=g","contentUrl":"https:\/\/secure.gravatar.com\/avatar\/3e69bc2b014bdad41adfec3a39de07d2?s=96&d=mm&r=g","caption":"bvalente"}}]}},"_links":{"self":[{"href":"https:\/\/www.manaus.am.gov.br\/semcom\/wp-json\/wp\/v2\/posts\/231563"}],"collection":[{"href":"https:\/\/www.manaus.am.gov.br\/semcom\/wp-json\/wp\/v2\/posts"}],"about":[{"href":"https:\/\/www.manaus.am.gov.br\/semcom\/wp-json\/wp\/v2\/types\/post"}],"author":[{"embeddable":true,"href":"https:\/\/www.manaus.am.gov.br\/semcom\/wp-json\/wp\/v2\/users\/68"}],"replies":[{"embeddable":true,"href":"https:\/\/www.manaus.am.gov.br\/semcom\/wp-json\/wp\/v2\/comments?post=231563"}],"version-history":[{"count":0,"href":"https:\/\/www.manaus.am.gov.br\/semcom\/wp-json\/wp\/v2\/posts\/231563\/revisions"}],"wp:featuredmedia":[{"embeddable":true,"href":"https:\/\/www.manaus.am.gov.br\/semcom\/wp-json\/wp\/v2\/media\/231564"}],"wp:attachment":[{"href":"https:\/\/www.manaus.am.gov.br\/semcom\/wp-json\/wp\/v2\/media?parent=231563"}],"wp:term":[{"taxonomy":"category","embeddable":true,"href":"https:\/\/www.manaus.am.gov.br\/semcom\/wp-json\/wp\/v2\/categories?post=231563"},{"taxonomy":"post_tag","embeddable":true,"href":"https:\/\/www.manaus.am.gov.br\/semcom\/wp-json\/wp\/v2\/tags?post=231563"}],"curies":[{"name":"wp","href":"https:\/\/api.w.org\/{rel}","templated":true}]}}