{"id":231548,"date":"2024-11-05T13:02:55","date_gmt":"2024-11-05T16:02:55","guid":{"rendered":"https:\/\/www.manaus.am.gov.br\/semcom\/novos-servidores-sao-integrados-a-moura-tapajoz-e-orientados-sobre-boas-praticas-no-parto-e-nascimento\/"},"modified":"2024-11-05T13:02:57","modified_gmt":"2024-11-05T16:02:57","slug":"novos-servidores-sao-integrados-a-moura-tapajoz-e-orientados-sobre-boas-praticas-no-parto-e-nascimento","status":"publish","type":"post","link":"https:\/\/www.manaus.am.gov.br\/semcom\/novos-servidores-sao-integrados-a-moura-tapajoz-e-orientados-sobre-boas-praticas-no-parto-e-nascimento\/","title":{"rendered":"Novos servidores s\u00e3o integrados \u00e0\u00a0Moura\u00a0Tapaj\u00f3z e orientados sobre boas pr\u00e1ticas no parto e nascimento"},"content":{"rendered":"\n<p>Com o objetivo de dar boas-vindas e refor\u00e7ar a import\u00e2ncia das boas pr\u00e1ticas no parto e no nascimento, as normas, fluxos e rotinas dos setores da unidade, a Maternidade Dr.&nbsp;Moura&nbsp;Tapaj\u00f3z (MMT), da Prefeitura de Manaus, promove at\u00e9 esta ter\u00e7a-feira, 5\/11, o acolhimento e integra\u00e7\u00e3o de 26 novos profissionais concursados.<\/p>\n\n\n\n<p>Desde a segunda-feira, 4\/11, todos os gestores e\/ou representantes de cada um dos setores existentes na unidade apresentam suas estruturas, fun\u00e7\u00f5es, prop\u00f3sitos, fluxos e servi\u00e7os. Tamb\u00e9m s\u00e3o refor\u00e7ados os pilares do atendimento oferecido na maternidade municipal, assim como a import\u00e2ncia vital da pr\u00e1tica da amamenta\u00e7\u00e3o, al\u00e9m dos servi\u00e7os oferecidos, como o de planejamento reprodutivo e de atendimento \u00e0s v\u00edtimas de viol\u00eancia sexual.<\/p>\n\n\n\n<p>\u201cA integra\u00e7\u00e3o e o acolhimento dos novos profissionais \u00e0 estrutura da Maternidade Dr.&nbsp;Moura&nbsp;Tapaj\u00f3z s\u00e3o um processo de absoluta import\u00e2ncia, porque eles j\u00e1 devem entrar e iniciar o trabalho na unidade conhecendo n\u00e3o apenas nossa cultura e estrutura organizacionais, como tamb\u00e9m todos os protocolos essenciais que utilizamos no cuidado com as m\u00e3es e com os beb\u00eas, de forma a mantermos um trabalho com padr\u00e3o uniforme\u201d, destacou o diretor em exerc\u00edcio da MMT, \u00c1lvaro Leandro.<\/p>\n\n\n\n<p>Os novos trabalhadores, que incluem t\u00e9cnicos em enfermagem, enfermeiros obstetras, motorista de autos, assistentes em administra\u00e7\u00e3o e nutricionista, foram convocados ap\u00f3s aprova\u00e7\u00e3o e chamada do concurso p\u00fablico realizado em 2022 ou ainda relotados de outras unidades da Secretaria Municipal de Sa\u00fade (Semsa), como parte do processo de reorganiza\u00e7\u00e3o de sua rede de servi\u00e7os e de seus processos de trabalho.<\/p>\n\n\n\n<p>\u201cAcho extremamente importante esse primeiro contato para que os novos servidores adquiram consci\u00eancia, por exemplo, no caso espec\u00edfico do trabalho realizado no nosso setor, de que a cultura de Seguran\u00e7a do Paciente n\u00e3o tem car\u00e1ter punitivo, nem de culpabiliza\u00e7\u00e3o. Nosso objetivo \u00e9 identificar situa\u00e7\u00f5es que oportunizem a melhoria do servi\u00e7o, pois sempre podemos aprender com nossas pr\u00f3prias falhas\u201d, ressaltou a enfermeira Maria Ozanilda de Oliveira, presidente do N\u00facleo de Seguran\u00e7a do Paciente da&nbsp;Moura&nbsp;Tapaj\u00f3z.<\/p>\n\n\n\n<p>A chefe do setor de Gest\u00e3o e Regula\u00e7\u00e3o do Trabalho na Sa\u00fade, Nat\u00e1lia Teixeira, explicou que a integra\u00e7\u00e3o \u00e9 necess\u00e1ria, para que os novos profissionais se ambientem, internalizem suas fun\u00e7\u00f5es, direitos e deveres, mas ressaltou a necessidade de todos os novos trabalhadores terem consci\u00eancia do objetivo primordial de suas fun\u00e7\u00f5es: servir a sociedade. \u201cEu sempre destaco que o mais importante \u00e9 que os novos profissionais entendam o grande prop\u00f3sito de estarmos aqui, como servidores p\u00fablicos\u201d, destacou. \u201cN\u00e3o podemos apenas cumprir hor\u00e1rio e atender, temos que fazer a diferen\u00e7a positivamente na vida de cada um que vem at\u00e9 nossa unidade\u201d, explicou Nat\u00e1lia.<\/p>\n\n\n\n<p>&#8212; &#8212; &#8212;<\/p>\n\n\n\n<p><strong>Texto<\/strong> &#8211;\u00a0Marcella Normando\/MMT\/Semsa<\/p>\n\n\n\n<p><strong>Fotos <\/strong>&#8211;\u00a0Divulga\u00e7\u00e3o\/Semsa\u00a0<\/p>\n","protected":false},"excerpt":{"rendered":"","protected":false},"author":23,"featured_media":231549,"comment_status":"closed","ping_status":"closed","sticky":false,"template":"","format":"standard","meta":{"footnotes":""},"categories":[1700],"tags":[1511,752,1513,77,162],"acf":[],"yoast_head":"<!-- This site is optimized with the Yoast SEO plugin v23.0 - https:\/\/yoast.com\/wordpress\/plugins\/seo\/ -->\n<title>Novos servidores s\u00e3o integrados \u00e0\u00a0Moura\u00a0Tapaj\u00f3z e orientados sobre boas pr\u00e1ticas no parto e nascimento - SEMCOM<\/title>\n<meta name=\"robots\" content=\"index, follow, max-snippet:-1, max-image-preview:large, max-video-preview:-1\" \/>\n<link rel=\"canonical\" href=\"https:\/\/www.manaus.am.gov.br\/semcom\/novos-servidores-sao-integrados-a-moura-tapajoz-e-orientados-sobre-boas-praticas-no-parto-e-nascimento\/\" \/>\n<meta property=\"og:locale\" content=\"pt_BR\" \/>\n<meta property=\"og:type\" content=\"article\" \/>\n<meta property=\"og:title\" content=\"Novos servidores s\u00e3o integrados \u00e0\u00a0Moura\u00a0Tapaj\u00f3z e orientados sobre boas pr\u00e1ticas no parto e nascimento - SEMCOM\" \/>\n<meta property=\"og:url\" content=\"https:\/\/www.manaus.am.gov.br\/semcom\/novos-servidores-sao-integrados-a-moura-tapajoz-e-orientados-sobre-boas-praticas-no-parto-e-nascimento\/\" \/>\n<meta property=\"og:site_name\" content=\"SEMCOM\" \/>\n<meta property=\"article:published_time\" content=\"2024-11-05T16:02:55+00:00\" \/>\n<meta property=\"article:modified_time\" content=\"2024-11-05T16:02:57+00:00\" \/>\n<meta property=\"og:image\" content=\"https:\/\/www.manaus.am.gov.br\/semcom\/wp-content\/uploads\/sites\/5\/2024\/11\/Novembro-04_Moura-Tapajoz-integracao-2.jpeg\" \/>\n\t<meta property=\"og:image:width\" content=\"1600\" \/>\n\t<meta property=\"og:image:height\" content=\"1200\" \/>\n\t<meta property=\"og:image:type\" content=\"image\/jpeg\" \/>\n<meta name=\"author\" content=\"Adriana Costa\" \/>\n<meta name=\"twitter:card\" content=\"summary_large_image\" \/>\n<meta name=\"twitter:label1\" content=\"Written by\" \/>\n\t<meta name=\"twitter:data1\" content=\"Adriana Costa\" \/>\n\t<meta name=\"twitter:label2\" content=\"Est. reading time\" \/>\n\t<meta name=\"twitter:data2\" content=\"3 minutos\" \/>\n<script type=\"application\/ld+json\" class=\"yoast-schema-graph\">{\"@context\":\"https:\/\/schema.org\",\"@graph\":[{\"@type\":\"WebPage\",\"@id\":\"https:\/\/www.manaus.am.gov.br\/semcom\/novos-servidores-sao-integrados-a-moura-tapajoz-e-orientados-sobre-boas-praticas-no-parto-e-nascimento\/\",\"url\":\"https:\/\/www.manaus.am.gov.br\/semcom\/novos-servidores-sao-integrados-a-moura-tapajoz-e-orientados-sobre-boas-praticas-no-parto-e-nascimento\/\",\"name\":\"Novos servidores s\u00e3o integrados \u00e0\u00a0Moura\u00a0Tapaj\u00f3z e orientados sobre boas pr\u00e1ticas no parto e nascimento - SEMCOM\",\"isPartOf\":{\"@id\":\"https:\/\/www.manaus.am.gov.br\/semcom\/#website\"},\"primaryImageOfPage\":{\"@id\":\"https:\/\/www.manaus.am.gov.br\/semcom\/novos-servidores-sao-integrados-a-moura-tapajoz-e-orientados-sobre-boas-praticas-no-parto-e-nascimento\/#primaryimage\"},\"image\":{\"@id\":\"https:\/\/www.manaus.am.gov.br\/semcom\/novos-servidores-sao-integrados-a-moura-tapajoz-e-orientados-sobre-boas-praticas-no-parto-e-nascimento\/#primaryimage\"},\"thumbnailUrl\":\"https:\/\/www.manaus.am.gov.br\/semcom\/wp-content\/uploads\/sites\/5\/2024\/11\/Novembro-04_Moura-Tapajoz-integracao-2.jpeg\",\"datePublished\":\"2024-11-05T16:02:55+00:00\",\"dateModified\":\"2024-11-05T16:02:57+00:00\",\"author\":{\"@id\":\"https:\/\/www.manaus.am.gov.br\/semcom\/#\/schema\/person\/4e49f4e267757a06ca072ec61b2b9968\"},\"inLanguage\":\"pt-BR\",\"potentialAction\":[{\"@type\":\"ReadAction\",\"target\":[\"https:\/\/www.manaus.am.gov.br\/semcom\/novos-servidores-sao-integrados-a-moura-tapajoz-e-orientados-sobre-boas-praticas-no-parto-e-nascimento\/\"]}]},{\"@type\":\"ImageObject\",\"inLanguage\":\"pt-BR\",\"@id\":\"https:\/\/www.manaus.am.gov.br\/semcom\/novos-servidores-sao-integrados-a-moura-tapajoz-e-orientados-sobre-boas-praticas-no-parto-e-nascimento\/#primaryimage\",\"url\":\"https:\/\/www.manaus.am.gov.br\/semcom\/wp-content\/uploads\/sites\/5\/2024\/11\/Novembro-04_Moura-Tapajoz-integracao-2.jpeg\",\"contentUrl\":\"https:\/\/www.manaus.am.gov.br\/semcom\/wp-content\/uploads\/sites\/5\/2024\/11\/Novembro-04_Moura-Tapajoz-integracao-2.jpeg\",\"width\":1600,\"height\":1200},{\"@type\":\"WebSite\",\"@id\":\"https:\/\/www.manaus.am.gov.br\/semcom\/#website\",\"url\":\"https:\/\/www.manaus.am.gov.br\/semcom\/\",\"name\":\"SEMCOM\",\"description\":\"Secretaria Municipal de Comunica\u00e7\u00e3o\",\"potentialAction\":[{\"@type\":\"SearchAction\",\"target\":{\"@type\":\"EntryPoint\",\"urlTemplate\":\"https:\/\/www.manaus.am.gov.br\/semcom\/?s={search_term_string}\"},\"query-input\":\"required name=search_term_string\"}],\"inLanguage\":\"pt-BR\"},{\"@type\":\"Person\",\"@id\":\"https:\/\/www.manaus.am.gov.br\/semcom\/#\/schema\/person\/4e49f4e267757a06ca072ec61b2b9968\",\"name\":\"Adriana Costa\",\"image\":{\"@type\":\"ImageObject\",\"inLanguage\":\"pt-BR\",\"@id\":\"https:\/\/www.manaus.am.gov.br\/semcom\/#\/schema\/person\/image\/\",\"url\":\"https:\/\/secure.gravatar.com\/avatar\/576258617ef7194f718179e766d57bd4?s=96&d=mm&r=g\",\"contentUrl\":\"https:\/\/secure.gravatar.com\/avatar\/576258617ef7194f718179e766d57bd4?s=96&d=mm&r=g\",\"caption\":\"Adriana Costa\"}}]}<\/script>\n<!-- \/ Yoast SEO plugin. -->","yoast_head_json":{"title":"Novos servidores s\u00e3o integrados \u00e0\u00a0Moura\u00a0Tapaj\u00f3z e orientados sobre boas pr\u00e1ticas no parto e nascimento - SEMCOM","robots":{"index":"index","follow":"follow","max-snippet":"max-snippet:-1","max-image-preview":"max-image-preview:large","max-video-preview":"max-video-preview:-1"},"canonical":"https:\/\/www.manaus.am.gov.br\/semcom\/novos-servidores-sao-integrados-a-moura-tapajoz-e-orientados-sobre-boas-praticas-no-parto-e-nascimento\/","og_locale":"pt_BR","og_type":"article","og_title":"Novos servidores s\u00e3o integrados \u00e0\u00a0Moura\u00a0Tapaj\u00f3z e orientados sobre boas pr\u00e1ticas no parto e nascimento - SEMCOM","og_url":"https:\/\/www.manaus.am.gov.br\/semcom\/novos-servidores-sao-integrados-a-moura-tapajoz-e-orientados-sobre-boas-praticas-no-parto-e-nascimento\/","og_site_name":"SEMCOM","article_published_time":"2024-11-05T16:02:55+00:00","article_modified_time":"2024-11-05T16:02:57+00:00","og_image":[{"width":1600,"height":1200,"url":"https:\/\/www.manaus.am.gov.br\/semcom\/wp-content\/uploads\/sites\/5\/2024\/11\/Novembro-04_Moura-Tapajoz-integracao-2.jpeg","type":"image\/jpeg"}],"author":"Adriana Costa","twitter_card":"summary_large_image","twitter_misc":{"Written by":"Adriana Costa","Est. reading time":"3 minutos"},"schema":{"@context":"https:\/\/schema.org","@graph":[{"@type":"WebPage","@id":"https:\/\/www.manaus.am.gov.br\/semcom\/novos-servidores-sao-integrados-a-moura-tapajoz-e-orientados-sobre-boas-praticas-no-parto-e-nascimento\/","url":"https:\/\/www.manaus.am.gov.br\/semcom\/novos-servidores-sao-integrados-a-moura-tapajoz-e-orientados-sobre-boas-praticas-no-parto-e-nascimento\/","name":"Novos servidores s\u00e3o integrados \u00e0\u00a0Moura\u00a0Tapaj\u00f3z e orientados sobre boas pr\u00e1ticas no parto e nascimento - SEMCOM","isPartOf":{"@id":"https:\/\/www.manaus.am.gov.br\/semcom\/#website"},"primaryImageOfPage":{"@id":"https:\/\/www.manaus.am.gov.br\/semcom\/novos-servidores-sao-integrados-a-moura-tapajoz-e-orientados-sobre-boas-praticas-no-parto-e-nascimento\/#primaryimage"},"image":{"@id":"https:\/\/www.manaus.am.gov.br\/semcom\/novos-servidores-sao-integrados-a-moura-tapajoz-e-orientados-sobre-boas-praticas-no-parto-e-nascimento\/#primaryimage"},"thumbnailUrl":"https:\/\/www.manaus.am.gov.br\/semcom\/wp-content\/uploads\/sites\/5\/2024\/11\/Novembro-04_Moura-Tapajoz-integracao-2.jpeg","datePublished":"2024-11-05T16:02:55+00:00","dateModified":"2024-11-05T16:02:57+00:00","author":{"@id":"https:\/\/www.manaus.am.gov.br\/semcom\/#\/schema\/person\/4e49f4e267757a06ca072ec61b2b9968"},"inLanguage":"pt-BR","potentialAction":[{"@type":"ReadAction","target":["https:\/\/www.manaus.am.gov.br\/semcom\/novos-servidores-sao-integrados-a-moura-tapajoz-e-orientados-sobre-boas-praticas-no-parto-e-nascimento\/"]}]},{"@type":"ImageObject","inLanguage":"pt-BR","@id":"https:\/\/www.manaus.am.gov.br\/semcom\/novos-servidores-sao-integrados-a-moura-tapajoz-e-orientados-sobre-boas-praticas-no-parto-e-nascimento\/#primaryimage","url":"https:\/\/www.manaus.am.gov.br\/semcom\/wp-content\/uploads\/sites\/5\/2024\/11\/Novembro-04_Moura-Tapajoz-integracao-2.jpeg","contentUrl":"https:\/\/www.manaus.am.gov.br\/semcom\/wp-content\/uploads\/sites\/5\/2024\/11\/Novembro-04_Moura-Tapajoz-integracao-2.jpeg","width":1600,"height":1200},{"@type":"WebSite","@id":"https:\/\/www.manaus.am.gov.br\/semcom\/#website","url":"https:\/\/www.manaus.am.gov.br\/semcom\/","name":"SEMCOM","description":"Secretaria Municipal de Comunica\u00e7\u00e3o","potentialAction":[{"@type":"SearchAction","target":{"@type":"EntryPoint","urlTemplate":"https:\/\/www.manaus.am.gov.br\/semcom\/?s={search_term_string}"},"query-input":"required name=search_term_string"}],"inLanguage":"pt-BR"},{"@type":"Person","@id":"https:\/\/www.manaus.am.gov.br\/semcom\/#\/schema\/person\/4e49f4e267757a06ca072ec61b2b9968","name":"Adriana Costa","image":{"@type":"ImageObject","inLanguage":"pt-BR","@id":"https:\/\/www.manaus.am.gov.br\/semcom\/#\/schema\/person\/image\/","url":"https:\/\/secure.gravatar.com\/avatar\/576258617ef7194f718179e766d57bd4?s=96&d=mm&r=g","contentUrl":"https:\/\/secure.gravatar.com\/avatar\/576258617ef7194f718179e766d57bd4?s=96&d=mm&r=g","caption":"Adriana Costa"}}]}},"_links":{"self":[{"href":"https:\/\/www.manaus.am.gov.br\/semcom\/wp-json\/wp\/v2\/posts\/231548"}],"collection":[{"href":"https:\/\/www.manaus.am.gov.br\/semcom\/wp-json\/wp\/v2\/posts"}],"about":[{"href":"https:\/\/www.manaus.am.gov.br\/semcom\/wp-json\/wp\/v2\/types\/post"}],"author":[{"embeddable":true,"href":"https:\/\/www.manaus.am.gov.br\/semcom\/wp-json\/wp\/v2\/users\/23"}],"replies":[{"embeddable":true,"href":"https:\/\/www.manaus.am.gov.br\/semcom\/wp-json\/wp\/v2\/comments?post=231548"}],"version-history":[{"count":0,"href":"https:\/\/www.manaus.am.gov.br\/semcom\/wp-json\/wp\/v2\/posts\/231548\/revisions"}],"wp:featuredmedia":[{"embeddable":true,"href":"https:\/\/www.manaus.am.gov.br\/semcom\/wp-json\/wp\/v2\/media\/231549"}],"wp:attachment":[{"href":"https:\/\/www.manaus.am.gov.br\/semcom\/wp-json\/wp\/v2\/media?parent=231548"}],"wp:term":[{"taxonomy":"category","embeddable":true,"href":"https:\/\/www.manaus.am.gov.br\/semcom\/wp-json\/wp\/v2\/categories?post=231548"},{"taxonomy":"post_tag","embeddable":true,"href":"https:\/\/www.manaus.am.gov.br\/semcom\/wp-json\/wp\/v2\/tags?post=231548"}],"curies":[{"name":"wp","href":"https:\/\/api.w.org\/{rel}","templated":true}]}}