{"id":231499,"date":"2024-11-04T15:51:52","date_gmt":"2024-11-04T19:51:52","guid":{"rendered":"https:\/\/www.manaus.am.gov.br\/semcom\/obras-revitalizacao-feira-modelo-da-compensa\/"},"modified":"2024-11-04T15:51:52","modified_gmt":"2024-11-04T19:51:52","slug":"obras-revitalizacao-feira-modelo-da-compensa","status":"publish","type":"post","link":"https:\/\/www.manaus.am.gov.br\/semcom\/obras-revitalizacao-feira-modelo-da-compensa\/","title":{"rendered":"Prefeitura de Manaus realiza obras de revitaliza\u00e7\u00e3o na feira modelo da Compensa"},"content":{"rendered":"\n<p>Com intuito de modernizar e fortalecer o com\u00e9rcio local, a Prefeitura de Manaus, por meio da Secretaria Municipal de Agricultura, Abastecimento, Centro e Com\u00e9rcio Informal (Semacc), realiza obras de revitaliza\u00e7\u00e3o na feira modelo da Compensa, localizada na avenida S\u00e3o Pedro, no bairro Compensa, uma das maiores da zona Oeste da cidade.<\/p>\n\n\n\n<p>A feira, que surgiu na d\u00e9cada de 1980 e foi reformada apenas uma vez, em 1993, possui \u00e1rea de 3.312,73 metros quadrados, 122 boxes e 58 bancas. O espa\u00e7o p\u00fablico atende 180 permission\u00e1rios, gerando cerca de 540 empregos diretos e mais de 1.500 indiretos.<\/p>\n\n\n\n<figure class=\"wp-block-image size-large\"><img loading=\"lazy\" decoding=\"async\" width=\"1024\" height=\"768\" src=\"https:\/\/www.manaus.am.gov.br\/semcom\/wp-content\/uploads\/sites\/5\/2024\/11\/54117586170_8270e49a9b_k-1024x768.jpg\" alt=\"\" class=\"wp-image-231500\" srcset=\"https:\/\/www.manaus.am.gov.br\/semcom\/wp-content\/uploads\/sites\/5\/2024\/11\/54117586170_8270e49a9b_k-1024x768.jpg 1024w, https:\/\/www.manaus.am.gov.br\/semcom\/wp-content\/uploads\/sites\/5\/2024\/11\/54117586170_8270e49a9b_k-300x225.jpg 300w, https:\/\/www.manaus.am.gov.br\/semcom\/wp-content\/uploads\/sites\/5\/2024\/11\/54117586170_8270e49a9b_k-768x576.jpg 768w, https:\/\/www.manaus.am.gov.br\/semcom\/wp-content\/uploads\/sites\/5\/2024\/11\/54117586170_8270e49a9b_k-1536x1152.jpg 1536w, https:\/\/www.manaus.am.gov.br\/semcom\/wp-content\/uploads\/sites\/5\/2024\/11\/54117586170_8270e49a9b_k.jpg 2048w\" sizes=\"(max-width: 1024px) 100vw, 1024px\" \/><\/figure>\n\n\n\n<p>De acordo com o titular da Semasc, Wanderson Costa, o projeto de moderniza\u00e7\u00e3o da feira trar\u00e1 melhorias significativas para o ambiente de trabalho dos feirantes, com a instala\u00e7\u00e3o de novos boxes e ajustes estruturais que visam proporcionar mais seguran\u00e7a e conforto.<\/p>\n\n\n\n<p>\u201cEstamos trabalhando para que a feira fique muito mais funcional, espa\u00e7osa e salutar. O trabalho em feiras e mercados segue o cronograma e em breve vamos ter mais esse espa\u00e7o revirado, com a expectativa de que se torne ainda mais atraente para os consumidores, se consolidando como um ponto de refer\u00eancia em qualidade de atendimento e estrutura. A a\u00e7\u00e3o reflete ainda o compromisso do prefeito David Almeida em valorizar o com\u00e9rcio popular e apoiar os trabalhadores locais, que desempenham um papel essencial na economia da cidade\u201d, afirmou Costa.<\/p>\n\n\n\n<p>A revitaliza\u00e7\u00e3o contar\u00e1 com a troca de toda parte el\u00e9trica, cobertura, pisos, al\u00e9m de aplica\u00e7\u00e3o de pintura geral e um novo sistema de drenagem. A engenharia da Semacc trabalha, estrategicamente, executando a reforma por etapas, permitindo que os feirantes continuem operando e atendendo seus clientes, beneficiando tanto os que dependem de forma direta ou indiretamente do espa\u00e7o.<\/p>\n\n\n\n<p>&#8212; &#8212; &#8212;<\/p>\n\n\n\n<p><strong>Texto &#8211; <\/strong>Milton Bambo e Polyana Brelaz\/Semacc<\/p>\n\n\n\n<p><strong>Fotos &#8211;<\/strong> Gildo Smith\/Semacc&nbsp;<\/p>\n\n\n\n<p><strong>Dispon\u00edveis em \u2013 <\/strong><a href=\"https:\/\/flic.kr\/s\/aHBqjBQA49\">https:\/\/flic.kr\/s\/aHBqjBQA49<\/a><\/p>\n","protected":false},"excerpt":{"rendered":"","protected":false},"author":39,"featured_media":231501,"comment_status":"closed","ping_status":"closed","sticky":false,"template":"","format":"standard","meta":{"footnotes":""},"categories":[8],"tags":[12399,3191,77,12400,55],"acf":[],"yoast_head":"<!-- This site is optimized with the Yoast SEO plugin v23.0 - https:\/\/yoast.com\/wordpress\/plugins\/seo\/ -->\n<title>Obras de revitaliza\u00e7\u00e3o na feira modelo da Compensa<\/title>\n<meta name=\"description\" content=\"Prefeitura de Manaus, por meio da Semacc, realiza obras de revitaliza\u00e7\u00e3o na feira modelo da Compensa, no bairro Compensa.\" \/>\n<meta name=\"robots\" content=\"index, follow, max-snippet:-1, max-image-preview:large, max-video-preview:-1\" \/>\n<link rel=\"canonical\" href=\"https:\/\/www.manaus.am.gov.br\/semcom\/obras-revitalizacao-feira-modelo-da-compensa\/\" \/>\n<meta property=\"og:locale\" content=\"pt_BR\" \/>\n<meta property=\"og:type\" content=\"article\" \/>\n<meta property=\"og:title\" content=\"Obras de revitaliza\u00e7\u00e3o na feira modelo da Compensa\" \/>\n<meta property=\"og:description\" content=\"Prefeitura de Manaus, por meio da Semacc, realiza obras de revitaliza\u00e7\u00e3o na feira modelo da Compensa, no bairro Compensa.\" \/>\n<meta property=\"og:url\" content=\"https:\/\/www.manaus.am.gov.br\/semcom\/obras-revitalizacao-feira-modelo-da-compensa\/\" \/>\n<meta property=\"og:site_name\" content=\"SEMCOM\" \/>\n<meta property=\"article:published_time\" content=\"2024-11-04T19:51:52+00:00\" \/>\n<meta property=\"og:image\" content=\"https:\/\/www.manaus.am.gov.br\/semcom\/wp-content\/uploads\/sites\/5\/2024\/11\/54117397063_fb525e058a_k.jpg\" \/>\n\t<meta property=\"og:image:width\" content=\"2048\" \/>\n\t<meta property=\"og:image:height\" content=\"1536\" \/>\n\t<meta property=\"og:image:type\" content=\"image\/jpeg\" \/>\n<meta name=\"author\" content=\"Bruna Greco\" \/>\n<meta name=\"twitter:card\" content=\"summary_large_image\" \/>\n<meta name=\"twitter:label1\" content=\"Written by\" \/>\n\t<meta name=\"twitter:data1\" content=\"Bruna Greco\" \/>\n\t<meta name=\"twitter:label2\" content=\"Est. reading time\" \/>\n\t<meta name=\"twitter:data2\" content=\"3 minutos\" \/>\n<script type=\"application\/ld+json\" class=\"yoast-schema-graph\">{\"@context\":\"https:\/\/schema.org\",\"@graph\":[{\"@type\":\"WebPage\",\"@id\":\"https:\/\/www.manaus.am.gov.br\/semcom\/obras-revitalizacao-feira-modelo-da-compensa\/\",\"url\":\"https:\/\/www.manaus.am.gov.br\/semcom\/obras-revitalizacao-feira-modelo-da-compensa\/\",\"name\":\"Obras de revitaliza\u00e7\u00e3o na feira modelo da Compensa\",\"isPartOf\":{\"@id\":\"https:\/\/www.manaus.am.gov.br\/semcom\/#website\"},\"primaryImageOfPage\":{\"@id\":\"https:\/\/www.manaus.am.gov.br\/semcom\/obras-revitalizacao-feira-modelo-da-compensa\/#primaryimage\"},\"image\":{\"@id\":\"https:\/\/www.manaus.am.gov.br\/semcom\/obras-revitalizacao-feira-modelo-da-compensa\/#primaryimage\"},\"thumbnailUrl\":\"https:\/\/www.manaus.am.gov.br\/semcom\/wp-content\/uploads\/sites\/5\/2024\/11\/54117397063_fb525e058a_k.jpg\",\"datePublished\":\"2024-11-04T19:51:52+00:00\",\"dateModified\":\"2024-11-04T19:51:52+00:00\",\"author\":{\"@id\":\"https:\/\/www.manaus.am.gov.br\/semcom\/#\/schema\/person\/05d223aea2bf115f9883a6ff3683d81b\"},\"description\":\"Prefeitura de Manaus, por meio da Semacc, realiza obras de revitaliza\u00e7\u00e3o na feira modelo da Compensa, no bairro Compensa.\",\"inLanguage\":\"pt-BR\",\"potentialAction\":[{\"@type\":\"ReadAction\",\"target\":[\"https:\/\/www.manaus.am.gov.br\/semcom\/obras-revitalizacao-feira-modelo-da-compensa\/\"]}]},{\"@type\":\"ImageObject\",\"inLanguage\":\"pt-BR\",\"@id\":\"https:\/\/www.manaus.am.gov.br\/semcom\/obras-revitalizacao-feira-modelo-da-compensa\/#primaryimage\",\"url\":\"https:\/\/www.manaus.am.gov.br\/semcom\/wp-content\/uploads\/sites\/5\/2024\/11\/54117397063_fb525e058a_k.jpg\",\"contentUrl\":\"https:\/\/www.manaus.am.gov.br\/semcom\/wp-content\/uploads\/sites\/5\/2024\/11\/54117397063_fb525e058a_k.jpg\",\"width\":2048,\"height\":1536,\"caption\":\"#paratodosverem - Servidor da Semacc realizando pintura em boxe da feira modela da Compensa\"},{\"@type\":\"WebSite\",\"@id\":\"https:\/\/www.manaus.am.gov.br\/semcom\/#website\",\"url\":\"https:\/\/www.manaus.am.gov.br\/semcom\/\",\"name\":\"SEMCOM\",\"description\":\"Secretaria Municipal de Comunica\u00e7\u00e3o\",\"potentialAction\":[{\"@type\":\"SearchAction\",\"target\":{\"@type\":\"EntryPoint\",\"urlTemplate\":\"https:\/\/www.manaus.am.gov.br\/semcom\/?s={search_term_string}\"},\"query-input\":\"required name=search_term_string\"}],\"inLanguage\":\"pt-BR\"},{\"@type\":\"Person\",\"@id\":\"https:\/\/www.manaus.am.gov.br\/semcom\/#\/schema\/person\/05d223aea2bf115f9883a6ff3683d81b\",\"name\":\"Bruna Greco\",\"image\":{\"@type\":\"ImageObject\",\"inLanguage\":\"pt-BR\",\"@id\":\"https:\/\/www.manaus.am.gov.br\/semcom\/#\/schema\/person\/image\/\",\"url\":\"https:\/\/secure.gravatar.com\/avatar\/9c877d1a6adc2a055330e5c09a8653ce?s=96&d=mm&r=g\",\"contentUrl\":\"https:\/\/secure.gravatar.com\/avatar\/9c877d1a6adc2a055330e5c09a8653ce?s=96&d=mm&r=g\",\"caption\":\"Bruna Greco\"}}]}<\/script>\n<!-- \/ Yoast SEO plugin. -->","yoast_head_json":{"title":"Obras de revitaliza\u00e7\u00e3o na feira modelo da Compensa","description":"Prefeitura de Manaus, por meio da Semacc, realiza obras de revitaliza\u00e7\u00e3o na feira modelo da Compensa, no bairro Compensa.","robots":{"index":"index","follow":"follow","max-snippet":"max-snippet:-1","max-image-preview":"max-image-preview:large","max-video-preview":"max-video-preview:-1"},"canonical":"https:\/\/www.manaus.am.gov.br\/semcom\/obras-revitalizacao-feira-modelo-da-compensa\/","og_locale":"pt_BR","og_type":"article","og_title":"Obras de revitaliza\u00e7\u00e3o na feira modelo da Compensa","og_description":"Prefeitura de Manaus, por meio da Semacc, realiza obras de revitaliza\u00e7\u00e3o na feira modelo da Compensa, no bairro Compensa.","og_url":"https:\/\/www.manaus.am.gov.br\/semcom\/obras-revitalizacao-feira-modelo-da-compensa\/","og_site_name":"SEMCOM","article_published_time":"2024-11-04T19:51:52+00:00","og_image":[{"width":2048,"height":1536,"url":"https:\/\/www.manaus.am.gov.br\/semcom\/wp-content\/uploads\/sites\/5\/2024\/11\/54117397063_fb525e058a_k.jpg","type":"image\/jpeg"}],"author":"Bruna Greco","twitter_card":"summary_large_image","twitter_misc":{"Written by":"Bruna Greco","Est. reading time":"3 minutos"},"schema":{"@context":"https:\/\/schema.org","@graph":[{"@type":"WebPage","@id":"https:\/\/www.manaus.am.gov.br\/semcom\/obras-revitalizacao-feira-modelo-da-compensa\/","url":"https:\/\/www.manaus.am.gov.br\/semcom\/obras-revitalizacao-feira-modelo-da-compensa\/","name":"Obras de revitaliza\u00e7\u00e3o na feira modelo da Compensa","isPartOf":{"@id":"https:\/\/www.manaus.am.gov.br\/semcom\/#website"},"primaryImageOfPage":{"@id":"https:\/\/www.manaus.am.gov.br\/semcom\/obras-revitalizacao-feira-modelo-da-compensa\/#primaryimage"},"image":{"@id":"https:\/\/www.manaus.am.gov.br\/semcom\/obras-revitalizacao-feira-modelo-da-compensa\/#primaryimage"},"thumbnailUrl":"https:\/\/www.manaus.am.gov.br\/semcom\/wp-content\/uploads\/sites\/5\/2024\/11\/54117397063_fb525e058a_k.jpg","datePublished":"2024-11-04T19:51:52+00:00","dateModified":"2024-11-04T19:51:52+00:00","author":{"@id":"https:\/\/www.manaus.am.gov.br\/semcom\/#\/schema\/person\/05d223aea2bf115f9883a6ff3683d81b"},"description":"Prefeitura de Manaus, por meio da Semacc, realiza obras de revitaliza\u00e7\u00e3o na feira modelo da Compensa, no bairro Compensa.","inLanguage":"pt-BR","potentialAction":[{"@type":"ReadAction","target":["https:\/\/www.manaus.am.gov.br\/semcom\/obras-revitalizacao-feira-modelo-da-compensa\/"]}]},{"@type":"ImageObject","inLanguage":"pt-BR","@id":"https:\/\/www.manaus.am.gov.br\/semcom\/obras-revitalizacao-feira-modelo-da-compensa\/#primaryimage","url":"https:\/\/www.manaus.am.gov.br\/semcom\/wp-content\/uploads\/sites\/5\/2024\/11\/54117397063_fb525e058a_k.jpg","contentUrl":"https:\/\/www.manaus.am.gov.br\/semcom\/wp-content\/uploads\/sites\/5\/2024\/11\/54117397063_fb525e058a_k.jpg","width":2048,"height":1536,"caption":"#paratodosverem - Servidor da Semacc realizando pintura em boxe da feira modela da Compensa"},{"@type":"WebSite","@id":"https:\/\/www.manaus.am.gov.br\/semcom\/#website","url":"https:\/\/www.manaus.am.gov.br\/semcom\/","name":"SEMCOM","description":"Secretaria Municipal de Comunica\u00e7\u00e3o","potentialAction":[{"@type":"SearchAction","target":{"@type":"EntryPoint","urlTemplate":"https:\/\/www.manaus.am.gov.br\/semcom\/?s={search_term_string}"},"query-input":"required name=search_term_string"}],"inLanguage":"pt-BR"},{"@type":"Person","@id":"https:\/\/www.manaus.am.gov.br\/semcom\/#\/schema\/person\/05d223aea2bf115f9883a6ff3683d81b","name":"Bruna Greco","image":{"@type":"ImageObject","inLanguage":"pt-BR","@id":"https:\/\/www.manaus.am.gov.br\/semcom\/#\/schema\/person\/image\/","url":"https:\/\/secure.gravatar.com\/avatar\/9c877d1a6adc2a055330e5c09a8653ce?s=96&d=mm&r=g","contentUrl":"https:\/\/secure.gravatar.com\/avatar\/9c877d1a6adc2a055330e5c09a8653ce?s=96&d=mm&r=g","caption":"Bruna Greco"}}]}},"_links":{"self":[{"href":"https:\/\/www.manaus.am.gov.br\/semcom\/wp-json\/wp\/v2\/posts\/231499"}],"collection":[{"href":"https:\/\/www.manaus.am.gov.br\/semcom\/wp-json\/wp\/v2\/posts"}],"about":[{"href":"https:\/\/www.manaus.am.gov.br\/semcom\/wp-json\/wp\/v2\/types\/post"}],"author":[{"embeddable":true,"href":"https:\/\/www.manaus.am.gov.br\/semcom\/wp-json\/wp\/v2\/users\/39"}],"replies":[{"embeddable":true,"href":"https:\/\/www.manaus.am.gov.br\/semcom\/wp-json\/wp\/v2\/comments?post=231499"}],"version-history":[{"count":1,"href":"https:\/\/www.manaus.am.gov.br\/semcom\/wp-json\/wp\/v2\/posts\/231499\/revisions"}],"predecessor-version":[{"id":231502,"href":"https:\/\/www.manaus.am.gov.br\/semcom\/wp-json\/wp\/v2\/posts\/231499\/revisions\/231502"}],"wp:featuredmedia":[{"embeddable":true,"href":"https:\/\/www.manaus.am.gov.br\/semcom\/wp-json\/wp\/v2\/media\/231501"}],"wp:attachment":[{"href":"https:\/\/www.manaus.am.gov.br\/semcom\/wp-json\/wp\/v2\/media?parent=231499"}],"wp:term":[{"taxonomy":"category","embeddable":true,"href":"https:\/\/www.manaus.am.gov.br\/semcom\/wp-json\/wp\/v2\/categories?post=231499"},{"taxonomy":"post_tag","embeddable":true,"href":"https:\/\/www.manaus.am.gov.br\/semcom\/wp-json\/wp\/v2\/tags?post=231499"}],"curies":[{"name":"wp","href":"https:\/\/api.w.org\/{rel}","templated":true}]}}