{"id":231442,"date":"2024-11-01T18:22:21","date_gmt":"2024-11-01T22:22:21","guid":{"rendered":"https:\/\/www.manaus.am.gov.br\/semcom\/moradores-presidente-vargas-usufruem-quadra-socorro-cabo-verde\/"},"modified":"2024-11-06T17:34:58","modified_gmt":"2024-11-06T20:34:58","slug":"moradores-presidente-vargas-usufruem-quadra-socorro-cabo-verde","status":"publish","type":"post","link":"https:\/\/www.manaus.am.gov.br\/semcom\/moradores-presidente-vargas-usufruem-quadra-socorro-cabo-verde\/","title":{"rendered":"Ap\u00f3s a entrega da quadra Socorro Cabo Verde, moradores do bairro Presidente Vargas usufruem do espa\u00e7o reformado"},"content":{"rendered":"\n<p>Tr\u00eas meses ap\u00f3s a inaugura\u00e7\u00e3o, a Prefeitura de Manaus, por meio da Secretaria Municipal de Infraestrutura (Seminf), realizou, nesta sexta-feira, 1\u00ba\/11, uma visita \u00e0 quadra Socorro Cabo Verde, localizada entre as ruas Barcelos e Santa Quit\u00e9ria, no bairro Presidente Vargas, conhecido como Matinha, na zona Sul da cidade. A comunidade criou uma agenda de atividades e tem aproveitado intensamente o espa\u00e7o, praticando diversas modalidades esportivas.<\/p>\n\n\n\n<p>\u201cEssa quadra foi entregue em agosto deste ano, dentro das a\u00e7\u00f5es voltadas as pr\u00e1ticas esportivas da nossa capital. O prefeito David Almeida determinou a reforma, pois aqui h\u00e1 um grande p\u00fablico que utiliza o espa\u00e7o. Incluindo equipes e alunos das escolas pr\u00f3ximas que praticam diferentes modalidades. \u00c0 noite, o local \u00e9 destinado a projetos sociais\u201d, explicou o secret\u00e1rio de Obras, Renato Junior.<\/p>\n\n\n\n<p>A quadra passou por uma ampla reforma, incluindo a instala\u00e7\u00e3o de uma nova estrutura met\u00e1lica, finaliza\u00e7\u00e3o das laterais para a cobertura, alambrados, pintura, arquibancada, dois banheiros, um escrit\u00f3rio, uma copa, rampa de acessibilidade, suporte para basquete e dois port\u00f5es de entrada. O espa\u00e7o \u00e9 adequado para futsal, voleibol, mini v\u00f4lei, basquetebol e badminton.<\/p>\n\n\n\n<figure class=\"wp-block-image size-large\"><img loading=\"lazy\" decoding=\"async\" width=\"1024\" height=\"683\" src=\"https:\/\/www.manaus.am.gov.br\/semcom\/wp-content\/uploads\/sites\/5\/2024\/11\/736A9749-1024x683.jpeg\" alt=\"\" class=\"wp-image-231443\" srcset=\"https:\/\/www.manaus.am.gov.br\/semcom\/wp-content\/uploads\/sites\/5\/2024\/11\/736A9749-1024x683.jpeg 1024w, https:\/\/www.manaus.am.gov.br\/semcom\/wp-content\/uploads\/sites\/5\/2024\/11\/736A9749-300x200.jpeg 300w, https:\/\/www.manaus.am.gov.br\/semcom\/wp-content\/uploads\/sites\/5\/2024\/11\/736A9749-768x512.jpeg 768w, https:\/\/www.manaus.am.gov.br\/semcom\/wp-content\/uploads\/sites\/5\/2024\/11\/736A9749-1536x1024.jpeg 1536w, https:\/\/www.manaus.am.gov.br\/semcom\/wp-content\/uploads\/sites\/5\/2024\/11\/736A9749-2048x1365.jpeg 2048w\" sizes=\"(max-width: 1024px) 100vw, 1024px\" \/><\/figure>\n\n\n\n<p>\u201cA quadra est\u00e1 muito melhor. Agora, a comunidade pode desenvolver atividades f\u00edsicas com mais conforto e seguran\u00e7a, especialmente devido \u00e0 cobertura reformada, que evita que nos molhemos em dias de chuva. Durante o dia, grupos praticam v\u00e1rias modalidades, enquanto \u00e0 noite o espa\u00e7o \u00e9 utilizado para lazer e sa\u00fade, por meio de projetos sociais\u201d, relatou T\u00e1rik Nina, professor de Educa\u00e7\u00e3o F\u00edsica.<\/p>\n\n\n\n<p>Desde o in\u00edcio da atual gest\u00e3o municipal, a prefeitura, por meio da Seminf, reformou e entregou mais de 20 complexos esportivos em diversas zonas da cidade e continua trabalhando na reforma de novos espa\u00e7os.<\/p>\n\n\n\n<p>&#8212; &#8212; &#8212;<\/p>\n\n\n\n<p><strong>Texto e fotos \u2013 <\/strong>Divulga\u00e7\u00e3o\/Seminf<\/p>\n","protected":false},"excerpt":{"rendered":"","protected":false},"author":39,"featured_media":231444,"comment_status":"closed","ping_status":"closed","sticky":false,"template":"","format":"standard","meta":{"footnotes":""},"categories":[8],"tags":[3284,5254,77,12378,96,33],"acf":[],"yoast_head":"<!-- This site is optimized with the Yoast SEO plugin v23.0 - https:\/\/yoast.com\/wordpress\/plugins\/seo\/ -->\n<title>Moradores do Presidente Vargas usufruem de espa\u00e7o reformado<\/title>\n<meta name=\"description\" content=\"Ap\u00f3s a entrega da quadra Socorro Cabo Verde, moradores do bairro Presidente Vargas usufruem do espa\u00e7o reformado.\" \/>\n<meta name=\"robots\" content=\"index, follow, max-snippet:-1, max-image-preview:large, max-video-preview:-1\" \/>\n<link rel=\"canonical\" href=\"https:\/\/www.manaus.am.gov.br\/semcom\/moradores-presidente-vargas-usufruem-quadra-socorro-cabo-verde\/\" \/>\n<meta property=\"og:locale\" content=\"pt_BR\" \/>\n<meta property=\"og:type\" content=\"article\" \/>\n<meta property=\"og:title\" content=\"Moradores do Presidente Vargas usufruem de espa\u00e7o reformado\" \/>\n<meta property=\"og:description\" content=\"Ap\u00f3s a entrega da quadra Socorro Cabo Verde, moradores do bairro Presidente Vargas usufruem do espa\u00e7o reformado.\" \/>\n<meta property=\"og:url\" content=\"https:\/\/www.manaus.am.gov.br\/semcom\/moradores-presidente-vargas-usufruem-quadra-socorro-cabo-verde\/\" \/>\n<meta property=\"og:site_name\" content=\"SEMCOM\" \/>\n<meta property=\"article:published_time\" content=\"2024-11-01T22:22:21+00:00\" \/>\n<meta property=\"article:modified_time\" content=\"2024-11-06T20:34:58+00:00\" \/>\n<meta property=\"og:image\" content=\"https:\/\/www.manaus.am.gov.br\/semcom\/wp-content\/uploads\/sites\/5\/2024\/11\/736A9739-1024x683.jpeg\" \/>\n\t<meta property=\"og:image:width\" content=\"1024\" \/>\n\t<meta property=\"og:image:height\" content=\"683\" \/>\n\t<meta property=\"og:image:type\" content=\"image\/jpeg\" \/>\n<meta name=\"author\" content=\"Bruna Greco\" \/>\n<meta name=\"twitter:card\" content=\"summary_large_image\" \/>\n<meta name=\"twitter:label1\" content=\"Written by\" \/>\n\t<meta name=\"twitter:data1\" content=\"Bruna Greco\" \/>\n\t<meta name=\"twitter:label2\" content=\"Est. reading time\" \/>\n\t<meta name=\"twitter:data2\" content=\"2 minutos\" \/>\n<script type=\"application\/ld+json\" class=\"yoast-schema-graph\">{\"@context\":\"https:\/\/schema.org\",\"@graph\":[{\"@type\":\"WebPage\",\"@id\":\"https:\/\/www.manaus.am.gov.br\/semcom\/moradores-presidente-vargas-usufruem-quadra-socorro-cabo-verde\/\",\"url\":\"https:\/\/www.manaus.am.gov.br\/semcom\/moradores-presidente-vargas-usufruem-quadra-socorro-cabo-verde\/\",\"name\":\"Moradores do Presidente Vargas usufruem de espa\u00e7o reformado\",\"isPartOf\":{\"@id\":\"https:\/\/www.manaus.am.gov.br\/semcom\/#website\"},\"primaryImageOfPage\":{\"@id\":\"https:\/\/www.manaus.am.gov.br\/semcom\/moradores-presidente-vargas-usufruem-quadra-socorro-cabo-verde\/#primaryimage\"},\"image\":{\"@id\":\"https:\/\/www.manaus.am.gov.br\/semcom\/moradores-presidente-vargas-usufruem-quadra-socorro-cabo-verde\/#primaryimage\"},\"thumbnailUrl\":\"https:\/\/www.manaus.am.gov.br\/semcom\/wp-content\/uploads\/sites\/5\/2024\/11\/736A9739.jpeg\",\"datePublished\":\"2024-11-01T22:22:21+00:00\",\"dateModified\":\"2024-11-06T20:34:58+00:00\",\"author\":{\"@id\":\"https:\/\/www.manaus.am.gov.br\/semcom\/#\/schema\/person\/05d223aea2bf115f9883a6ff3683d81b\"},\"description\":\"Ap\u00f3s a entrega da quadra Socorro Cabo Verde, moradores do bairro Presidente Vargas usufruem do espa\u00e7o reformado.\",\"inLanguage\":\"pt-BR\",\"potentialAction\":[{\"@type\":\"ReadAction\",\"target\":[\"https:\/\/www.manaus.am.gov.br\/semcom\/moradores-presidente-vargas-usufruem-quadra-socorro-cabo-verde\/\"]}]},{\"@type\":\"ImageObject\",\"inLanguage\":\"pt-BR\",\"@id\":\"https:\/\/www.manaus.am.gov.br\/semcom\/moradores-presidente-vargas-usufruem-quadra-socorro-cabo-verde\/#primaryimage\",\"url\":\"https:\/\/www.manaus.am.gov.br\/semcom\/wp-content\/uploads\/sites\/5\/2024\/11\/736A9739.jpeg\",\"contentUrl\":\"https:\/\/www.manaus.am.gov.br\/semcom\/wp-content\/uploads\/sites\/5\/2024\/11\/736A9739.jpeg\",\"width\":6720,\"height\":4480,\"caption\":\"#paratodosverem - Moradores do bairro Presidente Vargas utilizando a quadra Socorro Cabo Verde rec\u00e9m-reformada para a pr\u00e1tica esportiva\"},{\"@type\":\"WebSite\",\"@id\":\"https:\/\/www.manaus.am.gov.br\/semcom\/#website\",\"url\":\"https:\/\/www.manaus.am.gov.br\/semcom\/\",\"name\":\"SEMCOM\",\"description\":\"Secretaria Municipal de Comunica\u00e7\u00e3o\",\"potentialAction\":[{\"@type\":\"SearchAction\",\"target\":{\"@type\":\"EntryPoint\",\"urlTemplate\":\"https:\/\/www.manaus.am.gov.br\/semcom\/?s={search_term_string}\"},\"query-input\":\"required name=search_term_string\"}],\"inLanguage\":\"pt-BR\"},{\"@type\":\"Person\",\"@id\":\"https:\/\/www.manaus.am.gov.br\/semcom\/#\/schema\/person\/05d223aea2bf115f9883a6ff3683d81b\",\"name\":\"Bruna Greco\",\"image\":{\"@type\":\"ImageObject\",\"inLanguage\":\"pt-BR\",\"@id\":\"https:\/\/www.manaus.am.gov.br\/semcom\/#\/schema\/person\/image\/\",\"url\":\"https:\/\/secure.gravatar.com\/avatar\/9c877d1a6adc2a055330e5c09a8653ce?s=96&d=mm&r=g\",\"contentUrl\":\"https:\/\/secure.gravatar.com\/avatar\/9c877d1a6adc2a055330e5c09a8653ce?s=96&d=mm&r=g\",\"caption\":\"Bruna Greco\"}}]}<\/script>\n<!-- \/ Yoast SEO plugin. -->","yoast_head_json":{"title":"Moradores do Presidente Vargas usufruem de espa\u00e7o reformado","description":"Ap\u00f3s a entrega da quadra Socorro Cabo Verde, moradores do bairro Presidente Vargas usufruem do espa\u00e7o reformado.","robots":{"index":"index","follow":"follow","max-snippet":"max-snippet:-1","max-image-preview":"max-image-preview:large","max-video-preview":"max-video-preview:-1"},"canonical":"https:\/\/www.manaus.am.gov.br\/semcom\/moradores-presidente-vargas-usufruem-quadra-socorro-cabo-verde\/","og_locale":"pt_BR","og_type":"article","og_title":"Moradores do Presidente Vargas usufruem de espa\u00e7o reformado","og_description":"Ap\u00f3s a entrega da quadra Socorro Cabo Verde, moradores do bairro Presidente Vargas usufruem do espa\u00e7o reformado.","og_url":"https:\/\/www.manaus.am.gov.br\/semcom\/moradores-presidente-vargas-usufruem-quadra-socorro-cabo-verde\/","og_site_name":"SEMCOM","article_published_time":"2024-11-01T22:22:21+00:00","article_modified_time":"2024-11-06T20:34:58+00:00","og_image":[{"width":1024,"height":683,"url":"https:\/\/www.manaus.am.gov.br\/semcom\/wp-content\/uploads\/sites\/5\/2024\/11\/736A9739-1024x683.jpeg","type":"image\/jpeg"}],"author":"Bruna Greco","twitter_card":"summary_large_image","twitter_misc":{"Written by":"Bruna Greco","Est. reading time":"2 minutos"},"schema":{"@context":"https:\/\/schema.org","@graph":[{"@type":"WebPage","@id":"https:\/\/www.manaus.am.gov.br\/semcom\/moradores-presidente-vargas-usufruem-quadra-socorro-cabo-verde\/","url":"https:\/\/www.manaus.am.gov.br\/semcom\/moradores-presidente-vargas-usufruem-quadra-socorro-cabo-verde\/","name":"Moradores do Presidente Vargas usufruem de espa\u00e7o reformado","isPartOf":{"@id":"https:\/\/www.manaus.am.gov.br\/semcom\/#website"},"primaryImageOfPage":{"@id":"https:\/\/www.manaus.am.gov.br\/semcom\/moradores-presidente-vargas-usufruem-quadra-socorro-cabo-verde\/#primaryimage"},"image":{"@id":"https:\/\/www.manaus.am.gov.br\/semcom\/moradores-presidente-vargas-usufruem-quadra-socorro-cabo-verde\/#primaryimage"},"thumbnailUrl":"https:\/\/www.manaus.am.gov.br\/semcom\/wp-content\/uploads\/sites\/5\/2024\/11\/736A9739.jpeg","datePublished":"2024-11-01T22:22:21+00:00","dateModified":"2024-11-06T20:34:58+00:00","author":{"@id":"https:\/\/www.manaus.am.gov.br\/semcom\/#\/schema\/person\/05d223aea2bf115f9883a6ff3683d81b"},"description":"Ap\u00f3s a entrega da quadra Socorro Cabo Verde, moradores do bairro Presidente Vargas usufruem do espa\u00e7o reformado.","inLanguage":"pt-BR","potentialAction":[{"@type":"ReadAction","target":["https:\/\/www.manaus.am.gov.br\/semcom\/moradores-presidente-vargas-usufruem-quadra-socorro-cabo-verde\/"]}]},{"@type":"ImageObject","inLanguage":"pt-BR","@id":"https:\/\/www.manaus.am.gov.br\/semcom\/moradores-presidente-vargas-usufruem-quadra-socorro-cabo-verde\/#primaryimage","url":"https:\/\/www.manaus.am.gov.br\/semcom\/wp-content\/uploads\/sites\/5\/2024\/11\/736A9739.jpeg","contentUrl":"https:\/\/www.manaus.am.gov.br\/semcom\/wp-content\/uploads\/sites\/5\/2024\/11\/736A9739.jpeg","width":6720,"height":4480,"caption":"#paratodosverem - Moradores do bairro Presidente Vargas utilizando a quadra Socorro Cabo Verde rec\u00e9m-reformada para a pr\u00e1tica esportiva"},{"@type":"WebSite","@id":"https:\/\/www.manaus.am.gov.br\/semcom\/#website","url":"https:\/\/www.manaus.am.gov.br\/semcom\/","name":"SEMCOM","description":"Secretaria Municipal de Comunica\u00e7\u00e3o","potentialAction":[{"@type":"SearchAction","target":{"@type":"EntryPoint","urlTemplate":"https:\/\/www.manaus.am.gov.br\/semcom\/?s={search_term_string}"},"query-input":"required name=search_term_string"}],"inLanguage":"pt-BR"},{"@type":"Person","@id":"https:\/\/www.manaus.am.gov.br\/semcom\/#\/schema\/person\/05d223aea2bf115f9883a6ff3683d81b","name":"Bruna Greco","image":{"@type":"ImageObject","inLanguage":"pt-BR","@id":"https:\/\/www.manaus.am.gov.br\/semcom\/#\/schema\/person\/image\/","url":"https:\/\/secure.gravatar.com\/avatar\/9c877d1a6adc2a055330e5c09a8653ce?s=96&d=mm&r=g","contentUrl":"https:\/\/secure.gravatar.com\/avatar\/9c877d1a6adc2a055330e5c09a8653ce?s=96&d=mm&r=g","caption":"Bruna Greco"}}]}},"_links":{"self":[{"href":"https:\/\/www.manaus.am.gov.br\/semcom\/wp-json\/wp\/v2\/posts\/231442"}],"collection":[{"href":"https:\/\/www.manaus.am.gov.br\/semcom\/wp-json\/wp\/v2\/posts"}],"about":[{"href":"https:\/\/www.manaus.am.gov.br\/semcom\/wp-json\/wp\/v2\/types\/post"}],"author":[{"embeddable":true,"href":"https:\/\/www.manaus.am.gov.br\/semcom\/wp-json\/wp\/v2\/users\/39"}],"replies":[{"embeddable":true,"href":"https:\/\/www.manaus.am.gov.br\/semcom\/wp-json\/wp\/v2\/comments?post=231442"}],"version-history":[{"count":9,"href":"https:\/\/www.manaus.am.gov.br\/semcom\/wp-json\/wp\/v2\/posts\/231442\/revisions"}],"predecessor-version":[{"id":231646,"href":"https:\/\/www.manaus.am.gov.br\/semcom\/wp-json\/wp\/v2\/posts\/231442\/revisions\/231646"}],"wp:featuredmedia":[{"embeddable":true,"href":"https:\/\/www.manaus.am.gov.br\/semcom\/wp-json\/wp\/v2\/media\/231444"}],"wp:attachment":[{"href":"https:\/\/www.manaus.am.gov.br\/semcom\/wp-json\/wp\/v2\/media?parent=231442"}],"wp:term":[{"taxonomy":"category","embeddable":true,"href":"https:\/\/www.manaus.am.gov.br\/semcom\/wp-json\/wp\/v2\/categories?post=231442"},{"taxonomy":"post_tag","embeddable":true,"href":"https:\/\/www.manaus.am.gov.br\/semcom\/wp-json\/wp\/v2\/tags?post=231442"}],"curies":[{"name":"wp","href":"https:\/\/api.w.org\/{rel}","templated":true}]}}