{"id":231059,"date":"2024-07-03T20:35:25","date_gmt":"2024-07-03T23:35:25","guid":{"rendered":"https:\/\/www.manaus.am.gov.br\/semcom\/inaugura-cmee\/"},"modified":"2024-07-03T20:35:27","modified_gmt":"2024-07-03T23:35:27","slug":"inaugura-cmee","status":"publish","type":"post","link":"https:\/\/www.manaus.am.gov.br\/semcom\/inaugura-cmee\/","title":{"rendered":"Prefeitura inaugura CMEE Yumi Odani e reinaugura escola municipal de Educa\u00e7\u00e3o Especial Andr\u00e9 Vidal de Ara\u00fajo"},"content":{"rendered":"\n<p>A Prefeitura de Manaus, por meio da Secretaria Municipal de Educa\u00e7\u00e3o (Semed), realizou, nesta quarta-feira, 3\/7, a inaugura\u00e7\u00e3o do Centro Municipal de Educa\u00e7\u00e3o Especial (CMEE) Yumi Odani e a reinaugura\u00e7\u00e3o da escola municipal de Educa\u00e7\u00e3o Especial Andr\u00e9 Vidal de Ara\u00fajo, localizadas na rua da Penetra\u00e7\u00e3o, s\/n\u00ba, bairro Parque 10, Vila Amazonas, zona Centro-Sul. A entrega dos novos pr\u00e9dios amplos e modernos foi realizada pelo prefeito David Almeida e pela secret\u00e1ria da Semed, Dulce Almeida.<\/p>\n\n\n\n<p>O prefeito salientou que a educa\u00e7\u00e3o especial em Manaus avan\u00e7ou 20 anos na educa\u00e7\u00e3o especial com as entregas realizadas. &#8220;Em um m\u00eas, n\u00f3s estamos entregando estruturas de educa\u00e7\u00e3o especial. N\u00f3s mais do que dobramos tudo o que foi feito em 20 anos em educa\u00e7\u00e3o especial. Esse complexo \u00e9 o mais moderno que se tem informa\u00e7\u00e3o a n\u00edvel de educa\u00e7\u00e3o especial no Brasil. Portanto, as crian\u00e7as especiais merecem, os pais merecem um espa\u00e7o totalmente transformado, ampliado e aqui, sem d\u00favida alguma, \u00e9 um espa\u00e7o para n\u00f3s fazermos a inclus\u00e3o e a educa\u00e7\u00e3o especial&#8221;, disse o prefeito.<\/p>\n\n\n\n<p>O chefe do Executivo municipal ainda informou que mais estruturas ser\u00e3o entregues da educa\u00e7\u00e3o municipal, que se somar\u00e3o as demais 344. &#8220;At\u00e9 sexta-feira, ainda temos escolas e creches a serem entregues e mais, at\u00e9 o final do ano, mais de 20 estruturas para serem entregues entre escolas e creches&#8221;, informou.<\/p>\n\n\n\n<p>O novo CMEE Yumi Odani vai oferecer servi\u00e7os especializados em avalia\u00e7\u00e3o multiprofissional e programas pedag\u00f3gicos \u00e0s crian\u00e7as e aos adolescentes, tendo como p\u00fablico-alvo da educa\u00e7\u00e3o infantil, por profissionais das \u00e1reas de servi\u00e7o social, pedagogia, psicopedagoga, psicologia, fonoaudiologia, fisioterapia e nutri\u00e7\u00e3o. Ser\u00e1 oferecido 1.596 atendimentos, somente no segundo semestre deste ano, assegurando atendimento humanizado a todos os estudantes da rede municipal de ensino.<\/p>\n\n\n\n<p>A secret\u00e1ria Dulce Almeida estava bastante emocionada por poder fazer parte da mudan\u00e7a da educa\u00e7\u00e3o especial ofertada em Manaus. &#8220;Meu cora\u00e7\u00e3o est\u00e1 transbordando. Uma professora de ch\u00e3o de escola poder ter a oportunidade de fazer isso acontecer pelas nossas m\u00e3os. \u00c9 explos\u00e3o aqui no meu cora\u00e7\u00e3o. A gente precisa ter o entendimento que todos somos diferenciados nas nossas habilidades e as nossas crian\u00e7as s\u00e3o assim. S\u00e3o especiais, porque t\u00eam suas diferen\u00e7as. A inclus\u00e3o tem de ser trabalhada na cabe\u00e7a n\u00e3o s\u00f3 das fam\u00edlias de crian\u00e7as especiais, mas de toda a comunidade, para que todos possamos saber como tratar, trabalhar, como agir e como olhar para essas crian\u00e7as e suas fam\u00edlias&#8221;, destacou a secret\u00e1ria Dulce Almeida.<\/p>\n\n\n\n<p>A estrutura do CMEE Yumi Odani vai funcionar no primeiro bloco do antigo complexo Andr\u00e9 Vidal de Ara\u00fajo, que funciona h\u00e1 mais de 20 anos, mas que passou por uma reforma significativa. Com a obra, o n\u00famero de salas foi ampliado, de 21 para 30 salas de atendimento, al\u00e9m de recep\u00e7\u00e3o, sala de fisioterapia, consult\u00f3rio odontol\u00f3gico, duas salas administrativas, sala da dire\u00e7\u00e3o, sala de professores (incluindo dois lavabos), sala de reuni\u00e3o, sala de digita\u00e7\u00e3o, sala de recursos, copa, frald\u00e1rio, dois banheiros coletivos (masculino e feminino), dois banheiros para funcion\u00e1rios (masculino e feminino), tr\u00eas banheiros para PCDs (masculino, feminino e infantil), uma \u00e1rea de servi\u00e7o, uma \u00e1rea para parede sensorial e um jardim sensorial.&nbsp;<\/p>\n\n\n\n<p>Socorro Brand\u00e3o acompanha seu filho na escola Andr\u00e9 Vidal h\u00e1 13 anos. Ela afirma que a reforma teve um resultado maravilhoso para melhor acolher os pais e alunos. &#8220;Est\u00e1 maravilhoso. Eu j\u00e1 tenho muito tempo aqui e eu agrade\u00e7o a Deus por isso, por essa melhoria que vai fazer muito bem para n\u00f3s e para eles (alunos)&#8221;, contou.<\/p>\n\n\n\n<p>Cl\u00edcia Mara tamb\u00e9m agradeceu pelas melhorias, como a cobertura na \u00e1rea da piscina, melhoria ma acessibilidade e refeit\u00f3rio. &#8220;Est\u00e1vamos precisando dessa reforma. Agora a gente v\u00ea essa estrutura bem legal. A piscina com a cobertura ficou maravilhosa. Melhoria do refeit\u00f3rio, l\u00e1 dentro da escola, est\u00e1 tudo bem bonito mesmo. Muito bom tanto para alunos e tamb\u00e9m para os pais, pois alguns ficam aqui o dia todo com os filhos&#8221;, disse.<\/p>\n\n\n\n<p>Yumi Odani<\/p>\n\n\n\n<p>O nome \u00e9 uma homenagem \u00e0 beb\u00ea Yumi Odani, que nasceu no dia 22\/11\/2019. Logo no in\u00edcio da gesta\u00e7\u00e3o, Yumi foi diagnosticada com acondroplasia &#8211; um certo tipo de nanismo. A m\u00e3e, Jacy Alice, levou adiante a gravidez, mesmo com todos os desafios e riscos. Depois do nascimento, a beb\u00ea ficou em uma UTI neonatal, vindo a falecer um dia depois. Sua m\u00e3e e uma equipe de amigos e profissionais da sociedade civil, resolveram escrever um projeto de lei, que foi aprovado em 30\/06\/2023, originando a Lei Yumi Odani de n\u00ba 3.073\/2023, sancionada pelo prefeito David Almeida.<\/p>\n\n\n\n<p>Esta lei passou a ser a primeira lei do Brasil referente \u00e0 estimula\u00e7\u00e3o pedag\u00f3gica precoce, tornando a cidade de Manaus a primeira cidade do Brasil a ter uma pol\u00edtica de estado sobre estimula\u00e7\u00e3o precoce, relacionada a crian\u00e7as at\u00e9 tr\u00eas anos de idade, dando visibilidade legal \u00e0 primeir\u00edssima inf\u00e2ncia. Sua partida n\u00e3o foi o fim e sim o legado para muitas gera\u00e7\u00f5es futuras.<\/p>\n\n\n\n<p>&#8212; &#8212; &#8212;<\/p>\n\n\n\n<p><strong>Texto<\/strong> &#8211; Divulga\u00e7\u00e3o \/ Semed e Geraldo Farias \/ Semcom<\/p>\n\n\n\n<p><strong>Fotos<\/strong> &#8211; Ant\u00f4nio Pereira e Valdo Le\u00e3o \/ Semcom<\/p>\n\n\n\n<p><strong>Dispon\u00edveis em<\/strong> \u2013 <a href=\"https:\/\/www.flickr.com\/gp\/prefeiturademanaus\/bfGtsux3uB\">https:\/\/www.flickr.com\/gp\/prefeiturademanaus\/bfGtsux3uB<\/a><\/p>\n","protected":false},"excerpt":{"rendered":"","protected":false},"author":61,"featured_media":231060,"comment_status":"closed","ping_status":"closed","sticky":false,"template":"","format":"standard","meta":{"footnotes":""},"categories":[1625],"tags":[12241,12242,77,62],"acf":[],"yoast_head":"<!-- This site is optimized with the Yoast SEO plugin v23.0 - https:\/\/yoast.com\/wordpress\/plugins\/seo\/ -->\n<title>Prefeitura inaugura CMEE Yumi Odani e reinaugura escola municipal de Educa\u00e7\u00e3o Especial Andr\u00e9 Vidal de Ara\u00fajo<\/title>\n<meta name=\"description\" content=\"A Prefeitura de Manaus, por meio da Semed, inaugurou, nesta quarta-feira, 3\/7, o Centro Municipal de Educa\u00e7\u00e3o Especial (CMEE) Yumi Odani e reinaugurou a escola municipal de Educa\u00e7\u00e3o Especial Andr\u00e9 Vidal de Ara\u00fajo.\" \/>\n<meta name=\"robots\" content=\"index, follow, max-snippet:-1, max-image-preview:large, max-video-preview:-1\" \/>\n<link rel=\"canonical\" href=\"https:\/\/www.manaus.am.gov.br\/semcom\/inaugura-cmee\/\" \/>\n<meta property=\"og:locale\" content=\"pt_BR\" \/>\n<meta property=\"og:type\" content=\"article\" \/>\n<meta property=\"og:title\" content=\"Prefeitura inaugura CMEE Yumi Odani e reinaugura escola municipal de Educa\u00e7\u00e3o Especial Andr\u00e9 Vidal de Ara\u00fajo\" \/>\n<meta property=\"og:description\" content=\"A Prefeitura de Manaus, por meio da Semed, inaugurou, nesta quarta-feira, 3\/7, o Centro Municipal de Educa\u00e7\u00e3o Especial (CMEE) Yumi Odani e reinaugurou a escola municipal de Educa\u00e7\u00e3o Especial Andr\u00e9 Vidal de Ara\u00fajo.\" \/>\n<meta property=\"og:url\" content=\"https:\/\/www.manaus.am.gov.br\/semcom\/inaugura-cmee\/\" \/>\n<meta property=\"og:site_name\" content=\"SEMCOM\" \/>\n<meta property=\"article:published_time\" content=\"2024-07-03T23:35:25+00:00\" \/>\n<meta property=\"article:modified_time\" content=\"2024-07-03T23:35:27+00:00\" \/>\n<meta property=\"og:image\" content=\"https:\/\/www.manaus.am.gov.br\/semcom\/wp-content\/uploads\/sites\/5\/2024\/07\/Educacao-Prefeito-1.jpg\" \/>\n\t<meta property=\"og:image:width\" content=\"800\" \/>\n\t<meta property=\"og:image:height\" content=\"534\" \/>\n\t<meta property=\"og:image:type\" content=\"image\/jpeg\" \/>\n<meta name=\"author\" content=\"smonteiro\" \/>\n<meta name=\"twitter:card\" content=\"summary_large_image\" \/>\n<meta name=\"twitter:label1\" content=\"Written by\" \/>\n\t<meta name=\"twitter:data1\" content=\"smonteiro\" \/>\n\t<meta name=\"twitter:label2\" content=\"Est. reading time\" \/>\n\t<meta name=\"twitter:data2\" content=\"5 minutos\" \/>\n<script type=\"application\/ld+json\" class=\"yoast-schema-graph\">{\"@context\":\"https:\/\/schema.org\",\"@graph\":[{\"@type\":\"WebPage\",\"@id\":\"https:\/\/www.manaus.am.gov.br\/semcom\/inaugura-cmee\/\",\"url\":\"https:\/\/www.manaus.am.gov.br\/semcom\/inaugura-cmee\/\",\"name\":\"Prefeitura inaugura CMEE Yumi Odani e reinaugura escola municipal de Educa\u00e7\u00e3o Especial Andr\u00e9 Vidal de Ara\u00fajo\",\"isPartOf\":{\"@id\":\"https:\/\/www.manaus.am.gov.br\/semcom\/#website\"},\"primaryImageOfPage\":{\"@id\":\"https:\/\/www.manaus.am.gov.br\/semcom\/inaugura-cmee\/#primaryimage\"},\"image\":{\"@id\":\"https:\/\/www.manaus.am.gov.br\/semcom\/inaugura-cmee\/#primaryimage\"},\"thumbnailUrl\":\"https:\/\/www.manaus.am.gov.br\/semcom\/wp-content\/uploads\/sites\/5\/2024\/07\/Educacao-Prefeito-1.jpg\",\"datePublished\":\"2024-07-03T23:35:25+00:00\",\"dateModified\":\"2024-07-03T23:35:27+00:00\",\"author\":{\"@id\":\"https:\/\/www.manaus.am.gov.br\/semcom\/#\/schema\/person\/ab4dcf766a54dff74e8d267f5c591961\"},\"description\":\"A Prefeitura de Manaus, por meio da Semed, inaugurou, nesta quarta-feira, 3\/7, o Centro Municipal de Educa\u00e7\u00e3o Especial (CMEE) Yumi Odani e reinaugurou a escola municipal de Educa\u00e7\u00e3o Especial Andr\u00e9 Vidal de Ara\u00fajo.\",\"inLanguage\":\"pt-BR\",\"potentialAction\":[{\"@type\":\"ReadAction\",\"target\":[\"https:\/\/www.manaus.am.gov.br\/semcom\/inaugura-cmee\/\"]}]},{\"@type\":\"ImageObject\",\"inLanguage\":\"pt-BR\",\"@id\":\"https:\/\/www.manaus.am.gov.br\/semcom\/inaugura-cmee\/#primaryimage\",\"url\":\"https:\/\/www.manaus.am.gov.br\/semcom\/wp-content\/uploads\/sites\/5\/2024\/07\/Educacao-Prefeito-1.jpg\",\"contentUrl\":\"https:\/\/www.manaus.am.gov.br\/semcom\/wp-content\/uploads\/sites\/5\/2024\/07\/Educacao-Prefeito-1.jpg\",\"width\":800,\"height\":534,\"caption\":\"#paratodosverem - prefeito na placa de inaugura\u00e7\u00e3o\"},{\"@type\":\"WebSite\",\"@id\":\"https:\/\/www.manaus.am.gov.br\/semcom\/#website\",\"url\":\"https:\/\/www.manaus.am.gov.br\/semcom\/\",\"name\":\"SEMCOM\",\"description\":\"Secretaria Municipal de Comunica\u00e7\u00e3o\",\"potentialAction\":[{\"@type\":\"SearchAction\",\"target\":{\"@type\":\"EntryPoint\",\"urlTemplate\":\"https:\/\/www.manaus.am.gov.br\/semcom\/?s={search_term_string}\"},\"query-input\":\"required name=search_term_string\"}],\"inLanguage\":\"pt-BR\"},{\"@type\":\"Person\",\"@id\":\"https:\/\/www.manaus.am.gov.br\/semcom\/#\/schema\/person\/ab4dcf766a54dff74e8d267f5c591961\",\"name\":\"smonteiro\",\"image\":{\"@type\":\"ImageObject\",\"inLanguage\":\"pt-BR\",\"@id\":\"https:\/\/www.manaus.am.gov.br\/semcom\/#\/schema\/person\/image\/\",\"url\":\"https:\/\/secure.gravatar.com\/avatar\/21c8776ef61d9272c73322052e042d77?s=96&d=mm&r=g\",\"contentUrl\":\"https:\/\/secure.gravatar.com\/avatar\/21c8776ef61d9272c73322052e042d77?s=96&d=mm&r=g\",\"caption\":\"smonteiro\"}}]}<\/script>\n<!-- \/ Yoast SEO plugin. -->","yoast_head_json":{"title":"Prefeitura inaugura CMEE Yumi Odani e reinaugura escola municipal de Educa\u00e7\u00e3o Especial Andr\u00e9 Vidal de Ara\u00fajo","description":"A Prefeitura de Manaus, por meio da Semed, inaugurou, nesta quarta-feira, 3\/7, o Centro Municipal de Educa\u00e7\u00e3o Especial (CMEE) Yumi Odani e reinaugurou a escola municipal de Educa\u00e7\u00e3o Especial Andr\u00e9 Vidal de Ara\u00fajo.","robots":{"index":"index","follow":"follow","max-snippet":"max-snippet:-1","max-image-preview":"max-image-preview:large","max-video-preview":"max-video-preview:-1"},"canonical":"https:\/\/www.manaus.am.gov.br\/semcom\/inaugura-cmee\/","og_locale":"pt_BR","og_type":"article","og_title":"Prefeitura inaugura CMEE Yumi Odani e reinaugura escola municipal de Educa\u00e7\u00e3o Especial Andr\u00e9 Vidal de Ara\u00fajo","og_description":"A Prefeitura de Manaus, por meio da Semed, inaugurou, nesta quarta-feira, 3\/7, o Centro Municipal de Educa\u00e7\u00e3o Especial (CMEE) Yumi Odani e reinaugurou a escola municipal de Educa\u00e7\u00e3o Especial Andr\u00e9 Vidal de Ara\u00fajo.","og_url":"https:\/\/www.manaus.am.gov.br\/semcom\/inaugura-cmee\/","og_site_name":"SEMCOM","article_published_time":"2024-07-03T23:35:25+00:00","article_modified_time":"2024-07-03T23:35:27+00:00","og_image":[{"width":800,"height":534,"url":"https:\/\/www.manaus.am.gov.br\/semcom\/wp-content\/uploads\/sites\/5\/2024\/07\/Educacao-Prefeito-1.jpg","type":"image\/jpeg"}],"author":"smonteiro","twitter_card":"summary_large_image","twitter_misc":{"Written by":"smonteiro","Est. reading time":"5 minutos"},"schema":{"@context":"https:\/\/schema.org","@graph":[{"@type":"WebPage","@id":"https:\/\/www.manaus.am.gov.br\/semcom\/inaugura-cmee\/","url":"https:\/\/www.manaus.am.gov.br\/semcom\/inaugura-cmee\/","name":"Prefeitura inaugura CMEE Yumi Odani e reinaugura escola municipal de Educa\u00e7\u00e3o Especial Andr\u00e9 Vidal de Ara\u00fajo","isPartOf":{"@id":"https:\/\/www.manaus.am.gov.br\/semcom\/#website"},"primaryImageOfPage":{"@id":"https:\/\/www.manaus.am.gov.br\/semcom\/inaugura-cmee\/#primaryimage"},"image":{"@id":"https:\/\/www.manaus.am.gov.br\/semcom\/inaugura-cmee\/#primaryimage"},"thumbnailUrl":"https:\/\/www.manaus.am.gov.br\/semcom\/wp-content\/uploads\/sites\/5\/2024\/07\/Educacao-Prefeito-1.jpg","datePublished":"2024-07-03T23:35:25+00:00","dateModified":"2024-07-03T23:35:27+00:00","author":{"@id":"https:\/\/www.manaus.am.gov.br\/semcom\/#\/schema\/person\/ab4dcf766a54dff74e8d267f5c591961"},"description":"A Prefeitura de Manaus, por meio da Semed, inaugurou, nesta quarta-feira, 3\/7, o Centro Municipal de Educa\u00e7\u00e3o Especial (CMEE) Yumi Odani e reinaugurou a escola municipal de Educa\u00e7\u00e3o Especial Andr\u00e9 Vidal de Ara\u00fajo.","inLanguage":"pt-BR","potentialAction":[{"@type":"ReadAction","target":["https:\/\/www.manaus.am.gov.br\/semcom\/inaugura-cmee\/"]}]},{"@type":"ImageObject","inLanguage":"pt-BR","@id":"https:\/\/www.manaus.am.gov.br\/semcom\/inaugura-cmee\/#primaryimage","url":"https:\/\/www.manaus.am.gov.br\/semcom\/wp-content\/uploads\/sites\/5\/2024\/07\/Educacao-Prefeito-1.jpg","contentUrl":"https:\/\/www.manaus.am.gov.br\/semcom\/wp-content\/uploads\/sites\/5\/2024\/07\/Educacao-Prefeito-1.jpg","width":800,"height":534,"caption":"#paratodosverem - prefeito na placa de inaugura\u00e7\u00e3o"},{"@type":"WebSite","@id":"https:\/\/www.manaus.am.gov.br\/semcom\/#website","url":"https:\/\/www.manaus.am.gov.br\/semcom\/","name":"SEMCOM","description":"Secretaria Municipal de Comunica\u00e7\u00e3o","potentialAction":[{"@type":"SearchAction","target":{"@type":"EntryPoint","urlTemplate":"https:\/\/www.manaus.am.gov.br\/semcom\/?s={search_term_string}"},"query-input":"required name=search_term_string"}],"inLanguage":"pt-BR"},{"@type":"Person","@id":"https:\/\/www.manaus.am.gov.br\/semcom\/#\/schema\/person\/ab4dcf766a54dff74e8d267f5c591961","name":"smonteiro","image":{"@type":"ImageObject","inLanguage":"pt-BR","@id":"https:\/\/www.manaus.am.gov.br\/semcom\/#\/schema\/person\/image\/","url":"https:\/\/secure.gravatar.com\/avatar\/21c8776ef61d9272c73322052e042d77?s=96&d=mm&r=g","contentUrl":"https:\/\/secure.gravatar.com\/avatar\/21c8776ef61d9272c73322052e042d77?s=96&d=mm&r=g","caption":"smonteiro"}}]}},"_links":{"self":[{"href":"https:\/\/www.manaus.am.gov.br\/semcom\/wp-json\/wp\/v2\/posts\/231059"}],"collection":[{"href":"https:\/\/www.manaus.am.gov.br\/semcom\/wp-json\/wp\/v2\/posts"}],"about":[{"href":"https:\/\/www.manaus.am.gov.br\/semcom\/wp-json\/wp\/v2\/types\/post"}],"author":[{"embeddable":true,"href":"https:\/\/www.manaus.am.gov.br\/semcom\/wp-json\/wp\/v2\/users\/61"}],"replies":[{"embeddable":true,"href":"https:\/\/www.manaus.am.gov.br\/semcom\/wp-json\/wp\/v2\/comments?post=231059"}],"version-history":[{"count":0,"href":"https:\/\/www.manaus.am.gov.br\/semcom\/wp-json\/wp\/v2\/posts\/231059\/revisions"}],"wp:featuredmedia":[{"embeddable":true,"href":"https:\/\/www.manaus.am.gov.br\/semcom\/wp-json\/wp\/v2\/media\/231060"}],"wp:attachment":[{"href":"https:\/\/www.manaus.am.gov.br\/semcom\/wp-json\/wp\/v2\/media?parent=231059"}],"wp:term":[{"taxonomy":"category","embeddable":true,"href":"https:\/\/www.manaus.am.gov.br\/semcom\/wp-json\/wp\/v2\/categories?post=231059"},{"taxonomy":"post_tag","embeddable":true,"href":"https:\/\/www.manaus.am.gov.br\/semcom\/wp-json\/wp\/v2\/tags?post=231059"}],"curies":[{"name":"wp","href":"https:\/\/api.w.org\/{rel}","templated":true}]}}