{"id":230948,"date":"2024-06-28T17:46:24","date_gmt":"2024-06-28T20:46:24","guid":{"rendered":"https:\/\/www.manaus.am.gov.br\/semcom\/lanca-biografia\/"},"modified":"2024-06-28T20:09:21","modified_gmt":"2024-06-28T23:09:21","slug":"lanca-biografia","status":"publish","type":"post","link":"https:\/\/www.manaus.am.gov.br\/semcom\/lanca-biografia\/","title":{"rendered":"Escritor lan\u00e7a biografia da artista amazonense Ednelza Sahdo com apoio da Prefeitura de Manaus"},"content":{"rendered":"\n<p>A biografia autorizada intitulada \u201cEdnelza Sahdo \u2013 A dama do Teatro, do Carnaval e da Cultura Amazonense\u201d ser\u00e1 lan\u00e7ada no dia 5 de julho, no Teatro da Instala\u00e7\u00e3o. A Prefeitura de Manaus, por meio do Conselho Municipal de Cultura (Concultura), gestor do Fundo Municipal de Cultura (FMC), e o Minist\u00e9rio da Cultura (MinC) possibilitaram a publica\u00e7\u00e3o do livro.<\/p>\n\n\n\n<p>O projeto in\u00e9dito foi contemplado pela Lei Paulo Gustavo (LPG), do Governo Federal, por meio do Edital de Chamamento P\u00fablico n\u00ba 005\/2023 \u2013 Concurso Pr\u00eamio Manaus Identidade Cultural Demais Linguagens, gerido pelo Conselho Municipal de Cultura (Concultura).<\/p>\n\n\n\n<p>Em visita \u00e0 sede do Concultura, o autor, Adailson Veiga, entregou exemplares da obra ao presidente do Concultura\/FMC, Neilo Batista e ao vice-presidente, Carlos Guedelha. Na oportunidade o ator, diretor e escritor convidou os dirigentes para o lan\u00e7amento da obra.<\/p>\n\n\n\n<p>O presidente do conselho, Neilo Batista, considera a obra das mais relevantes no registro das personalidades manauaras e sua atua\u00e7\u00e3o nas artes. \u201cA obra do Adailson \u00e9 um registro maravilhoso e emocionante que retrata a grandiosidade da dama do teatro n\u00e3o s\u00f3 amazonense, mas do Brasil, a eterna Ednelza Sahdo\u201d, ressaltou Neilo.<\/p>\n\n\n\n<p>Segundo o autor Adailson Veiga, a import\u00e2ncia do registro impresso sobre nossa cultura contribui de maneira direta para a preserva\u00e7\u00e3o da mem\u00f3ria, da nossa hist\u00f3ria cultural com nossos personagens importantes, como Ednelza Sahdo entre outros baluartes da cultura amazonense. \u201cFico muito feliz e esperan\u00e7oso com as atuais pol\u00edticas culturas advindas dos governos federal e municipal, isso gera emprego e aquece a economia criativa. Projetos culturais importantes s\u00e3o executados enriquecendo as artes da nossa regi\u00e3o\u201d, comentou Veiga.<\/p>\n\n\n\n<p>A primeira tiragem totaliza 200 exemplares que ser\u00e3o distribu\u00eddos ao p\u00fablico durante o lan\u00e7amento, e distribu\u00eddos nas principais bibliotecas p\u00fablicas de Manaus.<\/p>\n\n\n\n<p><strong>A obra<\/strong><\/p>\n\n\n\n<p>Iniciada em 2015, um ano ap\u00f3s Ednelza ter sido homenageada pelo Gr\u00eamio Recreativo Cultural Escola de Samba A Grande Fam\u00edlia, o livro retrata desde a inf\u00e2ncia da atriz \u00e0 carreira no teatro e televis\u00e3o, sua rela\u00e7\u00e3o com as artes, passando pela dramaturgia \u00e0 paix\u00e3o pelo carnaval. Autor da obra e amigo pessoal de Ednelza, Adailson contou que todo o processo de cria\u00e7\u00e3o da biografia foi acompanhado e aprovado pela artista, que faleceu em novembro de 2022.<\/p>\n\n\n\n<p>\u201cEdnelza foi minha inspira\u00e7\u00e3o art\u00edstica, quando a conheci em 1988. Ela me dirigiu no espet\u00e1culo \u2018N\u00f3s Medeia\u2019, de Z\u00e9 Maria Pinto, em 2011, foi minha grande amiga e confidente\u201d, compartilhou o autor da biografia.<\/p>\n\n\n\n<p>Adailson contou que, para a obra biogr\u00e1fica, foram realizadas entrevistas com a pr\u00f3pria Ednelza Sahdo, com os filhos, amigos, artistas, autoridades, dirigentes de escolas de samba, al\u00e9m de muita pesquisa bibliogr\u00e1fica.<\/p>\n\n\n\n<p>\u201cCom Ednelza foram mais de dez entrevistas em v\u00eddeo. Pesquisei material fotogr\u00e1fico e jornal\u00edstico, busquei hist\u00f3rias da fam\u00edlia, pesquisei sobre a migra\u00e7\u00e3o dos Isaac Sahdo, da S\u00edria para o Amazonas. Al\u00e9m de pesquisas junto aos arquivos da Federa\u00e7\u00e3o de Teatro do Amazonas (Fetam); Arquivos do Sergio Cardoso e do M\u00e1rcio Souza (escritores), entre outras fontes\u201d, detalhou Adailson.<\/p>\n\n\n\n<p><strong>Vida e Obra<\/strong><\/p>\n\n\n\n<p>Ednelza Sahdo foi uma atriz, cantora e diretora que se eternizou como a \u201cDama do Teatro Amazonense\u201d, sendo refer\u00eancia para diferentes gera\u00e7\u00f5es de artistas, seja no teatro, no carnaval, se tornando s\u00edmbolo da cultura amazonense.<\/p>\n\n\n\n<p>A biografia da artista \u00e9 dividida em 14 cap\u00edtulos e tem como principal objetivo contribuir com o processo de resgate, registro e constru\u00e7\u00e3o identit\u00e1ria do teatro e da cultura amazonense, tendo como ponto de reflex\u00e3o a trajet\u00f3ria art\u00edstica de Ednelza Sahdo e sua import\u00e2ncia para o processo da mem\u00f3ria do teatro e da cultura amazonense.<\/p>\n\n\n\n<p>\u201cDesejo com esta obra imortalizar a mem\u00f3ria e a obra de Ednelza Sahdo, inspirar para que outros \u2018Adailsons\u2019 possam contribuir com a cultura amazonense com legados e obras de outras \u2018Ednelzas\u2019\u201d, afirmou o autor.<\/p>\n\n\n\n<p><strong>Sobre o autor<\/strong><\/p>\n\n\n\n<p>Adailson Feitoza Veiga \u00e9 ator, diretor e produtor de teatro, possui Mestrado em Ci\u00eancias e Meio Ambiente pela Universidade Federal do Par\u00e1 (UFPA). \u00c9 Especialista em Gest\u00e3o de Pessoas pela Universidade C\u00e2ndido Mendes (Ucam\/RJ). \u00c9 Especialista em Neuropsicopedagogia pelo Centro Universit\u00e1rio Cidade Verde (UNICV\/PR). Possui Bacharelado em Administra\u00e7\u00e3o de Empresas pela Universidade Paulista (Unip\/AM), possui Licenciatura em Hist\u00f3ria pelo Centro Universit\u00e1rio Cidade Verde (UNICV\/PR).<\/p>\n\n\n\n<p>\u00c9 professor universit\u00e1rio e gestor de pessoas. Iniciou sua carreira no teatro em 1994, no Grupo de Pesquisas C\u00eanicas do SESC, dirigido por Chico Cardoso. Frequentou o Curso T\u00e9cnico em Artes C\u00eanicas pelo Centro de Artes da Universidade Federal do Amazonas (Caua), em 1995. Al\u00e9m do Grupo de Pesquisas C\u00eanicas do SESC, atuou na \u201cCia de Teatro A R\u00e3 Qi Ri\u201d e na \u201cCia de Teatro Metamorfose\u201d. Em 1996, fundou a \u201cCia Teatral Azuarte\u201d, onde passou a dirigir e produzir seus pr\u00f3prios espet\u00e1culos.<\/p>\n\n\n\n<p>&#8212; &#8212; &#8212;<\/p>\n\n\n\n<p><strong>Texto<\/strong> &#8211; Crist\u00f3v\u00e3o Nonato \/ Concultura e Assessoria do Autor<\/p>\n\n\n\n<p><strong>Fotos<\/strong> &#8211; F\u00e1bio Sim\u00f5es \/ Concultura<\/p>\n","protected":false},"excerpt":{"rendered":"","protected":false},"author":61,"featured_media":230949,"comment_status":"closed","ping_status":"closed","sticky":false,"template":"","format":"standard","meta":{"footnotes":""},"categories":[9365],"tags":[],"acf":[],"yoast_head":"<!-- This site is optimized with the Yoast SEO plugin v23.0 - https:\/\/yoast.com\/wordpress\/plugins\/seo\/ -->\n<title>Escritor lan\u00e7a biografia da artista amazonense Ednelza Sahdo com apoio da Prefeitura de Manaus<\/title>\n<meta name=\"description\" content=\"A biografia autorizada sobre a vida e a obra intitulado \u201cEdnelza Sahdo \u2013 A dama do Teatro, do Carnaval e da Cultura Amazonense\u201d ser\u00e1 lan\u00e7ada no dia 5 de julho, no Teatro da Instala\u00e7\u00e3o.\" \/>\n<meta name=\"robots\" content=\"index, follow, max-snippet:-1, max-image-preview:large, max-video-preview:-1\" \/>\n<link rel=\"canonical\" href=\"https:\/\/www.manaus.am.gov.br\/semcom\/lanca-biografia\/\" \/>\n<meta property=\"og:locale\" content=\"pt_BR\" \/>\n<meta property=\"og:type\" content=\"article\" \/>\n<meta property=\"og:title\" content=\"Escritor lan\u00e7a biografia da artista amazonense Ednelza Sahdo com apoio da Prefeitura de Manaus\" \/>\n<meta property=\"og:description\" content=\"A biografia autorizada sobre a vida e a obra intitulado \u201cEdnelza Sahdo \u2013 A dama do Teatro, do Carnaval e da Cultura Amazonense\u201d ser\u00e1 lan\u00e7ada no dia 5 de julho, no Teatro da Instala\u00e7\u00e3o.\" \/>\n<meta property=\"og:url\" content=\"https:\/\/www.manaus.am.gov.br\/semcom\/lanca-biografia\/\" \/>\n<meta property=\"og:site_name\" content=\"SEMCOM\" \/>\n<meta property=\"article:published_time\" content=\"2024-06-28T20:46:24+00:00\" \/>\n<meta property=\"article:modified_time\" content=\"2024-06-28T23:09:21+00:00\" \/>\n<meta property=\"og:image\" content=\"https:\/\/www.manaus.am.gov.br\/semcom\/wp-content\/uploads\/sites\/5\/2024\/06\/Concultura-Lanca-Livro-1-1024x676.jpg\" \/>\n\t<meta property=\"og:image:width\" content=\"1024\" \/>\n\t<meta property=\"og:image:height\" content=\"676\" \/>\n\t<meta property=\"og:image:type\" content=\"image\/jpeg\" \/>\n<meta name=\"author\" content=\"smonteiro\" \/>\n<meta name=\"twitter:card\" content=\"summary_large_image\" \/>\n<meta name=\"twitter:label1\" content=\"Written by\" \/>\n\t<meta name=\"twitter:data1\" content=\"smonteiro\" \/>\n\t<meta name=\"twitter:label2\" content=\"Est. reading time\" \/>\n\t<meta name=\"twitter:data2\" content=\"5 minutos\" \/>\n<script type=\"application\/ld+json\" class=\"yoast-schema-graph\">{\"@context\":\"https:\/\/schema.org\",\"@graph\":[{\"@type\":\"WebPage\",\"@id\":\"https:\/\/www.manaus.am.gov.br\/semcom\/lanca-biografia\/\",\"url\":\"https:\/\/www.manaus.am.gov.br\/semcom\/lanca-biografia\/\",\"name\":\"Escritor lan\u00e7a biografia da artista amazonense Ednelza Sahdo com apoio da Prefeitura de Manaus\",\"isPartOf\":{\"@id\":\"https:\/\/www.manaus.am.gov.br\/semcom\/#website\"},\"primaryImageOfPage\":{\"@id\":\"https:\/\/www.manaus.am.gov.br\/semcom\/lanca-biografia\/#primaryimage\"},\"image\":{\"@id\":\"https:\/\/www.manaus.am.gov.br\/semcom\/lanca-biografia\/#primaryimage\"},\"thumbnailUrl\":\"https:\/\/www.manaus.am.gov.br\/semcom\/wp-content\/uploads\/sites\/5\/2024\/06\/Concultura-Lanca-Livro-1.jpg\",\"datePublished\":\"2024-06-28T20:46:24+00:00\",\"dateModified\":\"2024-06-28T23:09:21+00:00\",\"author\":{\"@id\":\"https:\/\/www.manaus.am.gov.br\/semcom\/#\/schema\/person\/ab4dcf766a54dff74e8d267f5c591961\"},\"description\":\"A biografia autorizada sobre a vida e a obra intitulado \u201cEdnelza Sahdo \u2013 A dama do Teatro, do Carnaval e da Cultura Amazonense\u201d ser\u00e1 lan\u00e7ada no dia 5 de julho, no Teatro da Instala\u00e7\u00e3o.\",\"inLanguage\":\"pt-BR\",\"potentialAction\":[{\"@type\":\"ReadAction\",\"target\":[\"https:\/\/www.manaus.am.gov.br\/semcom\/lanca-biografia\/\"]}]},{\"@type\":\"ImageObject\",\"inLanguage\":\"pt-BR\",\"@id\":\"https:\/\/www.manaus.am.gov.br\/semcom\/lanca-biografia\/#primaryimage\",\"url\":\"https:\/\/www.manaus.am.gov.br\/semcom\/wp-content\/uploads\/sites\/5\/2024\/06\/Concultura-Lanca-Livro-1.jpg\",\"contentUrl\":\"https:\/\/www.manaus.am.gov.br\/semcom\/wp-content\/uploads\/sites\/5\/2024\/06\/Concultura-Lanca-Livro-1.jpg\",\"width\":3411,\"height\":2252,\"caption\":\"#paratodosverem - o autor da biografia e representantes do Concultura\"},{\"@type\":\"WebSite\",\"@id\":\"https:\/\/www.manaus.am.gov.br\/semcom\/#website\",\"url\":\"https:\/\/www.manaus.am.gov.br\/semcom\/\",\"name\":\"SEMCOM\",\"description\":\"Secretaria Municipal de Comunica\u00e7\u00e3o\",\"potentialAction\":[{\"@type\":\"SearchAction\",\"target\":{\"@type\":\"EntryPoint\",\"urlTemplate\":\"https:\/\/www.manaus.am.gov.br\/semcom\/?s={search_term_string}\"},\"query-input\":\"required name=search_term_string\"}],\"inLanguage\":\"pt-BR\"},{\"@type\":\"Person\",\"@id\":\"https:\/\/www.manaus.am.gov.br\/semcom\/#\/schema\/person\/ab4dcf766a54dff74e8d267f5c591961\",\"name\":\"smonteiro\",\"image\":{\"@type\":\"ImageObject\",\"inLanguage\":\"pt-BR\",\"@id\":\"https:\/\/www.manaus.am.gov.br\/semcom\/#\/schema\/person\/image\/\",\"url\":\"https:\/\/secure.gravatar.com\/avatar\/21c8776ef61d9272c73322052e042d77?s=96&d=mm&r=g\",\"contentUrl\":\"https:\/\/secure.gravatar.com\/avatar\/21c8776ef61d9272c73322052e042d77?s=96&d=mm&r=g\",\"caption\":\"smonteiro\"}}]}<\/script>\n<!-- \/ Yoast SEO plugin. -->","yoast_head_json":{"title":"Escritor lan\u00e7a biografia da artista amazonense Ednelza Sahdo com apoio da Prefeitura de Manaus","description":"A biografia autorizada sobre a vida e a obra intitulado \u201cEdnelza Sahdo \u2013 A dama do Teatro, do Carnaval e da Cultura Amazonense\u201d ser\u00e1 lan\u00e7ada no dia 5 de julho, no Teatro da Instala\u00e7\u00e3o.","robots":{"index":"index","follow":"follow","max-snippet":"max-snippet:-1","max-image-preview":"max-image-preview:large","max-video-preview":"max-video-preview:-1"},"canonical":"https:\/\/www.manaus.am.gov.br\/semcom\/lanca-biografia\/","og_locale":"pt_BR","og_type":"article","og_title":"Escritor lan\u00e7a biografia da artista amazonense Ednelza Sahdo com apoio da Prefeitura de Manaus","og_description":"A biografia autorizada sobre a vida e a obra intitulado \u201cEdnelza Sahdo \u2013 A dama do Teatro, do Carnaval e da Cultura Amazonense\u201d ser\u00e1 lan\u00e7ada no dia 5 de julho, no Teatro da Instala\u00e7\u00e3o.","og_url":"https:\/\/www.manaus.am.gov.br\/semcom\/lanca-biografia\/","og_site_name":"SEMCOM","article_published_time":"2024-06-28T20:46:24+00:00","article_modified_time":"2024-06-28T23:09:21+00:00","og_image":[{"width":1024,"height":676,"url":"https:\/\/www.manaus.am.gov.br\/semcom\/wp-content\/uploads\/sites\/5\/2024\/06\/Concultura-Lanca-Livro-1-1024x676.jpg","type":"image\/jpeg"}],"author":"smonteiro","twitter_card":"summary_large_image","twitter_misc":{"Written by":"smonteiro","Est. reading time":"5 minutos"},"schema":{"@context":"https:\/\/schema.org","@graph":[{"@type":"WebPage","@id":"https:\/\/www.manaus.am.gov.br\/semcom\/lanca-biografia\/","url":"https:\/\/www.manaus.am.gov.br\/semcom\/lanca-biografia\/","name":"Escritor lan\u00e7a biografia da artista amazonense Ednelza Sahdo com apoio da Prefeitura de Manaus","isPartOf":{"@id":"https:\/\/www.manaus.am.gov.br\/semcom\/#website"},"primaryImageOfPage":{"@id":"https:\/\/www.manaus.am.gov.br\/semcom\/lanca-biografia\/#primaryimage"},"image":{"@id":"https:\/\/www.manaus.am.gov.br\/semcom\/lanca-biografia\/#primaryimage"},"thumbnailUrl":"https:\/\/www.manaus.am.gov.br\/semcom\/wp-content\/uploads\/sites\/5\/2024\/06\/Concultura-Lanca-Livro-1.jpg","datePublished":"2024-06-28T20:46:24+00:00","dateModified":"2024-06-28T23:09:21+00:00","author":{"@id":"https:\/\/www.manaus.am.gov.br\/semcom\/#\/schema\/person\/ab4dcf766a54dff74e8d267f5c591961"},"description":"A biografia autorizada sobre a vida e a obra intitulado \u201cEdnelza Sahdo \u2013 A dama do Teatro, do Carnaval e da Cultura Amazonense\u201d ser\u00e1 lan\u00e7ada no dia 5 de julho, no Teatro da Instala\u00e7\u00e3o.","inLanguage":"pt-BR","potentialAction":[{"@type":"ReadAction","target":["https:\/\/www.manaus.am.gov.br\/semcom\/lanca-biografia\/"]}]},{"@type":"ImageObject","inLanguage":"pt-BR","@id":"https:\/\/www.manaus.am.gov.br\/semcom\/lanca-biografia\/#primaryimage","url":"https:\/\/www.manaus.am.gov.br\/semcom\/wp-content\/uploads\/sites\/5\/2024\/06\/Concultura-Lanca-Livro-1.jpg","contentUrl":"https:\/\/www.manaus.am.gov.br\/semcom\/wp-content\/uploads\/sites\/5\/2024\/06\/Concultura-Lanca-Livro-1.jpg","width":3411,"height":2252,"caption":"#paratodosverem - o autor da biografia e representantes do Concultura"},{"@type":"WebSite","@id":"https:\/\/www.manaus.am.gov.br\/semcom\/#website","url":"https:\/\/www.manaus.am.gov.br\/semcom\/","name":"SEMCOM","description":"Secretaria Municipal de Comunica\u00e7\u00e3o","potentialAction":[{"@type":"SearchAction","target":{"@type":"EntryPoint","urlTemplate":"https:\/\/www.manaus.am.gov.br\/semcom\/?s={search_term_string}"},"query-input":"required name=search_term_string"}],"inLanguage":"pt-BR"},{"@type":"Person","@id":"https:\/\/www.manaus.am.gov.br\/semcom\/#\/schema\/person\/ab4dcf766a54dff74e8d267f5c591961","name":"smonteiro","image":{"@type":"ImageObject","inLanguage":"pt-BR","@id":"https:\/\/www.manaus.am.gov.br\/semcom\/#\/schema\/person\/image\/","url":"https:\/\/secure.gravatar.com\/avatar\/21c8776ef61d9272c73322052e042d77?s=96&d=mm&r=g","contentUrl":"https:\/\/secure.gravatar.com\/avatar\/21c8776ef61d9272c73322052e042d77?s=96&d=mm&r=g","caption":"smonteiro"}}]}},"_links":{"self":[{"href":"https:\/\/www.manaus.am.gov.br\/semcom\/wp-json\/wp\/v2\/posts\/230948"}],"collection":[{"href":"https:\/\/www.manaus.am.gov.br\/semcom\/wp-json\/wp\/v2\/posts"}],"about":[{"href":"https:\/\/www.manaus.am.gov.br\/semcom\/wp-json\/wp\/v2\/types\/post"}],"author":[{"embeddable":true,"href":"https:\/\/www.manaus.am.gov.br\/semcom\/wp-json\/wp\/v2\/users\/61"}],"replies":[{"embeddable":true,"href":"https:\/\/www.manaus.am.gov.br\/semcom\/wp-json\/wp\/v2\/comments?post=230948"}],"version-history":[{"count":4,"href":"https:\/\/www.manaus.am.gov.br\/semcom\/wp-json\/wp\/v2\/posts\/230948\/revisions"}],"predecessor-version":[{"id":230955,"href":"https:\/\/www.manaus.am.gov.br\/semcom\/wp-json\/wp\/v2\/posts\/230948\/revisions\/230955"}],"wp:featuredmedia":[{"embeddable":true,"href":"https:\/\/www.manaus.am.gov.br\/semcom\/wp-json\/wp\/v2\/media\/230949"}],"wp:attachment":[{"href":"https:\/\/www.manaus.am.gov.br\/semcom\/wp-json\/wp\/v2\/media?parent=230948"}],"wp:term":[{"taxonomy":"category","embeddable":true,"href":"https:\/\/www.manaus.am.gov.br\/semcom\/wp-json\/wp\/v2\/categories?post=230948"},{"taxonomy":"post_tag","embeddable":true,"href":"https:\/\/www.manaus.am.gov.br\/semcom\/wp-json\/wp\/v2\/tags?post=230948"}],"curies":[{"name":"wp","href":"https:\/\/api.w.org\/{rel}","templated":true}]}}