{"id":230911,"date":"2024-06-27T22:05:40","date_gmt":"2024-06-28T01:05:40","guid":{"rendered":"https:\/\/www.manaus.am.gov.br\/semcom\/pista-coberta\/"},"modified":"2024-06-27T22:05:41","modified_gmt":"2024-06-28T01:05:41","slug":"pista-coberta","status":"publish","type":"post","link":"https:\/\/www.manaus.am.gov.br\/semcom\/pista-coberta\/","title":{"rendered":"Prefeitura entrega primeira pista de skate coberta na zona Norte de Manaus"},"content":{"rendered":"\n<p>A Prefeitura de Manaus, entregou, nesta quinta-feira, 27\/6, a primeira pista de skate coberta da capital, localizada embaixo do complexo vi\u00e1rio Professora Isabel Victoria, conhecido viaduto do Manoa, na zona Norte. O novo espa\u00e7o recreativo constru\u00eddo pela Secretaria Municipal de Limpeza Urbana (Semulsp) atende uma solicita\u00e7\u00e3o da associa\u00e7\u00e3o de skatistas do bairro, que auxiliaram na elabora\u00e7\u00e3o do projeto da obra.<\/p>\n\n\n\n<p>Na oportunidade, o prefeito David Almeida, informou que o objetivo era oferecer um novo espa\u00e7o de lazer e pr\u00e1ticas esportivas em uma \u00e1rea que antes estava abandonada.<\/p>\n\n\n\n<p>\u201cAqui era uma \u00e1rea que servia de moradia para pessoas em situa\u00e7\u00e3o de rua&nbsp; e n\u00f3s transformamos esse espa\u00e7o em uma bela pista de skate. Era uma reivindica\u00e7\u00e3o dos skatistas da zona Norte de Manaus. A primeira pista coberta da nossa cidade e aqui aproveitamos a obra do grande viaduto. A constru\u00e7\u00e3o da pista foi executada pelos profissionais da Semulsp, com a transversalidade das secretarias, e assim a gente conseguiu entregar esse espa\u00e7o muito bonito para a pr\u00e1tica de skate\u201d, afirmou Almeida.<\/p>\n\n\n\n<p>O novo espa\u00e7o conta com corrim\u00e3os, rampas de vert, pir\u00e2mides, e outros diferentes tipos de obst\u00e1culos. A pista tamb\u00e9m recebeu grafismos e pinturas, dando mais vida e colorido ao espa\u00e7o.<\/p>\n\n\n\n<p>A obra foi realizada pelos servidores da Semulsp, em um per\u00edodo de 2 meses, sem necessidade de contrata\u00e7\u00e3o de uma empresa, como explicou o titular da Semulsp, Sab\u00e1 Reis.<\/p>\n\n\n\n<p>\u201cN\u00f3s temos na Semulsp um ex\u00e9rcito de pessoas comprometidas, eles foram os respons\u00e1veis por esse espa\u00e7o muito bem-feito, porque n\u00e3o abrimos m\u00e3o de fazer o melhor. E hoje, estamos todos aqui com o prefeito entregando esse presente para os skatistas da zona Norte\u201d, disse o secret\u00e1rio.<\/p>\n\n\n\n<p>Para o representante da associa\u00e7\u00e3o dos skatistas da zona Norte, J\u00falio C\u00e9sar Coelho, a nova pista \u00e9 uma realiza\u00e7\u00e3o para toda a categoria, que aguardava h\u00e1 mais de 30 anos por um espa\u00e7o para a pr\u00e1tica.<\/p>\n\n\n\n<p>\u201cEsse espa\u00e7o representa muito para n\u00f3s skatistas, para a cultura social da rua. Est\u00e3o, essa pista n\u00e3o vai influenciar apenas os skatistas mais profissionais, mas tamb\u00e9m aqueles iniciantes, que poder\u00e3o usar esse espa\u00e7o para praticar e se dedicar ainda mais \u00e0 pr\u00e1tica\u201d, disse o skatista.<\/p>\n\n\n\n<p>&#8212; &#8212; &#8212;<\/p>\n\n\n\n<p><strong>Texto<\/strong>&nbsp;\u2013 Beathriz Torres e Geraldo Farias \/ Semcom<\/p>\n\n\n\n<p><strong>Fotos<\/strong> \u2013 Dhyeizo Lemos \/ Semcom<\/p>\n\n\n\n<p><strong>Dispon\u00edveis em<\/strong> &#8211; <a href=\"https:\/\/www.flickr.com\/gp\/prefeiturademanaus\/zrx0y95U51\">https:\/\/www.flickr.com\/gp\/prefeiturademanaus\/zrx0y95U51<\/a><\/p>\n","protected":false},"excerpt":{"rendered":"","protected":false},"author":61,"featured_media":230912,"comment_status":"closed","ping_status":"closed","sticky":false,"template":"","format":"standard","meta":{"footnotes":""},"categories":[9619],"tags":[77,12198,301,914],"acf":[],"yoast_head":"<!-- This site is optimized with the Yoast SEO plugin v23.0 - https:\/\/yoast.com\/wordpress\/plugins\/seo\/ -->\n<title>Prefeitura entrega primeira pista de skate coberta da cidade<\/title>\n<meta name=\"description\" content=\"A Prefeitura de Manaus, entregou, nesta quinta-feira, 27\/6, a primeira pista de skate coberta da capital, localizada embaixo do complexo vi\u00e1rio Professora Isabel Victoria, o viaduto do Manoa.\" \/>\n<meta name=\"robots\" content=\"index, follow, max-snippet:-1, max-image-preview:large, max-video-preview:-1\" \/>\n<link rel=\"canonical\" href=\"https:\/\/www.manaus.am.gov.br\/semcom\/pista-coberta\/\" \/>\n<meta property=\"og:locale\" content=\"pt_BR\" \/>\n<meta property=\"og:type\" content=\"article\" \/>\n<meta property=\"og:title\" content=\"Prefeitura entrega primeira pista de skate coberta da cidade\" \/>\n<meta property=\"og:description\" content=\"A Prefeitura de Manaus, entregou, nesta quinta-feira, 27\/6, a primeira pista de skate coberta da capital, localizada embaixo do complexo vi\u00e1rio Professora Isabel Victoria, o viaduto do Manoa.\" \/>\n<meta property=\"og:url\" content=\"https:\/\/www.manaus.am.gov.br\/semcom\/pista-coberta\/\" \/>\n<meta property=\"og:site_name\" content=\"SEMCOM\" \/>\n<meta property=\"article:published_time\" content=\"2024-06-28T01:05:40+00:00\" \/>\n<meta property=\"article:modified_time\" content=\"2024-06-28T01:05:41+00:00\" \/>\n<meta property=\"og:image\" content=\"https:\/\/www.manaus.am.gov.br\/semcom\/wp-content\/uploads\/sites\/5\/2024\/06\/Prefeito-Pista-Skate.jpeg\" \/>\n\t<meta property=\"og:image:width\" content=\"987\" \/>\n\t<meta property=\"og:image:height\" content=\"763\" \/>\n\t<meta property=\"og:image:type\" content=\"image\/jpeg\" \/>\n<meta name=\"author\" content=\"smonteiro\" \/>\n<meta name=\"twitter:card\" content=\"summary_large_image\" \/>\n<meta name=\"twitter:label1\" content=\"Written by\" \/>\n\t<meta name=\"twitter:data1\" content=\"smonteiro\" \/>\n\t<meta name=\"twitter:label2\" content=\"Est. reading time\" \/>\n\t<meta name=\"twitter:data2\" content=\"3 minutos\" \/>\n<script type=\"application\/ld+json\" class=\"yoast-schema-graph\">{\"@context\":\"https:\/\/schema.org\",\"@graph\":[{\"@type\":\"WebPage\",\"@id\":\"https:\/\/www.manaus.am.gov.br\/semcom\/pista-coberta\/\",\"url\":\"https:\/\/www.manaus.am.gov.br\/semcom\/pista-coberta\/\",\"name\":\"Prefeitura entrega primeira pista de skate coberta da cidade\",\"isPartOf\":{\"@id\":\"https:\/\/www.manaus.am.gov.br\/semcom\/#website\"},\"primaryImageOfPage\":{\"@id\":\"https:\/\/www.manaus.am.gov.br\/semcom\/pista-coberta\/#primaryimage\"},\"image\":{\"@id\":\"https:\/\/www.manaus.am.gov.br\/semcom\/pista-coberta\/#primaryimage\"},\"thumbnailUrl\":\"https:\/\/www.manaus.am.gov.br\/semcom\/wp-content\/uploads\/sites\/5\/2024\/06\/Prefeito-Pista-Skate.jpeg\",\"datePublished\":\"2024-06-28T01:05:40+00:00\",\"dateModified\":\"2024-06-28T01:05:41+00:00\",\"author\":{\"@id\":\"https:\/\/www.manaus.am.gov.br\/semcom\/#\/schema\/person\/ab4dcf766a54dff74e8d267f5c591961\"},\"description\":\"A Prefeitura de Manaus, entregou, nesta quinta-feira, 27\/6, a primeira pista de skate coberta da capital, localizada embaixo do complexo vi\u00e1rio Professora Isabel Victoria, o viaduto do Manoa.\",\"inLanguage\":\"pt-BR\",\"potentialAction\":[{\"@type\":\"ReadAction\",\"target\":[\"https:\/\/www.manaus.am.gov.br\/semcom\/pista-coberta\/\"]}]},{\"@type\":\"ImageObject\",\"inLanguage\":\"pt-BR\",\"@id\":\"https:\/\/www.manaus.am.gov.br\/semcom\/pista-coberta\/#primaryimage\",\"url\":\"https:\/\/www.manaus.am.gov.br\/semcom\/wp-content\/uploads\/sites\/5\/2024\/06\/Prefeito-Pista-Skate.jpeg\",\"contentUrl\":\"https:\/\/www.manaus.am.gov.br\/semcom\/wp-content\/uploads\/sites\/5\/2024\/06\/Prefeito-Pista-Skate.jpeg\",\"width\":987,\"height\":763,\"caption\":\"#paratodosverem - prefeito David Almeida na entrega da primeira pista de skate coberta de Manaus\"},{\"@type\":\"WebSite\",\"@id\":\"https:\/\/www.manaus.am.gov.br\/semcom\/#website\",\"url\":\"https:\/\/www.manaus.am.gov.br\/semcom\/\",\"name\":\"SEMCOM\",\"description\":\"Secretaria Municipal de Comunica\u00e7\u00e3o\",\"potentialAction\":[{\"@type\":\"SearchAction\",\"target\":{\"@type\":\"EntryPoint\",\"urlTemplate\":\"https:\/\/www.manaus.am.gov.br\/semcom\/?s={search_term_string}\"},\"query-input\":\"required name=search_term_string\"}],\"inLanguage\":\"pt-BR\"},{\"@type\":\"Person\",\"@id\":\"https:\/\/www.manaus.am.gov.br\/semcom\/#\/schema\/person\/ab4dcf766a54dff74e8d267f5c591961\",\"name\":\"smonteiro\",\"image\":{\"@type\":\"ImageObject\",\"inLanguage\":\"pt-BR\",\"@id\":\"https:\/\/www.manaus.am.gov.br\/semcom\/#\/schema\/person\/image\/\",\"url\":\"https:\/\/secure.gravatar.com\/avatar\/21c8776ef61d9272c73322052e042d77?s=96&d=mm&r=g\",\"contentUrl\":\"https:\/\/secure.gravatar.com\/avatar\/21c8776ef61d9272c73322052e042d77?s=96&d=mm&r=g\",\"caption\":\"smonteiro\"}}]}<\/script>\n<!-- \/ Yoast SEO plugin. -->","yoast_head_json":{"title":"Prefeitura entrega primeira pista de skate coberta da cidade","description":"A Prefeitura de Manaus, entregou, nesta quinta-feira, 27\/6, a primeira pista de skate coberta da capital, localizada embaixo do complexo vi\u00e1rio Professora Isabel Victoria, o viaduto do Manoa.","robots":{"index":"index","follow":"follow","max-snippet":"max-snippet:-1","max-image-preview":"max-image-preview:large","max-video-preview":"max-video-preview:-1"},"canonical":"https:\/\/www.manaus.am.gov.br\/semcom\/pista-coberta\/","og_locale":"pt_BR","og_type":"article","og_title":"Prefeitura entrega primeira pista de skate coberta da cidade","og_description":"A Prefeitura de Manaus, entregou, nesta quinta-feira, 27\/6, a primeira pista de skate coberta da capital, localizada embaixo do complexo vi\u00e1rio Professora Isabel Victoria, o viaduto do Manoa.","og_url":"https:\/\/www.manaus.am.gov.br\/semcom\/pista-coberta\/","og_site_name":"SEMCOM","article_published_time":"2024-06-28T01:05:40+00:00","article_modified_time":"2024-06-28T01:05:41+00:00","og_image":[{"width":987,"height":763,"url":"https:\/\/www.manaus.am.gov.br\/semcom\/wp-content\/uploads\/sites\/5\/2024\/06\/Prefeito-Pista-Skate.jpeg","type":"image\/jpeg"}],"author":"smonteiro","twitter_card":"summary_large_image","twitter_misc":{"Written by":"smonteiro","Est. reading time":"3 minutos"},"schema":{"@context":"https:\/\/schema.org","@graph":[{"@type":"WebPage","@id":"https:\/\/www.manaus.am.gov.br\/semcom\/pista-coberta\/","url":"https:\/\/www.manaus.am.gov.br\/semcom\/pista-coberta\/","name":"Prefeitura entrega primeira pista de skate coberta da cidade","isPartOf":{"@id":"https:\/\/www.manaus.am.gov.br\/semcom\/#website"},"primaryImageOfPage":{"@id":"https:\/\/www.manaus.am.gov.br\/semcom\/pista-coberta\/#primaryimage"},"image":{"@id":"https:\/\/www.manaus.am.gov.br\/semcom\/pista-coberta\/#primaryimage"},"thumbnailUrl":"https:\/\/www.manaus.am.gov.br\/semcom\/wp-content\/uploads\/sites\/5\/2024\/06\/Prefeito-Pista-Skate.jpeg","datePublished":"2024-06-28T01:05:40+00:00","dateModified":"2024-06-28T01:05:41+00:00","author":{"@id":"https:\/\/www.manaus.am.gov.br\/semcom\/#\/schema\/person\/ab4dcf766a54dff74e8d267f5c591961"},"description":"A Prefeitura de Manaus, entregou, nesta quinta-feira, 27\/6, a primeira pista de skate coberta da capital, localizada embaixo do complexo vi\u00e1rio Professora Isabel Victoria, o viaduto do Manoa.","inLanguage":"pt-BR","potentialAction":[{"@type":"ReadAction","target":["https:\/\/www.manaus.am.gov.br\/semcom\/pista-coberta\/"]}]},{"@type":"ImageObject","inLanguage":"pt-BR","@id":"https:\/\/www.manaus.am.gov.br\/semcom\/pista-coberta\/#primaryimage","url":"https:\/\/www.manaus.am.gov.br\/semcom\/wp-content\/uploads\/sites\/5\/2024\/06\/Prefeito-Pista-Skate.jpeg","contentUrl":"https:\/\/www.manaus.am.gov.br\/semcom\/wp-content\/uploads\/sites\/5\/2024\/06\/Prefeito-Pista-Skate.jpeg","width":987,"height":763,"caption":"#paratodosverem - prefeito David Almeida na entrega da primeira pista de skate coberta de Manaus"},{"@type":"WebSite","@id":"https:\/\/www.manaus.am.gov.br\/semcom\/#website","url":"https:\/\/www.manaus.am.gov.br\/semcom\/","name":"SEMCOM","description":"Secretaria Municipal de Comunica\u00e7\u00e3o","potentialAction":[{"@type":"SearchAction","target":{"@type":"EntryPoint","urlTemplate":"https:\/\/www.manaus.am.gov.br\/semcom\/?s={search_term_string}"},"query-input":"required name=search_term_string"}],"inLanguage":"pt-BR"},{"@type":"Person","@id":"https:\/\/www.manaus.am.gov.br\/semcom\/#\/schema\/person\/ab4dcf766a54dff74e8d267f5c591961","name":"smonteiro","image":{"@type":"ImageObject","inLanguage":"pt-BR","@id":"https:\/\/www.manaus.am.gov.br\/semcom\/#\/schema\/person\/image\/","url":"https:\/\/secure.gravatar.com\/avatar\/21c8776ef61d9272c73322052e042d77?s=96&d=mm&r=g","contentUrl":"https:\/\/secure.gravatar.com\/avatar\/21c8776ef61d9272c73322052e042d77?s=96&d=mm&r=g","caption":"smonteiro"}}]}},"_links":{"self":[{"href":"https:\/\/www.manaus.am.gov.br\/semcom\/wp-json\/wp\/v2\/posts\/230911"}],"collection":[{"href":"https:\/\/www.manaus.am.gov.br\/semcom\/wp-json\/wp\/v2\/posts"}],"about":[{"href":"https:\/\/www.manaus.am.gov.br\/semcom\/wp-json\/wp\/v2\/types\/post"}],"author":[{"embeddable":true,"href":"https:\/\/www.manaus.am.gov.br\/semcom\/wp-json\/wp\/v2\/users\/61"}],"replies":[{"embeddable":true,"href":"https:\/\/www.manaus.am.gov.br\/semcom\/wp-json\/wp\/v2\/comments?post=230911"}],"version-history":[{"count":0,"href":"https:\/\/www.manaus.am.gov.br\/semcom\/wp-json\/wp\/v2\/posts\/230911\/revisions"}],"wp:featuredmedia":[{"embeddable":true,"href":"https:\/\/www.manaus.am.gov.br\/semcom\/wp-json\/wp\/v2\/media\/230912"}],"wp:attachment":[{"href":"https:\/\/www.manaus.am.gov.br\/semcom\/wp-json\/wp\/v2\/media?parent=230911"}],"wp:term":[{"taxonomy":"category","embeddable":true,"href":"https:\/\/www.manaus.am.gov.br\/semcom\/wp-json\/wp\/v2\/categories?post=230911"},{"taxonomy":"post_tag","embeddable":true,"href":"https:\/\/www.manaus.am.gov.br\/semcom\/wp-json\/wp\/v2\/tags?post=230911"}],"curies":[{"name":"wp","href":"https:\/\/api.w.org\/{rel}","templated":true}]}}