{"id":230908,"date":"2024-06-27T21:21:01","date_gmt":"2024-06-28T00:21:01","guid":{"rendered":"https:\/\/www.manaus.am.gov.br\/semcom\/inaugura-estruturas\/"},"modified":"2024-06-27T21:52:34","modified_gmt":"2024-06-28T00:52:34","slug":"inaugura-estruturas","status":"publish","type":"post","link":"https:\/\/www.manaus.am.gov.br\/semcom\/inaugura-estruturas\/","title":{"rendered":"Prefeitura inaugura novas estruturas da feira itinerante Prefeito 2"},"content":{"rendered":"\n<p>A Prefeitura de Manaus, por meio da Secretaria Municipal de Agricultura, Abastecimento, Centro e Com\u00e9rcio Informal (Semacc), inaugurou, nesta quinta-feira, 27\/6, as novas estruturas da feira itinerante Prefeito 2, situada no conjunto Campos El\u00edsios, Planalto, zona Oeste. Esta \u00e9 a primeira revitaliza\u00e7\u00e3o desde a cria\u00e7\u00e3o da feira, h\u00e1 50 anos, tornando-a mais organizada e atrativa para os clientes.<\/p>\n\n\n\n<p>Durante a entrega, o prefeito David Almeida, destacou que o servi\u00e7o de melhoria do espa\u00e7o alcan\u00e7ou um marco significativo no apoio aos comerciantes locais.<\/p>\n\n\n\n<p>\u201cEssa \u00e9 a primeira feira itinerante que n\u00f3s entregamos, chamada Prefeito 2, que funciona dia de quarta, l\u00e1 no Eldorado, e dia de quinta aqui, no Campos El\u00edseos. Um padr\u00e3o completamente diferente daquilo que a gente tinha. N\u00f3s mudamos a cara das feiras, colocamos novos boxes padronizados, bancadas novas, todas com inox. Al\u00e9m disso, tamb\u00e9m identificamos os feirantes, colocamos fardas nos feirantes, trocamos a fia\u00e7\u00e3o, a parte el\u00e9trica da feira, dando um ar de modernidade para esse espa\u00e7o, auxiliando essas pessoas que tanto precisam comercializar os seus produtos\u201d, disse o prefeito.<\/p>\n\n\n\n<p>A feira itinerante Prefeito 2, existente desde a d\u00e9cada de 1970, \u00e9 um ponto de encontro vital para a comunidade, contando atualmente com 41 permission\u00e1rios cadastrados na Semacc.<\/p>\n\n\n\n<p>No espa\u00e7o, as bancas foram padronizadas e receberam uma identidade visual renovada. Agora, os feirantes operam em bancas cobertas e desmont\u00e1veis, proporcionando a organiza\u00e7\u00e3o do espa\u00e7o e uma melhor experi\u00eancia de compra aos consumidores.<\/p>\n\n\n\n<p>Segundo o titular da Semacc, Wanderson Costa, essa mudan\u00e7a reflete o compromisso da administra\u00e7\u00e3o municipal em assegurar melhores condi\u00e7\u00f5es de trabalho para os feirantes e um ambiente mais acolhedor para a comunidade.<\/p>\n\n\n\n<p>\u201cUma feira totalmente moderna, com um conceito inovador, onde a gente traz os clientes para dentro dessa feira com mais comodidade e seguran\u00e7a. \u00c9 um benef\u00edcio tamb\u00e9m para o permission\u00e1rio, que conta com essa nova estrutura de trabalho, e para a popula\u00e7\u00e3o, que frequenta o novo espa\u00e7o\u201d, completou o secret\u00e1rio.<\/p>\n\n\n\n<p>A feira itinerante Prefeito 2 ocorre em dois locais: quartas-feiras, na pra\u00e7a do Caranguejo, no Eldorado, zona Centro-Sul, ao lado da caixa d&#8217;\u00e1gua; e quintas-feiras, na avenida Constantinopla, esquina com a rua Dakar, no conjunto Campos El\u00edsios, zona Oeste da cidade.<\/p>\n\n\n\n<p>A moderniza\u00e7\u00e3o da feira fortalece o com\u00e9rcio local e leva qualidade de vida aos cidad\u00e3os. O investimento estrat\u00e9gico n\u00e3o s\u00f3 valoriza a produ\u00e7\u00e3o local, mas tamb\u00e9m posiciona Manaus como exemplo de apoio efetivo ao com\u00e9rcio informal, inspirando outras cidades a seguir iniciativas semelhantes em todo o pa\u00eds.<\/p>\n\n\n\n<p>\u201cEu sou permission\u00e1rio de feira h\u00e1 38 anos, e eu nunca vi um trabalho como esse, que o nosso prefeito David Almeida est\u00e1 fazendo hoje aqui no Campos El\u00edsios, com essa feira itinerante, que \u00e9 agora essa feira coberta. Agora n\u00f3s vamos trabalhar em um\u00a0 lugar que n\u00e3o vamos pegar sol, n\u00e3o vamos pegar chuva. Tudo isso, pela boa vontade do nosso grande prefeito de Manaus, que olha tamb\u00e9m pelos permission\u00e1rios\u201d, agradeceu o permission\u00e1rio Nelson de Souza.<\/p>\n\n\n\n<p>&#8212; &#8212; &#8212;<\/p>\n\n\n\n<p><strong>Texto<\/strong> \u2013&nbsp;Beathriz Torres \/ Semcom e Poly Brelaz \/ Semacc<\/p>\n\n\n\n<p><strong>Fotos<\/strong> \u2013 Dhyeizo Lemos \/ Semcom<\/p>\n\n\n\n<p><strong>Dispon\u00edveis em<\/strong> \u2013 <a href=\"https:\/\/www.flickr.com\/gp\/prefeiturademanaus\/59317Ty46S\">https:\/\/www.flickr.com\/gp\/prefeiturademanaus\/59317Ty46S<\/a><\/p>\n","protected":false},"excerpt":{"rendered":"","protected":false},"author":61,"featured_media":230909,"comment_status":"closed","ping_status":"closed","sticky":false,"template":"","format":"standard","meta":{"footnotes":""},"categories":[6],"tags":[12197,455,77,450,55],"acf":[],"yoast_head":"<!-- This site is optimized with the Yoast SEO plugin v23.0 - https:\/\/yoast.com\/wordpress\/plugins\/seo\/ -->\n<title>Prefeitura inaugura novas estruturas da feira itinerante Prefeito 2<\/title>\n<meta name=\"description\" content=\"A Prefeitura de Manaus, por meio da Semacc, inaugurou, nesta quinta-feira, 27\/6, as novas estruturas da feira itinerante Prefeito 2\" \/>\n<meta name=\"robots\" content=\"index, follow, max-snippet:-1, max-image-preview:large, max-video-preview:-1\" \/>\n<link rel=\"canonical\" href=\"https:\/\/www.manaus.am.gov.br\/semcom\/inaugura-estruturas\/\" \/>\n<meta property=\"og:locale\" content=\"pt_BR\" \/>\n<meta property=\"og:type\" content=\"article\" \/>\n<meta property=\"og:title\" content=\"Prefeitura inaugura novas estruturas da feira itinerante Prefeito 2\" \/>\n<meta property=\"og:description\" content=\"A Prefeitura de Manaus, por meio da Semacc, inaugurou, nesta quinta-feira, 27\/6, as novas estruturas da feira itinerante Prefeito 2\" \/>\n<meta property=\"og:url\" content=\"https:\/\/www.manaus.am.gov.br\/semcom\/inaugura-estruturas\/\" \/>\n<meta property=\"og:site_name\" content=\"SEMCOM\" \/>\n<meta property=\"article:published_time\" content=\"2024-06-28T00:21:01+00:00\" \/>\n<meta property=\"article:modified_time\" content=\"2024-06-28T00:52:34+00:00\" \/>\n<meta property=\"og:image\" content=\"https:\/\/www.manaus.am.gov.br\/semcom\/wp-content\/uploads\/sites\/5\/2024\/06\/Inaugura-Feira-Prefeito-2-5.jpeg\" \/>\n\t<meta property=\"og:image:width\" content=\"936\" \/>\n\t<meta property=\"og:image:height\" content=\"624\" \/>\n\t<meta property=\"og:image:type\" content=\"image\/jpeg\" \/>\n<meta name=\"author\" content=\"smonteiro\" \/>\n<meta name=\"twitter:card\" content=\"summary_large_image\" \/>\n<meta name=\"twitter:label1\" content=\"Written by\" \/>\n\t<meta name=\"twitter:data1\" content=\"smonteiro\" \/>\n\t<meta name=\"twitter:label2\" content=\"Est. reading time\" \/>\n\t<meta name=\"twitter:data2\" content=\"3 minutos\" \/>\n<script type=\"application\/ld+json\" class=\"yoast-schema-graph\">{\"@context\":\"https:\/\/schema.org\",\"@graph\":[{\"@type\":\"WebPage\",\"@id\":\"https:\/\/www.manaus.am.gov.br\/semcom\/inaugura-estruturas\/\",\"url\":\"https:\/\/www.manaus.am.gov.br\/semcom\/inaugura-estruturas\/\",\"name\":\"Prefeitura inaugura novas estruturas da feira itinerante Prefeito 2\",\"isPartOf\":{\"@id\":\"https:\/\/www.manaus.am.gov.br\/semcom\/#website\"},\"primaryImageOfPage\":{\"@id\":\"https:\/\/www.manaus.am.gov.br\/semcom\/inaugura-estruturas\/#primaryimage\"},\"image\":{\"@id\":\"https:\/\/www.manaus.am.gov.br\/semcom\/inaugura-estruturas\/#primaryimage\"},\"thumbnailUrl\":\"https:\/\/www.manaus.am.gov.br\/semcom\/wp-content\/uploads\/sites\/5\/2024\/06\/Inaugura-Feira-Prefeito-2-5.jpeg\",\"datePublished\":\"2024-06-28T00:21:01+00:00\",\"dateModified\":\"2024-06-28T00:52:34+00:00\",\"author\":{\"@id\":\"https:\/\/www.manaus.am.gov.br\/semcom\/#\/schema\/person\/ab4dcf766a54dff74e8d267f5c591961\"},\"description\":\"A Prefeitura de Manaus, por meio da Semacc, inaugurou, nesta quinta-feira, 27\/6, as novas estruturas da feira itinerante Prefeito 2\",\"inLanguage\":\"pt-BR\",\"potentialAction\":[{\"@type\":\"ReadAction\",\"target\":[\"https:\/\/www.manaus.am.gov.br\/semcom\/inaugura-estruturas\/\"]}]},{\"@type\":\"ImageObject\",\"inLanguage\":\"pt-BR\",\"@id\":\"https:\/\/www.manaus.am.gov.br\/semcom\/inaugura-estruturas\/#primaryimage\",\"url\":\"https:\/\/www.manaus.am.gov.br\/semcom\/wp-content\/uploads\/sites\/5\/2024\/06\/Inaugura-Feira-Prefeito-2-5.jpeg\",\"contentUrl\":\"https:\/\/www.manaus.am.gov.br\/semcom\/wp-content\/uploads\/sites\/5\/2024\/06\/Inaugura-Feira-Prefeito-2-5.jpeg\",\"width\":936,\"height\":624,\"caption\":\"#paratodosverem - prefeito David Almeida na placa de inaugura\u00e7\u00e3o da feira\"},{\"@type\":\"WebSite\",\"@id\":\"https:\/\/www.manaus.am.gov.br\/semcom\/#website\",\"url\":\"https:\/\/www.manaus.am.gov.br\/semcom\/\",\"name\":\"SEMCOM\",\"description\":\"Secretaria Municipal de Comunica\u00e7\u00e3o\",\"potentialAction\":[{\"@type\":\"SearchAction\",\"target\":{\"@type\":\"EntryPoint\",\"urlTemplate\":\"https:\/\/www.manaus.am.gov.br\/semcom\/?s={search_term_string}\"},\"query-input\":\"required name=search_term_string\"}],\"inLanguage\":\"pt-BR\"},{\"@type\":\"Person\",\"@id\":\"https:\/\/www.manaus.am.gov.br\/semcom\/#\/schema\/person\/ab4dcf766a54dff74e8d267f5c591961\",\"name\":\"smonteiro\",\"image\":{\"@type\":\"ImageObject\",\"inLanguage\":\"pt-BR\",\"@id\":\"https:\/\/www.manaus.am.gov.br\/semcom\/#\/schema\/person\/image\/\",\"url\":\"https:\/\/secure.gravatar.com\/avatar\/21c8776ef61d9272c73322052e042d77?s=96&d=mm&r=g\",\"contentUrl\":\"https:\/\/secure.gravatar.com\/avatar\/21c8776ef61d9272c73322052e042d77?s=96&d=mm&r=g\",\"caption\":\"smonteiro\"}}]}<\/script>\n<!-- \/ Yoast SEO plugin. -->","yoast_head_json":{"title":"Prefeitura inaugura novas estruturas da feira itinerante Prefeito 2","description":"A Prefeitura de Manaus, por meio da Semacc, inaugurou, nesta quinta-feira, 27\/6, as novas estruturas da feira itinerante Prefeito 2","robots":{"index":"index","follow":"follow","max-snippet":"max-snippet:-1","max-image-preview":"max-image-preview:large","max-video-preview":"max-video-preview:-1"},"canonical":"https:\/\/www.manaus.am.gov.br\/semcom\/inaugura-estruturas\/","og_locale":"pt_BR","og_type":"article","og_title":"Prefeitura inaugura novas estruturas da feira itinerante Prefeito 2","og_description":"A Prefeitura de Manaus, por meio da Semacc, inaugurou, nesta quinta-feira, 27\/6, as novas estruturas da feira itinerante Prefeito 2","og_url":"https:\/\/www.manaus.am.gov.br\/semcom\/inaugura-estruturas\/","og_site_name":"SEMCOM","article_published_time":"2024-06-28T00:21:01+00:00","article_modified_time":"2024-06-28T00:52:34+00:00","og_image":[{"width":936,"height":624,"url":"https:\/\/www.manaus.am.gov.br\/semcom\/wp-content\/uploads\/sites\/5\/2024\/06\/Inaugura-Feira-Prefeito-2-5.jpeg","type":"image\/jpeg"}],"author":"smonteiro","twitter_card":"summary_large_image","twitter_misc":{"Written by":"smonteiro","Est. reading time":"3 minutos"},"schema":{"@context":"https:\/\/schema.org","@graph":[{"@type":"WebPage","@id":"https:\/\/www.manaus.am.gov.br\/semcom\/inaugura-estruturas\/","url":"https:\/\/www.manaus.am.gov.br\/semcom\/inaugura-estruturas\/","name":"Prefeitura inaugura novas estruturas da feira itinerante Prefeito 2","isPartOf":{"@id":"https:\/\/www.manaus.am.gov.br\/semcom\/#website"},"primaryImageOfPage":{"@id":"https:\/\/www.manaus.am.gov.br\/semcom\/inaugura-estruturas\/#primaryimage"},"image":{"@id":"https:\/\/www.manaus.am.gov.br\/semcom\/inaugura-estruturas\/#primaryimage"},"thumbnailUrl":"https:\/\/www.manaus.am.gov.br\/semcom\/wp-content\/uploads\/sites\/5\/2024\/06\/Inaugura-Feira-Prefeito-2-5.jpeg","datePublished":"2024-06-28T00:21:01+00:00","dateModified":"2024-06-28T00:52:34+00:00","author":{"@id":"https:\/\/www.manaus.am.gov.br\/semcom\/#\/schema\/person\/ab4dcf766a54dff74e8d267f5c591961"},"description":"A Prefeitura de Manaus, por meio da Semacc, inaugurou, nesta quinta-feira, 27\/6, as novas estruturas da feira itinerante Prefeito 2","inLanguage":"pt-BR","potentialAction":[{"@type":"ReadAction","target":["https:\/\/www.manaus.am.gov.br\/semcom\/inaugura-estruturas\/"]}]},{"@type":"ImageObject","inLanguage":"pt-BR","@id":"https:\/\/www.manaus.am.gov.br\/semcom\/inaugura-estruturas\/#primaryimage","url":"https:\/\/www.manaus.am.gov.br\/semcom\/wp-content\/uploads\/sites\/5\/2024\/06\/Inaugura-Feira-Prefeito-2-5.jpeg","contentUrl":"https:\/\/www.manaus.am.gov.br\/semcom\/wp-content\/uploads\/sites\/5\/2024\/06\/Inaugura-Feira-Prefeito-2-5.jpeg","width":936,"height":624,"caption":"#paratodosverem - prefeito David Almeida na placa de inaugura\u00e7\u00e3o da feira"},{"@type":"WebSite","@id":"https:\/\/www.manaus.am.gov.br\/semcom\/#website","url":"https:\/\/www.manaus.am.gov.br\/semcom\/","name":"SEMCOM","description":"Secretaria Municipal de Comunica\u00e7\u00e3o","potentialAction":[{"@type":"SearchAction","target":{"@type":"EntryPoint","urlTemplate":"https:\/\/www.manaus.am.gov.br\/semcom\/?s={search_term_string}"},"query-input":"required name=search_term_string"}],"inLanguage":"pt-BR"},{"@type":"Person","@id":"https:\/\/www.manaus.am.gov.br\/semcom\/#\/schema\/person\/ab4dcf766a54dff74e8d267f5c591961","name":"smonteiro","image":{"@type":"ImageObject","inLanguage":"pt-BR","@id":"https:\/\/www.manaus.am.gov.br\/semcom\/#\/schema\/person\/image\/","url":"https:\/\/secure.gravatar.com\/avatar\/21c8776ef61d9272c73322052e042d77?s=96&d=mm&r=g","contentUrl":"https:\/\/secure.gravatar.com\/avatar\/21c8776ef61d9272c73322052e042d77?s=96&d=mm&r=g","caption":"smonteiro"}}]}},"_links":{"self":[{"href":"https:\/\/www.manaus.am.gov.br\/semcom\/wp-json\/wp\/v2\/posts\/230908"}],"collection":[{"href":"https:\/\/www.manaus.am.gov.br\/semcom\/wp-json\/wp\/v2\/posts"}],"about":[{"href":"https:\/\/www.manaus.am.gov.br\/semcom\/wp-json\/wp\/v2\/types\/post"}],"author":[{"embeddable":true,"href":"https:\/\/www.manaus.am.gov.br\/semcom\/wp-json\/wp\/v2\/users\/61"}],"replies":[{"embeddable":true,"href":"https:\/\/www.manaus.am.gov.br\/semcom\/wp-json\/wp\/v2\/comments?post=230908"}],"version-history":[{"count":1,"href":"https:\/\/www.manaus.am.gov.br\/semcom\/wp-json\/wp\/v2\/posts\/230908\/revisions"}],"predecessor-version":[{"id":230910,"href":"https:\/\/www.manaus.am.gov.br\/semcom\/wp-json\/wp\/v2\/posts\/230908\/revisions\/230910"}],"wp:featuredmedia":[{"embeddable":true,"href":"https:\/\/www.manaus.am.gov.br\/semcom\/wp-json\/wp\/v2\/media\/230909"}],"wp:attachment":[{"href":"https:\/\/www.manaus.am.gov.br\/semcom\/wp-json\/wp\/v2\/media?parent=230908"}],"wp:term":[{"taxonomy":"category","embeddable":true,"href":"https:\/\/www.manaus.am.gov.br\/semcom\/wp-json\/wp\/v2\/categories?post=230908"},{"taxonomy":"post_tag","embeddable":true,"href":"https:\/\/www.manaus.am.gov.br\/semcom\/wp-json\/wp\/v2\/tags?post=230908"}],"curies":[{"name":"wp","href":"https:\/\/api.w.org\/{rel}","templated":true}]}}