{"id":230780,"date":"2024-06-25T19:47:23","date_gmt":"2024-06-25T22:47:23","guid":{"rendered":"https:\/\/www.manaus.am.gov.br\/semcom\/anuncia-novo-plano\/"},"modified":"2024-06-25T19:47:25","modified_gmt":"2024-06-25T22:47:25","slug":"anuncia-novo-plano","status":"publish","type":"post","link":"https:\/\/www.manaus.am.gov.br\/semcom\/anuncia-novo-plano\/","title":{"rendered":"Prefeitura de Manaus anuncia elabora\u00e7\u00e3o do novo Plano Municipal de Saneamento B\u00e1sico"},"content":{"rendered":"\n<p>A Prefeitura de Manaus ter\u00e1 um novo Plano Municipal de Saneamento B\u00e1sico da capital. Na tarde desta ter\u00e7a-feira, 25\/6, foi anunciado pelo prefeito David Almeida o in\u00edcio da elabora\u00e7\u00e3o do documento, que contempla quatro componentes: abastecimento de \u00e1gua; esgotamento sanit\u00e1rio; limpeza urbana e manejo de res\u00edduos s\u00f3lidos; drenagem e manejo das \u00e1guas pluviais urbanas. O evento de lan\u00e7amento foi realizado no Mirante L\u00facia Almeida, Centro.<\/p>\n\n\n\n<p>No atual Plano Municipal de Saneamento B\u00e1sico, elaborado h\u00e1 10 anos (Decreto N\u00ba 2.900, de 8 de setembro de 2014), est\u00e3o previstas apenas pol\u00edticas relacionadas ao saneamento de \u00e1gua e esgoto. Tendo em vista a atualiza\u00e7\u00e3o do marco legal do saneamento b\u00e1sico, pelo governo federal, em 2020, somada \u00e0 necessidade de incluir a\u00e7\u00f5es estrat\u00e9gicas no \u00e2mbito do gerenciamento de res\u00edduos s\u00f3lidos e drenagem de \u00e1guas, a Prefeitura de Manaus criou a Comiss\u00e3o de Coordena\u00e7\u00e3o da Elabora\u00e7\u00e3o do Plano Municipal de Saneamento B\u00e1sico, em abril de 2024 e estabeleceu coopera\u00e7\u00e3o com a empresa \u00c1guas de Manaus, para a elabora\u00e7\u00e3o de um plano mais atualizado e que atenda \u00e0s demandas da popula\u00e7\u00e3o, integrando a seguran\u00e7a h\u00eddrica, com solu\u00e7\u00f5es inovadoras, considerando as particularidades ambientais e sociais.<\/p>\n\n\n\n<p>O prefeito David Almeida destacou que o lan\u00e7amento deste plano \u00e9 um momento hist\u00f3rico, pois vai direcionar quais servi\u00e7os devem ser implantados na cidade, ante ao crescimento da cidade.<\/p>\n\n\n\n<p>\u201cN\u00f3s estamos trabalhando a cidade de Manaus, tecnicamente, em uma condi\u00e7\u00e3o para que n\u00f3s possamos ter um direcionamento em rela\u00e7\u00e3o ao tratamento dos nossos res\u00edduos s\u00f3lidos. \u00c9 o plano municipal de drenagem, \u00e9 o plano principal de universaliza\u00e7\u00e3o da \u00e1gua e, acima de tudo, para que n\u00f3s possamos ter um balizamento t\u00e9cnico de como a cidade vai crescer e tamb\u00e9m como n\u00f3s vamos tratar todos esses res\u00edduos, todo o tratamento do esgoto. Isso \u00e9 fundamental para que n\u00f3s possamos ter melhor qualidade de vida\u201d, destacou o chefe do Executivo municipal.<\/p>\n\n\n\n<p>A \u00c1guas de Manaus custear\u00e1 integralmente os servi\u00e7os da empresa t\u00e9cnica Finatec, contratada para participar da elabora\u00e7\u00e3o, com o valor de R$ 3 milh\u00f5es e dura\u00e7\u00e3o de 12 meses. O Plano Municipal de Saneamento B\u00e1sico contemplar\u00e1: mobiliza\u00e7\u00e3o social (com realiza\u00e7\u00e3o de audi\u00eancias p\u00fablicas), diagn\u00f3stico da situa\u00e7\u00e3o do saneamento b\u00e1sico, progn\u00f3stico, objetivos e metas; programas, projetos e a\u00e7\u00f5es; monitoramento e avalia\u00e7\u00e3o.<\/p>\n\n\n\n<p>O secret\u00e1rio de Meio Ambiente, Sustentabilidade e Mudan\u00e7as do Clima (Semmasclima), Ant\u00f4nio Stroski, falou sobre a necessidade de elabora\u00e7\u00e3o de um novo Plano de Saneamento B\u00e1sico da capital.<\/p>\n\n\n\n<p>\u201cO plano que foi feito no passado, de 2014, ele j\u00e1 n\u00e3o reflete mais a realidade de todas as demandas e necessidades da popula\u00e7\u00e3o de Manaus com rela\u00e7\u00e3o ao servi\u00e7o do saneamento b\u00e1sico. Ent\u00e3o, n\u00f3s vamos come\u00e7ar a partir de amanh\u00e3, efetivamente, o trabalho nesse sentido. Vamos tratar de esgotamento sanit\u00e1rio, abastecimento de \u00e1gua, res\u00edduo s\u00f3lidos, limpeza urbana e tamb\u00e9m drenagem urbana. N\u00f3s vamos reescrever, atualizar e, todas aquelas demandas relativas a esses servi\u00e7os, a necessidades, a popula\u00e7\u00e3o vai ter a oportunidade de discutir e definir um texto \u00fanico a partir de um diagn\u00f3stico muito apurado, muito real, e estabelecer todas as diretrizes necess\u00e1rias\u201d, informou o titular da Semmasclima.<\/p>\n\n\n\n<p>O diretor-presidente da concession\u00e1ria \u00c1guas de Manaus, Diego Dal Magro, explicou que o novo plano \u00e9 superpositivo para as proje\u00e7\u00f5es que visam o desenvolvimento da cidade, realizado em conjunto, para obter resultados mais eficazes, conforme a necessidade da popula\u00e7\u00e3o.<\/p>\n\n\n\n<p>\u201cQuando voc\u00ea fala de saneamento, sempre \u00e9 constru\u00eddo a v\u00e1rias m\u00e3os, todo mundo participa, e com certeza a concession\u00e1ria, por ser a operadora do pilar de \u00e1gua e esgoto do saneamento, ela est\u00e1 no dia a dia fazendo o servi\u00e7o, fazendo os investimentos, com seus avan\u00e7os na universaliza\u00e7\u00e3o bem presentes. Um plano em toda conjuntura de saneamento \u00e9 extremamente relevante e a gente sempre v\u00ea isso com bons olhos, porque o planejamento \u00e9 fundamental para as a\u00e7\u00f5es serem bem executadas e claramente factivas ao longo do tempo\u201d, disse Dal Magro.<\/p>\n\n\n\n<p><strong>Comiss\u00e3o de Coordena\u00e7\u00e3o<\/strong><\/p>\n\n\n\n<p>Em abril deste ano foi criada, pela Prefeitura de Manaus, a Comiss\u00e3o de Coordena\u00e7\u00e3o da Elabora\u00e7\u00e3o do Plano Municipal de Saneamento B\u00e1sico, sendo uma inst\u00e2ncia de gest\u00e3o deliberativa, respons\u00e1vel pela elabora\u00e7\u00e3o do plano, junto \u00e0 empresa t\u00e9cnica contratada. No grupo, h\u00e1 representantes dos seguintes \u00f3rg\u00e3os e entidades, sob presid\u00eancia da Secretaria Municipal de Meio Ambiente, Sustentabilidade e Mudan\u00e7as do Clima (Semmasclima): \u00c1guas de Manaus; secretarias municipais de Infraestrutura (Seminf), Limpeza P\u00fablica (Semulsp) e Sa\u00fade (Semsa); Ag\u00eancia Reguladora dos Servi\u00e7os P\u00fablicos Delegados do Munic\u00edpio de Manaus (Ageman) e Conselho Municipal de Gest\u00e3o Estrat\u00e9gica (Cmge).<\/p>\n\n\n\n<p>A comiss\u00e3o vai definir o grupo de trabalho, com integrantes t\u00e9cnicos de cada secretaria, os quais v\u00e3o acompanhar e validar a elabora\u00e7\u00e3o do plano.<\/p>\n\n\n\n<p>&#8212; &#8212; &#8212;<\/p>\n\n\n\n<p><strong>Texto<\/strong> &#8211; Taianna Castro \/ Semmasclima e Geraldo Farias \/ Semcom<\/p>\n\n\n\n<p><strong>Fotos<\/strong> &#8211; Ant\u00f4nio Pereira e Dhyeizo Lemos \/ Semcom<\/p>\n\n\n\n<p><strong>Dispon\u00edveis em<\/strong> \u2013 <a href=\"https:\/\/www.flickr.com\/gp\/prefeiturademanaus\/j0752A11H4\">https:\/\/www.flickr.com\/gp\/prefeiturademanaus\/j0752A11H4<\/a><\/p>\n","protected":false},"excerpt":{"rendered":"","protected":false},"author":61,"featured_media":230781,"comment_status":"closed","ping_status":"closed","sticky":false,"template":"","format":"standard","meta":{"footnotes":""},"categories":[2371],"tags":[77,221,9959],"acf":[],"yoast_head":"<!-- This site is optimized with the Yoast SEO plugin v23.0 - https:\/\/yoast.com\/wordpress\/plugins\/seo\/ -->\n<title>Prefeitura de Manaus anuncia elabora\u00e7\u00e3o do novo Plano Municipal de Saneamento B\u00e1sico<\/title>\n<meta name=\"description\" content=\"A Prefeitura de Manaus ter\u00e1 um novo Plano Municipal de Saneamento B\u00e1sico da capital. O an\u00fancio foi feito pelo prefeito David Almeida.\" \/>\n<meta name=\"robots\" content=\"index, follow, max-snippet:-1, max-image-preview:large, max-video-preview:-1\" \/>\n<link rel=\"canonical\" href=\"https:\/\/www.manaus.am.gov.br\/semcom\/anuncia-novo-plano\/\" \/>\n<meta property=\"og:locale\" content=\"pt_BR\" \/>\n<meta property=\"og:type\" content=\"article\" \/>\n<meta property=\"og:title\" content=\"Prefeitura de Manaus anuncia elabora\u00e7\u00e3o do novo Plano Municipal de Saneamento B\u00e1sico\" \/>\n<meta property=\"og:description\" content=\"A Prefeitura de Manaus ter\u00e1 um novo Plano Municipal de Saneamento B\u00e1sico da capital. O an\u00fancio foi feito pelo prefeito David Almeida.\" \/>\n<meta property=\"og:url\" content=\"https:\/\/www.manaus.am.gov.br\/semcom\/anuncia-novo-plano\/\" \/>\n<meta property=\"og:site_name\" content=\"SEMCOM\" \/>\n<meta property=\"article:published_time\" content=\"2024-06-25T22:47:23+00:00\" \/>\n<meta property=\"article:modified_time\" content=\"2024-06-25T22:47:25+00:00\" \/>\n<meta property=\"og:image\" content=\"https:\/\/www.manaus.am.gov.br\/semcom\/wp-content\/uploads\/sites\/5\/2024\/06\/Prefeito-Plano-Saneamento-2.jpg\" \/>\n\t<meta property=\"og:image:width\" content=\"799\" \/>\n\t<meta property=\"og:image:height\" content=\"533\" \/>\n\t<meta property=\"og:image:type\" content=\"image\/jpeg\" \/>\n<meta name=\"author\" content=\"smonteiro\" \/>\n<meta name=\"twitter:card\" content=\"summary_large_image\" \/>\n<meta name=\"twitter:label1\" content=\"Written by\" \/>\n\t<meta name=\"twitter:data1\" content=\"smonteiro\" \/>\n\t<meta name=\"twitter:label2\" content=\"Est. reading time\" \/>\n\t<meta name=\"twitter:data2\" content=\"5 minutos\" \/>\n<script type=\"application\/ld+json\" class=\"yoast-schema-graph\">{\"@context\":\"https:\/\/schema.org\",\"@graph\":[{\"@type\":\"WebPage\",\"@id\":\"https:\/\/www.manaus.am.gov.br\/semcom\/anuncia-novo-plano\/\",\"url\":\"https:\/\/www.manaus.am.gov.br\/semcom\/anuncia-novo-plano\/\",\"name\":\"Prefeitura de Manaus anuncia elabora\u00e7\u00e3o do novo Plano Municipal de Saneamento B\u00e1sico\",\"isPartOf\":{\"@id\":\"https:\/\/www.manaus.am.gov.br\/semcom\/#website\"},\"primaryImageOfPage\":{\"@id\":\"https:\/\/www.manaus.am.gov.br\/semcom\/anuncia-novo-plano\/#primaryimage\"},\"image\":{\"@id\":\"https:\/\/www.manaus.am.gov.br\/semcom\/anuncia-novo-plano\/#primaryimage\"},\"thumbnailUrl\":\"https:\/\/www.manaus.am.gov.br\/semcom\/wp-content\/uploads\/sites\/5\/2024\/06\/Prefeito-Plano-Saneamento-2.jpg\",\"datePublished\":\"2024-06-25T22:47:23+00:00\",\"dateModified\":\"2024-06-25T22:47:25+00:00\",\"author\":{\"@id\":\"https:\/\/www.manaus.am.gov.br\/semcom\/#\/schema\/person\/ab4dcf766a54dff74e8d267f5c591961\"},\"description\":\"A Prefeitura de Manaus ter\u00e1 um novo Plano Municipal de Saneamento B\u00e1sico da capital. O an\u00fancio foi feito pelo prefeito David Almeida.\",\"inLanguage\":\"pt-BR\",\"potentialAction\":[{\"@type\":\"ReadAction\",\"target\":[\"https:\/\/www.manaus.am.gov.br\/semcom\/anuncia-novo-plano\/\"]}]},{\"@type\":\"ImageObject\",\"inLanguage\":\"pt-BR\",\"@id\":\"https:\/\/www.manaus.am.gov.br\/semcom\/anuncia-novo-plano\/#primaryimage\",\"url\":\"https:\/\/www.manaus.am.gov.br\/semcom\/wp-content\/uploads\/sites\/5\/2024\/06\/Prefeito-Plano-Saneamento-2.jpg\",\"contentUrl\":\"https:\/\/www.manaus.am.gov.br\/semcom\/wp-content\/uploads\/sites\/5\/2024\/06\/Prefeito-Plano-Saneamento-2.jpg\",\"width\":799,\"height\":533,\"caption\":\"#paratodosverem - prefeito David Almeida anuncia o novo plano\"},{\"@type\":\"WebSite\",\"@id\":\"https:\/\/www.manaus.am.gov.br\/semcom\/#website\",\"url\":\"https:\/\/www.manaus.am.gov.br\/semcom\/\",\"name\":\"SEMCOM\",\"description\":\"Secretaria Municipal de Comunica\u00e7\u00e3o\",\"potentialAction\":[{\"@type\":\"SearchAction\",\"target\":{\"@type\":\"EntryPoint\",\"urlTemplate\":\"https:\/\/www.manaus.am.gov.br\/semcom\/?s={search_term_string}\"},\"query-input\":\"required name=search_term_string\"}],\"inLanguage\":\"pt-BR\"},{\"@type\":\"Person\",\"@id\":\"https:\/\/www.manaus.am.gov.br\/semcom\/#\/schema\/person\/ab4dcf766a54dff74e8d267f5c591961\",\"name\":\"smonteiro\",\"image\":{\"@type\":\"ImageObject\",\"inLanguage\":\"pt-BR\",\"@id\":\"https:\/\/www.manaus.am.gov.br\/semcom\/#\/schema\/person\/image\/\",\"url\":\"https:\/\/secure.gravatar.com\/avatar\/21c8776ef61d9272c73322052e042d77?s=96&d=mm&r=g\",\"contentUrl\":\"https:\/\/secure.gravatar.com\/avatar\/21c8776ef61d9272c73322052e042d77?s=96&d=mm&r=g\",\"caption\":\"smonteiro\"}}]}<\/script>\n<!-- \/ Yoast SEO plugin. -->","yoast_head_json":{"title":"Prefeitura de Manaus anuncia elabora\u00e7\u00e3o do novo Plano Municipal de Saneamento B\u00e1sico","description":"A Prefeitura de Manaus ter\u00e1 um novo Plano Municipal de Saneamento B\u00e1sico da capital. O an\u00fancio foi feito pelo prefeito David Almeida.","robots":{"index":"index","follow":"follow","max-snippet":"max-snippet:-1","max-image-preview":"max-image-preview:large","max-video-preview":"max-video-preview:-1"},"canonical":"https:\/\/www.manaus.am.gov.br\/semcom\/anuncia-novo-plano\/","og_locale":"pt_BR","og_type":"article","og_title":"Prefeitura de Manaus anuncia elabora\u00e7\u00e3o do novo Plano Municipal de Saneamento B\u00e1sico","og_description":"A Prefeitura de Manaus ter\u00e1 um novo Plano Municipal de Saneamento B\u00e1sico da capital. O an\u00fancio foi feito pelo prefeito David Almeida.","og_url":"https:\/\/www.manaus.am.gov.br\/semcom\/anuncia-novo-plano\/","og_site_name":"SEMCOM","article_published_time":"2024-06-25T22:47:23+00:00","article_modified_time":"2024-06-25T22:47:25+00:00","og_image":[{"width":799,"height":533,"url":"https:\/\/www.manaus.am.gov.br\/semcom\/wp-content\/uploads\/sites\/5\/2024\/06\/Prefeito-Plano-Saneamento-2.jpg","type":"image\/jpeg"}],"author":"smonteiro","twitter_card":"summary_large_image","twitter_misc":{"Written by":"smonteiro","Est. reading time":"5 minutos"},"schema":{"@context":"https:\/\/schema.org","@graph":[{"@type":"WebPage","@id":"https:\/\/www.manaus.am.gov.br\/semcom\/anuncia-novo-plano\/","url":"https:\/\/www.manaus.am.gov.br\/semcom\/anuncia-novo-plano\/","name":"Prefeitura de Manaus anuncia elabora\u00e7\u00e3o do novo Plano Municipal de Saneamento B\u00e1sico","isPartOf":{"@id":"https:\/\/www.manaus.am.gov.br\/semcom\/#website"},"primaryImageOfPage":{"@id":"https:\/\/www.manaus.am.gov.br\/semcom\/anuncia-novo-plano\/#primaryimage"},"image":{"@id":"https:\/\/www.manaus.am.gov.br\/semcom\/anuncia-novo-plano\/#primaryimage"},"thumbnailUrl":"https:\/\/www.manaus.am.gov.br\/semcom\/wp-content\/uploads\/sites\/5\/2024\/06\/Prefeito-Plano-Saneamento-2.jpg","datePublished":"2024-06-25T22:47:23+00:00","dateModified":"2024-06-25T22:47:25+00:00","author":{"@id":"https:\/\/www.manaus.am.gov.br\/semcom\/#\/schema\/person\/ab4dcf766a54dff74e8d267f5c591961"},"description":"A Prefeitura de Manaus ter\u00e1 um novo Plano Municipal de Saneamento B\u00e1sico da capital. O an\u00fancio foi feito pelo prefeito David Almeida.","inLanguage":"pt-BR","potentialAction":[{"@type":"ReadAction","target":["https:\/\/www.manaus.am.gov.br\/semcom\/anuncia-novo-plano\/"]}]},{"@type":"ImageObject","inLanguage":"pt-BR","@id":"https:\/\/www.manaus.am.gov.br\/semcom\/anuncia-novo-plano\/#primaryimage","url":"https:\/\/www.manaus.am.gov.br\/semcom\/wp-content\/uploads\/sites\/5\/2024\/06\/Prefeito-Plano-Saneamento-2.jpg","contentUrl":"https:\/\/www.manaus.am.gov.br\/semcom\/wp-content\/uploads\/sites\/5\/2024\/06\/Prefeito-Plano-Saneamento-2.jpg","width":799,"height":533,"caption":"#paratodosverem - prefeito David Almeida anuncia o novo plano"},{"@type":"WebSite","@id":"https:\/\/www.manaus.am.gov.br\/semcom\/#website","url":"https:\/\/www.manaus.am.gov.br\/semcom\/","name":"SEMCOM","description":"Secretaria Municipal de Comunica\u00e7\u00e3o","potentialAction":[{"@type":"SearchAction","target":{"@type":"EntryPoint","urlTemplate":"https:\/\/www.manaus.am.gov.br\/semcom\/?s={search_term_string}"},"query-input":"required name=search_term_string"}],"inLanguage":"pt-BR"},{"@type":"Person","@id":"https:\/\/www.manaus.am.gov.br\/semcom\/#\/schema\/person\/ab4dcf766a54dff74e8d267f5c591961","name":"smonteiro","image":{"@type":"ImageObject","inLanguage":"pt-BR","@id":"https:\/\/www.manaus.am.gov.br\/semcom\/#\/schema\/person\/image\/","url":"https:\/\/secure.gravatar.com\/avatar\/21c8776ef61d9272c73322052e042d77?s=96&d=mm&r=g","contentUrl":"https:\/\/secure.gravatar.com\/avatar\/21c8776ef61d9272c73322052e042d77?s=96&d=mm&r=g","caption":"smonteiro"}}]}},"_links":{"self":[{"href":"https:\/\/www.manaus.am.gov.br\/semcom\/wp-json\/wp\/v2\/posts\/230780"}],"collection":[{"href":"https:\/\/www.manaus.am.gov.br\/semcom\/wp-json\/wp\/v2\/posts"}],"about":[{"href":"https:\/\/www.manaus.am.gov.br\/semcom\/wp-json\/wp\/v2\/types\/post"}],"author":[{"embeddable":true,"href":"https:\/\/www.manaus.am.gov.br\/semcom\/wp-json\/wp\/v2\/users\/61"}],"replies":[{"embeddable":true,"href":"https:\/\/www.manaus.am.gov.br\/semcom\/wp-json\/wp\/v2\/comments?post=230780"}],"version-history":[{"count":0,"href":"https:\/\/www.manaus.am.gov.br\/semcom\/wp-json\/wp\/v2\/posts\/230780\/revisions"}],"wp:featuredmedia":[{"embeddable":true,"href":"https:\/\/www.manaus.am.gov.br\/semcom\/wp-json\/wp\/v2\/media\/230781"}],"wp:attachment":[{"href":"https:\/\/www.manaus.am.gov.br\/semcom\/wp-json\/wp\/v2\/media?parent=230780"}],"wp:term":[{"taxonomy":"category","embeddable":true,"href":"https:\/\/www.manaus.am.gov.br\/semcom\/wp-json\/wp\/v2\/categories?post=230780"},{"taxonomy":"post_tag","embeddable":true,"href":"https:\/\/www.manaus.am.gov.br\/semcom\/wp-json\/wp\/v2\/tags?post=230780"}],"curies":[{"name":"wp","href":"https:\/\/api.w.org\/{rel}","templated":true}]}}