{"id":230755,"date":"2024-06-25T12:38:55","date_gmt":"2024-06-25T15:38:55","guid":{"rendered":"https:\/\/www.manaus.am.gov.br\/semcom\/prefeitura-inauguracao-pratodopovo\/"},"modified":"2024-06-25T13:31:17","modified_gmt":"2024-06-25T16:31:17","slug":"prefeitura-inauguracao-pratodopovo","status":"publish","type":"post","link":"https:\/\/www.manaus.am.gov.br\/semcom\/prefeitura-inauguracao-pratodopovo\/","title":{"rendered":"Prefeitura amplia em 330% oferta de refei\u00e7\u00f5es gratuitas e inaugura nova unidade do Prato do Povo"},"content":{"rendered":"\n<p>A Prefeitura de Manaus inaugurou, nesta ter\u00e7a-feira, 25\/6, mais uma unidade do Prato do Povo, novo restaurante popular localizado no bairro Santa Etelvina, zona Norte. Essa \u00e9 a oitava unidade entregue pelo prefeito David Almeida, desde a implanta\u00e7\u00e3o do programa \u201cManaus Sem Fome\u201d, coordenado pela Secretaria Municipal da Mulher, Assist\u00eancia Social e Cidadania (Semasc).<\/p>\n\n\n\n<p>O programa vem ampliando os servi\u00e7os voltados para a seguran\u00e7a alimentar e nutricional no munic\u00edpio. Em 2020, a cidade contava apenas com seis cozinhas comunit\u00e1rias e dois restaurantes populares que, juntos, distribu\u00edam aproximadamente 48 mil refei\u00e7\u00f5es por m\u00eas. Com a inaugura\u00e7\u00e3o de oito unidades do Prato do Povo, a gest\u00e3o municipal, hoje, tem a capacidade de distribuir mais de 200 mil refei\u00e7\u00f5es gratuitas mensalmente, em todas as estruturas voltadas ao servi\u00e7o de seguran\u00e7a alimentar, representando um aumento de 330%.<\/p>\n\n\n\n<p>&#8220;Essa \u00e9 a oitava unidade, ainda temos mais duas unidades para entregar nos pr\u00f3ximos dias. Com isso, a gente vai ocupando espa\u00e7os com vazios assistenciais em rela\u00e7\u00e3o a alimenta\u00e7\u00e3o, a partir do programa &#8220;Manaus Sem Fome&#8221;, que&nbsp; \u00e9 para combater a fome na cidade de Manaus&#8221;, declarou o prefeito David Almeida durante entrega do 8\u00b0 Prato do Povo.<\/p>\n\n\n\n<p>Com mais uma unidade inaugurada, os restaurantes v\u00e3o aumentar o n\u00famero de refei\u00e7\u00f5es di\u00e1rias gratuitas ofertadas \u00e0 popula\u00e7\u00e3o, para 8.000, sendo mil em cada um.<\/p>\n\n\n\n<p>&#8220;Com essa entrega de hoje, n\u00f3s estamos servindo diariamente 8.000 refei\u00e7\u00f5es para a popula\u00e7\u00e3o de Manaus. Temos mais duas para entregar. At\u00e9 o final do m\u00eas, teremos dez unidades do Prato do Povo servindo a popula\u00e7\u00e3o&#8221;, disse a secret\u00e1ria da Semasc, Dermi Rayol.<\/p>\n\n\n\n<p>A iniciativa da prefeitura \u00e9 fruto de emenda parlamentar destinada pelo deputado federal Saullo Vianna. O parlamentar prestigiou a entrega e disse que os restaurantes s\u00e3o resultado de uma parceria que visa o bem da popula\u00e7\u00e3o. &#8220;A amplia\u00e7\u00e3o do n\u00famero de unidades do Prato do Povo \u00e9 fruto de um compromisso firmado com o prefeito, principalmente com a popula\u00e7\u00e3o de Manaus, e agora j\u00e1 estamos muito perto de inaugurar a d\u00e9cima unidade na cidade&#8221;, destacou o deputado federal.<\/p>\n\n\n\n<p>A aposentada Socorro Cordeiro contou que a popula\u00e7\u00e3o do bairro estava precisando de um restaurante popular. &#8220;Est\u00e1 uma maravilha. Estava faltando para n\u00f3s esse Prato do Povo aqui, ent\u00e3o temos de agradecer a Deus e ao prefeito. Vai nos ajudar bastante&#8221;, disse.<\/p>\n\n\n\n<p>Com a inaugura\u00e7\u00e3o da nova unidade, o programa amplia sua capacidade de atendimento, beneficiando um n\u00famero ainda maior de pessoas em situa\u00e7\u00e3o de vulnerabilidade. Al\u00e9m disso, a presen\u00e7a do programa em diferentes regi\u00f5es da cidade facilita o acesso dos cidad\u00e3os aos servi\u00e7os alimentares essenciais.<\/p>\n\n\n\n<p>&#8212; &#8212; &#8212; &#8212;<\/p>\n\n\n\n<p><strong>Texto<\/strong>&nbsp;&#8211; Geraldo Farias \/ Semcom<\/p>\n\n\n\n<p><strong>Fotos<\/strong>&nbsp;\u2013 Dhyeizo Lemos\/Semcom<\/p>\n\n\n\n<p><strong>Dispon\u00edveis em &#8211;&nbsp;<\/strong><a href=\"https:\/\/flic.kr\/s\/aHBqjBwMzn\">https:\/\/flic.kr\/s\/aHBqjBwMzn<\/a><\/p>\n","protected":false},"excerpt":{"rendered":"","protected":false},"author":23,"featured_media":230756,"comment_status":"closed","ping_status":"closed","sticky":false,"template":"","format":"standard","meta":{"footnotes":""},"categories":[1291],"tags":[3494,12098,10238,77,3650,153],"acf":[],"yoast_head":"<!-- This site is optimized with the Yoast SEO plugin v23.0 - https:\/\/yoast.com\/wordpress\/plugins\/seo\/ -->\n<title>Prefeitura amplia em 330% oferta de refei\u00e7\u00f5es gratuitas com inaugura\u00e7\u00e3o de nova unidade do Prato do Povo<\/title>\n<meta name=\"description\" content=\"A Prefeitura de Manaus inaugurou, nesta ter\u00e7a-feira, 25\/6, mais uma unidade do Prato do Povo, novo restaurante popular localizado no bairro Santa Etelvina, zona Norte.\" \/>\n<meta name=\"robots\" content=\"index, follow, max-snippet:-1, max-image-preview:large, max-video-preview:-1\" \/>\n<link rel=\"canonical\" href=\"https:\/\/www.manaus.am.gov.br\/semcom\/prefeitura-inauguracao-pratodopovo\/\" \/>\n<meta property=\"og:locale\" content=\"pt_BR\" \/>\n<meta property=\"og:type\" content=\"article\" \/>\n<meta property=\"og:title\" content=\"Prefeitura amplia em 330% oferta de refei\u00e7\u00f5es gratuitas com inaugura\u00e7\u00e3o de nova unidade do Prato do Povo\" \/>\n<meta property=\"og:description\" content=\"A Prefeitura de Manaus inaugurou, nesta ter\u00e7a-feira, 25\/6, mais uma unidade do Prato do Povo, novo restaurante popular localizado no bairro Santa Etelvina, zona Norte.\" \/>\n<meta property=\"og:url\" content=\"https:\/\/www.manaus.am.gov.br\/semcom\/prefeitura-inauguracao-pratodopovo\/\" \/>\n<meta property=\"og:site_name\" content=\"SEMCOM\" \/>\n<meta property=\"article:published_time\" content=\"2024-06-25T15:38:55+00:00\" \/>\n<meta property=\"article:modified_time\" content=\"2024-06-25T16:31:17+00:00\" \/>\n<meta property=\"og:image\" content=\"https:\/\/www.manaus.am.gov.br\/semcom\/wp-content\/uploads\/sites\/5\/2024\/06\/53815481128_1cbcd20b67_c.jpg\" \/>\n\t<meta property=\"og:image:width\" content=\"799\" \/>\n\t<meta property=\"og:image:height\" content=\"533\" \/>\n\t<meta property=\"og:image:type\" content=\"image\/jpeg\" \/>\n<meta name=\"author\" content=\"Adriana Costa\" \/>\n<meta name=\"twitter:card\" content=\"summary_large_image\" \/>\n<meta name=\"twitter:label1\" content=\"Written by\" \/>\n\t<meta name=\"twitter:data1\" content=\"Adriana Costa\" \/>\n\t<meta name=\"twitter:label2\" content=\"Est. reading time\" \/>\n\t<meta name=\"twitter:data2\" content=\"3 minutos\" \/>\n<script type=\"application\/ld+json\" class=\"yoast-schema-graph\">{\"@context\":\"https:\/\/schema.org\",\"@graph\":[{\"@type\":\"WebPage\",\"@id\":\"https:\/\/www.manaus.am.gov.br\/semcom\/prefeitura-inauguracao-pratodopovo\/\",\"url\":\"https:\/\/www.manaus.am.gov.br\/semcom\/prefeitura-inauguracao-pratodopovo\/\",\"name\":\"Prefeitura amplia em 330% oferta de refei\u00e7\u00f5es gratuitas com inaugura\u00e7\u00e3o de nova unidade do Prato do Povo\",\"isPartOf\":{\"@id\":\"https:\/\/www.manaus.am.gov.br\/semcom\/#website\"},\"primaryImageOfPage\":{\"@id\":\"https:\/\/www.manaus.am.gov.br\/semcom\/prefeitura-inauguracao-pratodopovo\/#primaryimage\"},\"image\":{\"@id\":\"https:\/\/www.manaus.am.gov.br\/semcom\/prefeitura-inauguracao-pratodopovo\/#primaryimage\"},\"thumbnailUrl\":\"https:\/\/www.manaus.am.gov.br\/semcom\/wp-content\/uploads\/sites\/5\/2024\/06\/53815481128_1cbcd20b67_c.jpg\",\"datePublished\":\"2024-06-25T15:38:55+00:00\",\"dateModified\":\"2024-06-25T16:31:17+00:00\",\"author\":{\"@id\":\"https:\/\/www.manaus.am.gov.br\/semcom\/#\/schema\/person\/4e49f4e267757a06ca072ec61b2b9968\"},\"description\":\"A Prefeitura de Manaus inaugurou, nesta ter\u00e7a-feira, 25\/6, mais uma unidade do Prato do Povo, novo restaurante popular localizado no bairro Santa Etelvina, zona Norte.\",\"inLanguage\":\"pt-BR\",\"potentialAction\":[{\"@type\":\"ReadAction\",\"target\":[\"https:\/\/www.manaus.am.gov.br\/semcom\/prefeitura-inauguracao-pratodopovo\/\"]}]},{\"@type\":\"ImageObject\",\"inLanguage\":\"pt-BR\",\"@id\":\"https:\/\/www.manaus.am.gov.br\/semcom\/prefeitura-inauguracao-pratodopovo\/#primaryimage\",\"url\":\"https:\/\/www.manaus.am.gov.br\/semcom\/wp-content\/uploads\/sites\/5\/2024\/06\/53815481128_1cbcd20b67_c.jpg\",\"contentUrl\":\"https:\/\/www.manaus.am.gov.br\/semcom\/wp-content\/uploads\/sites\/5\/2024\/06\/53815481128_1cbcd20b67_c.jpg\",\"width\":799,\"height\":533},{\"@type\":\"WebSite\",\"@id\":\"https:\/\/www.manaus.am.gov.br\/semcom\/#website\",\"url\":\"https:\/\/www.manaus.am.gov.br\/semcom\/\",\"name\":\"SEMCOM\",\"description\":\"Secretaria Municipal de Comunica\u00e7\u00e3o\",\"potentialAction\":[{\"@type\":\"SearchAction\",\"target\":{\"@type\":\"EntryPoint\",\"urlTemplate\":\"https:\/\/www.manaus.am.gov.br\/semcom\/?s={search_term_string}\"},\"query-input\":\"required name=search_term_string\"}],\"inLanguage\":\"pt-BR\"},{\"@type\":\"Person\",\"@id\":\"https:\/\/www.manaus.am.gov.br\/semcom\/#\/schema\/person\/4e49f4e267757a06ca072ec61b2b9968\",\"name\":\"Adriana Costa\",\"image\":{\"@type\":\"ImageObject\",\"inLanguage\":\"pt-BR\",\"@id\":\"https:\/\/www.manaus.am.gov.br\/semcom\/#\/schema\/person\/image\/\",\"url\":\"https:\/\/secure.gravatar.com\/avatar\/576258617ef7194f718179e766d57bd4?s=96&d=mm&r=g\",\"contentUrl\":\"https:\/\/secure.gravatar.com\/avatar\/576258617ef7194f718179e766d57bd4?s=96&d=mm&r=g\",\"caption\":\"Adriana Costa\"}}]}<\/script>\n<!-- \/ Yoast SEO plugin. -->","yoast_head_json":{"title":"Prefeitura amplia em 330% oferta de refei\u00e7\u00f5es gratuitas com inaugura\u00e7\u00e3o de nova unidade do Prato do Povo","description":"A Prefeitura de Manaus inaugurou, nesta ter\u00e7a-feira, 25\/6, mais uma unidade do Prato do Povo, novo restaurante popular localizado no bairro Santa Etelvina, zona Norte.","robots":{"index":"index","follow":"follow","max-snippet":"max-snippet:-1","max-image-preview":"max-image-preview:large","max-video-preview":"max-video-preview:-1"},"canonical":"https:\/\/www.manaus.am.gov.br\/semcom\/prefeitura-inauguracao-pratodopovo\/","og_locale":"pt_BR","og_type":"article","og_title":"Prefeitura amplia em 330% oferta de refei\u00e7\u00f5es gratuitas com inaugura\u00e7\u00e3o de nova unidade do Prato do Povo","og_description":"A Prefeitura de Manaus inaugurou, nesta ter\u00e7a-feira, 25\/6, mais uma unidade do Prato do Povo, novo restaurante popular localizado no bairro Santa Etelvina, zona Norte.","og_url":"https:\/\/www.manaus.am.gov.br\/semcom\/prefeitura-inauguracao-pratodopovo\/","og_site_name":"SEMCOM","article_published_time":"2024-06-25T15:38:55+00:00","article_modified_time":"2024-06-25T16:31:17+00:00","og_image":[{"width":799,"height":533,"url":"https:\/\/www.manaus.am.gov.br\/semcom\/wp-content\/uploads\/sites\/5\/2024\/06\/53815481128_1cbcd20b67_c.jpg","type":"image\/jpeg"}],"author":"Adriana Costa","twitter_card":"summary_large_image","twitter_misc":{"Written by":"Adriana Costa","Est. reading time":"3 minutos"},"schema":{"@context":"https:\/\/schema.org","@graph":[{"@type":"WebPage","@id":"https:\/\/www.manaus.am.gov.br\/semcom\/prefeitura-inauguracao-pratodopovo\/","url":"https:\/\/www.manaus.am.gov.br\/semcom\/prefeitura-inauguracao-pratodopovo\/","name":"Prefeitura amplia em 330% oferta de refei\u00e7\u00f5es gratuitas com inaugura\u00e7\u00e3o de nova unidade do Prato do Povo","isPartOf":{"@id":"https:\/\/www.manaus.am.gov.br\/semcom\/#website"},"primaryImageOfPage":{"@id":"https:\/\/www.manaus.am.gov.br\/semcom\/prefeitura-inauguracao-pratodopovo\/#primaryimage"},"image":{"@id":"https:\/\/www.manaus.am.gov.br\/semcom\/prefeitura-inauguracao-pratodopovo\/#primaryimage"},"thumbnailUrl":"https:\/\/www.manaus.am.gov.br\/semcom\/wp-content\/uploads\/sites\/5\/2024\/06\/53815481128_1cbcd20b67_c.jpg","datePublished":"2024-06-25T15:38:55+00:00","dateModified":"2024-06-25T16:31:17+00:00","author":{"@id":"https:\/\/www.manaus.am.gov.br\/semcom\/#\/schema\/person\/4e49f4e267757a06ca072ec61b2b9968"},"description":"A Prefeitura de Manaus inaugurou, nesta ter\u00e7a-feira, 25\/6, mais uma unidade do Prato do Povo, novo restaurante popular localizado no bairro Santa Etelvina, zona Norte.","inLanguage":"pt-BR","potentialAction":[{"@type":"ReadAction","target":["https:\/\/www.manaus.am.gov.br\/semcom\/prefeitura-inauguracao-pratodopovo\/"]}]},{"@type":"ImageObject","inLanguage":"pt-BR","@id":"https:\/\/www.manaus.am.gov.br\/semcom\/prefeitura-inauguracao-pratodopovo\/#primaryimage","url":"https:\/\/www.manaus.am.gov.br\/semcom\/wp-content\/uploads\/sites\/5\/2024\/06\/53815481128_1cbcd20b67_c.jpg","contentUrl":"https:\/\/www.manaus.am.gov.br\/semcom\/wp-content\/uploads\/sites\/5\/2024\/06\/53815481128_1cbcd20b67_c.jpg","width":799,"height":533},{"@type":"WebSite","@id":"https:\/\/www.manaus.am.gov.br\/semcom\/#website","url":"https:\/\/www.manaus.am.gov.br\/semcom\/","name":"SEMCOM","description":"Secretaria Municipal de Comunica\u00e7\u00e3o","potentialAction":[{"@type":"SearchAction","target":{"@type":"EntryPoint","urlTemplate":"https:\/\/www.manaus.am.gov.br\/semcom\/?s={search_term_string}"},"query-input":"required name=search_term_string"}],"inLanguage":"pt-BR"},{"@type":"Person","@id":"https:\/\/www.manaus.am.gov.br\/semcom\/#\/schema\/person\/4e49f4e267757a06ca072ec61b2b9968","name":"Adriana Costa","image":{"@type":"ImageObject","inLanguage":"pt-BR","@id":"https:\/\/www.manaus.am.gov.br\/semcom\/#\/schema\/person\/image\/","url":"https:\/\/secure.gravatar.com\/avatar\/576258617ef7194f718179e766d57bd4?s=96&d=mm&r=g","contentUrl":"https:\/\/secure.gravatar.com\/avatar\/576258617ef7194f718179e766d57bd4?s=96&d=mm&r=g","caption":"Adriana Costa"}}]}},"_links":{"self":[{"href":"https:\/\/www.manaus.am.gov.br\/semcom\/wp-json\/wp\/v2\/posts\/230755"}],"collection":[{"href":"https:\/\/www.manaus.am.gov.br\/semcom\/wp-json\/wp\/v2\/posts"}],"about":[{"href":"https:\/\/www.manaus.am.gov.br\/semcom\/wp-json\/wp\/v2\/types\/post"}],"author":[{"embeddable":true,"href":"https:\/\/www.manaus.am.gov.br\/semcom\/wp-json\/wp\/v2\/users\/23"}],"replies":[{"embeddable":true,"href":"https:\/\/www.manaus.am.gov.br\/semcom\/wp-json\/wp\/v2\/comments?post=230755"}],"version-history":[{"count":4,"href":"https:\/\/www.manaus.am.gov.br\/semcom\/wp-json\/wp\/v2\/posts\/230755\/revisions"}],"predecessor-version":[{"id":230766,"href":"https:\/\/www.manaus.am.gov.br\/semcom\/wp-json\/wp\/v2\/posts\/230755\/revisions\/230766"}],"wp:featuredmedia":[{"embeddable":true,"href":"https:\/\/www.manaus.am.gov.br\/semcom\/wp-json\/wp\/v2\/media\/230756"}],"wp:attachment":[{"href":"https:\/\/www.manaus.am.gov.br\/semcom\/wp-json\/wp\/v2\/media?parent=230755"}],"wp:term":[{"taxonomy":"category","embeddable":true,"href":"https:\/\/www.manaus.am.gov.br\/semcom\/wp-json\/wp\/v2\/categories?post=230755"},{"taxonomy":"post_tag","embeddable":true,"href":"https:\/\/www.manaus.am.gov.br\/semcom\/wp-json\/wp\/v2\/tags?post=230755"}],"curies":[{"name":"wp","href":"https:\/\/api.w.org\/{rel}","templated":true}]}}