{"id":230740,"date":"2024-06-24T20:26:44","date_gmt":"2024-06-24T23:26:44","guid":{"rendered":"https:\/\/www.manaus.am.gov.br\/semcom\/oficina-drone\/"},"modified":"2024-06-24T20:26:45","modified_gmt":"2024-06-24T23:26:45","slug":"oficina-drone","status":"publish","type":"post","link":"https:\/\/www.manaus.am.gov.br\/semcom\/oficina-drone\/","title":{"rendered":"Oficina \u201cPiloto de Drone para Produ\u00e7\u00f5es Audiovisuais\u201d forma profissionais em Manaus"},"content":{"rendered":"\n<p>A Prefeitura de Manaus, por meio do Conselho Municipal de Cultura (Concultura) e Minist\u00e9rio da Cultura (MinC), encerrou, nesta segunda-feira, 24\/6, a oficina \u201cPiloto de Drone para Produ\u00e7\u00f5es Audiovisuais &#8211; arte e t\u00e9cnica\u201d, com a entrega dos certificados aos 35 participantes,\u00a0 no Casar\u00e3o da Inova\u00e7\u00e3o Cassina, na Pra\u00e7a D. Pedro 2\u00b0, centro hist\u00f3rico da cidade.\u00a0<\/p>\n\n\n\n<p>A iniciativa foi contemplada com o pr\u00eamio Manaus Identidade Cultural &#8211; Audiovisual, com recursos concedidos pela Lei Paulo Gustavo (LPG), executada pela prefeitura.<\/p>\n\n\n\n<p>O presidente do Concultura, Neilo Batista, avaliou como positiva a capacita\u00e7\u00e3o. \u201cO curso atendeu aos objetivos da gest\u00e3o municipal de levar a forma\u00e7\u00e3o e as ferramentas para proporcionar aos artistas melhores ganhos e maior express\u00e3o de sua arte\u201d, disse.<\/p>\n\n\n\n<p>O curso foi gratuito, no per\u00edodo de 19 a 24 de junho, com aulas te\u00f3ricas \u00e0 tarde, durante a semana, e aulas pr\u00e1ticas no fim de semana, no casar\u00e3o da Inova\u00e7\u00e3o Cassina, rua Bernardo Ramos, centro hist\u00f3rico, e em pra\u00e7as da capital. A oficina foi ministrada pelo produtor cultural, fot\u00f3grafo, produtor audiovisual e designer Marcelo Ramos, com coordena\u00e7\u00e3o do jornalista e produtor cultural Leandro Tapaj\u00f3s. A busca pela oficina teve mais de uma centena de interessados.<\/p>\n\n\n\n<p>Como trabalho final dos grupos de alunos, foram exibidas seis&nbsp; produ\u00e7\u00f5es &#8211; documental, v\u00eddeo para rede social e clipe, entre outros. As filmagens, com a tem\u00e1tica \u201cManaus\u201d, aconteceram no centro hist\u00f3rico e no Parque das Tribos, zona Oeste da cidade.<\/p>\n\n\n\n<p>O mercado audiovisual possui um cen\u00e1rio favor\u00e1vel e em crescimento na Amaz\u00f4nia. Desde produ\u00e7\u00f5es cinematogr\u00e1ficas premiadas nacional e internacionalmente, novelas, clipes, at\u00e9 an\u00fancios publicit\u00e1rios veiculados em TVs e posts em redes sociais, essa ind\u00fastria movimenta milh\u00f5es na economia e emprega trabalhadores da cultura. Mas, para fomentar a produ\u00e7\u00e3o de filmes, document\u00e1rios, reportagens e outras produ\u00e7\u00f5es art\u00edsticas, tamb\u00e9m \u00e9 preciso investir em novas tecnologias e dom\u00ednio de equipamentos como o drone.<\/p>\n\n\n\n<p>\u201cFomos surpreendidos pela alta procura. Em poucas horas as vagas para as aulas foram preenchidas. Isso mostra como h\u00e1 uma demanda por qualifica\u00e7\u00e3o nessa \u00e1rea. Esperamos que os alunos inscritos usem os conhecimentos adquiridos para produzir novidades futuramente. Temos uma turma m\u00faltipla, composta por pessoas diferentes e cheias de potenciais que podem colaborar com o cen\u00e1rio audiovisual local. S\u00e3o ind\u00edgenas, pessoas trans, profissionais da publicidade, novos nomes que desejam iniciar na \u00e1rea, al\u00e9m de artistas e fazedores culturais atuantes na capital e interior. Enfim, com isso o evento possibilita uma troca de experi\u00eancias enriquecedora entre esses participantes que s\u00f3 favorece a nossa cultura e a uma modalidade t\u00e3o importante como o audiovisual\u201d, sugeriu o coordenador, Leandro Tapaj\u00f3s.<\/p>\n\n\n\n<p><strong>Arte e Economia<\/strong><\/p>\n\n\n\n<p>Al\u00e9m de promover a capacita\u00e7\u00e3o t\u00e9cnica sobre a capta\u00e7\u00e3o de imagens a\u00e9reas, a Oficina \u201cPiloto de drone para produ\u00e7\u00f5es audiovisuais &#8211; Arte e T\u00e9cnica\u201d teve por objetivo estimular o desenvolvimento do olhar art\u00edstico e est\u00e9tico dos participantes, levando em considera\u00e7\u00e3o as normas que englobam a atividade, al\u00e9m de suas regras de seguran\u00e7a.<\/p>\n\n\n\n<p>\u201cQuando se fala em capta\u00e7\u00e3o de imagem \u00e9 preciso saber sobre a t\u00e9cnica, mas o que diferencia o que \u00e9 captado \u00e9 justamente a quest\u00e3o est\u00e9tica e art\u00edstica, que se torna a assinatura de cada um. A capta\u00e7\u00e3o de imagens tamb\u00e9m \u00e9 uma arte\u201d, ponderou Ramos.<\/p>\n\n\n\n<p>Ainda de acordo com o professor, a oficina visou, ainda, fortalecer a economia criativa e o cen\u00e1rio art\u00edstico manauara.<\/p>\n\n\n\n<p>\u201cSem d\u00favida, se tornar piloto de drone abre um leque de possibilidades. Entre elas a de atuar diretamente na cria\u00e7\u00e3o art\u00edstica de produ\u00e7\u00f5es audiovisuais e na produ\u00e7\u00e3o voltada para o mercado, para as redes sociais, clipes musicais, filmes, document\u00e1rios e dramaturgia. O drone \u00e9 um equipamento-chave, atualmente, quando se fala em audiovisual. As imagens captadas por ele podem ser um diferencial em todo tipo de produ\u00e7\u00e3o\u201d, acrescentou.&nbsp;<\/p>\n\n\n\n<p>\u201cJ\u00e1 trabalho h\u00e1 mais de 15 anos na \u00e1rea de produ\u00e7\u00e3o art\u00edstica e os primeiros contatos com drone foram em 2018. Sem d\u00favida \u00e9 um equipamento fundamental para quem atua com fotografia e v\u00eddeo hoje em dia. Mesmo assim, encontramos uma certa dificuldade para conseguir aprimoramento. S\u00e3o poucos os cursos e tamb\u00e9m caros. A oficina tem tamb\u00e9m esse prop\u00f3sito, de possibilitar que mais pessoas comecem a aprender a pilotar drone, ou que se aprimorem\u201d, explicou Ramos.<\/p>\n\n\n\n<p>Para a aluna Priscila Ramos, rela\u00e7\u00f5es p\u00fablicas, a oficina \u00e9 uma boa oportunidade para as pessoas que querem iniciar nessa \u00e1rea de produ\u00e7\u00e3o audiovisual. \u201cVoc\u00ea ter esse contato com o drone, com diversas ferramentas e canais, \u00e9 fundamental para entrar no mercado de trabalho competitivo\u201d, afirmou.&nbsp;<\/p>\n\n\n\n<p><strong>Sobre o diretor<\/strong><\/p>\n\n\n\n<p>Marcelo Ramos, nascido em Manaus, \u00e9 formado em Tecnologia em Design Gr\u00e1fico e p\u00f3s-graduado em Publicidade, Propaganda e Marketing. Faz a produ\u00e7\u00e3o audiovisual de artistas, v\u00eddeos publicit\u00e1rios, clipes musicais, filmes e document\u00e1rios. Atua como artista pl\u00e1stico e visual, produtor cultural, fot\u00f3grafo, produtor audiovisual e designer.<\/p>\n\n\n\n<p>Entre os \u00faltimos trabalhos que realizou est\u00e3o projetos premiados por editais com fomento das leis Aldir Blanc, Paulo Gustavo e Rouanet. Entre eles, o Document\u00e1rio \u201cRotina Cabocla\u201d (https:\/\/youtu.be\/iVbYRHHelWw?si=e-cTNfgALn8MpbkM); o&nbsp; document\u00e1rio \u201cAjuriArtes: Amaz\u00f4nidas Fazedores\u201d, vencedor do pr\u00eamio de Melhor Document\u00e1rio da 2\u00aa Mostra Internacional Audiovisual [Em] Curtas; \u201cTempestade em copo d\u2019\u00e1gua\/ Projeto Gari\u201d; clipe de Brizzy MC.<\/p>\n\n\n\n<p>&#8212; &#8212; &#8212;<\/p>\n\n\n\n<p><strong>Texto<\/strong> &#8211; Cristov\u00e3o Nonato \/ Concultura<\/p>\n\n\n\n<p><strong>Fotos<\/strong> &#8211; F\u00e1bio Sim\u00f5es e Ge\u00f3rgia Varela \/ Concultura<\/p>\n","protected":false},"excerpt":{"rendered":"","protected":false},"author":61,"featured_media":230741,"comment_status":"closed","ping_status":"closed","sticky":false,"template":"","format":"standard","meta":{"footnotes":""},"categories":[9365],"tags":[2722,12158,77],"acf":[],"yoast_head":"<!-- This site is optimized with the Yoast SEO plugin v23.0 - https:\/\/yoast.com\/wordpress\/plugins\/seo\/ -->\n<title>Oficina \u201cPiloto de Drone para Produ\u00e7\u00f5es Audiovisuais\u201d forma profissionais em Manaus<\/title>\n<meta name=\"description\" content=\"A Prefeitura de Manaus, por meio do Concultura e MinC, encerrou, nesta segunda-feira, 24\/6, a oficina \u201cPiloto de Drone para Produ\u00e7\u00f5es Audiovisuais&quot;.\" \/>\n<meta name=\"robots\" content=\"index, follow, max-snippet:-1, max-image-preview:large, max-video-preview:-1\" \/>\n<link rel=\"canonical\" href=\"https:\/\/www.manaus.am.gov.br\/semcom\/oficina-drone\/\" \/>\n<meta property=\"og:locale\" content=\"pt_BR\" \/>\n<meta property=\"og:type\" content=\"article\" \/>\n<meta property=\"og:title\" content=\"Oficina \u201cPiloto de Drone para Produ\u00e7\u00f5es Audiovisuais\u201d forma profissionais em Manaus\" \/>\n<meta property=\"og:description\" content=\"A Prefeitura de Manaus, por meio do Concultura e MinC, encerrou, nesta segunda-feira, 24\/6, a oficina \u201cPiloto de Drone para Produ\u00e7\u00f5es Audiovisuais&quot;.\" \/>\n<meta property=\"og:url\" content=\"https:\/\/www.manaus.am.gov.br\/semcom\/oficina-drone\/\" \/>\n<meta property=\"og:site_name\" content=\"SEMCOM\" \/>\n<meta property=\"article:published_time\" content=\"2024-06-24T23:26:44+00:00\" \/>\n<meta property=\"article:modified_time\" content=\"2024-06-24T23:26:45+00:00\" \/>\n<meta property=\"og:image\" content=\"https:\/\/www.manaus.am.gov.br\/semcom\/wp-content\/uploads\/sites\/5\/2024\/06\/Oficina-Drone-3.jpg\" \/>\n\t<meta property=\"og:image:width\" content=\"2657\" \/>\n\t<meta property=\"og:image:height\" content=\"1918\" \/>\n\t<meta property=\"og:image:type\" content=\"image\/jpeg\" \/>\n<meta name=\"author\" content=\"smonteiro\" \/>\n<meta name=\"twitter:card\" content=\"summary_large_image\" \/>\n<meta name=\"twitter:label1\" content=\"Written by\" \/>\n\t<meta name=\"twitter:data1\" content=\"smonteiro\" \/>\n\t<meta name=\"twitter:label2\" content=\"Est. reading time\" \/>\n\t<meta name=\"twitter:data2\" content=\"5 minutos\" \/>\n<script type=\"application\/ld+json\" class=\"yoast-schema-graph\">{\"@context\":\"https:\/\/schema.org\",\"@graph\":[{\"@type\":\"WebPage\",\"@id\":\"https:\/\/www.manaus.am.gov.br\/semcom\/oficina-drone\/\",\"url\":\"https:\/\/www.manaus.am.gov.br\/semcom\/oficina-drone\/\",\"name\":\"Oficina \u201cPiloto de Drone para Produ\u00e7\u00f5es Audiovisuais\u201d forma profissionais em Manaus\",\"isPartOf\":{\"@id\":\"https:\/\/www.manaus.am.gov.br\/semcom\/#website\"},\"primaryImageOfPage\":{\"@id\":\"https:\/\/www.manaus.am.gov.br\/semcom\/oficina-drone\/#primaryimage\"},\"image\":{\"@id\":\"https:\/\/www.manaus.am.gov.br\/semcom\/oficina-drone\/#primaryimage\"},\"thumbnailUrl\":\"https:\/\/www.manaus.am.gov.br\/semcom\/wp-content\/uploads\/sites\/5\/2024\/06\/Oficina-Drone-3.jpg\",\"datePublished\":\"2024-06-24T23:26:44+00:00\",\"dateModified\":\"2024-06-24T23:26:45+00:00\",\"author\":{\"@id\":\"https:\/\/www.manaus.am.gov.br\/semcom\/#\/schema\/person\/ab4dcf766a54dff74e8d267f5c591961\"},\"description\":\"A Prefeitura de Manaus, por meio do Concultura e MinC, encerrou, nesta segunda-feira, 24\/6, a oficina \u201cPiloto de Drone para Produ\u00e7\u00f5es Audiovisuais\\\".\",\"inLanguage\":\"pt-BR\",\"potentialAction\":[{\"@type\":\"ReadAction\",\"target\":[\"https:\/\/www.manaus.am.gov.br\/semcom\/oficina-drone\/\"]}]},{\"@type\":\"ImageObject\",\"inLanguage\":\"pt-BR\",\"@id\":\"https:\/\/www.manaus.am.gov.br\/semcom\/oficina-drone\/#primaryimage\",\"url\":\"https:\/\/www.manaus.am.gov.br\/semcom\/wp-content\/uploads\/sites\/5\/2024\/06\/Oficina-Drone-3.jpg\",\"contentUrl\":\"https:\/\/www.manaus.am.gov.br\/semcom\/wp-content\/uploads\/sites\/5\/2024\/06\/Oficina-Drone-3.jpg\",\"width\":2657,\"height\":1918,\"caption\":\"#paratodosverem - aluna recebe o certificado da capacita\u00e7\u00e3o\"},{\"@type\":\"WebSite\",\"@id\":\"https:\/\/www.manaus.am.gov.br\/semcom\/#website\",\"url\":\"https:\/\/www.manaus.am.gov.br\/semcom\/\",\"name\":\"SEMCOM\",\"description\":\"Secretaria Municipal de Comunica\u00e7\u00e3o\",\"potentialAction\":[{\"@type\":\"SearchAction\",\"target\":{\"@type\":\"EntryPoint\",\"urlTemplate\":\"https:\/\/www.manaus.am.gov.br\/semcom\/?s={search_term_string}\"},\"query-input\":\"required name=search_term_string\"}],\"inLanguage\":\"pt-BR\"},{\"@type\":\"Person\",\"@id\":\"https:\/\/www.manaus.am.gov.br\/semcom\/#\/schema\/person\/ab4dcf766a54dff74e8d267f5c591961\",\"name\":\"smonteiro\",\"image\":{\"@type\":\"ImageObject\",\"inLanguage\":\"pt-BR\",\"@id\":\"https:\/\/www.manaus.am.gov.br\/semcom\/#\/schema\/person\/image\/\",\"url\":\"https:\/\/secure.gravatar.com\/avatar\/21c8776ef61d9272c73322052e042d77?s=96&d=mm&r=g\",\"contentUrl\":\"https:\/\/secure.gravatar.com\/avatar\/21c8776ef61d9272c73322052e042d77?s=96&d=mm&r=g\",\"caption\":\"smonteiro\"}}]}<\/script>\n<!-- \/ Yoast SEO plugin. -->","yoast_head_json":{"title":"Oficina \u201cPiloto de Drone para Produ\u00e7\u00f5es Audiovisuais\u201d forma profissionais em Manaus","description":"A Prefeitura de Manaus, por meio do Concultura e MinC, encerrou, nesta segunda-feira, 24\/6, a oficina \u201cPiloto de Drone para Produ\u00e7\u00f5es Audiovisuais\".","robots":{"index":"index","follow":"follow","max-snippet":"max-snippet:-1","max-image-preview":"max-image-preview:large","max-video-preview":"max-video-preview:-1"},"canonical":"https:\/\/www.manaus.am.gov.br\/semcom\/oficina-drone\/","og_locale":"pt_BR","og_type":"article","og_title":"Oficina \u201cPiloto de Drone para Produ\u00e7\u00f5es Audiovisuais\u201d forma profissionais em Manaus","og_description":"A Prefeitura de Manaus, por meio do Concultura e MinC, encerrou, nesta segunda-feira, 24\/6, a oficina \u201cPiloto de Drone para Produ\u00e7\u00f5es Audiovisuais\".","og_url":"https:\/\/www.manaus.am.gov.br\/semcom\/oficina-drone\/","og_site_name":"SEMCOM","article_published_time":"2024-06-24T23:26:44+00:00","article_modified_time":"2024-06-24T23:26:45+00:00","og_image":[{"width":2657,"height":1918,"url":"https:\/\/www.manaus.am.gov.br\/semcom\/wp-content\/uploads\/sites\/5\/2024\/06\/Oficina-Drone-3.jpg","type":"image\/jpeg"}],"author":"smonteiro","twitter_card":"summary_large_image","twitter_misc":{"Written by":"smonteiro","Est. reading time":"5 minutos"},"schema":{"@context":"https:\/\/schema.org","@graph":[{"@type":"WebPage","@id":"https:\/\/www.manaus.am.gov.br\/semcom\/oficina-drone\/","url":"https:\/\/www.manaus.am.gov.br\/semcom\/oficina-drone\/","name":"Oficina \u201cPiloto de Drone para Produ\u00e7\u00f5es Audiovisuais\u201d forma profissionais em Manaus","isPartOf":{"@id":"https:\/\/www.manaus.am.gov.br\/semcom\/#website"},"primaryImageOfPage":{"@id":"https:\/\/www.manaus.am.gov.br\/semcom\/oficina-drone\/#primaryimage"},"image":{"@id":"https:\/\/www.manaus.am.gov.br\/semcom\/oficina-drone\/#primaryimage"},"thumbnailUrl":"https:\/\/www.manaus.am.gov.br\/semcom\/wp-content\/uploads\/sites\/5\/2024\/06\/Oficina-Drone-3.jpg","datePublished":"2024-06-24T23:26:44+00:00","dateModified":"2024-06-24T23:26:45+00:00","author":{"@id":"https:\/\/www.manaus.am.gov.br\/semcom\/#\/schema\/person\/ab4dcf766a54dff74e8d267f5c591961"},"description":"A Prefeitura de Manaus, por meio do Concultura e MinC, encerrou, nesta segunda-feira, 24\/6, a oficina \u201cPiloto de Drone para Produ\u00e7\u00f5es Audiovisuais\".","inLanguage":"pt-BR","potentialAction":[{"@type":"ReadAction","target":["https:\/\/www.manaus.am.gov.br\/semcom\/oficina-drone\/"]}]},{"@type":"ImageObject","inLanguage":"pt-BR","@id":"https:\/\/www.manaus.am.gov.br\/semcom\/oficina-drone\/#primaryimage","url":"https:\/\/www.manaus.am.gov.br\/semcom\/wp-content\/uploads\/sites\/5\/2024\/06\/Oficina-Drone-3.jpg","contentUrl":"https:\/\/www.manaus.am.gov.br\/semcom\/wp-content\/uploads\/sites\/5\/2024\/06\/Oficina-Drone-3.jpg","width":2657,"height":1918,"caption":"#paratodosverem - aluna recebe o certificado da capacita\u00e7\u00e3o"},{"@type":"WebSite","@id":"https:\/\/www.manaus.am.gov.br\/semcom\/#website","url":"https:\/\/www.manaus.am.gov.br\/semcom\/","name":"SEMCOM","description":"Secretaria Municipal de Comunica\u00e7\u00e3o","potentialAction":[{"@type":"SearchAction","target":{"@type":"EntryPoint","urlTemplate":"https:\/\/www.manaus.am.gov.br\/semcom\/?s={search_term_string}"},"query-input":"required name=search_term_string"}],"inLanguage":"pt-BR"},{"@type":"Person","@id":"https:\/\/www.manaus.am.gov.br\/semcom\/#\/schema\/person\/ab4dcf766a54dff74e8d267f5c591961","name":"smonteiro","image":{"@type":"ImageObject","inLanguage":"pt-BR","@id":"https:\/\/www.manaus.am.gov.br\/semcom\/#\/schema\/person\/image\/","url":"https:\/\/secure.gravatar.com\/avatar\/21c8776ef61d9272c73322052e042d77?s=96&d=mm&r=g","contentUrl":"https:\/\/secure.gravatar.com\/avatar\/21c8776ef61d9272c73322052e042d77?s=96&d=mm&r=g","caption":"smonteiro"}}]}},"_links":{"self":[{"href":"https:\/\/www.manaus.am.gov.br\/semcom\/wp-json\/wp\/v2\/posts\/230740"}],"collection":[{"href":"https:\/\/www.manaus.am.gov.br\/semcom\/wp-json\/wp\/v2\/posts"}],"about":[{"href":"https:\/\/www.manaus.am.gov.br\/semcom\/wp-json\/wp\/v2\/types\/post"}],"author":[{"embeddable":true,"href":"https:\/\/www.manaus.am.gov.br\/semcom\/wp-json\/wp\/v2\/users\/61"}],"replies":[{"embeddable":true,"href":"https:\/\/www.manaus.am.gov.br\/semcom\/wp-json\/wp\/v2\/comments?post=230740"}],"version-history":[{"count":0,"href":"https:\/\/www.manaus.am.gov.br\/semcom\/wp-json\/wp\/v2\/posts\/230740\/revisions"}],"wp:featuredmedia":[{"embeddable":true,"href":"https:\/\/www.manaus.am.gov.br\/semcom\/wp-json\/wp\/v2\/media\/230741"}],"wp:attachment":[{"href":"https:\/\/www.manaus.am.gov.br\/semcom\/wp-json\/wp\/v2\/media?parent=230740"}],"wp:term":[{"taxonomy":"category","embeddable":true,"href":"https:\/\/www.manaus.am.gov.br\/semcom\/wp-json\/wp\/v2\/categories?post=230740"},{"taxonomy":"post_tag","embeddable":true,"href":"https:\/\/www.manaus.am.gov.br\/semcom\/wp-json\/wp\/v2\/tags?post=230740"}],"curies":[{"name":"wp","href":"https:\/\/api.w.org\/{rel}","templated":true}]}}