{"id":230617,"date":"2024-06-21T11:15:07","date_gmt":"2024-06-21T14:15:07","guid":{"rendered":"https:\/\/www.manaus.am.gov.br\/semcom\/mais-de-14-mil-notificacoes-fiscalizacao-postura-obra\/"},"modified":"2024-06-21T11:15:11","modified_gmt":"2024-06-21T14:15:11","slug":"mais-de-14-mil-notificacoes-fiscalizacao-postura-obra","status":"publish","type":"post","link":"https:\/\/www.manaus.am.gov.br\/semcom\/mais-de-14-mil-notificacoes-fiscalizacao-postura-obra\/","title":{"rendered":"Prefeitura passa de 14 mil notifica\u00e7\u00f5es em fiscaliza\u00e7\u00e3o de postura e obra realizadas na cidade"},"content":{"rendered":"\n<p>Com uma m\u00e9dia de 143,6 fiscaliza\u00e7\u00f5es por m\u00eas este ano, de janeiro a maio, a Prefeitura de Manaus, por meio do Instituto Municipal de Planejamento Urbano (Implurb), soma 718 a\u00e7\u00f5es fiscais, uma alta de 44% comparando com o mesmo per\u00edodo do ano passado, quando foram realizadas 457 a\u00e7\u00f5es.<\/p>\n\n\n\n<p>De janeiro de 2021 a maio deste ano, a prefeitura ultrapassou a marca de 14 mil a\u00e7\u00f5es fiscais realizadas na cidade na gest\u00e3o do prefeito David Almeida, visando melhorar o controle urbano na capital, seja em obras ou posturas.<\/p>\n\n\n\n<p>No per\u00edodo, foram feitas 14.161 notifica\u00e7\u00f5es na Divis\u00e3o de Controle (Dicon), sendo a maioria por obras, totalizando 9.026 a\u00e7\u00f5es na Ger\u00eancia de Fiscaliza\u00e7\u00e3o de Obras (GFO). Aqui entram as den\u00fancias de obras irregulares, por exemplo, terraplenagem ilegal, entre outros. Outras 5.135 foram feitas na Ger\u00eancia de Fiscaliza\u00e7\u00e3o de Postura (GFP), como obstru\u00e7\u00e3o de cal\u00e7adas, depreda\u00e7\u00e3o de logradouro, fechamento irregular de via, invas\u00e3o de \u00e1rea p\u00fablica e outros.<\/p>\n\n\n\n<p>No m\u00eas de maio foram 154 a\u00e7\u00f5es realizadas, alta de 22% comparando o mesmo per\u00edodo de 2023: 126.<\/p>\n\n\n\n<p>Den\u00fancias sobre obras irregulares e afins s\u00e3o atendidas pelo n\u00famero do&nbsp;Disque&nbsp;Ordem, o (92) 3673-9305 ou o 161, de segunda a sexta-feira, das 8h \u00e0s 14h, exceto feriados e pontos facultativos e, por e-mail, para o&nbsp;<a href=\"mailto:disqueordem.implurb@manaus.am.gov.br\" target=\"_blank\" rel=\"noreferrer noopener\">disqueordem.implurb@manaus.am.gov.br<\/a>.<\/p>\n\n\n\n<p>As fiscaliza\u00e7\u00f5es s\u00e3o realizadas pelas ger\u00eancias da Dicon, por meio de den\u00fancias, demandas de \u00f3rg\u00e3os municipais e estaduais, e rota di\u00e1ria da equipe de fiscais nas ruas.<\/p>\n\n\n\n<p>\u201cA popula\u00e7\u00e3o \u00e9 parte fundamental no processo de combate \u00e0s irregularidades que prejudicam a todos. N\u00e3o se pode ocupar \u00e1reas p\u00fablicas e nem construir ou obstruir cal\u00e7adas e at\u00e9 mesmo as ruas, impedindo o livre ir e vir das pessoas, prejudicando a todos\u201d, destacou o vice-presidente do&nbsp;Implurb, arquiteto e urbanista Claudemir Andrade.<\/p>\n\n\n\n<p>&nbsp;&#8212; &#8212; &#8212;<\/p>\n\n\n\n<p><strong>Texto &#8211;&nbsp;<\/strong>Claudia do Valle\/Implurb<\/p>\n\n\n\n<p><strong>Foto <\/strong>\u2013 Arquivo\/Semcom<\/p>\n","protected":false},"excerpt":{"rendered":"","protected":false},"author":39,"featured_media":230618,"comment_status":"closed","ping_status":"closed","sticky":false,"template":"","format":"standard","meta":{"footnotes":""},"categories":[46],"tags":[12114,9409,12115,65,77],"acf":[],"yoast_head":"<!-- This site is optimized with the Yoast SEO plugin v23.0 - https:\/\/yoast.com\/wordpress\/plugins\/seo\/ -->\n<title>Passa de 14 mil notifica\u00e7\u00f5es em fiscaliza\u00e7\u00e3o de postura e obra<\/title>\n<meta name=\"description\" content=\"De janeiro de 2021 a maio deste ano, a prefeitura ultrapassou a marca de 14 mil a\u00e7\u00f5es fiscais realizadas na cidade.\" \/>\n<meta name=\"robots\" content=\"index, follow, max-snippet:-1, max-image-preview:large, max-video-preview:-1\" \/>\n<link rel=\"canonical\" href=\"https:\/\/www.manaus.am.gov.br\/semcom\/mais-de-14-mil-notificacoes-fiscalizacao-postura-obra\/\" \/>\n<meta property=\"og:locale\" content=\"pt_BR\" \/>\n<meta property=\"og:type\" content=\"article\" \/>\n<meta property=\"og:title\" content=\"Passa de 14 mil notifica\u00e7\u00f5es em fiscaliza\u00e7\u00e3o de postura e obra\" \/>\n<meta property=\"og:description\" content=\"De janeiro de 2021 a maio deste ano, a prefeitura ultrapassou a marca de 14 mil a\u00e7\u00f5es fiscais realizadas na cidade.\" \/>\n<meta property=\"og:url\" content=\"https:\/\/www.manaus.am.gov.br\/semcom\/mais-de-14-mil-notificacoes-fiscalizacao-postura-obra\/\" \/>\n<meta property=\"og:site_name\" content=\"SEMCOM\" \/>\n<meta property=\"article:published_time\" content=\"2024-06-21T14:15:07+00:00\" \/>\n<meta property=\"article:modified_time\" content=\"2024-06-21T14:15:11+00:00\" \/>\n<meta property=\"og:image\" content=\"https:\/\/www.manaus.am.gov.br\/semcom\/wp-content\/uploads\/sites\/5\/2024\/06\/obracentroantes.jpg\" \/>\n\t<meta property=\"og:image:width\" content=\"2048\" \/>\n\t<meta property=\"og:image:height\" content=\"1367\" \/>\n\t<meta property=\"og:image:type\" content=\"image\/jpeg\" \/>\n<meta name=\"author\" content=\"Bruna Greco\" \/>\n<meta name=\"twitter:card\" content=\"summary_large_image\" \/>\n<meta name=\"twitter:label1\" content=\"Written by\" \/>\n\t<meta name=\"twitter:data1\" content=\"Bruna Greco\" \/>\n\t<meta name=\"twitter:label2\" content=\"Est. reading time\" \/>\n\t<meta name=\"twitter:data2\" content=\"2 minutos\" \/>\n<script type=\"application\/ld+json\" class=\"yoast-schema-graph\">{\"@context\":\"https:\/\/schema.org\",\"@graph\":[{\"@type\":\"WebPage\",\"@id\":\"https:\/\/www.manaus.am.gov.br\/semcom\/mais-de-14-mil-notificacoes-fiscalizacao-postura-obra\/\",\"url\":\"https:\/\/www.manaus.am.gov.br\/semcom\/mais-de-14-mil-notificacoes-fiscalizacao-postura-obra\/\",\"name\":\"Passa de 14 mil notifica\u00e7\u00f5es em fiscaliza\u00e7\u00e3o de postura e obra\",\"isPartOf\":{\"@id\":\"https:\/\/www.manaus.am.gov.br\/semcom\/#website\"},\"primaryImageOfPage\":{\"@id\":\"https:\/\/www.manaus.am.gov.br\/semcom\/mais-de-14-mil-notificacoes-fiscalizacao-postura-obra\/#primaryimage\"},\"image\":{\"@id\":\"https:\/\/www.manaus.am.gov.br\/semcom\/mais-de-14-mil-notificacoes-fiscalizacao-postura-obra\/#primaryimage\"},\"thumbnailUrl\":\"https:\/\/www.manaus.am.gov.br\/semcom\/wp-content\/uploads\/sites\/5\/2024\/06\/obracentroantes.jpg\",\"datePublished\":\"2024-06-21T14:15:07+00:00\",\"dateModified\":\"2024-06-21T14:15:11+00:00\",\"author\":{\"@id\":\"https:\/\/www.manaus.am.gov.br\/semcom\/#\/schema\/person\/05d223aea2bf115f9883a6ff3683d81b\"},\"description\":\"De janeiro de 2021 a maio deste ano, a prefeitura ultrapassou a marca de 14 mil a\u00e7\u00f5es fiscais realizadas na cidade.\",\"inLanguage\":\"pt-BR\",\"potentialAction\":[{\"@type\":\"ReadAction\",\"target\":[\"https:\/\/www.manaus.am.gov.br\/semcom\/mais-de-14-mil-notificacoes-fiscalizacao-postura-obra\/\"]}]},{\"@type\":\"ImageObject\",\"inLanguage\":\"pt-BR\",\"@id\":\"https:\/\/www.manaus.am.gov.br\/semcom\/mais-de-14-mil-notificacoes-fiscalizacao-postura-obra\/#primaryimage\",\"url\":\"https:\/\/www.manaus.am.gov.br\/semcom\/wp-content\/uploads\/sites\/5\/2024\/06\/obracentroantes.jpg\",\"contentUrl\":\"https:\/\/www.manaus.am.gov.br\/semcom\/wp-content\/uploads\/sites\/5\/2024\/06\/obracentroantes.jpg\",\"width\":2048,\"height\":1367,\"caption\":\"#paratodosverem - Servidor do Implurb fiscalizando obra irregular\"},{\"@type\":\"WebSite\",\"@id\":\"https:\/\/www.manaus.am.gov.br\/semcom\/#website\",\"url\":\"https:\/\/www.manaus.am.gov.br\/semcom\/\",\"name\":\"SEMCOM\",\"description\":\"Secretaria Municipal de Comunica\u00e7\u00e3o\",\"potentialAction\":[{\"@type\":\"SearchAction\",\"target\":{\"@type\":\"EntryPoint\",\"urlTemplate\":\"https:\/\/www.manaus.am.gov.br\/semcom\/?s={search_term_string}\"},\"query-input\":\"required name=search_term_string\"}],\"inLanguage\":\"pt-BR\"},{\"@type\":\"Person\",\"@id\":\"https:\/\/www.manaus.am.gov.br\/semcom\/#\/schema\/person\/05d223aea2bf115f9883a6ff3683d81b\",\"name\":\"Bruna Greco\",\"image\":{\"@type\":\"ImageObject\",\"inLanguage\":\"pt-BR\",\"@id\":\"https:\/\/www.manaus.am.gov.br\/semcom\/#\/schema\/person\/image\/\",\"url\":\"https:\/\/secure.gravatar.com\/avatar\/9c877d1a6adc2a055330e5c09a8653ce?s=96&d=mm&r=g\",\"contentUrl\":\"https:\/\/secure.gravatar.com\/avatar\/9c877d1a6adc2a055330e5c09a8653ce?s=96&d=mm&r=g\",\"caption\":\"Bruna Greco\"}}]}<\/script>\n<!-- \/ Yoast SEO plugin. -->","yoast_head_json":{"title":"Passa de 14 mil notifica\u00e7\u00f5es em fiscaliza\u00e7\u00e3o de postura e obra","description":"De janeiro de 2021 a maio deste ano, a prefeitura ultrapassou a marca de 14 mil a\u00e7\u00f5es fiscais realizadas na cidade.","robots":{"index":"index","follow":"follow","max-snippet":"max-snippet:-1","max-image-preview":"max-image-preview:large","max-video-preview":"max-video-preview:-1"},"canonical":"https:\/\/www.manaus.am.gov.br\/semcom\/mais-de-14-mil-notificacoes-fiscalizacao-postura-obra\/","og_locale":"pt_BR","og_type":"article","og_title":"Passa de 14 mil notifica\u00e7\u00f5es em fiscaliza\u00e7\u00e3o de postura e obra","og_description":"De janeiro de 2021 a maio deste ano, a prefeitura ultrapassou a marca de 14 mil a\u00e7\u00f5es fiscais realizadas na cidade.","og_url":"https:\/\/www.manaus.am.gov.br\/semcom\/mais-de-14-mil-notificacoes-fiscalizacao-postura-obra\/","og_site_name":"SEMCOM","article_published_time":"2024-06-21T14:15:07+00:00","article_modified_time":"2024-06-21T14:15:11+00:00","og_image":[{"width":2048,"height":1367,"url":"https:\/\/www.manaus.am.gov.br\/semcom\/wp-content\/uploads\/sites\/5\/2024\/06\/obracentroantes.jpg","type":"image\/jpeg"}],"author":"Bruna Greco","twitter_card":"summary_large_image","twitter_misc":{"Written by":"Bruna Greco","Est. reading time":"2 minutos"},"schema":{"@context":"https:\/\/schema.org","@graph":[{"@type":"WebPage","@id":"https:\/\/www.manaus.am.gov.br\/semcom\/mais-de-14-mil-notificacoes-fiscalizacao-postura-obra\/","url":"https:\/\/www.manaus.am.gov.br\/semcom\/mais-de-14-mil-notificacoes-fiscalizacao-postura-obra\/","name":"Passa de 14 mil notifica\u00e7\u00f5es em fiscaliza\u00e7\u00e3o de postura e obra","isPartOf":{"@id":"https:\/\/www.manaus.am.gov.br\/semcom\/#website"},"primaryImageOfPage":{"@id":"https:\/\/www.manaus.am.gov.br\/semcom\/mais-de-14-mil-notificacoes-fiscalizacao-postura-obra\/#primaryimage"},"image":{"@id":"https:\/\/www.manaus.am.gov.br\/semcom\/mais-de-14-mil-notificacoes-fiscalizacao-postura-obra\/#primaryimage"},"thumbnailUrl":"https:\/\/www.manaus.am.gov.br\/semcom\/wp-content\/uploads\/sites\/5\/2024\/06\/obracentroantes.jpg","datePublished":"2024-06-21T14:15:07+00:00","dateModified":"2024-06-21T14:15:11+00:00","author":{"@id":"https:\/\/www.manaus.am.gov.br\/semcom\/#\/schema\/person\/05d223aea2bf115f9883a6ff3683d81b"},"description":"De janeiro de 2021 a maio deste ano, a prefeitura ultrapassou a marca de 14 mil a\u00e7\u00f5es fiscais realizadas na cidade.","inLanguage":"pt-BR","potentialAction":[{"@type":"ReadAction","target":["https:\/\/www.manaus.am.gov.br\/semcom\/mais-de-14-mil-notificacoes-fiscalizacao-postura-obra\/"]}]},{"@type":"ImageObject","inLanguage":"pt-BR","@id":"https:\/\/www.manaus.am.gov.br\/semcom\/mais-de-14-mil-notificacoes-fiscalizacao-postura-obra\/#primaryimage","url":"https:\/\/www.manaus.am.gov.br\/semcom\/wp-content\/uploads\/sites\/5\/2024\/06\/obracentroantes.jpg","contentUrl":"https:\/\/www.manaus.am.gov.br\/semcom\/wp-content\/uploads\/sites\/5\/2024\/06\/obracentroantes.jpg","width":2048,"height":1367,"caption":"#paratodosverem - Servidor do Implurb fiscalizando obra irregular"},{"@type":"WebSite","@id":"https:\/\/www.manaus.am.gov.br\/semcom\/#website","url":"https:\/\/www.manaus.am.gov.br\/semcom\/","name":"SEMCOM","description":"Secretaria Municipal de Comunica\u00e7\u00e3o","potentialAction":[{"@type":"SearchAction","target":{"@type":"EntryPoint","urlTemplate":"https:\/\/www.manaus.am.gov.br\/semcom\/?s={search_term_string}"},"query-input":"required name=search_term_string"}],"inLanguage":"pt-BR"},{"@type":"Person","@id":"https:\/\/www.manaus.am.gov.br\/semcom\/#\/schema\/person\/05d223aea2bf115f9883a6ff3683d81b","name":"Bruna Greco","image":{"@type":"ImageObject","inLanguage":"pt-BR","@id":"https:\/\/www.manaus.am.gov.br\/semcom\/#\/schema\/person\/image\/","url":"https:\/\/secure.gravatar.com\/avatar\/9c877d1a6adc2a055330e5c09a8653ce?s=96&d=mm&r=g","contentUrl":"https:\/\/secure.gravatar.com\/avatar\/9c877d1a6adc2a055330e5c09a8653ce?s=96&d=mm&r=g","caption":"Bruna Greco"}}]}},"_links":{"self":[{"href":"https:\/\/www.manaus.am.gov.br\/semcom\/wp-json\/wp\/v2\/posts\/230617"}],"collection":[{"href":"https:\/\/www.manaus.am.gov.br\/semcom\/wp-json\/wp\/v2\/posts"}],"about":[{"href":"https:\/\/www.manaus.am.gov.br\/semcom\/wp-json\/wp\/v2\/types\/post"}],"author":[{"embeddable":true,"href":"https:\/\/www.manaus.am.gov.br\/semcom\/wp-json\/wp\/v2\/users\/39"}],"replies":[{"embeddable":true,"href":"https:\/\/www.manaus.am.gov.br\/semcom\/wp-json\/wp\/v2\/comments?post=230617"}],"version-history":[{"count":0,"href":"https:\/\/www.manaus.am.gov.br\/semcom\/wp-json\/wp\/v2\/posts\/230617\/revisions"}],"wp:featuredmedia":[{"embeddable":true,"href":"https:\/\/www.manaus.am.gov.br\/semcom\/wp-json\/wp\/v2\/media\/230618"}],"wp:attachment":[{"href":"https:\/\/www.manaus.am.gov.br\/semcom\/wp-json\/wp\/v2\/media?parent=230617"}],"wp:term":[{"taxonomy":"category","embeddable":true,"href":"https:\/\/www.manaus.am.gov.br\/semcom\/wp-json\/wp\/v2\/categories?post=230617"},{"taxonomy":"post_tag","embeddable":true,"href":"https:\/\/www.manaus.am.gov.br\/semcom\/wp-json\/wp\/v2\/tags?post=230617"}],"curies":[{"name":"wp","href":"https:\/\/api.w.org\/{rel}","templated":true}]}}