{"id":230470,"date":"2024-06-18T10:51:38","date_gmt":"2024-06-18T13:51:38","guid":{"rendered":"https:\/\/www.manaus.am.gov.br\/semcom\/formacao-semed-apoio-escolar\/"},"modified":"2024-06-18T10:51:40","modified_gmt":"2024-06-18T13:51:40","slug":"formacao-semed-apoio-escolar","status":"publish","type":"post","link":"https:\/\/www.manaus.am.gov.br\/semcom\/formacao-semed-apoio-escolar\/","title":{"rendered":"Prefeitura de Manaus realiza forma\u00e7\u00e3o voltada para profissionais do apoio escolar"},"content":{"rendered":"\n<p>A Prefeitura de Manaus, por meio da Secretaria Municipal de Educa\u00e7\u00e3o (Semed), iniciou, nesta segunda-feira, 17\/6, a forma\u00e7\u00e3o de aproximadamente 300 apoios escolares que atuar\u00e3o na rede municipal de ensino. At\u00e9 quarta-feira, 19\/6, os profissionais receber\u00e3o a capacita\u00e7\u00e3o com carga hor\u00e1ria de 8 horas.<\/p>\n\n\n\n<p>O objetivo da forma\u00e7\u00e3o \u00e9 ampliar o atendimento e o compromisso com os estudantes da educa\u00e7\u00e3o especial, a partir da pr\u00e1tica pedag\u00f3gica e do desenvolvimento das compet\u00eancias com o apoio escolar na rede municipal de ensino. Nessa atividade, ser\u00e3o abordados assuntos da qualifica\u00e7\u00e3o profissional, aportes te\u00f3ricos, pr\u00e1ticos e de legisla\u00e7\u00e3o, na \u00e1rea da presta\u00e7\u00e3o de servi\u00e7os, de forma ampla e de modo singular, para que se apropriem do contexto escolar.<\/p>\n\n\n\n<p>Para a nova&nbsp;apoiadora escolar Adriana Pires,&nbsp;a forma\u00e7\u00e3o \u00e9 importante,&nbsp;porque impacta diretamente na qualidade do trabalho que ser\u00e1 desenvolvido pelos novos profissionais dentro da sala de aula.<\/p>\n\n\n\n<p>\u201cAs minhas expectativas s\u00e3o as melhores poss\u00edveis, al\u00e9m de estarmos participando desse processo, iremos poder ajudar muitas crian\u00e7as no seu desempenho escolar. Al\u00e9m disso, essa forma\u00e7\u00e3o \u00e9 v\u00e1lida, para que possamos compreender como funcionam as atividades,&nbsp;as leis e o cotidiano escolar&nbsp;das nossas crian\u00e7as com defici\u00eancia intelectual\u201d, disse Adriana.<\/p>\n\n\n\n<p>Conforme a recomenda\u00e7\u00e3o dos especialistas, os estudantes recebem a aten\u00e7\u00e3o dos apoiadores escolares de forma compartilhada ou exclusiva, para que ocorra o desenvolvimento das capacidades cognitivas no processo de ensino-aprendizagem das crian\u00e7as e estudantes.&nbsp;<\/p>\n\n\n\n<p>Na oportunidade, a chefe da Divis\u00e3o de Desenvolvimento Profissional do Magist\u00e9rio (DDPM), Inez Alc\u00e2ntara, destacou que, durante as atividades de forma\u00e7\u00e3o, os profissionais recebem todo conhecimento para assegurar um bom desempenho dos alunos com defici\u00eancia f\u00edsica em suas atividades escolares.<\/p>\n\n\n\n<p>\u201cEsse evento \u00e9 mais que especial, \u00e9 um momento hist\u00f3rico para a educa\u00e7\u00e3o do nosso munic\u00edpio. A forma\u00e7\u00e3o com os apoios escolares \u00e9 necess\u00e1ria para que consigam atuar nas atividades com as crian\u00e7as at\u00edpicas. A a\u00e7\u00e3o \u00e9 proativa, porque tem uma gest\u00e3o com um olhar diferenciado para as quest\u00f5es relacionadas \u00e0s crian\u00e7as at\u00edpicas e t\u00edpicas\u201d, mencionou Inez.<\/p>\n\n\n\n<p>A representante do grupo formativo da DDPM, Gl\u00f3ria Cristina, frisou que, nesse primeiro momento, os novos profissionais s\u00e3o acolhidos pela Semed para que recebam, de forma geral, todos os conte\u00fados.<\/p>\n\n\n\n<p>\u201cNessa forma\u00e7\u00e3o, estamos levando conte\u00fado dentro de um aspecto geral, falando um pouco sobre todas as defici\u00eancias, apresentando alguns artigos, leis que ir\u00e3o fundamentar o acesso das crian\u00e7as e estudantes que est\u00e3o no ambiente escolar\u201d, disse Gl\u00f3ria.<\/p>\n\n\n\n<p>&#8212; &#8212; &#8212;<\/p>\n\n\n\n<p><strong>Texto<\/strong>&nbsp;&#8211; Thalia Rodrigues \/Semed<\/p>\n\n\n\n<p><strong>Fotos<\/strong>&nbsp;&#8211; M\u00e1rio Oliveira\/ Semed<\/p>\n\n\n\n<p><strong>Dispon\u00edveis em<\/strong>&nbsp;&#8211;&nbsp;<a href=\"https:\/\/flic.kr\/s\/aHBqjBvEqM\" target=\"_blank\" rel=\"noreferrer noopener\">https:\/\/flic.kr\/s\/aHBqjBvEqM<\/a><\/p>\n","protected":false},"excerpt":{"rendered":"","protected":false},"author":23,"featured_media":230471,"comment_status":"closed","ping_status":"closed","sticky":false,"template":"","format":"standard","meta":{"footnotes":""},"categories":[1625],"tags":[12021,1671,2350,77,62],"acf":[],"yoast_head":"<!-- This site is optimized with the Yoast SEO plugin v23.0 - https:\/\/yoast.com\/wordpress\/plugins\/seo\/ -->\n<title>Prefeitura de Manaus realiza forma\u00e7\u00e3o voltada para profissionais do apoio escolar<\/title>\n<meta name=\"description\" content=\"A Prefeitura de Manaus, por meio da Secretaria Municipal de Educa\u00e7\u00e3o (Semed), iniciou, nesta segunda-feira, 17\/6, a forma\u00e7\u00e3o de aproximadamente 300 apoios escolares que atuar\u00e3o na rede municipal de ensino. At\u00e9 quarta-feira, 19\/6, os profissionais receber\u00e3o a capacita\u00e7\u00e3o com carga hor\u00e1ria de 8 horas.\" \/>\n<meta name=\"robots\" content=\"index, follow, max-snippet:-1, max-image-preview:large, max-video-preview:-1\" \/>\n<link rel=\"canonical\" href=\"https:\/\/www.manaus.am.gov.br\/semcom\/formacao-semed-apoio-escolar\/\" \/>\n<meta property=\"og:locale\" content=\"pt_BR\" \/>\n<meta property=\"og:type\" content=\"article\" \/>\n<meta property=\"og:title\" content=\"Prefeitura de Manaus realiza forma\u00e7\u00e3o voltada para profissionais do apoio escolar\" \/>\n<meta property=\"og:description\" content=\"A Prefeitura de Manaus, por meio da Secretaria Municipal de Educa\u00e7\u00e3o (Semed), iniciou, nesta segunda-feira, 17\/6, a forma\u00e7\u00e3o de aproximadamente 300 apoios escolares que atuar\u00e3o na rede municipal de ensino. At\u00e9 quarta-feira, 19\/6, os profissionais receber\u00e3o a capacita\u00e7\u00e3o com carga hor\u00e1ria de 8 horas.\" \/>\n<meta property=\"og:url\" content=\"https:\/\/www.manaus.am.gov.br\/semcom\/formacao-semed-apoio-escolar\/\" \/>\n<meta property=\"og:site_name\" content=\"SEMCOM\" \/>\n<meta property=\"article:published_time\" content=\"2024-06-18T13:51:38+00:00\" \/>\n<meta property=\"article:modified_time\" content=\"2024-06-18T13:51:40+00:00\" \/>\n<meta property=\"og:image\" content=\"https:\/\/www.manaus.am.gov.br\/semcom\/wp-content\/uploads\/sites\/5\/2024\/06\/53799750898_1a8ea7baaa_c.jpg\" \/>\n\t<meta property=\"og:image:width\" content=\"799\" \/>\n\t<meta property=\"og:image:height\" content=\"533\" \/>\n\t<meta property=\"og:image:type\" content=\"image\/jpeg\" \/>\n<meta name=\"author\" content=\"Adriana Costa\" \/>\n<meta name=\"twitter:card\" content=\"summary_large_image\" \/>\n<meta name=\"twitter:label1\" content=\"Written by\" \/>\n\t<meta name=\"twitter:data1\" content=\"Adriana Costa\" \/>\n\t<meta name=\"twitter:label2\" content=\"Est. reading time\" \/>\n\t<meta name=\"twitter:data2\" content=\"3 minutos\" \/>\n<script type=\"application\/ld+json\" class=\"yoast-schema-graph\">{\"@context\":\"https:\/\/schema.org\",\"@graph\":[{\"@type\":\"WebPage\",\"@id\":\"https:\/\/www.manaus.am.gov.br\/semcom\/formacao-semed-apoio-escolar\/\",\"url\":\"https:\/\/www.manaus.am.gov.br\/semcom\/formacao-semed-apoio-escolar\/\",\"name\":\"Prefeitura de Manaus realiza forma\u00e7\u00e3o voltada para profissionais do apoio escolar\",\"isPartOf\":{\"@id\":\"https:\/\/www.manaus.am.gov.br\/semcom\/#website\"},\"primaryImageOfPage\":{\"@id\":\"https:\/\/www.manaus.am.gov.br\/semcom\/formacao-semed-apoio-escolar\/#primaryimage\"},\"image\":{\"@id\":\"https:\/\/www.manaus.am.gov.br\/semcom\/formacao-semed-apoio-escolar\/#primaryimage\"},\"thumbnailUrl\":\"https:\/\/www.manaus.am.gov.br\/semcom\/wp-content\/uploads\/sites\/5\/2024\/06\/53799750898_1a8ea7baaa_c.jpg\",\"datePublished\":\"2024-06-18T13:51:38+00:00\",\"dateModified\":\"2024-06-18T13:51:40+00:00\",\"author\":{\"@id\":\"https:\/\/www.manaus.am.gov.br\/semcom\/#\/schema\/person\/4e49f4e267757a06ca072ec61b2b9968\"},\"description\":\"A Prefeitura de Manaus, por meio da Secretaria Municipal de Educa\u00e7\u00e3o (Semed), iniciou, nesta segunda-feira, 17\/6, a forma\u00e7\u00e3o de aproximadamente 300 apoios escolares que atuar\u00e3o na rede municipal de ensino. At\u00e9 quarta-feira, 19\/6, os profissionais receber\u00e3o a capacita\u00e7\u00e3o com carga hor\u00e1ria de 8 horas.\",\"inLanguage\":\"pt-BR\",\"potentialAction\":[{\"@type\":\"ReadAction\",\"target\":[\"https:\/\/www.manaus.am.gov.br\/semcom\/formacao-semed-apoio-escolar\/\"]}]},{\"@type\":\"ImageObject\",\"inLanguage\":\"pt-BR\",\"@id\":\"https:\/\/www.manaus.am.gov.br\/semcom\/formacao-semed-apoio-escolar\/#primaryimage\",\"url\":\"https:\/\/www.manaus.am.gov.br\/semcom\/wp-content\/uploads\/sites\/5\/2024\/06\/53799750898_1a8ea7baaa_c.jpg\",\"contentUrl\":\"https:\/\/www.manaus.am.gov.br\/semcom\/wp-content\/uploads\/sites\/5\/2024\/06\/53799750898_1a8ea7baaa_c.jpg\",\"width\":799,\"height\":533},{\"@type\":\"WebSite\",\"@id\":\"https:\/\/www.manaus.am.gov.br\/semcom\/#website\",\"url\":\"https:\/\/www.manaus.am.gov.br\/semcom\/\",\"name\":\"SEMCOM\",\"description\":\"Secretaria Municipal de Comunica\u00e7\u00e3o\",\"potentialAction\":[{\"@type\":\"SearchAction\",\"target\":{\"@type\":\"EntryPoint\",\"urlTemplate\":\"https:\/\/www.manaus.am.gov.br\/semcom\/?s={search_term_string}\"},\"query-input\":\"required name=search_term_string\"}],\"inLanguage\":\"pt-BR\"},{\"@type\":\"Person\",\"@id\":\"https:\/\/www.manaus.am.gov.br\/semcom\/#\/schema\/person\/4e49f4e267757a06ca072ec61b2b9968\",\"name\":\"Adriana Costa\",\"image\":{\"@type\":\"ImageObject\",\"inLanguage\":\"pt-BR\",\"@id\":\"https:\/\/www.manaus.am.gov.br\/semcom\/#\/schema\/person\/image\/\",\"url\":\"https:\/\/secure.gravatar.com\/avatar\/576258617ef7194f718179e766d57bd4?s=96&d=mm&r=g\",\"contentUrl\":\"https:\/\/secure.gravatar.com\/avatar\/576258617ef7194f718179e766d57bd4?s=96&d=mm&r=g\",\"caption\":\"Adriana Costa\"}}]}<\/script>\n<!-- \/ Yoast SEO plugin. -->","yoast_head_json":{"title":"Prefeitura de Manaus realiza forma\u00e7\u00e3o voltada para profissionais do apoio escolar","description":"A Prefeitura de Manaus, por meio da Secretaria Municipal de Educa\u00e7\u00e3o (Semed), iniciou, nesta segunda-feira, 17\/6, a forma\u00e7\u00e3o de aproximadamente 300 apoios escolares que atuar\u00e3o na rede municipal de ensino. At\u00e9 quarta-feira, 19\/6, os profissionais receber\u00e3o a capacita\u00e7\u00e3o com carga hor\u00e1ria de 8 horas.","robots":{"index":"index","follow":"follow","max-snippet":"max-snippet:-1","max-image-preview":"max-image-preview:large","max-video-preview":"max-video-preview:-1"},"canonical":"https:\/\/www.manaus.am.gov.br\/semcom\/formacao-semed-apoio-escolar\/","og_locale":"pt_BR","og_type":"article","og_title":"Prefeitura de Manaus realiza forma\u00e7\u00e3o voltada para profissionais do apoio escolar","og_description":"A Prefeitura de Manaus, por meio da Secretaria Municipal de Educa\u00e7\u00e3o (Semed), iniciou, nesta segunda-feira, 17\/6, a forma\u00e7\u00e3o de aproximadamente 300 apoios escolares que atuar\u00e3o na rede municipal de ensino. At\u00e9 quarta-feira, 19\/6, os profissionais receber\u00e3o a capacita\u00e7\u00e3o com carga hor\u00e1ria de 8 horas.","og_url":"https:\/\/www.manaus.am.gov.br\/semcom\/formacao-semed-apoio-escolar\/","og_site_name":"SEMCOM","article_published_time":"2024-06-18T13:51:38+00:00","article_modified_time":"2024-06-18T13:51:40+00:00","og_image":[{"width":799,"height":533,"url":"https:\/\/www.manaus.am.gov.br\/semcom\/wp-content\/uploads\/sites\/5\/2024\/06\/53799750898_1a8ea7baaa_c.jpg","type":"image\/jpeg"}],"author":"Adriana Costa","twitter_card":"summary_large_image","twitter_misc":{"Written by":"Adriana Costa","Est. reading time":"3 minutos"},"schema":{"@context":"https:\/\/schema.org","@graph":[{"@type":"WebPage","@id":"https:\/\/www.manaus.am.gov.br\/semcom\/formacao-semed-apoio-escolar\/","url":"https:\/\/www.manaus.am.gov.br\/semcom\/formacao-semed-apoio-escolar\/","name":"Prefeitura de Manaus realiza forma\u00e7\u00e3o voltada para profissionais do apoio escolar","isPartOf":{"@id":"https:\/\/www.manaus.am.gov.br\/semcom\/#website"},"primaryImageOfPage":{"@id":"https:\/\/www.manaus.am.gov.br\/semcom\/formacao-semed-apoio-escolar\/#primaryimage"},"image":{"@id":"https:\/\/www.manaus.am.gov.br\/semcom\/formacao-semed-apoio-escolar\/#primaryimage"},"thumbnailUrl":"https:\/\/www.manaus.am.gov.br\/semcom\/wp-content\/uploads\/sites\/5\/2024\/06\/53799750898_1a8ea7baaa_c.jpg","datePublished":"2024-06-18T13:51:38+00:00","dateModified":"2024-06-18T13:51:40+00:00","author":{"@id":"https:\/\/www.manaus.am.gov.br\/semcom\/#\/schema\/person\/4e49f4e267757a06ca072ec61b2b9968"},"description":"A Prefeitura de Manaus, por meio da Secretaria Municipal de Educa\u00e7\u00e3o (Semed), iniciou, nesta segunda-feira, 17\/6, a forma\u00e7\u00e3o de aproximadamente 300 apoios escolares que atuar\u00e3o na rede municipal de ensino. At\u00e9 quarta-feira, 19\/6, os profissionais receber\u00e3o a capacita\u00e7\u00e3o com carga hor\u00e1ria de 8 horas.","inLanguage":"pt-BR","potentialAction":[{"@type":"ReadAction","target":["https:\/\/www.manaus.am.gov.br\/semcom\/formacao-semed-apoio-escolar\/"]}]},{"@type":"ImageObject","inLanguage":"pt-BR","@id":"https:\/\/www.manaus.am.gov.br\/semcom\/formacao-semed-apoio-escolar\/#primaryimage","url":"https:\/\/www.manaus.am.gov.br\/semcom\/wp-content\/uploads\/sites\/5\/2024\/06\/53799750898_1a8ea7baaa_c.jpg","contentUrl":"https:\/\/www.manaus.am.gov.br\/semcom\/wp-content\/uploads\/sites\/5\/2024\/06\/53799750898_1a8ea7baaa_c.jpg","width":799,"height":533},{"@type":"WebSite","@id":"https:\/\/www.manaus.am.gov.br\/semcom\/#website","url":"https:\/\/www.manaus.am.gov.br\/semcom\/","name":"SEMCOM","description":"Secretaria Municipal de Comunica\u00e7\u00e3o","potentialAction":[{"@type":"SearchAction","target":{"@type":"EntryPoint","urlTemplate":"https:\/\/www.manaus.am.gov.br\/semcom\/?s={search_term_string}"},"query-input":"required name=search_term_string"}],"inLanguage":"pt-BR"},{"@type":"Person","@id":"https:\/\/www.manaus.am.gov.br\/semcom\/#\/schema\/person\/4e49f4e267757a06ca072ec61b2b9968","name":"Adriana Costa","image":{"@type":"ImageObject","inLanguage":"pt-BR","@id":"https:\/\/www.manaus.am.gov.br\/semcom\/#\/schema\/person\/image\/","url":"https:\/\/secure.gravatar.com\/avatar\/576258617ef7194f718179e766d57bd4?s=96&d=mm&r=g","contentUrl":"https:\/\/secure.gravatar.com\/avatar\/576258617ef7194f718179e766d57bd4?s=96&d=mm&r=g","caption":"Adriana Costa"}}]}},"_links":{"self":[{"href":"https:\/\/www.manaus.am.gov.br\/semcom\/wp-json\/wp\/v2\/posts\/230470"}],"collection":[{"href":"https:\/\/www.manaus.am.gov.br\/semcom\/wp-json\/wp\/v2\/posts"}],"about":[{"href":"https:\/\/www.manaus.am.gov.br\/semcom\/wp-json\/wp\/v2\/types\/post"}],"author":[{"embeddable":true,"href":"https:\/\/www.manaus.am.gov.br\/semcom\/wp-json\/wp\/v2\/users\/23"}],"replies":[{"embeddable":true,"href":"https:\/\/www.manaus.am.gov.br\/semcom\/wp-json\/wp\/v2\/comments?post=230470"}],"version-history":[{"count":0,"href":"https:\/\/www.manaus.am.gov.br\/semcom\/wp-json\/wp\/v2\/posts\/230470\/revisions"}],"wp:featuredmedia":[{"embeddable":true,"href":"https:\/\/www.manaus.am.gov.br\/semcom\/wp-json\/wp\/v2\/media\/230471"}],"wp:attachment":[{"href":"https:\/\/www.manaus.am.gov.br\/semcom\/wp-json\/wp\/v2\/media?parent=230470"}],"wp:term":[{"taxonomy":"category","embeddable":true,"href":"https:\/\/www.manaus.am.gov.br\/semcom\/wp-json\/wp\/v2\/categories?post=230470"},{"taxonomy":"post_tag","embeddable":true,"href":"https:\/\/www.manaus.am.gov.br\/semcom\/wp-json\/wp\/v2\/tags?post=230470"}],"curies":[{"name":"wp","href":"https:\/\/api.w.org\/{rel}","templated":true}]}}