{"id":230415,"date":"2024-06-15T12:40:29","date_gmt":"2024-06-15T15:40:29","guid":{"rendered":"https:\/\/www.manaus.am.gov.br\/semcom\/prato-povo\/"},"modified":"2024-06-15T12:40:30","modified_gmt":"2024-06-15T15:40:30","slug":"prato-povo","status":"publish","type":"post","link":"https:\/\/www.manaus.am.gov.br\/semcom\/prato-povo\/","title":{"rendered":"Prato do Povo Viver Melhor passar\u00e1 por obras de adequa\u00e7\u00e3o e ser\u00e1 reinaugurado na quinta-feira, servindo mil refei\u00e7\u00f5es por dia"},"content":{"rendered":"\n<p>A Prefeitura de Manaus, por meio da Secretaria Municipal da Mulher, Assist\u00eancia Social e Cidadania (Semasc), informa que a unidade do Prato do Povo Viver Melhor ficar\u00e1 fechada nos dias 17, 18 e 19 de junho (segunda, ter\u00e7a e quarta-feira) para a realiza\u00e7\u00e3o de obras de adequa\u00e7\u00e3o. A iniciativa visa melhorar as instala\u00e7\u00f5es e ampliar a capacidade de atendimento \u00e0 popula\u00e7\u00e3o.<\/p>\n\n\n\n<p>A reinaugura\u00e7\u00e3o do espa\u00e7o est\u00e1 marcada para a pr\u00f3xima quinta-feira, 20 de junho, quando o Prato do Povo Viver Melhor voltar\u00e1 a funcionar com uma grande novidade: a partir desta data, ser\u00e3o servidas mil refei\u00e7\u00f5es gratuitas diariamente. Atualmente, a unidade oferece 400 refei\u00e7\u00f5es por dia ao custo de R$ 1 cada.<\/p>\n\n\n\n<p>A amplia\u00e7\u00e3o do servi\u00e7o faz parte do compromisso do Executivo municipal em promover a seguran\u00e7a alimentar e nutricional da popula\u00e7\u00e3o em situa\u00e7\u00e3o de vulnerabilidade social. \u201cCom as obras de adequa\u00e7\u00e3o, poderemos atender um n\u00famero maior de pessoas, oferecendo uma alimenta\u00e7\u00e3o de qualidade e contribuindo para a melhoria das condi\u00e7\u00f5es de vida dos cidad\u00e3os manauaras\u201d, afirma a secret\u00e1ria da Semasc, Dermi Rayol.<\/p>\n\n\n\n<p>Atualmente, Manaus conta com sete unidades Prato do Povo que, juntas, distribuem 132 mil refei\u00e7\u00f5es gratuitas por m\u00eas. Com a reinaugura\u00e7\u00e3o da unidade Viver Melhor, esse n\u00famero passar\u00e1 para 154 mil refei\u00e7\u00f5es mensais, consolidando o compromisso da administra\u00e7\u00e3o municipal em combater a inseguran\u00e7a alimentar e proporcionar dignidade \u00e0s fam\u00edlias em situa\u00e7\u00e3o de vulnerabilidade.<\/p>\n\n\n\n<p>A Semasc refor\u00e7a que, mesmo com o fechamento tempor\u00e1rio da unidade Viver Melhor, os demais equipamentos continuar\u00e3o funcionando normalmente para atender a popula\u00e7\u00e3o. Al\u00e9m dos Pratos do Povo, a cidade tem tamb\u00e9m seis Cozinhas Comunit\u00e1rias e dois Restaurantes Populares,&nbsp;totalizando 15 espa\u00e7os p\u00fablicos de seguran\u00e7a alimentar e nutricional.<\/p>\n\n\n\n<p>&#8212; &#8212; &#8212;<\/p>\n\n\n\n<p><strong>Texto<\/strong> &#8211; Leonardo Fierro \/ Semasc<\/p>\n\n\n\n<p><strong>Fotos<\/strong> &#8211; Arquivo \/ Semcom<\/p>\n\n\n\n<p><strong>Dispon\u00edveis em<\/strong> &#8211; <a href=\"https:\/\/www.flickr.com\/photos\/prefeiturademanaus\/albums\/72157720019236769\/with\/51593044970\/\">https:\/\/www.flickr.com\/photos\/prefeiturademanaus\/albums\/72157720019236769\/with\/51593044970\/<\/a><\/p>\n","protected":false},"excerpt":{"rendered":"","protected":false},"author":61,"featured_media":230416,"comment_status":"closed","ping_status":"closed","sticky":false,"template":"","format":"standard","meta":{"footnotes":""},"categories":[1291],"tags":[12043,8396,12044,77,153],"acf":[],"yoast_head":"<!-- This site is optimized with the Yoast SEO plugin v23.0 - https:\/\/yoast.com\/wordpress\/plugins\/seo\/ -->\n<title>Prato do Povo Viver Melhor passar\u00e1 por obras de adequa\u00e7\u00e3o<\/title>\n<meta name=\"description\" content=\"A Prefeitura de Manaus, por meio da Semasc, informa que a unidade do Prato do Povo Viver Melhor ficar\u00e1 fechada de 17 a 19 de junho para obras de adequa\u00e7\u00e3o.\" \/>\n<meta name=\"robots\" content=\"index, follow, max-snippet:-1, max-image-preview:large, max-video-preview:-1\" \/>\n<link rel=\"canonical\" href=\"https:\/\/www.manaus.am.gov.br\/semcom\/prato-povo\/\" \/>\n<meta property=\"og:locale\" content=\"pt_BR\" \/>\n<meta property=\"og:type\" content=\"article\" \/>\n<meta property=\"og:title\" content=\"Prato do Povo Viver Melhor passar\u00e1 por obras de adequa\u00e7\u00e3o\" \/>\n<meta property=\"og:description\" content=\"A Prefeitura de Manaus, por meio da Semasc, informa que a unidade do Prato do Povo Viver Melhor ficar\u00e1 fechada de 17 a 19 de junho para obras de adequa\u00e7\u00e3o.\" \/>\n<meta property=\"og:url\" content=\"https:\/\/www.manaus.am.gov.br\/semcom\/prato-povo\/\" \/>\n<meta property=\"og:site_name\" content=\"SEMCOM\" \/>\n<meta property=\"article:published_time\" content=\"2024-06-15T15:40:29+00:00\" \/>\n<meta property=\"article:modified_time\" content=\"2024-06-15T15:40:30+00:00\" \/>\n<meta property=\"og:image\" content=\"https:\/\/www.manaus.am.gov.br\/semcom\/wp-content\/uploads\/sites\/5\/2024\/06\/Prato-do-Povo-Viver-Melhor-3.jpg\" \/>\n\t<meta property=\"og:image:width\" content=\"799\" \/>\n\t<meta property=\"og:image:height\" content=\"533\" \/>\n\t<meta property=\"og:image:type\" content=\"image\/jpeg\" \/>\n<meta name=\"author\" content=\"smonteiro\" \/>\n<meta name=\"twitter:card\" content=\"summary_large_image\" \/>\n<meta name=\"twitter:label1\" content=\"Written by\" \/>\n\t<meta name=\"twitter:data1\" content=\"smonteiro\" \/>\n\t<meta name=\"twitter:label2\" content=\"Est. reading time\" \/>\n\t<meta name=\"twitter:data2\" content=\"2 minutos\" \/>\n<script type=\"application\/ld+json\" class=\"yoast-schema-graph\">{\"@context\":\"https:\/\/schema.org\",\"@graph\":[{\"@type\":\"WebPage\",\"@id\":\"https:\/\/www.manaus.am.gov.br\/semcom\/prato-povo\/\",\"url\":\"https:\/\/www.manaus.am.gov.br\/semcom\/prato-povo\/\",\"name\":\"Prato do Povo Viver Melhor passar\u00e1 por obras de adequa\u00e7\u00e3o\",\"isPartOf\":{\"@id\":\"https:\/\/www.manaus.am.gov.br\/semcom\/#website\"},\"primaryImageOfPage\":{\"@id\":\"https:\/\/www.manaus.am.gov.br\/semcom\/prato-povo\/#primaryimage\"},\"image\":{\"@id\":\"https:\/\/www.manaus.am.gov.br\/semcom\/prato-povo\/#primaryimage\"},\"thumbnailUrl\":\"https:\/\/www.manaus.am.gov.br\/semcom\/wp-content\/uploads\/sites\/5\/2024\/06\/Prato-do-Povo-Viver-Melhor-3.jpg\",\"datePublished\":\"2024-06-15T15:40:29+00:00\",\"dateModified\":\"2024-06-15T15:40:30+00:00\",\"author\":{\"@id\":\"https:\/\/www.manaus.am.gov.br\/semcom\/#\/schema\/person\/ab4dcf766a54dff74e8d267f5c591961\"},\"description\":\"A Prefeitura de Manaus, por meio da Semasc, informa que a unidade do Prato do Povo Viver Melhor ficar\u00e1 fechada de 17 a 19 de junho para obras de adequa\u00e7\u00e3o.\",\"inLanguage\":\"pt-BR\",\"potentialAction\":[{\"@type\":\"ReadAction\",\"target\":[\"https:\/\/www.manaus.am.gov.br\/semcom\/prato-povo\/\"]}]},{\"@type\":\"ImageObject\",\"inLanguage\":\"pt-BR\",\"@id\":\"https:\/\/www.manaus.am.gov.br\/semcom\/prato-povo\/#primaryimage\",\"url\":\"https:\/\/www.manaus.am.gov.br\/semcom\/wp-content\/uploads\/sites\/5\/2024\/06\/Prato-do-Povo-Viver-Melhor-3.jpg\",\"contentUrl\":\"https:\/\/www.manaus.am.gov.br\/semcom\/wp-content\/uploads\/sites\/5\/2024\/06\/Prato-do-Povo-Viver-Melhor-3.jpg\",\"width\":799,\"height\":533,\"caption\":\"#paratodosverem - imagem de uma fam\u00edlia almo\u00e7ando no Prato do Povo do Viver Melhor\"},{\"@type\":\"WebSite\",\"@id\":\"https:\/\/www.manaus.am.gov.br\/semcom\/#website\",\"url\":\"https:\/\/www.manaus.am.gov.br\/semcom\/\",\"name\":\"SEMCOM\",\"description\":\"Secretaria Municipal de Comunica\u00e7\u00e3o\",\"potentialAction\":[{\"@type\":\"SearchAction\",\"target\":{\"@type\":\"EntryPoint\",\"urlTemplate\":\"https:\/\/www.manaus.am.gov.br\/semcom\/?s={search_term_string}\"},\"query-input\":\"required name=search_term_string\"}],\"inLanguage\":\"pt-BR\"},{\"@type\":\"Person\",\"@id\":\"https:\/\/www.manaus.am.gov.br\/semcom\/#\/schema\/person\/ab4dcf766a54dff74e8d267f5c591961\",\"name\":\"smonteiro\",\"image\":{\"@type\":\"ImageObject\",\"inLanguage\":\"pt-BR\",\"@id\":\"https:\/\/www.manaus.am.gov.br\/semcom\/#\/schema\/person\/image\/\",\"url\":\"https:\/\/secure.gravatar.com\/avatar\/21c8776ef61d9272c73322052e042d77?s=96&d=mm&r=g\",\"contentUrl\":\"https:\/\/secure.gravatar.com\/avatar\/21c8776ef61d9272c73322052e042d77?s=96&d=mm&r=g\",\"caption\":\"smonteiro\"}}]}<\/script>\n<!-- \/ Yoast SEO plugin. -->","yoast_head_json":{"title":"Prato do Povo Viver Melhor passar\u00e1 por obras de adequa\u00e7\u00e3o","description":"A Prefeitura de Manaus, por meio da Semasc, informa que a unidade do Prato do Povo Viver Melhor ficar\u00e1 fechada de 17 a 19 de junho para obras de adequa\u00e7\u00e3o.","robots":{"index":"index","follow":"follow","max-snippet":"max-snippet:-1","max-image-preview":"max-image-preview:large","max-video-preview":"max-video-preview:-1"},"canonical":"https:\/\/www.manaus.am.gov.br\/semcom\/prato-povo\/","og_locale":"pt_BR","og_type":"article","og_title":"Prato do Povo Viver Melhor passar\u00e1 por obras de adequa\u00e7\u00e3o","og_description":"A Prefeitura de Manaus, por meio da Semasc, informa que a unidade do Prato do Povo Viver Melhor ficar\u00e1 fechada de 17 a 19 de junho para obras de adequa\u00e7\u00e3o.","og_url":"https:\/\/www.manaus.am.gov.br\/semcom\/prato-povo\/","og_site_name":"SEMCOM","article_published_time":"2024-06-15T15:40:29+00:00","article_modified_time":"2024-06-15T15:40:30+00:00","og_image":[{"width":799,"height":533,"url":"https:\/\/www.manaus.am.gov.br\/semcom\/wp-content\/uploads\/sites\/5\/2024\/06\/Prato-do-Povo-Viver-Melhor-3.jpg","type":"image\/jpeg"}],"author":"smonteiro","twitter_card":"summary_large_image","twitter_misc":{"Written by":"smonteiro","Est. reading time":"2 minutos"},"schema":{"@context":"https:\/\/schema.org","@graph":[{"@type":"WebPage","@id":"https:\/\/www.manaus.am.gov.br\/semcom\/prato-povo\/","url":"https:\/\/www.manaus.am.gov.br\/semcom\/prato-povo\/","name":"Prato do Povo Viver Melhor passar\u00e1 por obras de adequa\u00e7\u00e3o","isPartOf":{"@id":"https:\/\/www.manaus.am.gov.br\/semcom\/#website"},"primaryImageOfPage":{"@id":"https:\/\/www.manaus.am.gov.br\/semcom\/prato-povo\/#primaryimage"},"image":{"@id":"https:\/\/www.manaus.am.gov.br\/semcom\/prato-povo\/#primaryimage"},"thumbnailUrl":"https:\/\/www.manaus.am.gov.br\/semcom\/wp-content\/uploads\/sites\/5\/2024\/06\/Prato-do-Povo-Viver-Melhor-3.jpg","datePublished":"2024-06-15T15:40:29+00:00","dateModified":"2024-06-15T15:40:30+00:00","author":{"@id":"https:\/\/www.manaus.am.gov.br\/semcom\/#\/schema\/person\/ab4dcf766a54dff74e8d267f5c591961"},"description":"A Prefeitura de Manaus, por meio da Semasc, informa que a unidade do Prato do Povo Viver Melhor ficar\u00e1 fechada de 17 a 19 de junho para obras de adequa\u00e7\u00e3o.","inLanguage":"pt-BR","potentialAction":[{"@type":"ReadAction","target":["https:\/\/www.manaus.am.gov.br\/semcom\/prato-povo\/"]}]},{"@type":"ImageObject","inLanguage":"pt-BR","@id":"https:\/\/www.manaus.am.gov.br\/semcom\/prato-povo\/#primaryimage","url":"https:\/\/www.manaus.am.gov.br\/semcom\/wp-content\/uploads\/sites\/5\/2024\/06\/Prato-do-Povo-Viver-Melhor-3.jpg","contentUrl":"https:\/\/www.manaus.am.gov.br\/semcom\/wp-content\/uploads\/sites\/5\/2024\/06\/Prato-do-Povo-Viver-Melhor-3.jpg","width":799,"height":533,"caption":"#paratodosverem - imagem de uma fam\u00edlia almo\u00e7ando no Prato do Povo do Viver Melhor"},{"@type":"WebSite","@id":"https:\/\/www.manaus.am.gov.br\/semcom\/#website","url":"https:\/\/www.manaus.am.gov.br\/semcom\/","name":"SEMCOM","description":"Secretaria Municipal de Comunica\u00e7\u00e3o","potentialAction":[{"@type":"SearchAction","target":{"@type":"EntryPoint","urlTemplate":"https:\/\/www.manaus.am.gov.br\/semcom\/?s={search_term_string}"},"query-input":"required name=search_term_string"}],"inLanguage":"pt-BR"},{"@type":"Person","@id":"https:\/\/www.manaus.am.gov.br\/semcom\/#\/schema\/person\/ab4dcf766a54dff74e8d267f5c591961","name":"smonteiro","image":{"@type":"ImageObject","inLanguage":"pt-BR","@id":"https:\/\/www.manaus.am.gov.br\/semcom\/#\/schema\/person\/image\/","url":"https:\/\/secure.gravatar.com\/avatar\/21c8776ef61d9272c73322052e042d77?s=96&d=mm&r=g","contentUrl":"https:\/\/secure.gravatar.com\/avatar\/21c8776ef61d9272c73322052e042d77?s=96&d=mm&r=g","caption":"smonteiro"}}]}},"_links":{"self":[{"href":"https:\/\/www.manaus.am.gov.br\/semcom\/wp-json\/wp\/v2\/posts\/230415"}],"collection":[{"href":"https:\/\/www.manaus.am.gov.br\/semcom\/wp-json\/wp\/v2\/posts"}],"about":[{"href":"https:\/\/www.manaus.am.gov.br\/semcom\/wp-json\/wp\/v2\/types\/post"}],"author":[{"embeddable":true,"href":"https:\/\/www.manaus.am.gov.br\/semcom\/wp-json\/wp\/v2\/users\/61"}],"replies":[{"embeddable":true,"href":"https:\/\/www.manaus.am.gov.br\/semcom\/wp-json\/wp\/v2\/comments?post=230415"}],"version-history":[{"count":0,"href":"https:\/\/www.manaus.am.gov.br\/semcom\/wp-json\/wp\/v2\/posts\/230415\/revisions"}],"wp:featuredmedia":[{"embeddable":true,"href":"https:\/\/www.manaus.am.gov.br\/semcom\/wp-json\/wp\/v2\/media\/230416"}],"wp:attachment":[{"href":"https:\/\/www.manaus.am.gov.br\/semcom\/wp-json\/wp\/v2\/media?parent=230415"}],"wp:term":[{"taxonomy":"category","embeddable":true,"href":"https:\/\/www.manaus.am.gov.br\/semcom\/wp-json\/wp\/v2\/categories?post=230415"},{"taxonomy":"post_tag","embeddable":true,"href":"https:\/\/www.manaus.am.gov.br\/semcom\/wp-json\/wp\/v2\/tags?post=230415"}],"curies":[{"name":"wp","href":"https:\/\/api.w.org\/{rel}","templated":true}]}}