{"id":230411,"date":"2024-06-14T19:19:19","date_gmt":"2024-06-14T22:19:19","guid":{"rendered":"https:\/\/www.manaus.am.gov.br\/semcom\/cinema-bairros\/"},"modified":"2024-06-14T19:19:20","modified_gmt":"2024-06-14T22:19:20","slug":"cinema-bairros","status":"publish","type":"post","link":"https:\/\/www.manaus.am.gov.br\/semcom\/cinema-bairros\/","title":{"rendered":"Projeto contemplado pela Lei Paulo Gustavo leva cinema para bairros carentes de Manaus"},"content":{"rendered":"\n<p>No pr\u00f3ximo s\u00e1bado (15), crian\u00e7as e adolescentes do bairro Morro da Liberdade, na zona Sul de Manaus, poder\u00e3o participar gratuitamente de sess\u00e3o de cinema, a partir das 17h30, na Associa\u00e7\u00e3o das Donas de Casa, localizada na rua S\u00e3o Benedito.<\/p>\n\n\n\n<p>A iniciativa faz parte do projeto Mostra Cine.Com &#8211; Cinema nas Comunidades, fomentado pela Lei Paulo Gustavo (LPG), executada pela prefeitura de Manaus, por meio do Conselho Municipal de Cultura (Concultura).<\/p>\n\n\n\n<p>A amplitude de a\u00e7\u00e3o dos projetos da LPG em Manaus, em ambientes perif\u00e9ricos, foi destacada pelo presidente do Concultura, Neilo Batista. \u201cDesde oficinas e espet\u00e1culos, passando pela dan\u00e7a, e agora, e cinema, a popula\u00e7\u00e3o est\u00e1 dispondo de programa\u00e7\u00e3o em seus pr\u00f3prios bairros com acessibilidade e variedade\u201d, pontuou.<\/p>\n\n\n\n<p>O projeto \u00e9 coordenado pela produtora audiovisual, Saleyna Borges, e visa possibilitar a exibi\u00e7\u00e3o de filmes para um p\u00fablico que nunca teve acesso \u00e0s salas de cinema tradicionais e vai al\u00e9m do entretenimento.<\/p>\n\n\n\n<p>\u201cO evento ter\u00e1 uma programa\u00e7\u00e3o pedag\u00f3gica voltada para \u2018o fazer audiovisual\u2019 como ferramenta de inclus\u00e3o social e profissional, uma vez que esse mercado oferece diversas \u00e1reas de atua\u00e7\u00e3o\u201d, afirmou a coordenadora.<\/p>\n\n\n\n<p><strong>Programa\u00e7\u00e3o com filmes amazonenses<\/strong><\/p>\n\n\n\n<p>A mostra ter\u00e1 a apresenta\u00e7\u00e3o de 10 filmes amazonenses que abordam tem\u00e1ticas diversas como lendas amaz\u00f4nicas e quest\u00f5es sociais. A faixa et\u00e1ria \u00e9 livre para todas as idades e as obras contam com recursos de acessibilidade.<\/p>\n\n\n\n<p>As obras foram selecionadas por meio de curadoria especializada, realizada pelo produtor audiovisual Thiago Morais. Entre elas est\u00e3o \u201cSe N\u00e3o\u201d, de Moacy Freitas; \u201cJamary\u201d, de Beg\u00ea Muniz; \u201cNas asas do condor\u201d, de Cristiane Garcia; \u201cCastanho\u201d, de Adanilo; \u201cJiup\u00e1\u201d, de M\u00e1rcio Nascimento; dentre outros. A mostra ter\u00e1 dura\u00e7\u00e3o de uma hora e trinta minutos.<\/p>\n\n\n\n<p><strong>Outras atividades<\/strong><\/p>\n\n\n\n<p>Al\u00e9m da programa\u00e7\u00e3o deste s\u00e1bado, o Mostra Cine.Com contar\u00e1 com outras duas exibi\u00e7\u00f5es em bairros das zonas Norte e Oeste da capital amazonense. No dia 22 de junho, o evento ser\u00e1 apresentado na rua Nepal, dentro do Movimento Nepal Vive, no bairro Nova Cidade.<\/p>\n\n\n\n<p>J\u00e1 no dia 13 de julho, a programa\u00e7\u00e3o ser\u00e1 na Maloca dos Povos Ind\u00edgenas do Parque das Tribos, primeiro bairro ind\u00edgena de Manaus.&nbsp; Nas duas ocasi\u00f5es, as atividades iniciam \u00e0s 17h30, com uma programa\u00e7\u00e3o acad\u00eamica, e \u00e0s 18h30 com as exibi\u00e7\u00f5es dos curtas-metragens.<\/p>\n\n\n\n<p>\u201cPretendemos oferecer ao p\u00fablico uma palestra onde explanaremos sobre o fazer audiovisual como profiss\u00e3o, indicando ferramentas, cursos, profiss\u00f5es t\u00e9cnicas e art\u00edsticas, para com isso, estimular o interesse nessa \u00e1rea\u201d, enfatiza Saleyna Borges.<\/p>\n\n\n\n<p><strong>Lei Paulo Gustavo<\/strong><\/p>\n\n\n\n<p>A Mostra Cine.Com \u2013 Cinema nas Comunidades est\u00e1 em sua 3\u00aa edi\u00e7\u00e3o, gerando 20 empregos diretos. O projeto foi um dos selecionados pelo Concurso Pr\u00eamio Manaus Identidade Cultural \u2013 Audiovisual (edital 004\/2023), por meio da Lei Paulo Gustavo (LPG), realizado pelo Concultura, com o apoio do Minist\u00e9rio da Cultura e Prefeitura de Manaus.<\/p>\n\n\n\n<p>Para mais informa\u00e7\u00f5es<\/p>\n\n\n\n<p>Contato: (92) 99188-7365 \u2013 Saleyna Borges<\/p>\n\n\n\n<p>Instagram: @cinepontocom24 @caradegatofilmes<\/p>\n\n\n\n<p>&#8212; &#8212; &#8212;<\/p>\n\n\n\n<p><strong>Texto<\/strong> \u2013 Divulga\u00e7\u00e3o \/ Concultura<\/p>\n\n\n\n<p><strong>Fotos<\/strong> \u2013 Divulga\u00e7\u00e3o \/ Concultura<\/p>\n","protected":false},"excerpt":{"rendered":"","protected":false},"author":61,"featured_media":230412,"comment_status":"closed","ping_status":"closed","sticky":false,"template":"","format":"standard","meta":{"footnotes":""},"categories":[9365],"tags":[9262,2722,12042,77],"acf":[],"yoast_head":"<!-- This site is optimized with the Yoast SEO plugin v23.0 - https:\/\/yoast.com\/wordpress\/plugins\/seo\/ -->\n<title>Projeto contemplado pela Lei Paulo Gustavo leva cinema para bairros carentes de Manaus - SEMCOM<\/title>\n<meta name=\"robots\" content=\"index, follow, max-snippet:-1, max-image-preview:large, max-video-preview:-1\" \/>\n<link rel=\"canonical\" href=\"https:\/\/www.manaus.am.gov.br\/semcom\/cinema-bairros\/\" \/>\n<meta property=\"og:locale\" content=\"pt_BR\" \/>\n<meta property=\"og:type\" content=\"article\" \/>\n<meta property=\"og:title\" content=\"Projeto contemplado pela Lei Paulo Gustavo leva cinema para bairros carentes de Manaus - SEMCOM\" \/>\n<meta property=\"og:url\" content=\"https:\/\/www.manaus.am.gov.br\/semcom\/cinema-bairros\/\" \/>\n<meta property=\"og:site_name\" content=\"SEMCOM\" \/>\n<meta property=\"article:published_time\" content=\"2024-06-14T22:19:19+00:00\" \/>\n<meta property=\"article:modified_time\" content=\"2024-06-14T22:19:20+00:00\" \/>\n<meta property=\"og:image\" content=\"https:\/\/www.manaus.am.gov.br\/semcom\/wp-content\/uploads\/sites\/5\/2024\/06\/WhatsApp-Image-2024-06-14-at-18.14.44.jpeg\" \/>\n\t<meta property=\"og:image:width\" content=\"980\" \/>\n\t<meta property=\"og:image:height\" content=\"648\" \/>\n\t<meta property=\"og:image:type\" content=\"image\/jpeg\" \/>\n<meta name=\"author\" content=\"smonteiro\" \/>\n<meta name=\"twitter:card\" content=\"summary_large_image\" \/>\n<meta name=\"twitter:label1\" content=\"Written by\" \/>\n\t<meta name=\"twitter:data1\" content=\"smonteiro\" \/>\n\t<meta name=\"twitter:label2\" content=\"Est. reading time\" \/>\n\t<meta name=\"twitter:data2\" content=\"3 minutos\" \/>\n<script type=\"application\/ld+json\" class=\"yoast-schema-graph\">{\"@context\":\"https:\/\/schema.org\",\"@graph\":[{\"@type\":\"WebPage\",\"@id\":\"https:\/\/www.manaus.am.gov.br\/semcom\/cinema-bairros\/\",\"url\":\"https:\/\/www.manaus.am.gov.br\/semcom\/cinema-bairros\/\",\"name\":\"Projeto contemplado pela Lei Paulo Gustavo leva cinema para bairros carentes de Manaus - SEMCOM\",\"isPartOf\":{\"@id\":\"https:\/\/www.manaus.am.gov.br\/semcom\/#website\"},\"primaryImageOfPage\":{\"@id\":\"https:\/\/www.manaus.am.gov.br\/semcom\/cinema-bairros\/#primaryimage\"},\"image\":{\"@id\":\"https:\/\/www.manaus.am.gov.br\/semcom\/cinema-bairros\/#primaryimage\"},\"thumbnailUrl\":\"https:\/\/www.manaus.am.gov.br\/semcom\/wp-content\/uploads\/sites\/5\/2024\/06\/WhatsApp-Image-2024-06-14-at-18.14.44.jpeg\",\"datePublished\":\"2024-06-14T22:19:19+00:00\",\"dateModified\":\"2024-06-14T22:19:20+00:00\",\"author\":{\"@id\":\"https:\/\/www.manaus.am.gov.br\/semcom\/#\/schema\/person\/ab4dcf766a54dff74e8d267f5c591961\"},\"inLanguage\":\"pt-BR\",\"potentialAction\":[{\"@type\":\"ReadAction\",\"target\":[\"https:\/\/www.manaus.am.gov.br\/semcom\/cinema-bairros\/\"]}]},{\"@type\":\"ImageObject\",\"inLanguage\":\"pt-BR\",\"@id\":\"https:\/\/www.manaus.am.gov.br\/semcom\/cinema-bairros\/#primaryimage\",\"url\":\"https:\/\/www.manaus.am.gov.br\/semcom\/wp-content\/uploads\/sites\/5\/2024\/06\/WhatsApp-Image-2024-06-14-at-18.14.44.jpeg\",\"contentUrl\":\"https:\/\/www.manaus.am.gov.br\/semcom\/wp-content\/uploads\/sites\/5\/2024\/06\/WhatsApp-Image-2024-06-14-at-18.14.44.jpeg\",\"width\":980,\"height\":648},{\"@type\":\"WebSite\",\"@id\":\"https:\/\/www.manaus.am.gov.br\/semcom\/#website\",\"url\":\"https:\/\/www.manaus.am.gov.br\/semcom\/\",\"name\":\"SEMCOM\",\"description\":\"Secretaria Municipal de Comunica\u00e7\u00e3o\",\"potentialAction\":[{\"@type\":\"SearchAction\",\"target\":{\"@type\":\"EntryPoint\",\"urlTemplate\":\"https:\/\/www.manaus.am.gov.br\/semcom\/?s={search_term_string}\"},\"query-input\":\"required name=search_term_string\"}],\"inLanguage\":\"pt-BR\"},{\"@type\":\"Person\",\"@id\":\"https:\/\/www.manaus.am.gov.br\/semcom\/#\/schema\/person\/ab4dcf766a54dff74e8d267f5c591961\",\"name\":\"smonteiro\",\"image\":{\"@type\":\"ImageObject\",\"inLanguage\":\"pt-BR\",\"@id\":\"https:\/\/www.manaus.am.gov.br\/semcom\/#\/schema\/person\/image\/\",\"url\":\"https:\/\/secure.gravatar.com\/avatar\/21c8776ef61d9272c73322052e042d77?s=96&d=mm&r=g\",\"contentUrl\":\"https:\/\/secure.gravatar.com\/avatar\/21c8776ef61d9272c73322052e042d77?s=96&d=mm&r=g\",\"caption\":\"smonteiro\"}}]}<\/script>\n<!-- \/ Yoast SEO plugin. -->","yoast_head_json":{"title":"Projeto contemplado pela Lei Paulo Gustavo leva cinema para bairros carentes de Manaus - SEMCOM","robots":{"index":"index","follow":"follow","max-snippet":"max-snippet:-1","max-image-preview":"max-image-preview:large","max-video-preview":"max-video-preview:-1"},"canonical":"https:\/\/www.manaus.am.gov.br\/semcom\/cinema-bairros\/","og_locale":"pt_BR","og_type":"article","og_title":"Projeto contemplado pela Lei Paulo Gustavo leva cinema para bairros carentes de Manaus - SEMCOM","og_url":"https:\/\/www.manaus.am.gov.br\/semcom\/cinema-bairros\/","og_site_name":"SEMCOM","article_published_time":"2024-06-14T22:19:19+00:00","article_modified_time":"2024-06-14T22:19:20+00:00","og_image":[{"width":980,"height":648,"url":"https:\/\/www.manaus.am.gov.br\/semcom\/wp-content\/uploads\/sites\/5\/2024\/06\/WhatsApp-Image-2024-06-14-at-18.14.44.jpeg","type":"image\/jpeg"}],"author":"smonteiro","twitter_card":"summary_large_image","twitter_misc":{"Written by":"smonteiro","Est. reading time":"3 minutos"},"schema":{"@context":"https:\/\/schema.org","@graph":[{"@type":"WebPage","@id":"https:\/\/www.manaus.am.gov.br\/semcom\/cinema-bairros\/","url":"https:\/\/www.manaus.am.gov.br\/semcom\/cinema-bairros\/","name":"Projeto contemplado pela Lei Paulo Gustavo leva cinema para bairros carentes de Manaus - SEMCOM","isPartOf":{"@id":"https:\/\/www.manaus.am.gov.br\/semcom\/#website"},"primaryImageOfPage":{"@id":"https:\/\/www.manaus.am.gov.br\/semcom\/cinema-bairros\/#primaryimage"},"image":{"@id":"https:\/\/www.manaus.am.gov.br\/semcom\/cinema-bairros\/#primaryimage"},"thumbnailUrl":"https:\/\/www.manaus.am.gov.br\/semcom\/wp-content\/uploads\/sites\/5\/2024\/06\/WhatsApp-Image-2024-06-14-at-18.14.44.jpeg","datePublished":"2024-06-14T22:19:19+00:00","dateModified":"2024-06-14T22:19:20+00:00","author":{"@id":"https:\/\/www.manaus.am.gov.br\/semcom\/#\/schema\/person\/ab4dcf766a54dff74e8d267f5c591961"},"inLanguage":"pt-BR","potentialAction":[{"@type":"ReadAction","target":["https:\/\/www.manaus.am.gov.br\/semcom\/cinema-bairros\/"]}]},{"@type":"ImageObject","inLanguage":"pt-BR","@id":"https:\/\/www.manaus.am.gov.br\/semcom\/cinema-bairros\/#primaryimage","url":"https:\/\/www.manaus.am.gov.br\/semcom\/wp-content\/uploads\/sites\/5\/2024\/06\/WhatsApp-Image-2024-06-14-at-18.14.44.jpeg","contentUrl":"https:\/\/www.manaus.am.gov.br\/semcom\/wp-content\/uploads\/sites\/5\/2024\/06\/WhatsApp-Image-2024-06-14-at-18.14.44.jpeg","width":980,"height":648},{"@type":"WebSite","@id":"https:\/\/www.manaus.am.gov.br\/semcom\/#website","url":"https:\/\/www.manaus.am.gov.br\/semcom\/","name":"SEMCOM","description":"Secretaria Municipal de Comunica\u00e7\u00e3o","potentialAction":[{"@type":"SearchAction","target":{"@type":"EntryPoint","urlTemplate":"https:\/\/www.manaus.am.gov.br\/semcom\/?s={search_term_string}"},"query-input":"required name=search_term_string"}],"inLanguage":"pt-BR"},{"@type":"Person","@id":"https:\/\/www.manaus.am.gov.br\/semcom\/#\/schema\/person\/ab4dcf766a54dff74e8d267f5c591961","name":"smonteiro","image":{"@type":"ImageObject","inLanguage":"pt-BR","@id":"https:\/\/www.manaus.am.gov.br\/semcom\/#\/schema\/person\/image\/","url":"https:\/\/secure.gravatar.com\/avatar\/21c8776ef61d9272c73322052e042d77?s=96&d=mm&r=g","contentUrl":"https:\/\/secure.gravatar.com\/avatar\/21c8776ef61d9272c73322052e042d77?s=96&d=mm&r=g","caption":"smonteiro"}}]}},"_links":{"self":[{"href":"https:\/\/www.manaus.am.gov.br\/semcom\/wp-json\/wp\/v2\/posts\/230411"}],"collection":[{"href":"https:\/\/www.manaus.am.gov.br\/semcom\/wp-json\/wp\/v2\/posts"}],"about":[{"href":"https:\/\/www.manaus.am.gov.br\/semcom\/wp-json\/wp\/v2\/types\/post"}],"author":[{"embeddable":true,"href":"https:\/\/www.manaus.am.gov.br\/semcom\/wp-json\/wp\/v2\/users\/61"}],"replies":[{"embeddable":true,"href":"https:\/\/www.manaus.am.gov.br\/semcom\/wp-json\/wp\/v2\/comments?post=230411"}],"version-history":[{"count":0,"href":"https:\/\/www.manaus.am.gov.br\/semcom\/wp-json\/wp\/v2\/posts\/230411\/revisions"}],"wp:featuredmedia":[{"embeddable":true,"href":"https:\/\/www.manaus.am.gov.br\/semcom\/wp-json\/wp\/v2\/media\/230412"}],"wp:attachment":[{"href":"https:\/\/www.manaus.am.gov.br\/semcom\/wp-json\/wp\/v2\/media?parent=230411"}],"wp:term":[{"taxonomy":"category","embeddable":true,"href":"https:\/\/www.manaus.am.gov.br\/semcom\/wp-json\/wp\/v2\/categories?post=230411"},{"taxonomy":"post_tag","embeddable":true,"href":"https:\/\/www.manaus.am.gov.br\/semcom\/wp-json\/wp\/v2\/tags?post=230411"}],"curies":[{"name":"wp","href":"https:\/\/api.w.org\/{rel}","templated":true}]}}