{"id":230405,"date":"2024-06-14T18:09:12","date_gmt":"2024-06-14T21:09:12","guid":{"rendered":"https:\/\/www.manaus.am.gov.br\/semcom\/manutencao-plantio\/"},"modified":"2024-06-14T18:09:14","modified_gmt":"2024-06-14T21:09:14","slug":"manutencao-plantio","status":"publish","type":"post","link":"https:\/\/www.manaus.am.gov.br\/semcom\/manutencao-plantio\/","title":{"rendered":"Prefeitura de Manaus realiza manuten\u00e7\u00e3o da arboriza\u00e7\u00e3o e plantio em canteiro central da avenida Djalma Batista"},"content":{"rendered":"\n<p>A Prefeitura de Manaus, por meio da Secretaria Municipal de Meio Ambiente, Sustentabilidade e Mudan\u00e7as do Clima (Semmasclima), est\u00e1 realizando, nesta semana mais uma a\u00e7\u00e3o de manuten\u00e7\u00e3o da arboriza\u00e7\u00e3o. Desta vez, a equipe do departamento de Arboriza\u00e7\u00e3o e Sustentabilidade da Semmasclima (Dears) atua no canteiro central da avenida Djalma Batista, zona Centro-Sul da cidade, com o plantio de cem novas mudas de ip\u00ea-rosa, para repor perdas decorrentes de vandalismo e colis\u00e3o de ve\u00edculos.<\/p>\n\n\n\n<p>O objetivo \u00e9 realizar a manuten\u00e7\u00e3o dos ip\u00eas que j\u00e1 se encontram plantados no canteiro central da avenida, com podas, aduba\u00e7\u00e3o e fixa\u00e7\u00e3o de tutores e tamb\u00e9m plantar cem novas mudas, preenchendo espa\u00e7os que sofreram perdas, ou n\u00e3o desenvolvimento da esp\u00e9cie plantada anteriormente na via.<\/p>\n\n\n\n<p>\u201cAs a\u00e7\u00f5es de manejo da arboriza\u00e7\u00e3o p\u00fablica de Manaus s\u00e3o realizadas ao longo de todo, seguindo um planejamento e atendendo as necessidades das \u00e1reas p\u00fablicas\u201d, explica o diretor de Arboriza\u00e7\u00e3o e Sustentabilidade da Semmasclima, Deyvson Braga.<\/p>\n\n\n\n<p>O secret\u00e1rio da Semmasclima, Ant\u00f4nio Stroski, afirma que o \u00f3rg\u00e3o ambiental est\u00e1 \u201cfocado na determina\u00e7\u00e3o do prefeito David Almeida em tornar Manaus uma das cidades mais arborizadas do pa\u00eds, al\u00e9m de todas as outras miss\u00f5es da pauta ambiental da cidade\u201d.<\/p>\n\n\n\n<p><strong>Manejo da arboriza\u00e7\u00e3o p\u00fablica<\/strong><\/p>\n\n\n\n<p>A Prefeitura de Manaus, por meio do programa Manaus Verde, coordenado pela Secretaria Municipal de Meio Ambiente, Sustentabilidade e Mudan\u00e7as do Clima (Semmasclima), \u00e9 a respons\u00e1vel pela arboriza\u00e7\u00e3o da capital amazonense. Ao longo de todo o ano, s\u00e3o realizados os servi\u00e7os de produ\u00e7\u00e3o, plantio e doa\u00e7\u00e3o de mudas e a manuten\u00e7\u00e3o da arboriza\u00e7\u00e3o p\u00fablica, com podas, aduba\u00e7\u00e3o e fixa\u00e7\u00e3o de tutores (acess\u00f3rios para ajudar no equil\u00edbrio e crescimento de mudas).<\/p>\n\n\n\n<p>No per\u00edodo de janeiro a maio de 2024, foram realizadas 30 a\u00e7\u00f5es de arboriza\u00e7\u00e3o e manuten\u00e7\u00e3o, com 1.765 mudas plantadas em \u00e1reas de recupera\u00e7\u00e3o, canteiros centrais e passeios p\u00fablicos. A produ\u00e7\u00e3o de mudas deste mesmo per\u00edodo totalizou 49.724 unidades. J\u00e1 a distribui\u00e7\u00e3o gratuita e itinerante de mudas chegou ao n\u00famero de 31.461, entre plantas frut\u00edferas, ornamentais, medicinais e arb\u00f3reas, em a\u00e7\u00f5es semanais realizadas em bairros e zonas distintas da cidade.<\/p>\n\n\n\n<p>Desde janeiro a maio os bairros contemplados foram: Compensa, Cidade Nova, Mauazinho, Cidade De Deus, Parque 10, Lago Azul, Ponta Negra, Tancredo Neves, Nova esperan\u00e7a, Monte das Oliveiras, Jo\u00e3o Paulo II, Tarum\u00e3, Presidente Vargas, Planalto, S\u00e3o Raimundo, Gilberto Mestrinho, Petr\u00f3polis, Cidade Nova, Nossa Senhora das Gra\u00e7as, Santa Etelvina, Monte Si\u00e3o e Educandos.<\/p>\n\n\n\n<p><strong>Ip\u00eas &#8211; as \u00e1rvores da avenida Djalma Batista<\/strong><\/p>\n\n\n\n<p>O ip\u00ea \u00e9 uma \u00e1rvore alta, que no per\u00edodo da flora\u00e7\u00e3o costuma ficar totalmente desprovida de folhas, restando apenas as flores, que podem ser amarelas, brancas, rosas ou roxas. A esp\u00e9cie costuma florescer em Manaus de julho a setembro e frutificar nos meses de setembro e outubro.<\/p>\n\n\n\n<p>A esp\u00e9cie \u00e9 utilizada na arboriza\u00e7\u00e3o p\u00fablica da cidade em diversos logradouros e \u00e9 famosa por suas flores. Mas sua funcionalidade vai al\u00e9m da est\u00e9tica: as \u00e1rvores influenciam nos microclimas locais, por meio dos servi\u00e7os ambientais que proporcionam como o sombreamento, ameniza\u00e7\u00e3o das temperaturas e aumento da umidade relativa do ar. Elas tamb\u00e9m atuam como barreiras protetoras contra ventos fortes e chuvas e na reten\u00e7\u00e3o de poeira e fuligem de ve\u00edculos automotores.<\/p>\n\n\n\n<p>&#8212; &#8212; &#8212;<\/p>\n\n\n\n<p><strong>Texto<\/strong> &#8211; Taianna Castro \/ Semmasclima<\/p>\n\n\n\n<p><strong>Fotos<\/strong> \u2013 Divulga\u00e7\u00e3o \/ Semmasclima<\/p>\n","protected":false},"excerpt":{"rendered":"","protected":false},"author":61,"featured_media":230406,"comment_status":"closed","ping_status":"closed","sticky":false,"template":"","format":"standard","meta":{"footnotes":""},"categories":[3878],"tags":[7007,10949,10051,205,10200,77,9959],"acf":[],"yoast_head":"<!-- This site is optimized with the Yoast SEO plugin v23.0 - https:\/\/yoast.com\/wordpress\/plugins\/seo\/ -->\n<title>Prefeitura de Manaus realiza manuten\u00e7\u00e3o da arboriza\u00e7\u00e3o e plantio em canteiro central da avenida Djalma Batista<\/title>\n<meta name=\"description\" content=\"A Prefeitura de Manaus, por meio da Semmasclima, est\u00e1 realizando, nesta semana mais uma a\u00e7\u00e3o de manuten\u00e7\u00e3o da arboriza\u00e7\u00e3o.\" \/>\n<meta name=\"robots\" content=\"index, follow, max-snippet:-1, max-image-preview:large, max-video-preview:-1\" \/>\n<link rel=\"canonical\" href=\"https:\/\/www.manaus.am.gov.br\/semcom\/manutencao-plantio\/\" \/>\n<meta property=\"og:locale\" content=\"pt_BR\" \/>\n<meta property=\"og:type\" content=\"article\" \/>\n<meta property=\"og:title\" content=\"Prefeitura de Manaus realiza manuten\u00e7\u00e3o da arboriza\u00e7\u00e3o e plantio em canteiro central da avenida Djalma Batista\" \/>\n<meta property=\"og:description\" content=\"A Prefeitura de Manaus, por meio da Semmasclima, est\u00e1 realizando, nesta semana mais uma a\u00e7\u00e3o de manuten\u00e7\u00e3o da arboriza\u00e7\u00e3o.\" \/>\n<meta property=\"og:url\" content=\"https:\/\/www.manaus.am.gov.br\/semcom\/manutencao-plantio\/\" \/>\n<meta property=\"og:site_name\" content=\"SEMCOM\" \/>\n<meta property=\"article:published_time\" content=\"2024-06-14T21:09:12+00:00\" \/>\n<meta property=\"article:modified_time\" content=\"2024-06-14T21:09:14+00:00\" \/>\n<meta property=\"og:image\" content=\"https:\/\/www.manaus.am.gov.br\/semcom\/wp-content\/uploads\/sites\/5\/2024\/06\/Manejo-Arborizacao-1.jpeg\" \/>\n\t<meta property=\"og:image:width\" content=\"960\" \/>\n\t<meta property=\"og:image:height\" content=\"540\" \/>\n\t<meta property=\"og:image:type\" content=\"image\/jpeg\" \/>\n<meta name=\"author\" content=\"smonteiro\" \/>\n<meta name=\"twitter:card\" content=\"summary_large_image\" \/>\n<meta name=\"twitter:label1\" content=\"Written by\" \/>\n\t<meta name=\"twitter:data1\" content=\"smonteiro\" \/>\n\t<meta name=\"twitter:label2\" content=\"Est. reading time\" \/>\n\t<meta name=\"twitter:data2\" content=\"4 minutos\" \/>\n<script type=\"application\/ld+json\" class=\"yoast-schema-graph\">{\"@context\":\"https:\/\/schema.org\",\"@graph\":[{\"@type\":\"WebPage\",\"@id\":\"https:\/\/www.manaus.am.gov.br\/semcom\/manutencao-plantio\/\",\"url\":\"https:\/\/www.manaus.am.gov.br\/semcom\/manutencao-plantio\/\",\"name\":\"Prefeitura de Manaus realiza manuten\u00e7\u00e3o da arboriza\u00e7\u00e3o e plantio em canteiro central da avenida Djalma Batista\",\"isPartOf\":{\"@id\":\"https:\/\/www.manaus.am.gov.br\/semcom\/#website\"},\"primaryImageOfPage\":{\"@id\":\"https:\/\/www.manaus.am.gov.br\/semcom\/manutencao-plantio\/#primaryimage\"},\"image\":{\"@id\":\"https:\/\/www.manaus.am.gov.br\/semcom\/manutencao-plantio\/#primaryimage\"},\"thumbnailUrl\":\"https:\/\/www.manaus.am.gov.br\/semcom\/wp-content\/uploads\/sites\/5\/2024\/06\/Manejo-Arborizacao-1.jpeg\",\"datePublished\":\"2024-06-14T21:09:12+00:00\",\"dateModified\":\"2024-06-14T21:09:14+00:00\",\"author\":{\"@id\":\"https:\/\/www.manaus.am.gov.br\/semcom\/#\/schema\/person\/ab4dcf766a54dff74e8d267f5c591961\"},\"description\":\"A Prefeitura de Manaus, por meio da Semmasclima, est\u00e1 realizando, nesta semana mais uma a\u00e7\u00e3o de manuten\u00e7\u00e3o da arboriza\u00e7\u00e3o.\",\"inLanguage\":\"pt-BR\",\"potentialAction\":[{\"@type\":\"ReadAction\",\"target\":[\"https:\/\/www.manaus.am.gov.br\/semcom\/manutencao-plantio\/\"]}]},{\"@type\":\"ImageObject\",\"inLanguage\":\"pt-BR\",\"@id\":\"https:\/\/www.manaus.am.gov.br\/semcom\/manutencao-plantio\/#primaryimage\",\"url\":\"https:\/\/www.manaus.am.gov.br\/semcom\/wp-content\/uploads\/sites\/5\/2024\/06\/Manejo-Arborizacao-1.jpeg\",\"contentUrl\":\"https:\/\/www.manaus.am.gov.br\/semcom\/wp-content\/uploads\/sites\/5\/2024\/06\/Manejo-Arborizacao-1.jpeg\",\"width\":960,\"height\":540,\"caption\":\"#paratodosverem - t\u00e9cnicos trabalham no plantio e manuten\u00e7\u00e3o dos ip\u00eas\"},{\"@type\":\"WebSite\",\"@id\":\"https:\/\/www.manaus.am.gov.br\/semcom\/#website\",\"url\":\"https:\/\/www.manaus.am.gov.br\/semcom\/\",\"name\":\"SEMCOM\",\"description\":\"Secretaria Municipal de Comunica\u00e7\u00e3o\",\"potentialAction\":[{\"@type\":\"SearchAction\",\"target\":{\"@type\":\"EntryPoint\",\"urlTemplate\":\"https:\/\/www.manaus.am.gov.br\/semcom\/?s={search_term_string}\"},\"query-input\":\"required name=search_term_string\"}],\"inLanguage\":\"pt-BR\"},{\"@type\":\"Person\",\"@id\":\"https:\/\/www.manaus.am.gov.br\/semcom\/#\/schema\/person\/ab4dcf766a54dff74e8d267f5c591961\",\"name\":\"smonteiro\",\"image\":{\"@type\":\"ImageObject\",\"inLanguage\":\"pt-BR\",\"@id\":\"https:\/\/www.manaus.am.gov.br\/semcom\/#\/schema\/person\/image\/\",\"url\":\"https:\/\/secure.gravatar.com\/avatar\/21c8776ef61d9272c73322052e042d77?s=96&d=mm&r=g\",\"contentUrl\":\"https:\/\/secure.gravatar.com\/avatar\/21c8776ef61d9272c73322052e042d77?s=96&d=mm&r=g\",\"caption\":\"smonteiro\"}}]}<\/script>\n<!-- \/ Yoast SEO plugin. -->","yoast_head_json":{"title":"Prefeitura de Manaus realiza manuten\u00e7\u00e3o da arboriza\u00e7\u00e3o e plantio em canteiro central da avenida Djalma Batista","description":"A Prefeitura de Manaus, por meio da Semmasclima, est\u00e1 realizando, nesta semana mais uma a\u00e7\u00e3o de manuten\u00e7\u00e3o da arboriza\u00e7\u00e3o.","robots":{"index":"index","follow":"follow","max-snippet":"max-snippet:-1","max-image-preview":"max-image-preview:large","max-video-preview":"max-video-preview:-1"},"canonical":"https:\/\/www.manaus.am.gov.br\/semcom\/manutencao-plantio\/","og_locale":"pt_BR","og_type":"article","og_title":"Prefeitura de Manaus realiza manuten\u00e7\u00e3o da arboriza\u00e7\u00e3o e plantio em canteiro central da avenida Djalma Batista","og_description":"A Prefeitura de Manaus, por meio da Semmasclima, est\u00e1 realizando, nesta semana mais uma a\u00e7\u00e3o de manuten\u00e7\u00e3o da arboriza\u00e7\u00e3o.","og_url":"https:\/\/www.manaus.am.gov.br\/semcom\/manutencao-plantio\/","og_site_name":"SEMCOM","article_published_time":"2024-06-14T21:09:12+00:00","article_modified_time":"2024-06-14T21:09:14+00:00","og_image":[{"width":960,"height":540,"url":"https:\/\/www.manaus.am.gov.br\/semcom\/wp-content\/uploads\/sites\/5\/2024\/06\/Manejo-Arborizacao-1.jpeg","type":"image\/jpeg"}],"author":"smonteiro","twitter_card":"summary_large_image","twitter_misc":{"Written by":"smonteiro","Est. reading time":"4 minutos"},"schema":{"@context":"https:\/\/schema.org","@graph":[{"@type":"WebPage","@id":"https:\/\/www.manaus.am.gov.br\/semcom\/manutencao-plantio\/","url":"https:\/\/www.manaus.am.gov.br\/semcom\/manutencao-plantio\/","name":"Prefeitura de Manaus realiza manuten\u00e7\u00e3o da arboriza\u00e7\u00e3o e plantio em canteiro central da avenida Djalma Batista","isPartOf":{"@id":"https:\/\/www.manaus.am.gov.br\/semcom\/#website"},"primaryImageOfPage":{"@id":"https:\/\/www.manaus.am.gov.br\/semcom\/manutencao-plantio\/#primaryimage"},"image":{"@id":"https:\/\/www.manaus.am.gov.br\/semcom\/manutencao-plantio\/#primaryimage"},"thumbnailUrl":"https:\/\/www.manaus.am.gov.br\/semcom\/wp-content\/uploads\/sites\/5\/2024\/06\/Manejo-Arborizacao-1.jpeg","datePublished":"2024-06-14T21:09:12+00:00","dateModified":"2024-06-14T21:09:14+00:00","author":{"@id":"https:\/\/www.manaus.am.gov.br\/semcom\/#\/schema\/person\/ab4dcf766a54dff74e8d267f5c591961"},"description":"A Prefeitura de Manaus, por meio da Semmasclima, est\u00e1 realizando, nesta semana mais uma a\u00e7\u00e3o de manuten\u00e7\u00e3o da arboriza\u00e7\u00e3o.","inLanguage":"pt-BR","potentialAction":[{"@type":"ReadAction","target":["https:\/\/www.manaus.am.gov.br\/semcom\/manutencao-plantio\/"]}]},{"@type":"ImageObject","inLanguage":"pt-BR","@id":"https:\/\/www.manaus.am.gov.br\/semcom\/manutencao-plantio\/#primaryimage","url":"https:\/\/www.manaus.am.gov.br\/semcom\/wp-content\/uploads\/sites\/5\/2024\/06\/Manejo-Arborizacao-1.jpeg","contentUrl":"https:\/\/www.manaus.am.gov.br\/semcom\/wp-content\/uploads\/sites\/5\/2024\/06\/Manejo-Arborizacao-1.jpeg","width":960,"height":540,"caption":"#paratodosverem - t\u00e9cnicos trabalham no plantio e manuten\u00e7\u00e3o dos ip\u00eas"},{"@type":"WebSite","@id":"https:\/\/www.manaus.am.gov.br\/semcom\/#website","url":"https:\/\/www.manaus.am.gov.br\/semcom\/","name":"SEMCOM","description":"Secretaria Municipal de Comunica\u00e7\u00e3o","potentialAction":[{"@type":"SearchAction","target":{"@type":"EntryPoint","urlTemplate":"https:\/\/www.manaus.am.gov.br\/semcom\/?s={search_term_string}"},"query-input":"required name=search_term_string"}],"inLanguage":"pt-BR"},{"@type":"Person","@id":"https:\/\/www.manaus.am.gov.br\/semcom\/#\/schema\/person\/ab4dcf766a54dff74e8d267f5c591961","name":"smonteiro","image":{"@type":"ImageObject","inLanguage":"pt-BR","@id":"https:\/\/www.manaus.am.gov.br\/semcom\/#\/schema\/person\/image\/","url":"https:\/\/secure.gravatar.com\/avatar\/21c8776ef61d9272c73322052e042d77?s=96&d=mm&r=g","contentUrl":"https:\/\/secure.gravatar.com\/avatar\/21c8776ef61d9272c73322052e042d77?s=96&d=mm&r=g","caption":"smonteiro"}}]}},"_links":{"self":[{"href":"https:\/\/www.manaus.am.gov.br\/semcom\/wp-json\/wp\/v2\/posts\/230405"}],"collection":[{"href":"https:\/\/www.manaus.am.gov.br\/semcom\/wp-json\/wp\/v2\/posts"}],"about":[{"href":"https:\/\/www.manaus.am.gov.br\/semcom\/wp-json\/wp\/v2\/types\/post"}],"author":[{"embeddable":true,"href":"https:\/\/www.manaus.am.gov.br\/semcom\/wp-json\/wp\/v2\/users\/61"}],"replies":[{"embeddable":true,"href":"https:\/\/www.manaus.am.gov.br\/semcom\/wp-json\/wp\/v2\/comments?post=230405"}],"version-history":[{"count":0,"href":"https:\/\/www.manaus.am.gov.br\/semcom\/wp-json\/wp\/v2\/posts\/230405\/revisions"}],"wp:featuredmedia":[{"embeddable":true,"href":"https:\/\/www.manaus.am.gov.br\/semcom\/wp-json\/wp\/v2\/media\/230406"}],"wp:attachment":[{"href":"https:\/\/www.manaus.am.gov.br\/semcom\/wp-json\/wp\/v2\/media?parent=230405"}],"wp:term":[{"taxonomy":"category","embeddable":true,"href":"https:\/\/www.manaus.am.gov.br\/semcom\/wp-json\/wp\/v2\/categories?post=230405"},{"taxonomy":"post_tag","embeddable":true,"href":"https:\/\/www.manaus.am.gov.br\/semcom\/wp-json\/wp\/v2\/tags?post=230405"}],"curies":[{"name":"wp","href":"https:\/\/api.w.org\/{rel}","templated":true}]}}