{"id":230376,"date":"2024-06-14T12:33:46","date_gmt":"2024-06-14T15:33:46","guid":{"rendered":"https:\/\/www.manaus.am.gov.br\/semcom\/aprovados-concurso-fundacao-dr-thomas\/"},"modified":"2024-06-14T12:33:47","modified_gmt":"2024-06-14T15:33:47","slug":"aprovados-concurso-fundacao-dr-thomas","status":"publish","type":"post","link":"https:\/\/www.manaus.am.gov.br\/semcom\/aprovados-concurso-fundacao-dr-thomas\/","title":{"rendered":"Prefeitura de Manaus convoca os aprovados no concurso p\u00fablico da Funda\u00e7\u00e3o Dr. Thomas"},"content":{"rendered":"\n<p>A Prefeitura de Manaus convoca os 25 candidatos aprovados no concurso p\u00fablico da Funda\u00e7\u00e3o de Apoio ao Idoso Dr. Thomas (FDT). Os convocados, que incluem profissionais de n\u00edvel m\u00e9dio e superior, devem comparecer \u00e0 sede da FDT, localizada na Rua Doutor Thomas, n\u00ba 798, bairro Nossa Senhora das Gra\u00e7as, zona Centro-Sul,&nbsp;do dia&nbsp;&nbsp;14 de junho ao dia 13 de julho, das 8h \u00e0s 16h.<\/p>\n\n\n\n<p>A nomea\u00e7\u00e3o dos aprovados foi assinada pelo prefeito David Almeida e publicada no Di\u00e1rio Oficial do Munic\u00edpio (DOM), na edi\u00e7\u00e3o n\u00b0 5.845, na quinta-feira, 13\/6.&nbsp;<\/p>\n\n\n\n<p>A convoca\u00e7\u00e3o destina-se ao preenchimento das vagas de n\u00edvel superior para analistas municipais em rede de computadores, assistentes sociais, orientadores art\u00edsticos, orientadores musicais, orientadores culturais e orientadores desportivos. Para o n\u00edvel m\u00e9dio, as vagas s\u00e3o para t\u00e9cnicos de seguran\u00e7a do trabalho e na \u00e1rea administrativa.<\/p>\n\n\n\n<p>\u201cA nomea\u00e7\u00e3o dos concursados para exercerem atividades na Funda\u00e7\u00e3o Doutor Thomas \u00e9 de fundamental import\u00e2ncia para dar celeridade e qualidade nos servi\u00e7os que s\u00e3o executados diariamente, obedecendo a regras estabelecidas pela administra\u00e7\u00e3o p\u00fablica\u201d, explicou a diretora-presidente da FDT, Oreni Braga.<\/p>\n\n\n\n<p>O processo de convoca\u00e7\u00e3o ocorreu dentro do prazo que foi estabelecido, respeitando rigorosamente as disposi\u00e7\u00f5es do cronograma publicado no edital da banca examinadora e no DOM.<\/p>\n\n\n\n<p>\u201cEsse compromisso com a pontualidade e a precis\u00e3o reflete a seriedade e a efici\u00eancia da organiza\u00e7\u00e3o, proporcionando confian\u00e7a e credibilidade aos envolvidos\u201d, explicou a presidente da comiss\u00e3o do concurso e procuradora jur\u00eddica da FDT, Michele Ara\u00fajo.<\/p>\n\n\n\n<p><strong>Apresenta\u00e7\u00e3o de documentos<\/strong><\/p>\n\n\n\n<p>Ap\u00f3s a aprova\u00e7\u00e3o no concurso, os candidatos s\u00e3o solicitados a apresentar uma s\u00e9rie de documentos para fins de registro e verifica\u00e7\u00e3o de elegibilidade.&nbsp;A lista inclui: Carteira de Identidade Civil; Cart\u00e3o de Identifica\u00e7\u00e3o do Contribuinte no Cadastro de Pessoa F\u00edsica &#8211; CPF; de Eleitor; Comprovante de Quita\u00e7\u00e3o Eleitoral (certid\u00e3o de quita\u00e7\u00e3o com a Justi\u00e7a Eleitoral; Certificado de Reservista ou Carta Patente \/ para candidatos do sexo masculino; Inscri\u00e7\u00e3o no PIS ou Pasep (deixar folha escrita \u201cprimeiro emprego\u201d se for esse o caso);Certid\u00e3o de Casamento e\/ou Declara\u00e7\u00e3o de Uni\u00e3o Est\u00e1vel; Certid\u00e3o de Nascimento de Dependentes Menores de 12 anos, acima de 12 anos RG, se houver; CPF dos filhos de zero a 18 anos; CPF do c\u00f4njuge; Comprovante de Resid\u00eancia com CEP (\u00e1gua, luz ou telefone), expedida no prazo m\u00e1ximo de 90 dias, em nome do usu\u00e1rio ou do c\u00f4njuge ou com declara\u00e7\u00e3o do nome de quem constar a fatura &#8211; comprovante deve ser de Manaus; Comprovante (Extrato ou Cart\u00e3o) do Bradesco que conste ag\u00eancia e d\u00edgito, conta e d\u00edgito; conta deve ser de Manaus; 1 foto para documento (3&#215;4); Certid\u00f5es Negativas de Antecedentes Criminais fornecidas pela Justi\u00e7a Federal; Certid\u00f5es Negativas de Antecedentes Criminais fornecidas pela Justi\u00e7a Estadual.<\/p>\n\n\n\n<p>Comprovante de Escolaridade: Diploma de Gradua\u00e7\u00e3o com Hist\u00f3rico (Para cargos de n\u00edvel superior); Comprovante de Escolaridade: Diploma de Especializa\u00e7\u00e3o com hist\u00f3rico conforme exig\u00eancia do cargo (Para cargos de n\u00edvel superior com especializa\u00e7\u00e3o); Comprovante de Escolaridade: Certificado do Ensino M\u00e9dio com Hist\u00f3rico (Para cargos de n\u00edvel m\u00e9dio); Comprovante de Escolaridade: Certificado do Curso M\u00e9dio T\u00e9cnico Espec\u00edfico da \u00e1rea (para cargos de n\u00edvel m\u00e9dio t\u00e9cnico); Comprovante de Escolaridade: Certificado do Ensino&nbsp; Fundamental com Hist\u00f3rico (Para cargos de n\u00edvel&nbsp; fundamental);outros cursos exigidos conforme requisitos do cargo; registro no respectivo Conselho Profissional;<\/p>\n\n\n\n<p>Comprovante de Quita\u00e7\u00e3o da Anuidade do Conselho Profissional; Atestado de Sanidade F\u00edsica e Mental; Laudo m\u00e9dico (espec\u00edfico para candidatos aprovados nas vagas destinadas a pessoas com defici\u00eancia \u2013 PCD); Comprovante de imuniza\u00e7\u00e3o \u2013 COVID 19, com o ciclo vacinal completo, conforme disposto no art. 5\u00ba, da Portaria n\u00ba 512\/2021-NTRAB\/Semsa, publicada no DOM n\u00ba 5.202, de 13\/10\/2021, e republicada no DOM n\u00ba 5.208, de 21\/10\/2021, tendo em vista a obrigatoriedade da imuniza\u00e7\u00e3o contra a Covid-19 aos agentes p\u00fablicos no \u00e2mbito da administra\u00e7\u00e3o p\u00fablica municipal, a partir do Decreto n\u00ba 5.146, de 1\u00ba de setembro de 2021.<\/p>\n\n\n\n<p>Documentos Extras Para Entrega na FDT \u2013 para quem j\u00e1 possui v\u00ednculo com a administra\u00e7\u00e3o p\u00fablica:&nbsp;Para cargos inacumul\u00e1veis, protocolo de pedido de Vac\u00e2ncia ou Exonera\u00e7\u00e3o do Cargo (atentar para que a data do pedido coincida com a data da posse); para cargo plaus\u00edvel de ser acumulado, declara\u00e7\u00e3o de carga hor\u00e1ria de trabalho do cargo p\u00fablico atualmente ocupado.<\/p>\n\n\n\n<p>Esses documentos s\u00e3o necess\u00e1rios para garantir que os candidatos aprovados atendam aos crit\u00e9rios estabelecidos para ocupar o cargo para o qual foram selecionados.<\/p>\n\n\n\n<p>Para mais informa\u00e7\u00f5es, os aprovados devem entrar em contato com o n\u00famero (92) 98842-7845 \u2013 Divis\u00e3o de Pessoal \/ FDT. A equipe estar\u00e1 dispon\u00edvel para fornecer informa\u00e7\u00f5es adicionais e esclarecer quaisquer quest\u00f5es relacionadas ao processo de sele\u00e7\u00e3o.<\/p>\n\n\n\n<p><strong>&#8212; &#8212; &#8212;<\/strong><\/p>\n\n\n\n<p><strong>Texto<\/strong> &#8211;&nbsp;Divulga\u00e7\u00e3o \/ FDT<\/p>\n\n\n\n<p><strong>Foto<\/strong> \u2013 Arquivo \/ Semcom<\/p>\n","protected":false},"excerpt":{"rendered":"","protected":false},"author":25,"featured_media":230377,"comment_status":"closed","ping_status":"closed","sticky":false,"template":"","format":"standard","meta":{"footnotes":""},"categories":[1495],"tags":[1445,8774,769],"acf":[],"yoast_head":"<!-- This site is optimized with the Yoast SEO plugin v23.0 - https:\/\/yoast.com\/wordpress\/plugins\/seo\/ -->\n<title>Prefeitura de Manaus convoca os aprovados no concurso p\u00fablico da Funda\u00e7\u00e3o Dr. Thomas<\/title>\n<meta name=\"description\" content=\"A Prefeitura de Manaus convoca os 25 candidatos aprovados no concurso p\u00fablico da Funda\u00e7\u00e3o de Apoio ao Idoso Dr. Thomas (FDT)\" \/>\n<meta name=\"robots\" content=\"index, follow, max-snippet:-1, max-image-preview:large, max-video-preview:-1\" \/>\n<link rel=\"canonical\" href=\"https:\/\/www.manaus.am.gov.br\/semcom\/aprovados-concurso-fundacao-dr-thomas\/\" \/>\n<meta property=\"og:locale\" content=\"pt_BR\" \/>\n<meta property=\"og:type\" content=\"article\" \/>\n<meta property=\"og:title\" content=\"Prefeitura de Manaus convoca os aprovados no concurso p\u00fablico da Funda\u00e7\u00e3o Dr. Thomas\" \/>\n<meta property=\"og:description\" content=\"A Prefeitura de Manaus convoca os 25 candidatos aprovados no concurso p\u00fablico da Funda\u00e7\u00e3o de Apoio ao Idoso Dr. Thomas (FDT)\" \/>\n<meta property=\"og:url\" content=\"https:\/\/www.manaus.am.gov.br\/semcom\/aprovados-concurso-fundacao-dr-thomas\/\" \/>\n<meta property=\"og:site_name\" content=\"SEMCOM\" \/>\n<meta property=\"article:published_time\" content=\"2024-06-14T15:33:46+00:00\" \/>\n<meta property=\"article:modified_time\" content=\"2024-06-14T15:33:47+00:00\" \/>\n<meta property=\"og:image\" content=\"https:\/\/www.manaus.am.gov.br\/semcom\/wp-content\/uploads\/sites\/5\/2024\/06\/49138317467_d2ea4bff7d_c.jpg\" \/>\n\t<meta property=\"og:image:width\" content=\"800\" \/>\n\t<meta property=\"og:image:height\" content=\"534\" \/>\n\t<meta property=\"og:image:type\" content=\"image\/jpeg\" \/>\n<meta name=\"author\" content=\"Maur\u00edcio Freire\" \/>\n<meta name=\"twitter:card\" content=\"summary_large_image\" \/>\n<meta name=\"twitter:label1\" content=\"Written by\" \/>\n\t<meta name=\"twitter:data1\" content=\"Maur\u00edcio Freire\" \/>\n\t<meta name=\"twitter:label2\" content=\"Est. reading time\" \/>\n\t<meta name=\"twitter:data2\" content=\"5 minutos\" \/>\n<script type=\"application\/ld+json\" class=\"yoast-schema-graph\">{\"@context\":\"https:\/\/schema.org\",\"@graph\":[{\"@type\":\"WebPage\",\"@id\":\"https:\/\/www.manaus.am.gov.br\/semcom\/aprovados-concurso-fundacao-dr-thomas\/\",\"url\":\"https:\/\/www.manaus.am.gov.br\/semcom\/aprovados-concurso-fundacao-dr-thomas\/\",\"name\":\"Prefeitura de Manaus convoca os aprovados no concurso p\u00fablico da Funda\u00e7\u00e3o Dr. Thomas\",\"isPartOf\":{\"@id\":\"https:\/\/www.manaus.am.gov.br\/semcom\/#website\"},\"primaryImageOfPage\":{\"@id\":\"https:\/\/www.manaus.am.gov.br\/semcom\/aprovados-concurso-fundacao-dr-thomas\/#primaryimage\"},\"image\":{\"@id\":\"https:\/\/www.manaus.am.gov.br\/semcom\/aprovados-concurso-fundacao-dr-thomas\/#primaryimage\"},\"thumbnailUrl\":\"https:\/\/www.manaus.am.gov.br\/semcom\/wp-content\/uploads\/sites\/5\/2024\/06\/49138317467_d2ea4bff7d_c.jpg\",\"datePublished\":\"2024-06-14T15:33:46+00:00\",\"dateModified\":\"2024-06-14T15:33:47+00:00\",\"author\":{\"@id\":\"https:\/\/www.manaus.am.gov.br\/semcom\/#\/schema\/person\/587989a23a463cde5618e6a028977a9a\"},\"description\":\"A Prefeitura de Manaus convoca os 25 candidatos aprovados no concurso p\u00fablico da Funda\u00e7\u00e3o de Apoio ao Idoso Dr. Thomas (FDT)\",\"inLanguage\":\"pt-BR\",\"potentialAction\":[{\"@type\":\"ReadAction\",\"target\":[\"https:\/\/www.manaus.am.gov.br\/semcom\/aprovados-concurso-fundacao-dr-thomas\/\"]}]},{\"@type\":\"ImageObject\",\"inLanguage\":\"pt-BR\",\"@id\":\"https:\/\/www.manaus.am.gov.br\/semcom\/aprovados-concurso-fundacao-dr-thomas\/#primaryimage\",\"url\":\"https:\/\/www.manaus.am.gov.br\/semcom\/wp-content\/uploads\/sites\/5\/2024\/06\/49138317467_d2ea4bff7d_c.jpg\",\"contentUrl\":\"https:\/\/www.manaus.am.gov.br\/semcom\/wp-content\/uploads\/sites\/5\/2024\/06\/49138317467_d2ea4bff7d_c.jpg\",\"width\":800,\"height\":534,\"caption\":\"#paratodosverem Funda\u00e7\u00e3o Dr.Thomas receber\u00e1 mais 25 novos profissionais\"},{\"@type\":\"WebSite\",\"@id\":\"https:\/\/www.manaus.am.gov.br\/semcom\/#website\",\"url\":\"https:\/\/www.manaus.am.gov.br\/semcom\/\",\"name\":\"SEMCOM\",\"description\":\"Secretaria Municipal de Comunica\u00e7\u00e3o\",\"potentialAction\":[{\"@type\":\"SearchAction\",\"target\":{\"@type\":\"EntryPoint\",\"urlTemplate\":\"https:\/\/www.manaus.am.gov.br\/semcom\/?s={search_term_string}\"},\"query-input\":\"required name=search_term_string\"}],\"inLanguage\":\"pt-BR\"},{\"@type\":\"Person\",\"@id\":\"https:\/\/www.manaus.am.gov.br\/semcom\/#\/schema\/person\/587989a23a463cde5618e6a028977a9a\",\"name\":\"Maur\u00edcio Freire\",\"image\":{\"@type\":\"ImageObject\",\"inLanguage\":\"pt-BR\",\"@id\":\"https:\/\/www.manaus.am.gov.br\/semcom\/#\/schema\/person\/image\/\",\"url\":\"https:\/\/secure.gravatar.com\/avatar\/dc1481799a1f75c733ac3b2634cd6749?s=96&d=mm&r=g\",\"contentUrl\":\"https:\/\/secure.gravatar.com\/avatar\/dc1481799a1f75c733ac3b2634cd6749?s=96&d=mm&r=g\",\"caption\":\"Maur\u00edcio Freire\"}}]}<\/script>\n<!-- \/ Yoast SEO plugin. -->","yoast_head_json":{"title":"Prefeitura de Manaus convoca os aprovados no concurso p\u00fablico da Funda\u00e7\u00e3o Dr. Thomas","description":"A Prefeitura de Manaus convoca os 25 candidatos aprovados no concurso p\u00fablico da Funda\u00e7\u00e3o de Apoio ao Idoso Dr. Thomas (FDT)","robots":{"index":"index","follow":"follow","max-snippet":"max-snippet:-1","max-image-preview":"max-image-preview:large","max-video-preview":"max-video-preview:-1"},"canonical":"https:\/\/www.manaus.am.gov.br\/semcom\/aprovados-concurso-fundacao-dr-thomas\/","og_locale":"pt_BR","og_type":"article","og_title":"Prefeitura de Manaus convoca os aprovados no concurso p\u00fablico da Funda\u00e7\u00e3o Dr. Thomas","og_description":"A Prefeitura de Manaus convoca os 25 candidatos aprovados no concurso p\u00fablico da Funda\u00e7\u00e3o de Apoio ao Idoso Dr. Thomas (FDT)","og_url":"https:\/\/www.manaus.am.gov.br\/semcom\/aprovados-concurso-fundacao-dr-thomas\/","og_site_name":"SEMCOM","article_published_time":"2024-06-14T15:33:46+00:00","article_modified_time":"2024-06-14T15:33:47+00:00","og_image":[{"width":800,"height":534,"url":"https:\/\/www.manaus.am.gov.br\/semcom\/wp-content\/uploads\/sites\/5\/2024\/06\/49138317467_d2ea4bff7d_c.jpg","type":"image\/jpeg"}],"author":"Maur\u00edcio Freire","twitter_card":"summary_large_image","twitter_misc":{"Written by":"Maur\u00edcio Freire","Est. reading time":"5 minutos"},"schema":{"@context":"https:\/\/schema.org","@graph":[{"@type":"WebPage","@id":"https:\/\/www.manaus.am.gov.br\/semcom\/aprovados-concurso-fundacao-dr-thomas\/","url":"https:\/\/www.manaus.am.gov.br\/semcom\/aprovados-concurso-fundacao-dr-thomas\/","name":"Prefeitura de Manaus convoca os aprovados no concurso p\u00fablico da Funda\u00e7\u00e3o Dr. Thomas","isPartOf":{"@id":"https:\/\/www.manaus.am.gov.br\/semcom\/#website"},"primaryImageOfPage":{"@id":"https:\/\/www.manaus.am.gov.br\/semcom\/aprovados-concurso-fundacao-dr-thomas\/#primaryimage"},"image":{"@id":"https:\/\/www.manaus.am.gov.br\/semcom\/aprovados-concurso-fundacao-dr-thomas\/#primaryimage"},"thumbnailUrl":"https:\/\/www.manaus.am.gov.br\/semcom\/wp-content\/uploads\/sites\/5\/2024\/06\/49138317467_d2ea4bff7d_c.jpg","datePublished":"2024-06-14T15:33:46+00:00","dateModified":"2024-06-14T15:33:47+00:00","author":{"@id":"https:\/\/www.manaus.am.gov.br\/semcom\/#\/schema\/person\/587989a23a463cde5618e6a028977a9a"},"description":"A Prefeitura de Manaus convoca os 25 candidatos aprovados no concurso p\u00fablico da Funda\u00e7\u00e3o de Apoio ao Idoso Dr. Thomas (FDT)","inLanguage":"pt-BR","potentialAction":[{"@type":"ReadAction","target":["https:\/\/www.manaus.am.gov.br\/semcom\/aprovados-concurso-fundacao-dr-thomas\/"]}]},{"@type":"ImageObject","inLanguage":"pt-BR","@id":"https:\/\/www.manaus.am.gov.br\/semcom\/aprovados-concurso-fundacao-dr-thomas\/#primaryimage","url":"https:\/\/www.manaus.am.gov.br\/semcom\/wp-content\/uploads\/sites\/5\/2024\/06\/49138317467_d2ea4bff7d_c.jpg","contentUrl":"https:\/\/www.manaus.am.gov.br\/semcom\/wp-content\/uploads\/sites\/5\/2024\/06\/49138317467_d2ea4bff7d_c.jpg","width":800,"height":534,"caption":"#paratodosverem Funda\u00e7\u00e3o Dr.Thomas receber\u00e1 mais 25 novos profissionais"},{"@type":"WebSite","@id":"https:\/\/www.manaus.am.gov.br\/semcom\/#website","url":"https:\/\/www.manaus.am.gov.br\/semcom\/","name":"SEMCOM","description":"Secretaria Municipal de Comunica\u00e7\u00e3o","potentialAction":[{"@type":"SearchAction","target":{"@type":"EntryPoint","urlTemplate":"https:\/\/www.manaus.am.gov.br\/semcom\/?s={search_term_string}"},"query-input":"required name=search_term_string"}],"inLanguage":"pt-BR"},{"@type":"Person","@id":"https:\/\/www.manaus.am.gov.br\/semcom\/#\/schema\/person\/587989a23a463cde5618e6a028977a9a","name":"Maur\u00edcio Freire","image":{"@type":"ImageObject","inLanguage":"pt-BR","@id":"https:\/\/www.manaus.am.gov.br\/semcom\/#\/schema\/person\/image\/","url":"https:\/\/secure.gravatar.com\/avatar\/dc1481799a1f75c733ac3b2634cd6749?s=96&d=mm&r=g","contentUrl":"https:\/\/secure.gravatar.com\/avatar\/dc1481799a1f75c733ac3b2634cd6749?s=96&d=mm&r=g","caption":"Maur\u00edcio Freire"}}]}},"_links":{"self":[{"href":"https:\/\/www.manaus.am.gov.br\/semcom\/wp-json\/wp\/v2\/posts\/230376"}],"collection":[{"href":"https:\/\/www.manaus.am.gov.br\/semcom\/wp-json\/wp\/v2\/posts"}],"about":[{"href":"https:\/\/www.manaus.am.gov.br\/semcom\/wp-json\/wp\/v2\/types\/post"}],"author":[{"embeddable":true,"href":"https:\/\/www.manaus.am.gov.br\/semcom\/wp-json\/wp\/v2\/users\/25"}],"replies":[{"embeddable":true,"href":"https:\/\/www.manaus.am.gov.br\/semcom\/wp-json\/wp\/v2\/comments?post=230376"}],"version-history":[{"count":0,"href":"https:\/\/www.manaus.am.gov.br\/semcom\/wp-json\/wp\/v2\/posts\/230376\/revisions"}],"wp:featuredmedia":[{"embeddable":true,"href":"https:\/\/www.manaus.am.gov.br\/semcom\/wp-json\/wp\/v2\/media\/230377"}],"wp:attachment":[{"href":"https:\/\/www.manaus.am.gov.br\/semcom\/wp-json\/wp\/v2\/media?parent=230376"}],"wp:term":[{"taxonomy":"category","embeddable":true,"href":"https:\/\/www.manaus.am.gov.br\/semcom\/wp-json\/wp\/v2\/categories?post=230376"},{"taxonomy":"post_tag","embeddable":true,"href":"https:\/\/www.manaus.am.gov.br\/semcom\/wp-json\/wp\/v2\/tags?post=230376"}],"curies":[{"name":"wp","href":"https:\/\/api.w.org\/{rel}","templated":true}]}}