{"id":230317,"date":"2024-06-13T11:24:24","date_gmt":"2024-06-13T15:24:24","guid":{"rendered":"https:\/\/www.manaus.am.gov.br\/semcom\/dez-usfs-participando-do-programa-uapi\/"},"modified":"2024-06-13T13:18:19","modified_gmt":"2024-06-13T16:18:19","slug":"dez-usfs-participando-do-programa-uapi","status":"publish","type":"post","link":"https:\/\/www.manaus.am.gov.br\/semcom\/dez-usfs-participando-do-programa-uapi\/","title":{"rendered":"Dez unidades de sa\u00fade da prefeitura participam de programa de fortalecimento \u00e0 sa\u00fade infantil do Unicef"},"content":{"rendered":"\n<p>Dez Unidades de Sa\u00fade da Fam\u00edlia (USFs), da Prefeitura de Manaus, est\u00e3o participando do programa Unidade Amiga da Primeira Inf\u00e2ncia (Uapi), uma estrat\u00e9gia do Fundo das Na\u00e7\u00f5es Unidas para a Inf\u00e2ncia (Unicef), que compreende o apoio t\u00e9cnico, o monitoramento e a mensura\u00e7\u00e3o de resultados de unidades de sa\u00fade e educa\u00e7\u00e3o para fortalecer os cuidados \u00e0 primeira inf\u00e2ncia.<\/p>\n\n\n\n<p>O programa Unidade Amiga da Primeira Inf\u00e2ncia tem a proposta de, a partir da intersetorialidade, aperfei\u00e7oar as iniciativas de prote\u00e7\u00e3o \u00e0s crian\u00e7as. No campo da aten\u00e7\u00e3o prim\u00e1ria, que em Manaus \u00e9 gerenciada pela Secretaria Municipal de Sa\u00fade (Semsa), a parceria com o Unicef prev\u00ea refor\u00e7o na capacita\u00e7\u00e3o das equipes e aprimoramento das a\u00e7\u00f5es de promo\u00e7\u00e3o, preven\u00e7\u00e3o, diagn\u00f3stico e acompanhamento do desenvolvimento da primeira inf\u00e2ncia, de zero a seis anos de idade, a\u00e7\u00f5es que j\u00e1 integram a rotina das equipes da Semsa.<\/p>\n\n\n\n<p>O secret\u00e1rio municipal de Sa\u00fade, Djalma Coelho, destacou que a parceria \u00e9 muito bem-vinda e vai ao encontro do compromisso da atual gest\u00e3o, que tem marcado sua atua\u00e7\u00e3o com a\u00e7\u00f5es e programas que asseguram o pleno desenvolvimento infantil.<\/p>\n\n\n\n<p>\u201cA Semsa tem se destacado na garantia da assist\u00eancia \u00e0 sa\u00fade para crian\u00e7as e adolescentes, e isso quer dizer que h\u00e1 um esfor\u00e7o concentrado em ampliar o acesso ao pr\u00e9-natal, facilitar o acesso \u00e0 imuniza\u00e7\u00e3o, promo\u00e7\u00e3o da sa\u00fade bucal e outras iniciativas que t\u00eam o objetivo de garantir que a crian\u00e7a se desenvolva com sa\u00fade.&nbsp; A parceria com o Unicef vai fortalecer ainda mais esse compromisso\u201d, sintetizou o secret\u00e1rio.<\/p>\n\n\n\n<p>Como parte do planejamento que formaliza a ades\u00e3o ao programa, representantes da Semsa e do Unicef est\u00e3o cumprindo uma agenda de visitas \u00e0s unidades de sa\u00fade para orientar e esclarecer d\u00favidas sobre o programa.<\/p>\n\n\n\n<p>A ida aos dez estabelecimentos de sa\u00fade, sendo dois em cada Distrito de Sa\u00fade (Disa), tem o objetivo de possibilitar que os representantes do Unicef conhe\u00e7am os servi\u00e7os, esclare\u00e7am suas d\u00favidas e reforcem os v\u00ednculos com as equipes. Na pr\u00f3xima ter\u00e7a-feira, 18\/6, o ciclo de visitas se encerra com o acompanhamento da rotina nas USFs de F\u00e1tima e Livramento, gerenciadas pelo Distrito de Sa\u00fade (Disa) Rural.<\/p>\n\n\n\n<p><strong>Crit\u00e9rios<\/strong><\/p>\n\n\n\n<p>A chefe do N\u00facleo Aten\u00e7\u00e3o \u00e0 Sa\u00fade da Crian\u00e7a e do Adolescente, Jana\u00edna S\u00e1 Terra, explica que Manaus aderiu \u00e0 Uapi em janeiro deste ano, iniciando o ciclo com dez estabelecimentos de sa\u00fade. Ao longo de um ano, as USFs ser\u00e3o acompanhadas, orientadas e apoiadas em indicadores de cuidados \u00e0 sa\u00fade de gestantes e crian\u00e7as at\u00e9 seis anos. Ao final do ciclo, uma vez que os indicadores forem alcan\u00e7ados, o estabelecimento de sa\u00fade ser\u00e1 certificado com o selo da Uapi.<\/p>\n\n\n\n<p>\u201cEsses indicadores avaliam a din\u00e2mica do territ\u00f3rio em que a unidade est\u00e1 inserida, considerando suas singularidades e complexidades. Podemos citar o acesso ao pr\u00e9-natal, puerp\u00e9rio e per\u00edodo neonatal, a\u00e7\u00f5es para melhoria do estado nutricional das crian\u00e7as, a promo\u00e7\u00e3o do aleitamento materno exclusivo at\u00e9 seis meses de idade e o esfor\u00e7o para vacinar crian\u00e7as menores de cinco anos de idade, como exemplos de par\u00e2metros a serem atingidos por essas unidades. Estamos confiantes em um bom resultado\u201d, acentua Jana\u00edna.<\/p>\n\n\n\n<figure class=\"wp-block-image size-large\"><img loading=\"lazy\" decoding=\"async\" width=\"1024\" height=\"683\" src=\"https:\/\/www.manaus.am.gov.br\/semcom\/wp-content\/uploads\/sites\/5\/2024\/06\/Junho-11_Unidade-Amiga-da-1a-infancia-3-1024x683.jpg\" alt=\"\" class=\"wp-image-230318\" srcset=\"https:\/\/www.manaus.am.gov.br\/semcom\/wp-content\/uploads\/sites\/5\/2024\/06\/Junho-11_Unidade-Amiga-da-1a-infancia-3-1024x683.jpg 1024w, https:\/\/www.manaus.am.gov.br\/semcom\/wp-content\/uploads\/sites\/5\/2024\/06\/Junho-11_Unidade-Amiga-da-1a-infancia-3-300x200.jpg 300w, https:\/\/www.manaus.am.gov.br\/semcom\/wp-content\/uploads\/sites\/5\/2024\/06\/Junho-11_Unidade-Amiga-da-1a-infancia-3-768x512.jpg 768w, https:\/\/www.manaus.am.gov.br\/semcom\/wp-content\/uploads\/sites\/5\/2024\/06\/Junho-11_Unidade-Amiga-da-1a-infancia-3-1536x1024.jpg 1536w, https:\/\/www.manaus.am.gov.br\/semcom\/wp-content\/uploads\/sites\/5\/2024\/06\/Junho-11_Unidade-Amiga-da-1a-infancia-3-2048x1365.jpg 2048w\" sizes=\"(max-width: 1024px) 100vw, 1024px\" \/><\/figure>\n\n\n\n<p><strong>Unidades<\/strong><\/p>\n\n\n\n<p>Para avaliar o desempenho das unidades o Unicef se baseia no modelo de Gest\u00e3o Baseada em Resultados, que considera as demandas do territ\u00f3rio e a partir destas, elabora estrat\u00e9gias para que os indicadores sejam atingidos.<\/p>\n\n\n\n<p>Pelo Disa Norte, as USFs S\u00e1lvio Belota e Prefeito Amazonino Mendes est\u00e3o participando do programa. J\u00e1 no Disa Leste, as USFs Lago do Aleixo e Amazonas Palhano aderiram ao Uapi. Na \u00e1rea de abrang\u00eancia do Disa Oeste, participam as unidades de sa\u00fade Parque das Tribos e Deodato de Miranda Le\u00e3o, enquanto no Disa Sul, as unidades Benedito Almeida e Dr. Luiz Montenegro aderiram \u00e0 iniciativa. Na zona rural, as USFs de F\u00e1tima e Livramento participam do projeto.<\/p>\n\n\n\n<p>&#8212; &#8212; &#8212;&nbsp;<\/p>\n\n\n\n<p><strong>Texto &#8211;<\/strong>\u00a0T\u00e2nia Brand\u00e3o\/Semsa<\/p>\n\n\n\n<p><strong>Fotos &#8211;<\/strong>\u00a0Divulga\u00e7\u00e3o\/Semsa<\/p>\n","protected":false},"excerpt":{"rendered":"","protected":false},"author":39,"featured_media":230319,"comment_status":"closed","ping_status":"closed","sticky":false,"template":"","format":"standard","meta":{"footnotes":""},"categories":[391],"tags":[12008,12009,77,4687,12010,162],"acf":[],"yoast_head":"<!-- This site is optimized with the Yoast SEO plugin v23.0 - https:\/\/yoast.com\/wordpress\/plugins\/seo\/ -->\n<title>Dez USFs est\u00e3o participando do programa Uapi do Unicef<\/title>\n<meta name=\"description\" content=\"Dez USFs, da Prefeitura de Manaus, est\u00e3o participando do programa Uapi, uma estrat\u00e9gia do Fundo das Na\u00e7\u00f5es Unidas para a Inf\u00e2ncia (Unicef),\" \/>\n<meta name=\"robots\" content=\"index, follow, max-snippet:-1, max-image-preview:large, max-video-preview:-1\" \/>\n<link rel=\"canonical\" href=\"https:\/\/www.manaus.am.gov.br\/semcom\/dez-usfs-participando-do-programa-uapi\/\" \/>\n<meta property=\"og:locale\" content=\"pt_BR\" \/>\n<meta property=\"og:type\" content=\"article\" \/>\n<meta property=\"og:title\" content=\"Dez USFs est\u00e3o participando do programa Uapi do Unicef\" \/>\n<meta property=\"og:description\" content=\"Dez USFs, da Prefeitura de Manaus, est\u00e3o participando do programa Uapi, uma estrat\u00e9gia do Fundo das Na\u00e7\u00f5es Unidas para a Inf\u00e2ncia (Unicef),\" \/>\n<meta property=\"og:url\" content=\"https:\/\/www.manaus.am.gov.br\/semcom\/dez-usfs-participando-do-programa-uapi\/\" \/>\n<meta property=\"og:site_name\" content=\"SEMCOM\" \/>\n<meta property=\"article:published_time\" content=\"2024-06-13T15:24:24+00:00\" \/>\n<meta property=\"article:modified_time\" content=\"2024-06-13T16:18:19+00:00\" \/>\n<meta property=\"og:image\" content=\"https:\/\/www.manaus.am.gov.br\/semcom\/wp-content\/uploads\/sites\/5\/2024\/06\/Junho-11_Unidade-Amiga-da-1a-infancia-1.jpeg\" \/>\n\t<meta property=\"og:image:width\" content=\"1251\" \/>\n\t<meta property=\"og:image:height\" content=\"939\" \/>\n\t<meta property=\"og:image:type\" content=\"image\/jpeg\" \/>\n<meta name=\"author\" content=\"Bruna Greco\" \/>\n<meta name=\"twitter:card\" content=\"summary_large_image\" \/>\n<meta name=\"twitter:label1\" content=\"Written by\" \/>\n\t<meta name=\"twitter:data1\" content=\"Bruna Greco\" \/>\n\t<meta name=\"twitter:label2\" content=\"Est. reading time\" \/>\n\t<meta name=\"twitter:data2\" content=\"4 minutos\" \/>\n<script type=\"application\/ld+json\" class=\"yoast-schema-graph\">{\"@context\":\"https:\/\/schema.org\",\"@graph\":[{\"@type\":\"WebPage\",\"@id\":\"https:\/\/www.manaus.am.gov.br\/semcom\/dez-usfs-participando-do-programa-uapi\/\",\"url\":\"https:\/\/www.manaus.am.gov.br\/semcom\/dez-usfs-participando-do-programa-uapi\/\",\"name\":\"Dez USFs est\u00e3o participando do programa Uapi do Unicef\",\"isPartOf\":{\"@id\":\"https:\/\/www.manaus.am.gov.br\/semcom\/#website\"},\"primaryImageOfPage\":{\"@id\":\"https:\/\/www.manaus.am.gov.br\/semcom\/dez-usfs-participando-do-programa-uapi\/#primaryimage\"},\"image\":{\"@id\":\"https:\/\/www.manaus.am.gov.br\/semcom\/dez-usfs-participando-do-programa-uapi\/#primaryimage\"},\"thumbnailUrl\":\"https:\/\/www.manaus.am.gov.br\/semcom\/wp-content\/uploads\/sites\/5\/2024\/06\/Junho-11_Unidade-Amiga-da-1a-infancia-1.jpeg\",\"datePublished\":\"2024-06-13T15:24:24+00:00\",\"dateModified\":\"2024-06-13T16:18:19+00:00\",\"author\":{\"@id\":\"https:\/\/www.manaus.am.gov.br\/semcom\/#\/schema\/person\/05d223aea2bf115f9883a6ff3683d81b\"},\"description\":\"Dez USFs, da Prefeitura de Manaus, est\u00e3o participando do programa Uapi, uma estrat\u00e9gia do Fundo das Na\u00e7\u00f5es Unidas para a Inf\u00e2ncia (Unicef),\",\"inLanguage\":\"pt-BR\",\"potentialAction\":[{\"@type\":\"ReadAction\",\"target\":[\"https:\/\/www.manaus.am.gov.br\/semcom\/dez-usfs-participando-do-programa-uapi\/\"]}]},{\"@type\":\"ImageObject\",\"inLanguage\":\"pt-BR\",\"@id\":\"https:\/\/www.manaus.am.gov.br\/semcom\/dez-usfs-participando-do-programa-uapi\/#primaryimage\",\"url\":\"https:\/\/www.manaus.am.gov.br\/semcom\/wp-content\/uploads\/sites\/5\/2024\/06\/Junho-11_Unidade-Amiga-da-1a-infancia-1.jpeg\",\"contentUrl\":\"https:\/\/www.manaus.am.gov.br\/semcom\/wp-content\/uploads\/sites\/5\/2024\/06\/Junho-11_Unidade-Amiga-da-1a-infancia-1.jpeg\",\"width\":1251,\"height\":939,\"caption\":\"#paratodosverem - Grupo de pessoas, reunidos com servidoras da Semsa, participando do programa Unidade Amiga da Primeira Inf\u00e2ncia (Uapi)\"},{\"@type\":\"WebSite\",\"@id\":\"https:\/\/www.manaus.am.gov.br\/semcom\/#website\",\"url\":\"https:\/\/www.manaus.am.gov.br\/semcom\/\",\"name\":\"SEMCOM\",\"description\":\"Secretaria Municipal de Comunica\u00e7\u00e3o\",\"potentialAction\":[{\"@type\":\"SearchAction\",\"target\":{\"@type\":\"EntryPoint\",\"urlTemplate\":\"https:\/\/www.manaus.am.gov.br\/semcom\/?s={search_term_string}\"},\"query-input\":\"required name=search_term_string\"}],\"inLanguage\":\"pt-BR\"},{\"@type\":\"Person\",\"@id\":\"https:\/\/www.manaus.am.gov.br\/semcom\/#\/schema\/person\/05d223aea2bf115f9883a6ff3683d81b\",\"name\":\"Bruna Greco\",\"image\":{\"@type\":\"ImageObject\",\"inLanguage\":\"pt-BR\",\"@id\":\"https:\/\/www.manaus.am.gov.br\/semcom\/#\/schema\/person\/image\/\",\"url\":\"https:\/\/secure.gravatar.com\/avatar\/9c877d1a6adc2a055330e5c09a8653ce?s=96&d=mm&r=g\",\"contentUrl\":\"https:\/\/secure.gravatar.com\/avatar\/9c877d1a6adc2a055330e5c09a8653ce?s=96&d=mm&r=g\",\"caption\":\"Bruna Greco\"}}]}<\/script>\n<!-- \/ Yoast SEO plugin. -->","yoast_head_json":{"title":"Dez USFs est\u00e3o participando do programa Uapi do Unicef","description":"Dez USFs, da Prefeitura de Manaus, est\u00e3o participando do programa Uapi, uma estrat\u00e9gia do Fundo das Na\u00e7\u00f5es Unidas para a Inf\u00e2ncia (Unicef),","robots":{"index":"index","follow":"follow","max-snippet":"max-snippet:-1","max-image-preview":"max-image-preview:large","max-video-preview":"max-video-preview:-1"},"canonical":"https:\/\/www.manaus.am.gov.br\/semcom\/dez-usfs-participando-do-programa-uapi\/","og_locale":"pt_BR","og_type":"article","og_title":"Dez USFs est\u00e3o participando do programa Uapi do Unicef","og_description":"Dez USFs, da Prefeitura de Manaus, est\u00e3o participando do programa Uapi, uma estrat\u00e9gia do Fundo das Na\u00e7\u00f5es Unidas para a Inf\u00e2ncia (Unicef),","og_url":"https:\/\/www.manaus.am.gov.br\/semcom\/dez-usfs-participando-do-programa-uapi\/","og_site_name":"SEMCOM","article_published_time":"2024-06-13T15:24:24+00:00","article_modified_time":"2024-06-13T16:18:19+00:00","og_image":[{"width":1251,"height":939,"url":"https:\/\/www.manaus.am.gov.br\/semcom\/wp-content\/uploads\/sites\/5\/2024\/06\/Junho-11_Unidade-Amiga-da-1a-infancia-1.jpeg","type":"image\/jpeg"}],"author":"Bruna Greco","twitter_card":"summary_large_image","twitter_misc":{"Written by":"Bruna Greco","Est. reading time":"4 minutos"},"schema":{"@context":"https:\/\/schema.org","@graph":[{"@type":"WebPage","@id":"https:\/\/www.manaus.am.gov.br\/semcom\/dez-usfs-participando-do-programa-uapi\/","url":"https:\/\/www.manaus.am.gov.br\/semcom\/dez-usfs-participando-do-programa-uapi\/","name":"Dez USFs est\u00e3o participando do programa Uapi do Unicef","isPartOf":{"@id":"https:\/\/www.manaus.am.gov.br\/semcom\/#website"},"primaryImageOfPage":{"@id":"https:\/\/www.manaus.am.gov.br\/semcom\/dez-usfs-participando-do-programa-uapi\/#primaryimage"},"image":{"@id":"https:\/\/www.manaus.am.gov.br\/semcom\/dez-usfs-participando-do-programa-uapi\/#primaryimage"},"thumbnailUrl":"https:\/\/www.manaus.am.gov.br\/semcom\/wp-content\/uploads\/sites\/5\/2024\/06\/Junho-11_Unidade-Amiga-da-1a-infancia-1.jpeg","datePublished":"2024-06-13T15:24:24+00:00","dateModified":"2024-06-13T16:18:19+00:00","author":{"@id":"https:\/\/www.manaus.am.gov.br\/semcom\/#\/schema\/person\/05d223aea2bf115f9883a6ff3683d81b"},"description":"Dez USFs, da Prefeitura de Manaus, est\u00e3o participando do programa Uapi, uma estrat\u00e9gia do Fundo das Na\u00e7\u00f5es Unidas para a Inf\u00e2ncia (Unicef),","inLanguage":"pt-BR","potentialAction":[{"@type":"ReadAction","target":["https:\/\/www.manaus.am.gov.br\/semcom\/dez-usfs-participando-do-programa-uapi\/"]}]},{"@type":"ImageObject","inLanguage":"pt-BR","@id":"https:\/\/www.manaus.am.gov.br\/semcom\/dez-usfs-participando-do-programa-uapi\/#primaryimage","url":"https:\/\/www.manaus.am.gov.br\/semcom\/wp-content\/uploads\/sites\/5\/2024\/06\/Junho-11_Unidade-Amiga-da-1a-infancia-1.jpeg","contentUrl":"https:\/\/www.manaus.am.gov.br\/semcom\/wp-content\/uploads\/sites\/5\/2024\/06\/Junho-11_Unidade-Amiga-da-1a-infancia-1.jpeg","width":1251,"height":939,"caption":"#paratodosverem - Grupo de pessoas, reunidos com servidoras da Semsa, participando do programa Unidade Amiga da Primeira Inf\u00e2ncia (Uapi)"},{"@type":"WebSite","@id":"https:\/\/www.manaus.am.gov.br\/semcom\/#website","url":"https:\/\/www.manaus.am.gov.br\/semcom\/","name":"SEMCOM","description":"Secretaria Municipal de Comunica\u00e7\u00e3o","potentialAction":[{"@type":"SearchAction","target":{"@type":"EntryPoint","urlTemplate":"https:\/\/www.manaus.am.gov.br\/semcom\/?s={search_term_string}"},"query-input":"required name=search_term_string"}],"inLanguage":"pt-BR"},{"@type":"Person","@id":"https:\/\/www.manaus.am.gov.br\/semcom\/#\/schema\/person\/05d223aea2bf115f9883a6ff3683d81b","name":"Bruna Greco","image":{"@type":"ImageObject","inLanguage":"pt-BR","@id":"https:\/\/www.manaus.am.gov.br\/semcom\/#\/schema\/person\/image\/","url":"https:\/\/secure.gravatar.com\/avatar\/9c877d1a6adc2a055330e5c09a8653ce?s=96&d=mm&r=g","contentUrl":"https:\/\/secure.gravatar.com\/avatar\/9c877d1a6adc2a055330e5c09a8653ce?s=96&d=mm&r=g","caption":"Bruna Greco"}}]}},"_links":{"self":[{"href":"https:\/\/www.manaus.am.gov.br\/semcom\/wp-json\/wp\/v2\/posts\/230317"}],"collection":[{"href":"https:\/\/www.manaus.am.gov.br\/semcom\/wp-json\/wp\/v2\/posts"}],"about":[{"href":"https:\/\/www.manaus.am.gov.br\/semcom\/wp-json\/wp\/v2\/types\/post"}],"author":[{"embeddable":true,"href":"https:\/\/www.manaus.am.gov.br\/semcom\/wp-json\/wp\/v2\/users\/39"}],"replies":[{"embeddable":true,"href":"https:\/\/www.manaus.am.gov.br\/semcom\/wp-json\/wp\/v2\/comments?post=230317"}],"version-history":[{"count":3,"href":"https:\/\/www.manaus.am.gov.br\/semcom\/wp-json\/wp\/v2\/posts\/230317\/revisions"}],"predecessor-version":[{"id":230328,"href":"https:\/\/www.manaus.am.gov.br\/semcom\/wp-json\/wp\/v2\/posts\/230317\/revisions\/230328"}],"wp:featuredmedia":[{"embeddable":true,"href":"https:\/\/www.manaus.am.gov.br\/semcom\/wp-json\/wp\/v2\/media\/230319"}],"wp:attachment":[{"href":"https:\/\/www.manaus.am.gov.br\/semcom\/wp-json\/wp\/v2\/media?parent=230317"}],"wp:term":[{"taxonomy":"category","embeddable":true,"href":"https:\/\/www.manaus.am.gov.br\/semcom\/wp-json\/wp\/v2\/categories?post=230317"},{"taxonomy":"post_tag","embeddable":true,"href":"https:\/\/www.manaus.am.gov.br\/semcom\/wp-json\/wp\/v2\/tags?post=230317"}],"curies":[{"name":"wp","href":"https:\/\/api.w.org\/{rel}","templated":true}]}}